{"id":5781,"date":"2026-01-05T23:58:43","date_gmt":"2026-01-05T23:58:43","guid":{"rendered":"https:\/\/www.diario21.tv\/noticias\/urgente-casi-1-900-conductores-usan-la-nueva-baliza-v16-obligatoria-en-su-primer-dia\/"},"modified":"2026-01-05T23:58:45","modified_gmt":"2026-01-05T23:58:45","slug":"urgente-casi-1-900-conductores-usan-la-nueva-baliza-v16-obligatoria-en-su-primer-dia","status":"publish","type":"post","link":"https:\/\/www.diario21.tv\/noticias\/urgente-casi-1-900-conductores-usan-la-nueva-baliza-v16-obligatoria-en-su-primer-dia\/","title":{"rendered":"\u00a1Urgente! Casi 1.900 conductores usan la nueva baliza V16 obligatoria en su primer d\u00eda"},"content":{"rendered":"<h2>El Primer D\u00eda de Obligatoriedad de la Baliza V16 Atrae a Casi 1.900 Usuarios<\/h2>\n<p>El inicio de la nueva normativa que exige el uso de la baliza V16 en Espa\u00f1a ha visto una notable adopci\u00f3n por parte de los conductores. En su primer d\u00eda como dispositivo obligatorio, aproximadamente 1.900 conductores optaron por implementar esta tecnolog\u00eda en sus veh\u00edculos, marcando un comienzo prometedor para esta medida de seguridad vial.<\/p>\n<h3>\u00bfQu\u00e9 es la Baliza V16 y Por Qu\u00e9 es Importante?<\/h3>\n<p>La baliza V16, un dispositivo luminoso de emergencia, ha sido dise\u00f1ado para reemplazar los tradicionales tri\u00e1ngulos de se\u00f1alizaci\u00f3n. Su principal funci\u00f3n es incrementar la visibilidad de los veh\u00edculos detenidos en las carreteras, reduciendo as\u00ed el riesgo de accidentes. Este dispositivo se coloca de manera sencilla y segura sobre el techo del coche, evitando que el conductor tenga que exponerse al peligro saliendo del veh\u00edculo en situaciones de emergencia.<\/p>\n<h3>Adopci\u00f3n Inicial y Perspectivas Futuras<\/h3>\n<p>Desde el primer d\u00eda de su implementaci\u00f3n obligatoria, la baliza V16 ha sido activada por cerca de 1.900 conductores, lo que refleja una respuesta positiva hacia la adopci\u00f3n de tecnolog\u00edas que mejoran la seguridad en las carreteras. Este n\u00famero inicial, aunque moderado, es un indicativo de la posible tendencia de crecimiento en el uso de la baliza en todo el pa\u00eds.<\/p>\n<p>Los expertos en seguridad vial y las autoridades de tr\u00e1fico esperan que el n\u00famero de usuarios de la baliza V16 aumente significativamente en los pr\u00f3ximos meses. La concienciaci\u00f3n sobre la importancia de este dispositivo y sus ventajas sobre los m\u00e9todos tradicionales de se\u00f1alizaci\u00f3n son clave para su adopci\u00f3n generalizada. Adem\u00e1s, se est\u00e1 trabajando en la mejora de la infraestructura y en campa\u00f1as de informaci\u00f3n para asegurar que todos los conductores est\u00e9n al tanto de las nuevas regulaciones y de c\u00f3mo la baliza V16 puede contribuir a una mayor seguridad en las carreteras.<\/p>\n<h3>Conclusiones y Expectativas<\/h3>\n<p>El prometedor inicio en la adopci\u00f3n de la baliza V16 es solo el principio de un esfuerzo m\u00e1s amplio para mejorar la seguridad vial en Espa\u00f1a. A medida que m\u00e1s conductores se familiaricen con el dispositivo y sus beneficios, se espera que su uso se vuelva m\u00e1s habitual, reforzando as\u00ed la seguridad de todos en las carreteras. Con el apoyo continuo de las autoridades y la disposici\u00f3n de los conductores a adaptarse a nuevas normativas, el futuro de la seguridad vial en Espa\u00f1a parece estar en un camino positivo.<\/p>\n\n\n<div class=\"kk-star-ratings kksr-auto kksr-align-left kksr-valign-bottom\"\n    data-payload='{&quot;align&quot;:&quot;left&quot;,&quot;id&quot;:&quot;5781&quot;,&quot;slug&quot;:&quot;default&quot;,&quot;valign&quot;:&quot;bottom&quot;,&quot;ignore&quot;:&quot;&quot;,&quot;reference&quot;:&quot;auto&quot;,&quot;class&quot;:&quot;&quot;,&quot;count&quot;:&quot;0&quot;,&quot;legendonly&quot;:&quot;&quot;,&quot;readonly&quot;:&quot;&quot;,&quot;score&quot;:&quot;0&quot;,&quot;starsonly&quot;:&quot;&quot;,&quot;best&quot;:&quot;5&quot;,&quot;gap&quot;:&quot;5&quot;,&quot;greet&quot;:&quot;Valora este post&quot;,&quot;legend&quot;:&quot;0\\\/5 - (0 votes)&quot;,&quot;size&quot;:&quot;22&quot;,&quot;title&quot;:&quot;\u00a1Urgente! Casi 1.900 conductores usan la nueva baliza V16 obligatoria en su primer d\u00eda&quot;,&quot;width&quot;:&quot;0&quot;,&quot;_legend&quot;:&quot;{score}\\\/{best} - ({count} {votes})&quot;,&quot;font_factor&quot;:&quot;1.25&quot;}'>\n            \n<div class=\"kksr-stars\">\n    \n<div class=\"kksr-stars-inactive\">\n            <div class=\"kksr-star\" data-star=\"1\" style=\"padding-right: 5px\">\n            \n\n<div class=\"kksr-icon\" style=\"width: 22px; height: 22px;\"><\/div>\n        <\/div>\n            <div class=\"kksr-star\" data-star=\"2\" style=\"padding-right: 5px\">\n            \n\n<div class=\"kksr-icon\" style=\"width: 22px; height: 22px;\"><\/div>\n        <\/div>\n            <div class=\"kksr-star\" data-star=\"3\" style=\"padding-right: 5px\">\n            \n\n<div class=\"kksr-icon\" style=\"width: 22px; height: 22px;\"><\/div>\n        <\/div>\n            <div class=\"kksr-star\" data-star=\"4\" style=\"padding-right: 5px\">\n            \n\n<div class=\"kksr-icon\" style=\"width: 22px; height: 22px;\"><\/div>\n        <\/div>\n            <div class=\"kksr-star\" data-star=\"5\" style=\"padding-right: 5px\">\n            \n\n<div class=\"kksr-icon\" style=\"width: 22px; height: 22px;\"><\/div>\n        <\/div>\n    <\/div>\n    \n<div class=\"kksr-stars-active\" style=\"width: 0px;\">\n            <div class=\"kksr-star\" style=\"padding-right: 5px\">\n            \n\n<div class=\"kksr-icon\" style=\"width: 22px; height: 22px;\"><\/div>\n        <\/div>\n            <div class=\"kksr-star\" style=\"padding-right: 5px\">\n            \n\n<div class=\"kksr-icon\" style=\"width: 22px; height: 22px;\"><\/div>\n        <\/div>\n            <div class=\"kksr-star\" style=\"padding-right: 5px\">\n            \n\n<div class=\"kksr-icon\" style=\"width: 22px; height: 22px;\"><\/div>\n        <\/div>\n            <div class=\"kksr-star\" style=\"padding-right: 5px\">\n            \n\n<div class=\"kksr-icon\" style=\"width: 22px; height: 22px;\"><\/div>\n        <\/div>\n            <div class=\"kksr-star\" style=\"padding-right: 5px\">\n            \n\n<div class=\"kksr-icon\" style=\"width: 22px; height: 22px;\"><\/div>\n        <\/div>\n    <\/div>\n<\/div>\n                \n\n<div class=\"kksr-legend\" style=\"font-size: 17.6px;\">\n            <span class=\"kksr-muted\">Valora este post<\/span>\n    <\/div>\n    <\/div>\n","protected":false},"excerpt":{"rendered":"<p>El Primer D\u00eda de Obligatoriedad de la Baliza V16 Atrae a Casi 1.900 Usuarios El inicio de la nueva normativa que exige el uso de la &#8230; <a title=\"\u00a1Urgente! Casi 1.900 conductores usan la nueva baliza V16 obligatoria en su primer d\u00eda\" class=\"read-more\" href=\"https:\/\/www.diario21.tv\/noticias\/urgente-casi-1-900-conductores-usan-la-nueva-baliza-v16-obligatoria-en-su-primer-dia\/\" aria-label=\"Leer m\u00e1s sobre \u00a1Urgente! Casi 1.900 conductores usan la nueva baliza V16 obligatoria en su primer d\u00eda\">Seguir leyendo &rarr;<\/a><\/p>\n","protected":false},"author":20,"featured_media":5782,"comment_status":"open","ping_status":"open","sticky":false,"template":"","format":"standard","meta":{"footnotes":""},"categories":[13],"tags":[],"class_list":["post-5781","post","type-post","status-publish","format-standard","has-post-thumbnail","hentry","category-portada"],"yoast_head":"<!-- This site is optimized with the Yoast SEO plugin v25.6 - https:\/\/yoast.com\/wordpress\/plugins\/seo\/ -->\n<title>\u00a1Urgente! Casi 1.900 conductores usan la nueva baliza V16 obligatoria en su primer d\u00eda - Diario 21<\/title>\n<meta name=\"robots\" content=\"index, follow, max-snippet:-1, max-image-preview:large, max-video-preview:-1\" \/>\n<link rel=\"canonical\" href=\"https:\/\/www.diario21.tv\/noticias\/urgente-casi-1-900-conductores-usan-la-nueva-baliza-v16-obligatoria-en-su-primer-dia\/\" \/>\n<meta property=\"og:locale\" content=\"es_ES\" \/>\n<meta property=\"og:type\" content=\"article\" \/>\n<meta property=\"og:title\" content=\"\u00a1Urgente! Casi 1.900 conductores usan la nueva baliza V16 obligatoria en su primer d\u00eda - Diario 21\" \/>\n<meta property=\"og:description\" content=\"El Primer D\u00eda de Obligatoriedad de la Baliza V16 Atrae a Casi 1.900 Usuarios El inicio de la nueva normativa que exige el uso de la ... Seguir leyendo &rarr;\" \/>\n<meta property=\"og:url\" content=\"https:\/\/www.diario21.tv\/noticias\/urgente-casi-1-900-conductores-usan-la-nueva-baliza-v16-obligatoria-en-su-primer-dia\/\" \/>\n<meta property=\"og:site_name\" content=\"Diario 21\" \/>\n<meta property=\"article:published_time\" content=\"2026-01-05T23:58:43+00:00\" \/>\n<meta property=\"article:modified_time\" content=\"2026-01-05T23:58:45+00:00\" \/>\n<meta property=\"og:image\" content=\"https:\/\/www.diario21.tv\/noticias\/wp-content\/uploads\/2026\/01\/\u00a1Urgente-Casi-1900-conductores-usan-la-nueva-baliza-V16-obligatoria.jpg\" \/>\n\t<meta property=\"og:image:width\" content=\"1200\" \/>\n\t<meta property=\"og:image:height\" content=\"838\" \/>\n\t<meta property=\"og:image:type\" content=\"image\/jpeg\" \/>\n<meta name=\"author\" content=\"Juan P\u00e9rez\" \/>\n<meta name=\"twitter:card\" content=\"summary_large_image\" \/>\n<meta name=\"twitter:label1\" content=\"Escrito por\" \/>\n\t<meta name=\"twitter:data1\" content=\"Juan P\u00e9rez\" \/>\n\t<meta name=\"twitter:label2\" content=\"Tiempo de lectura\" \/>\n\t<meta name=\"twitter:data2\" content=\"2 minutos\" \/>\n<script type=\"application\/ld+json\" class=\"yoast-schema-graph\">{\"@context\":\"https:\/\/schema.org\",\"@graph\":[{\"@type\":\"WebPage\",\"@id\":\"https:\/\/www.diario21.tv\/noticias\/urgente-casi-1-900-conductores-usan-la-nueva-baliza-v16-obligatoria-en-su-primer-dia\/\",\"url\":\"https:\/\/www.diario21.tv\/noticias\/urgente-casi-1-900-conductores-usan-la-nueva-baliza-v16-obligatoria-en-su-primer-dia\/\",\"name\":\"\u00a1Urgente! Casi 1.900 conductores usan la nueva baliza V16 obligatoria en su primer d\u00eda - Diario 21\",\"isPartOf\":{\"@id\":\"https:\/\/www.diario21.tv\/noticias\/#website\"},\"primaryImageOfPage\":{\"@id\":\"https:\/\/www.diario21.tv\/noticias\/urgente-casi-1-900-conductores-usan-la-nueva-baliza-v16-obligatoria-en-su-primer-dia\/#primaryimage\"},\"image\":{\"@id\":\"https:\/\/www.diario21.tv\/noticias\/urgente-casi-1-900-conductores-usan-la-nueva-baliza-v16-obligatoria-en-su-primer-dia\/#primaryimage\"},\"thumbnailUrl\":\"https:\/\/www.diario21.tv\/noticias\/wp-content\/uploads\/2026\/01\/\u00a1Urgente-Casi-1900-conductores-usan-la-nueva-baliza-V16-obligatoria.jpg\",\"datePublished\":\"2026-01-05T23:58:43+00:00\",\"dateModified\":\"2026-01-05T23:58:45+00:00\",\"author\":{\"@id\":\"https:\/\/www.diario21.tv\/noticias\/#\/schema\/person\/dfb778f73814d8f09f302618446a526b\"},\"breadcrumb\":{\"@id\":\"https:\/\/www.diario21.tv\/noticias\/urgente-casi-1-900-conductores-usan-la-nueva-baliza-v16-obligatoria-en-su-primer-dia\/#breadcrumb\"},\"inLanguage\":\"es-AR\",\"potentialAction\":[{\"@type\":\"ReadAction\",\"target\":[\"https:\/\/www.diario21.tv\/noticias\/urgente-casi-1-900-conductores-usan-la-nueva-baliza-v16-obligatoria-en-su-primer-dia\/\"]}]},{\"@type\":\"ImageObject\",\"inLanguage\":\"es-AR\",\"@id\":\"https:\/\/www.diario21.tv\/noticias\/urgente-casi-1-900-conductores-usan-la-nueva-baliza-v16-obligatoria-en-su-primer-dia\/#primaryimage\",\"url\":\"https:\/\/www.diario21.tv\/noticias\/wp-content\/uploads\/2026\/01\/\u00a1Urgente-Casi-1900-conductores-usan-la-nueva-baliza-V16-obligatoria.jpg\",\"contentUrl\":\"https:\/\/www.diario21.tv\/noticias\/wp-content\/uploads\/2026\/01\/\u00a1Urgente-Casi-1900-conductores-usan-la-nueva-baliza-V16-obligatoria.jpg\",\"width\":1200,\"height\":838,\"caption\":\"Casi 1.900 conductores conectaron la baliza V16 el primer d\u00eda de su obligatoriedad\"},{\"@type\":\"BreadcrumbList\",\"@id\":\"https:\/\/www.diario21.tv\/noticias\/urgente-casi-1-900-conductores-usan-la-nueva-baliza-v16-obligatoria-en-su-primer-dia\/#breadcrumb\",\"itemListElement\":[{\"@type\":\"ListItem\",\"position\":1,\"name\":\"Accueil\",\"item\":\"https:\/\/www.diario21.tv\/noticias\/\"},{\"@type\":\"ListItem\",\"position\":2,\"name\":\"\u00a1Urgente! Casi 1.900 conductores usan la nueva baliza V16 obligatoria en su primer d\u00eda\"}]},{\"@type\":\"WebSite\",\"@id\":\"https:\/\/www.diario21.tv\/noticias\/#website\",\"url\":\"https:\/\/www.diario21.tv\/noticias\/\",\"name\":\"Diario 21\",\"description\":\"\",\"potentialAction\":[{\"@type\":\"SearchAction\",\"target\":{\"@type\":\"EntryPoint\",\"urlTemplate\":\"https:\/\/www.diario21.tv\/noticias\/?s={search_term_string}\"},\"query-input\":{\"@type\":\"PropertyValueSpecification\",\"valueRequired\":true,\"valueName\":\"search_term_string\"}}],\"inLanguage\":\"es-AR\"},{\"@type\":\"Person\",\"@id\":\"https:\/\/www.diario21.tv\/noticias\/#\/schema\/person\/dfb778f73814d8f09f302618446a526b\",\"name\":\"Juan P\u00e9rez\",\"image\":{\"@type\":\"ImageObject\",\"inLanguage\":\"es-AR\",\"@id\":\"https:\/\/www.diario21.tv\/noticias\/#\/schema\/person\/image\/\",\"url\":\"https:\/\/secure.gravatar.com\/avatar\/c478a405bd10621167f4c3167cc770f5?s=96&d=mm&r=g\",\"contentUrl\":\"https:\/\/secure.gravatar.com\/avatar\/c478a405bd10621167f4c3167cc770f5?s=96&d=mm&r=g\",\"caption\":\"Juan P\u00e9rez\"},\"description\":\"Juan P\u00e9rez es el redactor en jefe de Diario 21. Con m\u00e1s de 10 a\u00f1os de experiencia en el periodismo, se especializa en pol\u00edtica nacional y an\u00e1lisis socioecon\u00f3mico. Su enfoque cr\u00edtico y riguroso aporta una perspectiva \u00fanica a cada art\u00edculo.\",\"sameAs\":[\"https:\/\/www.diario21.tv\/noticias\/\"],\"url\":\"https:\/\/www.diario21.tv\/noticias\/author\/juan-perez\/\"}]}<\/script>\n<!-- \/ Yoast SEO plugin. -->","yoast_head_json":{"title":"\u00a1Urgente! Casi 1.900 conductores usan la nueva baliza V16 obligatoria en su primer d\u00eda - Diario 21","robots":{"index":"index","follow":"follow","max-snippet":"max-snippet:-1","max-image-preview":"max-image-preview:large","max-video-preview":"max-video-preview:-1"},"canonical":"https:\/\/www.diario21.tv\/noticias\/urgente-casi-1-900-conductores-usan-la-nueva-baliza-v16-obligatoria-en-su-primer-dia\/","og_locale":"es_ES","og_type":"article","og_title":"\u00a1Urgente! Casi 1.900 conductores usan la nueva baliza V16 obligatoria en su primer d\u00eda - Diario 21","og_description":"El Primer D\u00eda de Obligatoriedad de la Baliza V16 Atrae a Casi 1.900 Usuarios El inicio de la nueva normativa que exige el uso de la ... Seguir leyendo &rarr;","og_url":"https:\/\/www.diario21.tv\/noticias\/urgente-casi-1-900-conductores-usan-la-nueva-baliza-v16-obligatoria-en-su-primer-dia\/","og_site_name":"Diario 21","article_published_time":"2026-01-05T23:58:43+00:00","article_modified_time":"2026-01-05T23:58:45+00:00","og_image":[{"width":1200,"height":838,"url":"https:\/\/www.diario21.tv\/noticias\/wp-content\/uploads\/2026\/01\/\u00a1Urgente-Casi-1900-conductores-usan-la-nueva-baliza-V16-obligatoria.jpg","type":"image\/jpeg"}],"author":"Juan P\u00e9rez","twitter_card":"summary_large_image","twitter_misc":{"Escrito por":"Juan P\u00e9rez","Tiempo de lectura":"2 minutos"},"schema":{"@context":"https:\/\/schema.org","@graph":[{"@type":"WebPage","@id":"https:\/\/www.diario21.tv\/noticias\/urgente-casi-1-900-conductores-usan-la-nueva-baliza-v16-obligatoria-en-su-primer-dia\/","url":"https:\/\/www.diario21.tv\/noticias\/urgente-casi-1-900-conductores-usan-la-nueva-baliza-v16-obligatoria-en-su-primer-dia\/","name":"\u00a1Urgente! Casi 1.900 conductores usan la nueva baliza V16 obligatoria en su primer d\u00eda - Diario 21","isPartOf":{"@id":"https:\/\/www.diario21.tv\/noticias\/#website"},"primaryImageOfPage":{"@id":"https:\/\/www.diario21.tv\/noticias\/urgente-casi-1-900-conductores-usan-la-nueva-baliza-v16-obligatoria-en-su-primer-dia\/#primaryimage"},"image":{"@id":"https:\/\/www.diario21.tv\/noticias\/urgente-casi-1-900-conductores-usan-la-nueva-baliza-v16-obligatoria-en-su-primer-dia\/#primaryimage"},"thumbnailUrl":"https:\/\/www.diario21.tv\/noticias\/wp-content\/uploads\/2026\/01\/\u00a1Urgente-Casi-1900-conductores-usan-la-nueva-baliza-V16-obligatoria.jpg","datePublished":"2026-01-05T23:58:43+00:00","dateModified":"2026-01-05T23:58:45+00:00","author":{"@id":"https:\/\/www.diario21.tv\/noticias\/#\/schema\/person\/dfb778f73814d8f09f302618446a526b"},"breadcrumb":{"@id":"https:\/\/www.diario21.tv\/noticias\/urgente-casi-1-900-conductores-usan-la-nueva-baliza-v16-obligatoria-en-su-primer-dia\/#breadcrumb"},"inLanguage":"es-AR","potentialAction":[{"@type":"ReadAction","target":["https:\/\/www.diario21.tv\/noticias\/urgente-casi-1-900-conductores-usan-la-nueva-baliza-v16-obligatoria-en-su-primer-dia\/"]}]},{"@type":"ImageObject","inLanguage":"es-AR","@id":"https:\/\/www.diario21.tv\/noticias\/urgente-casi-1-900-conductores-usan-la-nueva-baliza-v16-obligatoria-en-su-primer-dia\/#primaryimage","url":"https:\/\/www.diario21.tv\/noticias\/wp-content\/uploads\/2026\/01\/\u00a1Urgente-Casi-1900-conductores-usan-la-nueva-baliza-V16-obligatoria.jpg","contentUrl":"https:\/\/www.diario21.tv\/noticias\/wp-content\/uploads\/2026\/01\/\u00a1Urgente-Casi-1900-conductores-usan-la-nueva-baliza-V16-obligatoria.jpg","width":1200,"height":838,"caption":"Casi 1.900 conductores conectaron la baliza V16 el primer d\u00eda de su obligatoriedad"},{"@type":"BreadcrumbList","@id":"https:\/\/www.diario21.tv\/noticias\/urgente-casi-1-900-conductores-usan-la-nueva-baliza-v16-obligatoria-en-su-primer-dia\/#breadcrumb","itemListElement":[{"@type":"ListItem","position":1,"name":"Accueil","item":"https:\/\/www.diario21.tv\/noticias\/"},{"@type":"ListItem","position":2,"name":"\u00a1Urgente! Casi 1.900 conductores usan la nueva baliza V16 obligatoria en su primer d\u00eda"}]},{"@type":"WebSite","@id":"https:\/\/www.diario21.tv\/noticias\/#website","url":"https:\/\/www.diario21.tv\/noticias\/","name":"Diario 21","description":"","potentialAction":[{"@type":"SearchAction","target":{"@type":"EntryPoint","urlTemplate":"https:\/\/www.diario21.tv\/noticias\/?s={search_term_string}"},"query-input":{"@type":"PropertyValueSpecification","valueRequired":true,"valueName":"search_term_string"}}],"inLanguage":"es-AR"},{"@type":"Person","@id":"https:\/\/www.diario21.tv\/noticias\/#\/schema\/person\/dfb778f73814d8f09f302618446a526b","name":"Juan P\u00e9rez","image":{"@type":"ImageObject","inLanguage":"es-AR","@id":"https:\/\/www.diario21.tv\/noticias\/#\/schema\/person\/image\/","url":"https:\/\/secure.gravatar.com\/avatar\/c478a405bd10621167f4c3167cc770f5?s=96&d=mm&r=g","contentUrl":"https:\/\/secure.gravatar.com\/avatar\/c478a405bd10621167f4c3167cc770f5?s=96&d=mm&r=g","caption":"Juan P\u00e9rez"},"description":"Juan P\u00e9rez es el redactor en jefe de Diario 21. Con m\u00e1s de 10 a\u00f1os de experiencia en el periodismo, se especializa en pol\u00edtica nacional y an\u00e1lisis socioecon\u00f3mico. Su enfoque cr\u00edtico y riguroso aporta una perspectiva \u00fanica a cada art\u00edculo.","sameAs":["https:\/\/www.diario21.tv\/noticias\/"],"url":"https:\/\/www.diario21.tv\/noticias\/author\/juan-perez\/"}]}},"_links":{"self":[{"href":"https:\/\/www.diario21.tv\/noticias\/wp-json\/wp\/v2\/posts\/5781"}],"collection":[{"href":"https:\/\/www.diario21.tv\/noticias\/wp-json\/wp\/v2\/posts"}],"about":[{"href":"https:\/\/www.diario21.tv\/noticias\/wp-json\/wp\/v2\/types\/post"}],"author":[{"embeddable":true,"href":"https:\/\/www.diario21.tv\/noticias\/wp-json\/wp\/v2\/users\/20"}],"replies":[{"embeddable":true,"href":"https:\/\/www.diario21.tv\/noticias\/wp-json\/wp\/v2\/comments?post=5781"}],"version-history":[{"count":1,"href":"https:\/\/www.diario21.tv\/noticias\/wp-json\/wp\/v2\/posts\/5781\/revisions"}],"predecessor-version":[{"id":5783,"href":"https:\/\/www.diario21.tv\/noticias\/wp-json\/wp\/v2\/posts\/5781\/revisions\/5783"}],"wp:featuredmedia":[{"embeddable":true,"href":"https:\/\/www.diario21.tv\/noticias\/wp-json\/wp\/v2\/media\/5782"}],"wp:attachment":[{"href":"https:\/\/www.diario21.tv\/noticias\/wp-json\/wp\/v2\/media?parent=5781"}],"wp:term":[{"taxonomy":"category","embeddable":true,"href":"https:\/\/www.diario21.tv\/noticias\/wp-json\/wp\/v2\/categories?post=5781"},{"taxonomy":"post_tag","embeddable":true,"href":"https:\/\/www.diario21.tv\/noticias\/wp-json\/wp\/v2\/tags?post=5781"}],"curies":[{"name":"wp","href":"https:\/\/api.w.org\/{rel}","templated":true}]}}