{"id":5775,"date":"2026-01-05T11:56:51","date_gmt":"2026-01-05T11:56:51","guid":{"rendered":"https:\/\/www.diario21.tv\/noticias\/desmantelada-banda-de-prestamistas-violentos-descubre-los-impactantes-detalles\/"},"modified":"2026-01-05T11:56:52","modified_gmt":"2026-01-05T11:56:52","slug":"desmantelada-banda-de-prestamistas-violentos-descubre-los-impactantes-detalles","status":"publish","type":"post","link":"https:\/\/www.diario21.tv\/noticias\/desmantelada-banda-de-prestamistas-violentos-descubre-los-impactantes-detalles\/","title":{"rendered":"\u00a1Desmantelada banda de prestamistas violentos! Descubre los impactantes detalles"},"content":{"rendered":"<h2>Desmantelamiento de un Grupo de Prestamistas Agresivos<\/h2>\n<p>En un reciente operativo policial, se ha logrado desmantelar una organizaci\u00f3n criminal dedicada al pr\u00e9stamo de dinero bajo condiciones extremadamente coercitivas. La operaci\u00f3n, que culmin\u00f3 con la detenci\u00f3n de varios individuos, pone de manifiesto la peligrosidad de estas redes que operan al margen de la ley.<\/p>\n<h3>Inicio de la Investigaci\u00f3n<\/h3>\n<p>La investigaci\u00f3n comenz\u00f3 hace varios meses cuando las autoridades recibieron denuncias de v\u00edctimas que hab\u00edan sido sometidas a intimidaciones y violencia por no poder cumplir con los exorbitantes intereses impuestos por los prestamistas. Estos informes alertaron sobre un patr\u00f3n de abuso sistem\u00e1tico que afectaba a numerosas personas en la comunidad.<\/p>\n<h3>Modus Operandi de la Organizaci\u00f3n<\/h3>\n<p>La banda, compuesta por individuos de distintas nacionalidades, operaba principalmente en \u00e1reas urbanas, donde se aprovechaban de la desesperaci\u00f3n de personas en situaciones econ\u00f3micas precarias. Ofrec\u00edan pr\u00e9stamos r\u00e1pidos sin las garant\u00edas habituales que requieren las entidades bancarias, atrayendo a quienes se encontraban en necesidad urgente de dinero.<\/p>\n<p>Sin embargo, los t\u00e9rminos del pr\u00e9stamo eran draconianos. Los intereses eran exorbitantes, y si los prestatarios fallaban en el pago, eran sometidos a amenazas y actos de violencia f\u00edsica como m\u00e9todo de coerci\u00f3n para asegurar el cobro de la deuda.<\/p>\n<h3>Operativo Policial y Detenciones<\/h3>\n<p>La operaci\u00f3n policial fue el resultado de una meticulosa labor de seguimiento e inteligencia que permiti\u00f3 identificar y localizar a los miembros clave de la organizaci\u00f3n. En un esfuerzo coordinado, los agentes realizaron simult\u00e1neamente m\u00faltiples redadas en varias ubicaciones, lo que result\u00f3 en la detenci\u00f3n de los principales sospechosos.<\/p>\n<p>Adem\u00e1s de las detenciones, se incautaron evidencias significativas como documentos de contabilidad que detallaban las operaciones de pr\u00e9stamo, as\u00ed como armas y otros instrumentos utilizados para intimidar a las v\u00edctimas.<\/p>\n<h3>Impacto en la Comunidad<\/h3>\n<p>La desarticulaci\u00f3n de esta banda ha sido recibida con alivio por parte de la comunidad. Muchas de las v\u00edctimas hab\u00edan vivido en un estado constante de miedo debido a las represalias que podr\u00edan enfrentar por parte de los prestamistas. La acci\u00f3n policial no solo ha puesto fin a estas pr\u00e1cticas abusivas, sino que tambi\u00e9n ha enviado un mensaje claro sobre la intolerancia de las autoridades hacia este tipo de delincuencia econ\u00f3mica.<\/p>\n<h3>Pr\u00f3ximos Pasos en la Justicia<\/h3>\n<p>Los detenidos enfrentar\u00e1n cargos por m\u00faltiples delitos, incluyendo extorsi\u00f3n, amenazas y agresi\u00f3n f\u00edsica. El proceso judicial buscar\u00e1 no solo castigar a los responsables sino tambi\u00e9n desalentar la formaci\u00f3n de nuevas organizaciones que intenten operar bajo esquemas similares. Adem\u00e1s, se est\u00e1 trabajando en medidas de protecci\u00f3n y apoyo para las v\u00edctimas que han sido afectadas por estas pr\u00e1cticas il\u00edcitas.<\/p>\n<p>Este caso subraya la importancia de la vigilancia y la denuncia por parte de los ciudadanos para combatir el crimen organizado y proteger el bienestar econ\u00f3mico y f\u00edsico de la poblaci\u00f3n.<\/p>\n\n\n<div class=\"kk-star-ratings kksr-auto kksr-align-left kksr-valign-bottom\"\n    data-payload='{&quot;align&quot;:&quot;left&quot;,&quot;id&quot;:&quot;5775&quot;,&quot;slug&quot;:&quot;default&quot;,&quot;valign&quot;:&quot;bottom&quot;,&quot;ignore&quot;:&quot;&quot;,&quot;reference&quot;:&quot;auto&quot;,&quot;class&quot;:&quot;&quot;,&quot;count&quot;:&quot;0&quot;,&quot;legendonly&quot;:&quot;&quot;,&quot;readonly&quot;:&quot;&quot;,&quot;score&quot;:&quot;0&quot;,&quot;starsonly&quot;:&quot;&quot;,&quot;best&quot;:&quot;5&quot;,&quot;gap&quot;:&quot;5&quot;,&quot;greet&quot;:&quot;Valora este post&quot;,&quot;legend&quot;:&quot;0\\\/5 - (0 votes)&quot;,&quot;size&quot;:&quot;22&quot;,&quot;title&quot;:&quot;\u00a1Desmantelada banda de prestamistas violentos! Descubre los impactantes detalles&quot;,&quot;width&quot;:&quot;0&quot;,&quot;_legend&quot;:&quot;{score}\\\/{best} - ({count} {votes})&quot;,&quot;font_factor&quot;:&quot;1.25&quot;}'>\n            \n<div class=\"kksr-stars\">\n    \n<div class=\"kksr-stars-inactive\">\n            <div class=\"kksr-star\" data-star=\"1\" style=\"padding-right: 5px\">\n            \n\n<div class=\"kksr-icon\" style=\"width: 22px; height: 22px;\"><\/div>\n        <\/div>\n            <div class=\"kksr-star\" data-star=\"2\" style=\"padding-right: 5px\">\n            \n\n<div class=\"kksr-icon\" style=\"width: 22px; height: 22px;\"><\/div>\n        <\/div>\n            <div class=\"kksr-star\" data-star=\"3\" style=\"padding-right: 5px\">\n            \n\n<div class=\"kksr-icon\" style=\"width: 22px; height: 22px;\"><\/div>\n        <\/div>\n            <div class=\"kksr-star\" data-star=\"4\" style=\"padding-right: 5px\">\n            \n\n<div class=\"kksr-icon\" style=\"width: 22px; height: 22px;\"><\/div>\n        <\/div>\n            <div class=\"kksr-star\" data-star=\"5\" style=\"padding-right: 5px\">\n            \n\n<div class=\"kksr-icon\" style=\"width: 22px; height: 22px;\"><\/div>\n        <\/div>\n    <\/div>\n    \n<div class=\"kksr-stars-active\" style=\"width: 0px;\">\n            <div class=\"kksr-star\" style=\"padding-right: 5px\">\n            \n\n<div class=\"kksr-icon\" style=\"width: 22px; height: 22px;\"><\/div>\n        <\/div>\n            <div class=\"kksr-star\" style=\"padding-right: 5px\">\n            \n\n<div class=\"kksr-icon\" style=\"width: 22px; height: 22px;\"><\/div>\n        <\/div>\n            <div class=\"kksr-star\" style=\"padding-right: 5px\">\n            \n\n<div class=\"kksr-icon\" style=\"width: 22px; height: 22px;\"><\/div>\n        <\/div>\n            <div class=\"kksr-star\" style=\"padding-right: 5px\">\n            \n\n<div class=\"kksr-icon\" style=\"width: 22px; height: 22px;\"><\/div>\n        <\/div>\n            <div class=\"kksr-star\" style=\"padding-right: 5px\">\n            \n\n<div class=\"kksr-icon\" style=\"width: 22px; height: 22px;\"><\/div>\n        <\/div>\n    <\/div>\n<\/div>\n                \n\n<div class=\"kksr-legend\" style=\"font-size: 17.6px;\">\n            <span class=\"kksr-muted\">Valora este post<\/span>\n    <\/div>\n    <\/div>\n","protected":false},"excerpt":{"rendered":"<p>Desmantelamiento de un Grupo de Prestamistas Agresivos En un reciente operativo policial, se ha logrado desmantelar una organizaci\u00f3n criminal dedicada al pr\u00e9stamo de dinero bajo condiciones &#8230; <a title=\"\u00a1Desmantelada banda de prestamistas violentos! Descubre los impactantes detalles\" class=\"read-more\" href=\"https:\/\/www.diario21.tv\/noticias\/desmantelada-banda-de-prestamistas-violentos-descubre-los-impactantes-detalles\/\" aria-label=\"Leer m\u00e1s sobre \u00a1Desmantelada banda de prestamistas violentos! Descubre los impactantes detalles\">Seguir leyendo &rarr;<\/a><\/p>\n","protected":false},"author":20,"featured_media":5776,"comment_status":"open","ping_status":"open","sticky":false,"template":"","format":"standard","meta":{"footnotes":""},"categories":[13],"tags":[],"class_list":["post-5775","post","type-post","status-publish","format-standard","has-post-thumbnail","hentry","category-portada"],"yoast_head":"<!-- This site is optimized with the Yoast SEO plugin v25.6 - https:\/\/yoast.com\/wordpress\/plugins\/seo\/ -->\n<title>\u00a1Desmantelada banda de prestamistas violentos! Descubre los impactantes detalles - Diario 21<\/title>\n<meta name=\"robots\" content=\"index, follow, max-snippet:-1, max-image-preview:large, max-video-preview:-1\" \/>\n<link rel=\"canonical\" href=\"https:\/\/www.diario21.tv\/noticias\/desmantelada-banda-de-prestamistas-violentos-descubre-los-impactantes-detalles\/\" \/>\n<meta property=\"og:locale\" content=\"es_ES\" \/>\n<meta property=\"og:type\" content=\"article\" \/>\n<meta property=\"og:title\" content=\"\u00a1Desmantelada banda de prestamistas violentos! Descubre los impactantes detalles - Diario 21\" \/>\n<meta property=\"og:description\" content=\"Desmantelamiento de un Grupo de Prestamistas Agresivos En un reciente operativo policial, se ha logrado desmantelar una organizaci\u00f3n criminal dedicada al pr\u00e9stamo de dinero bajo condiciones ... Seguir leyendo &rarr;\" \/>\n<meta property=\"og:url\" content=\"https:\/\/www.diario21.tv\/noticias\/desmantelada-banda-de-prestamistas-violentos-descubre-los-impactantes-detalles\/\" \/>\n<meta property=\"og:site_name\" content=\"Diario 21\" \/>\n<meta property=\"article:published_time\" content=\"2026-01-05T11:56:51+00:00\" \/>\n<meta property=\"article:modified_time\" content=\"2026-01-05T11:56:52+00:00\" \/>\n<meta property=\"og:image\" content=\"https:\/\/www.diario21.tv\/noticias\/wp-content\/uploads\/2026\/01\/\u00a1Desmantelada-banda-de-prestamistas-violentos-Descubre-los-impactantes-detalles.jpg\" \/>\n\t<meta property=\"og:image:width\" content=\"1200\" \/>\n\t<meta property=\"og:image:height\" content=\"840\" \/>\n\t<meta property=\"og:image:type\" content=\"image\/jpeg\" \/>\n<meta name=\"author\" content=\"Juan P\u00e9rez\" \/>\n<meta name=\"twitter:card\" content=\"summary_large_image\" \/>\n<meta name=\"twitter:label1\" content=\"Escrito por\" \/>\n\t<meta name=\"twitter:data1\" content=\"Juan P\u00e9rez\" \/>\n\t<meta name=\"twitter:label2\" content=\"Tiempo de lectura\" \/>\n\t<meta name=\"twitter:data2\" content=\"3 minutos\" \/>\n<script type=\"application\/ld+json\" class=\"yoast-schema-graph\">{\"@context\":\"https:\/\/schema.org\",\"@graph\":[{\"@type\":\"WebPage\",\"@id\":\"https:\/\/www.diario21.tv\/noticias\/desmantelada-banda-de-prestamistas-violentos-descubre-los-impactantes-detalles\/\",\"url\":\"https:\/\/www.diario21.tv\/noticias\/desmantelada-banda-de-prestamistas-violentos-descubre-los-impactantes-detalles\/\",\"name\":\"\u00a1Desmantelada banda de prestamistas violentos! Descubre los impactantes detalles - Diario 21\",\"isPartOf\":{\"@id\":\"https:\/\/www.diario21.tv\/noticias\/#website\"},\"primaryImageOfPage\":{\"@id\":\"https:\/\/www.diario21.tv\/noticias\/desmantelada-banda-de-prestamistas-violentos-descubre-los-impactantes-detalles\/#primaryimage\"},\"image\":{\"@id\":\"https:\/\/www.diario21.tv\/noticias\/desmantelada-banda-de-prestamistas-violentos-descubre-los-impactantes-detalles\/#primaryimage\"},\"thumbnailUrl\":\"https:\/\/www.diario21.tv\/noticias\/wp-content\/uploads\/2026\/01\/\u00a1Desmantelada-banda-de-prestamistas-violentos-Descubre-los-impactantes-detalles.jpg\",\"datePublished\":\"2026-01-05T11:56:51+00:00\",\"dateModified\":\"2026-01-05T11:56:52+00:00\",\"author\":{\"@id\":\"https:\/\/www.diario21.tv\/noticias\/#\/schema\/person\/dfb778f73814d8f09f302618446a526b\"},\"breadcrumb\":{\"@id\":\"https:\/\/www.diario21.tv\/noticias\/desmantelada-banda-de-prestamistas-violentos-descubre-los-impactantes-detalles\/#breadcrumb\"},\"inLanguage\":\"es-AR\",\"potentialAction\":[{\"@type\":\"ReadAction\",\"target\":[\"https:\/\/www.diario21.tv\/noticias\/desmantelada-banda-de-prestamistas-violentos-descubre-los-impactantes-detalles\/\"]}]},{\"@type\":\"ImageObject\",\"inLanguage\":\"es-AR\",\"@id\":\"https:\/\/www.diario21.tv\/noticias\/desmantelada-banda-de-prestamistas-violentos-descubre-los-impactantes-detalles\/#primaryimage\",\"url\":\"https:\/\/www.diario21.tv\/noticias\/wp-content\/uploads\/2026\/01\/\u00a1Desmantelada-banda-de-prestamistas-violentos-Descubre-los-impactantes-detalles.jpg\",\"contentUrl\":\"https:\/\/www.diario21.tv\/noticias\/wp-content\/uploads\/2026\/01\/\u00a1Desmantelada-banda-de-prestamistas-violentos-Descubre-los-impactantes-detalles.jpg\",\"width\":1200,\"height\":840,\"caption\":\"Desarticulada una banda de violentos prestamistas\"},{\"@type\":\"BreadcrumbList\",\"@id\":\"https:\/\/www.diario21.tv\/noticias\/desmantelada-banda-de-prestamistas-violentos-descubre-los-impactantes-detalles\/#breadcrumb\",\"itemListElement\":[{\"@type\":\"ListItem\",\"position\":1,\"name\":\"Accueil\",\"item\":\"https:\/\/www.diario21.tv\/noticias\/\"},{\"@type\":\"ListItem\",\"position\":2,\"name\":\"\u00a1Desmantelada banda de prestamistas violentos! Descubre los impactantes detalles\"}]},{\"@type\":\"WebSite\",\"@id\":\"https:\/\/www.diario21.tv\/noticias\/#website\",\"url\":\"https:\/\/www.diario21.tv\/noticias\/\",\"name\":\"Diario 21\",\"description\":\"\",\"potentialAction\":[{\"@type\":\"SearchAction\",\"target\":{\"@type\":\"EntryPoint\",\"urlTemplate\":\"https:\/\/www.diario21.tv\/noticias\/?s={search_term_string}\"},\"query-input\":{\"@type\":\"PropertyValueSpecification\",\"valueRequired\":true,\"valueName\":\"search_term_string\"}}],\"inLanguage\":\"es-AR\"},{\"@type\":\"Person\",\"@id\":\"https:\/\/www.diario21.tv\/noticias\/#\/schema\/person\/dfb778f73814d8f09f302618446a526b\",\"name\":\"Juan P\u00e9rez\",\"image\":{\"@type\":\"ImageObject\",\"inLanguage\":\"es-AR\",\"@id\":\"https:\/\/www.diario21.tv\/noticias\/#\/schema\/person\/image\/\",\"url\":\"https:\/\/secure.gravatar.com\/avatar\/c478a405bd10621167f4c3167cc770f5?s=96&d=mm&r=g\",\"contentUrl\":\"https:\/\/secure.gravatar.com\/avatar\/c478a405bd10621167f4c3167cc770f5?s=96&d=mm&r=g\",\"caption\":\"Juan P\u00e9rez\"},\"description\":\"Juan P\u00e9rez es el redactor en jefe de Diario 21. Con m\u00e1s de 10 a\u00f1os de experiencia en el periodismo, se especializa en pol\u00edtica nacional y an\u00e1lisis socioecon\u00f3mico. Su enfoque cr\u00edtico y riguroso aporta una perspectiva \u00fanica a cada art\u00edculo.\",\"sameAs\":[\"https:\/\/www.diario21.tv\/noticias\/\"],\"url\":\"https:\/\/www.diario21.tv\/noticias\/author\/juan-perez\/\"}]}<\/script>\n<!-- \/ Yoast SEO plugin. -->","yoast_head_json":{"title":"\u00a1Desmantelada banda de prestamistas violentos! Descubre los impactantes detalles - Diario 21","robots":{"index":"index","follow":"follow","max-snippet":"max-snippet:-1","max-image-preview":"max-image-preview:large","max-video-preview":"max-video-preview:-1"},"canonical":"https:\/\/www.diario21.tv\/noticias\/desmantelada-banda-de-prestamistas-violentos-descubre-los-impactantes-detalles\/","og_locale":"es_ES","og_type":"article","og_title":"\u00a1Desmantelada banda de prestamistas violentos! Descubre los impactantes detalles - Diario 21","og_description":"Desmantelamiento de un Grupo de Prestamistas Agresivos En un reciente operativo policial, se ha logrado desmantelar una organizaci\u00f3n criminal dedicada al pr\u00e9stamo de dinero bajo condiciones ... Seguir leyendo &rarr;","og_url":"https:\/\/www.diario21.tv\/noticias\/desmantelada-banda-de-prestamistas-violentos-descubre-los-impactantes-detalles\/","og_site_name":"Diario 21","article_published_time":"2026-01-05T11:56:51+00:00","article_modified_time":"2026-01-05T11:56:52+00:00","og_image":[{"width":1200,"height":840,"url":"https:\/\/www.diario21.tv\/noticias\/wp-content\/uploads\/2026\/01\/\u00a1Desmantelada-banda-de-prestamistas-violentos-Descubre-los-impactantes-detalles.jpg","type":"image\/jpeg"}],"author":"Juan P\u00e9rez","twitter_card":"summary_large_image","twitter_misc":{"Escrito por":"Juan P\u00e9rez","Tiempo de lectura":"3 minutos"},"schema":{"@context":"https:\/\/schema.org","@graph":[{"@type":"WebPage","@id":"https:\/\/www.diario21.tv\/noticias\/desmantelada-banda-de-prestamistas-violentos-descubre-los-impactantes-detalles\/","url":"https:\/\/www.diario21.tv\/noticias\/desmantelada-banda-de-prestamistas-violentos-descubre-los-impactantes-detalles\/","name":"\u00a1Desmantelada banda de prestamistas violentos! Descubre los impactantes detalles - Diario 21","isPartOf":{"@id":"https:\/\/www.diario21.tv\/noticias\/#website"},"primaryImageOfPage":{"@id":"https:\/\/www.diario21.tv\/noticias\/desmantelada-banda-de-prestamistas-violentos-descubre-los-impactantes-detalles\/#primaryimage"},"image":{"@id":"https:\/\/www.diario21.tv\/noticias\/desmantelada-banda-de-prestamistas-violentos-descubre-los-impactantes-detalles\/#primaryimage"},"thumbnailUrl":"https:\/\/www.diario21.tv\/noticias\/wp-content\/uploads\/2026\/01\/\u00a1Desmantelada-banda-de-prestamistas-violentos-Descubre-los-impactantes-detalles.jpg","datePublished":"2026-01-05T11:56:51+00:00","dateModified":"2026-01-05T11:56:52+00:00","author":{"@id":"https:\/\/www.diario21.tv\/noticias\/#\/schema\/person\/dfb778f73814d8f09f302618446a526b"},"breadcrumb":{"@id":"https:\/\/www.diario21.tv\/noticias\/desmantelada-banda-de-prestamistas-violentos-descubre-los-impactantes-detalles\/#breadcrumb"},"inLanguage":"es-AR","potentialAction":[{"@type":"ReadAction","target":["https:\/\/www.diario21.tv\/noticias\/desmantelada-banda-de-prestamistas-violentos-descubre-los-impactantes-detalles\/"]}]},{"@type":"ImageObject","inLanguage":"es-AR","@id":"https:\/\/www.diario21.tv\/noticias\/desmantelada-banda-de-prestamistas-violentos-descubre-los-impactantes-detalles\/#primaryimage","url":"https:\/\/www.diario21.tv\/noticias\/wp-content\/uploads\/2026\/01\/\u00a1Desmantelada-banda-de-prestamistas-violentos-Descubre-los-impactantes-detalles.jpg","contentUrl":"https:\/\/www.diario21.tv\/noticias\/wp-content\/uploads\/2026\/01\/\u00a1Desmantelada-banda-de-prestamistas-violentos-Descubre-los-impactantes-detalles.jpg","width":1200,"height":840,"caption":"Desarticulada una banda de violentos prestamistas"},{"@type":"BreadcrumbList","@id":"https:\/\/www.diario21.tv\/noticias\/desmantelada-banda-de-prestamistas-violentos-descubre-los-impactantes-detalles\/#breadcrumb","itemListElement":[{"@type":"ListItem","position":1,"name":"Accueil","item":"https:\/\/www.diario21.tv\/noticias\/"},{"@type":"ListItem","position":2,"name":"\u00a1Desmantelada banda de prestamistas violentos! Descubre los impactantes detalles"}]},{"@type":"WebSite","@id":"https:\/\/www.diario21.tv\/noticias\/#website","url":"https:\/\/www.diario21.tv\/noticias\/","name":"Diario 21","description":"","potentialAction":[{"@type":"SearchAction","target":{"@type":"EntryPoint","urlTemplate":"https:\/\/www.diario21.tv\/noticias\/?s={search_term_string}"},"query-input":{"@type":"PropertyValueSpecification","valueRequired":true,"valueName":"search_term_string"}}],"inLanguage":"es-AR"},{"@type":"Person","@id":"https:\/\/www.diario21.tv\/noticias\/#\/schema\/person\/dfb778f73814d8f09f302618446a526b","name":"Juan P\u00e9rez","image":{"@type":"ImageObject","inLanguage":"es-AR","@id":"https:\/\/www.diario21.tv\/noticias\/#\/schema\/person\/image\/","url":"https:\/\/secure.gravatar.com\/avatar\/c478a405bd10621167f4c3167cc770f5?s=96&d=mm&r=g","contentUrl":"https:\/\/secure.gravatar.com\/avatar\/c478a405bd10621167f4c3167cc770f5?s=96&d=mm&r=g","caption":"Juan P\u00e9rez"},"description":"Juan P\u00e9rez es el redactor en jefe de Diario 21. Con m\u00e1s de 10 a\u00f1os de experiencia en el periodismo, se especializa en pol\u00edtica nacional y an\u00e1lisis socioecon\u00f3mico. Su enfoque cr\u00edtico y riguroso aporta una perspectiva \u00fanica a cada art\u00edculo.","sameAs":["https:\/\/www.diario21.tv\/noticias\/"],"url":"https:\/\/www.diario21.tv\/noticias\/author\/juan-perez\/"}]}},"_links":{"self":[{"href":"https:\/\/www.diario21.tv\/noticias\/wp-json\/wp\/v2\/posts\/5775"}],"collection":[{"href":"https:\/\/www.diario21.tv\/noticias\/wp-json\/wp\/v2\/posts"}],"about":[{"href":"https:\/\/www.diario21.tv\/noticias\/wp-json\/wp\/v2\/types\/post"}],"author":[{"embeddable":true,"href":"https:\/\/www.diario21.tv\/noticias\/wp-json\/wp\/v2\/users\/20"}],"replies":[{"embeddable":true,"href":"https:\/\/www.diario21.tv\/noticias\/wp-json\/wp\/v2\/comments?post=5775"}],"version-history":[{"count":1,"href":"https:\/\/www.diario21.tv\/noticias\/wp-json\/wp\/v2\/posts\/5775\/revisions"}],"predecessor-version":[{"id":5777,"href":"https:\/\/www.diario21.tv\/noticias\/wp-json\/wp\/v2\/posts\/5775\/revisions\/5777"}],"wp:featuredmedia":[{"embeddable":true,"href":"https:\/\/www.diario21.tv\/noticias\/wp-json\/wp\/v2\/media\/5776"}],"wp:attachment":[{"href":"https:\/\/www.diario21.tv\/noticias\/wp-json\/wp\/v2\/media?parent=5775"}],"wp:term":[{"taxonomy":"category","embeddable":true,"href":"https:\/\/www.diario21.tv\/noticias\/wp-json\/wp\/v2\/categories?post=5775"},{"taxonomy":"post_tag","embeddable":true,"href":"https:\/\/www.diario21.tv\/noticias\/wp-json\/wp\/v2\/tags?post=5775"}],"curies":[{"name":"wp","href":"https:\/\/api.w.org\/{rel}","templated":true}]}}