{"id":5772,"date":"2026-01-05T05:56:09","date_gmt":"2026-01-05T05:56:09","guid":{"rendered":"https:\/\/www.diario21.tv\/noticias\/buenas-noticias-la-gripe-desciende-notablemente-en-navidad\/"},"modified":"2026-01-05T05:56:10","modified_gmt":"2026-01-05T05:56:10","slug":"buenas-noticias-la-gripe-desciende-notablemente-en-navidad","status":"publish","type":"post","link":"https:\/\/www.diario21.tv\/noticias\/buenas-noticias-la-gripe-desciende-notablemente-en-navidad\/","title":{"rendered":"\u00a1Buenas noticias! La gripe desciende notablemente en Navidad"},"content":{"rendered":"<h2>Descenso Marcado de la Gripe Durante la Semana Navide\u00f1a<\/h2>\n<p>La incidencia de la gripe ha mostrado una notable disminuci\u00f3n en el transcurso de la semana de Navidad, seg\u00fan los \u00faltimos informes de salud. Esta tendencia a la baja ha sido confirmada por varias fuentes m\u00e9dicas y epidemiol\u00f3gicas que han estado monitoreando la situaci\u00f3n de la gripe a lo largo del a\u00f1o.<\/p>\n<h3>Observaciones de Expertos en Salud<\/h3>\n<p>Profesionales del sector salud han observado que, tradicionalmente, los casos de gripe tienden a incrementarse durante el invierno, alcanzando a menudo su pico m\u00e1s alto en los meses m\u00e1s fr\u00edos. Sin embargo, este a\u00f1o, la tendencia ha cambiado inesperadamente durante la semana de Navidad, con un descenso significativo en el n\u00famero de casos reportados. Los expertos especulan que esto podr\u00eda deberse a varios factores, incluyendo una mayor conciencia sobre las medidas de prevenci\u00f3n y una amplia aceptaci\u00f3n de las vacunas contra la gripe.<\/p>\n<h3>Estrategias de Prevenci\u00f3n Efectivas<\/h3>\n<p>La disminuci\u00f3n en los casos de gripe tambi\u00e9n se atribuye a las estrategias de prevenci\u00f3n implementadas por las autoridades sanitarias. Estas incluyen campa\u00f1as de vacunaci\u00f3n masiva y la promoci\u00f3n de pr\u00e1cticas de higiene, como el lavado frecuente de manos y el uso de mascarillas en lugares p\u00fablicos. Adem\u00e1s, se ha observado que muchas personas han optado por celebrar las festividades navide\u00f1as en grupos m\u00e1s peque\u00f1os, lo que ha ayudado a reducir la transmisi\u00f3n del virus.<\/p>\n<h3>Impacto en los Servicios de Salud<\/h3>\n<p>El descenso en los casos de gripe ha tenido un impacto positivo en los servicios de salud, que a menudo se ven sobrecargados durante la temporada alta de gripe. Los hospitales y cl\u00ednicas han reportado una menor afluencia de pacientes con s\u00edntomas de gripe, lo que les ha permitido gestionar mejor otros casos m\u00e9dicos y urgencias. Este alivio en el sistema de salud es especialmente bienvenido, considerando los desaf\u00edos adicionales impuestos por la pandemia de COVID-19.<\/p>\n<h3>Recomendaciones para Mantener la Tendencia<\/h3>\n<p>Aunque la disminuci\u00f3n de la gripe es una noticia alentadora, los expertos en salud contin\u00faan advirtiendo sobre la importancia de no bajar la guardia. Recomiendan seguir adheridos a las medidas de prevenci\u00f3n y considerar la vacunaci\u00f3n anual contra la gripe para protegerse no solo a uno mismo, sino tambi\u00e9n a los m\u00e1s vulnerables en la comunidad. Adem\u00e1s, se aconseja mantenerse informado a trav\u00e9s de fuentes confiables y seguir las directrices de los profesionales de la salud para continuar esta tendencia positiva en la lucha contra la gripe.<\/p>\n\n\n<div class=\"kk-star-ratings kksr-auto kksr-align-left kksr-valign-bottom\"\n    data-payload='{&quot;align&quot;:&quot;left&quot;,&quot;id&quot;:&quot;5772&quot;,&quot;slug&quot;:&quot;default&quot;,&quot;valign&quot;:&quot;bottom&quot;,&quot;ignore&quot;:&quot;&quot;,&quot;reference&quot;:&quot;auto&quot;,&quot;class&quot;:&quot;&quot;,&quot;count&quot;:&quot;0&quot;,&quot;legendonly&quot;:&quot;&quot;,&quot;readonly&quot;:&quot;&quot;,&quot;score&quot;:&quot;0&quot;,&quot;starsonly&quot;:&quot;&quot;,&quot;best&quot;:&quot;5&quot;,&quot;gap&quot;:&quot;5&quot;,&quot;greet&quot;:&quot;Valora este post&quot;,&quot;legend&quot;:&quot;0\\\/5 - (0 votes)&quot;,&quot;size&quot;:&quot;22&quot;,&quot;title&quot;:&quot;\u00a1Buenas noticias! La gripe desciende notablemente en Navidad&quot;,&quot;width&quot;:&quot;0&quot;,&quot;_legend&quot;:&quot;{score}\\\/{best} - ({count} {votes})&quot;,&quot;font_factor&quot;:&quot;1.25&quot;}'>\n            \n<div class=\"kksr-stars\">\n    \n<div class=\"kksr-stars-inactive\">\n            <div class=\"kksr-star\" data-star=\"1\" style=\"padding-right: 5px\">\n            \n\n<div class=\"kksr-icon\" style=\"width: 22px; height: 22px;\"><\/div>\n        <\/div>\n            <div class=\"kksr-star\" data-star=\"2\" style=\"padding-right: 5px\">\n            \n\n<div class=\"kksr-icon\" style=\"width: 22px; height: 22px;\"><\/div>\n        <\/div>\n            <div class=\"kksr-star\" data-star=\"3\" style=\"padding-right: 5px\">\n            \n\n<div class=\"kksr-icon\" style=\"width: 22px; height: 22px;\"><\/div>\n        <\/div>\n            <div class=\"kksr-star\" data-star=\"4\" style=\"padding-right: 5px\">\n            \n\n<div class=\"kksr-icon\" style=\"width: 22px; height: 22px;\"><\/div>\n        <\/div>\n            <div class=\"kksr-star\" data-star=\"5\" style=\"padding-right: 5px\">\n            \n\n<div class=\"kksr-icon\" style=\"width: 22px; height: 22px;\"><\/div>\n        <\/div>\n    <\/div>\n    \n<div class=\"kksr-stars-active\" style=\"width: 0px;\">\n            <div class=\"kksr-star\" style=\"padding-right: 5px\">\n            \n\n<div class=\"kksr-icon\" style=\"width: 22px; height: 22px;\"><\/div>\n        <\/div>\n            <div class=\"kksr-star\" style=\"padding-right: 5px\">\n            \n\n<div class=\"kksr-icon\" style=\"width: 22px; height: 22px;\"><\/div>\n        <\/div>\n            <div class=\"kksr-star\" style=\"padding-right: 5px\">\n            \n\n<div class=\"kksr-icon\" style=\"width: 22px; height: 22px;\"><\/div>\n        <\/div>\n            <div class=\"kksr-star\" style=\"padding-right: 5px\">\n            \n\n<div class=\"kksr-icon\" style=\"width: 22px; height: 22px;\"><\/div>\n        <\/div>\n            <div class=\"kksr-star\" style=\"padding-right: 5px\">\n            \n\n<div class=\"kksr-icon\" style=\"width: 22px; height: 22px;\"><\/div>\n        <\/div>\n    <\/div>\n<\/div>\n                \n\n<div class=\"kksr-legend\" style=\"font-size: 17.6px;\">\n            <span class=\"kksr-muted\">Valora este post<\/span>\n    <\/div>\n    <\/div>\n","protected":false},"excerpt":{"rendered":"<p>Descenso Marcado de la Gripe Durante la Semana Navide\u00f1a La incidencia de la gripe ha mostrado una notable disminuci\u00f3n en el transcurso de la semana de &#8230; <a title=\"\u00a1Buenas noticias! La gripe desciende notablemente en Navidad\" class=\"read-more\" href=\"https:\/\/www.diario21.tv\/noticias\/buenas-noticias-la-gripe-desciende-notablemente-en-navidad\/\" aria-label=\"Leer m\u00e1s sobre \u00a1Buenas noticias! La gripe desciende notablemente en Navidad\">Seguir leyendo &rarr;<\/a><\/p>\n","protected":false},"author":20,"featured_media":5773,"comment_status":"open","ping_status":"open","sticky":false,"template":"","format":"standard","meta":{"footnotes":""},"categories":[13],"tags":[],"class_list":["post-5772","post","type-post","status-publish","format-standard","has-post-thumbnail","hentry","category-portada"],"yoast_head":"<!-- This site is optimized with the Yoast SEO plugin v25.6 - https:\/\/yoast.com\/wordpress\/plugins\/seo\/ -->\n<title>\u00a1Buenas noticias! La gripe desciende notablemente en Navidad - Diario 21<\/title>\n<meta name=\"robots\" content=\"index, follow, max-snippet:-1, max-image-preview:large, max-video-preview:-1\" \/>\n<link rel=\"canonical\" href=\"https:\/\/www.diario21.tv\/noticias\/buenas-noticias-la-gripe-desciende-notablemente-en-navidad\/\" \/>\n<meta property=\"og:locale\" content=\"es_ES\" \/>\n<meta property=\"og:type\" content=\"article\" \/>\n<meta property=\"og:title\" content=\"\u00a1Buenas noticias! La gripe desciende notablemente en Navidad - Diario 21\" \/>\n<meta property=\"og:description\" content=\"Descenso Marcado de la Gripe Durante la Semana Navide\u00f1a La incidencia de la gripe ha mostrado una notable disminuci\u00f3n en el transcurso de la semana de ... Seguir leyendo &rarr;\" \/>\n<meta property=\"og:url\" content=\"https:\/\/www.diario21.tv\/noticias\/buenas-noticias-la-gripe-desciende-notablemente-en-navidad\/\" \/>\n<meta property=\"og:site_name\" content=\"Diario 21\" \/>\n<meta property=\"article:published_time\" content=\"2026-01-05T05:56:09+00:00\" \/>\n<meta property=\"article:modified_time\" content=\"2026-01-05T05:56:10+00:00\" \/>\n<meta property=\"og:image\" content=\"https:\/\/www.diario21.tv\/noticias\/wp-content\/uploads\/2026\/01\/\u00a1Buenas-noticias-La-gripe-desciende-notablemente-en-Navidad.JPG\" \/>\n\t<meta property=\"og:image:width\" content=\"1200\" \/>\n\t<meta property=\"og:image:height\" content=\"840\" \/>\n\t<meta property=\"og:image:type\" content=\"image\/jpeg\" \/>\n<meta name=\"author\" content=\"Juan P\u00e9rez\" \/>\n<meta name=\"twitter:card\" content=\"summary_large_image\" \/>\n<meta name=\"twitter:label1\" content=\"Escrito por\" \/>\n\t<meta name=\"twitter:data1\" content=\"Juan P\u00e9rez\" \/>\n\t<meta name=\"twitter:label2\" content=\"Tiempo de lectura\" \/>\n\t<meta name=\"twitter:data2\" content=\"2 minutos\" \/>\n<script type=\"application\/ld+json\" class=\"yoast-schema-graph\">{\"@context\":\"https:\/\/schema.org\",\"@graph\":[{\"@type\":\"WebPage\",\"@id\":\"https:\/\/www.diario21.tv\/noticias\/buenas-noticias-la-gripe-desciende-notablemente-en-navidad\/\",\"url\":\"https:\/\/www.diario21.tv\/noticias\/buenas-noticias-la-gripe-desciende-notablemente-en-navidad\/\",\"name\":\"\u00a1Buenas noticias! La gripe desciende notablemente en Navidad - Diario 21\",\"isPartOf\":{\"@id\":\"https:\/\/www.diario21.tv\/noticias\/#website\"},\"primaryImageOfPage\":{\"@id\":\"https:\/\/www.diario21.tv\/noticias\/buenas-noticias-la-gripe-desciende-notablemente-en-navidad\/#primaryimage\"},\"image\":{\"@id\":\"https:\/\/www.diario21.tv\/noticias\/buenas-noticias-la-gripe-desciende-notablemente-en-navidad\/#primaryimage\"},\"thumbnailUrl\":\"https:\/\/www.diario21.tv\/noticias\/wp-content\/uploads\/2026\/01\/\u00a1Buenas-noticias-La-gripe-desciende-notablemente-en-Navidad.JPG\",\"datePublished\":\"2026-01-05T05:56:09+00:00\",\"dateModified\":\"2026-01-05T05:56:10+00:00\",\"author\":{\"@id\":\"https:\/\/www.diario21.tv\/noticias\/#\/schema\/person\/dfb778f73814d8f09f302618446a526b\"},\"breadcrumb\":{\"@id\":\"https:\/\/www.diario21.tv\/noticias\/buenas-noticias-la-gripe-desciende-notablemente-en-navidad\/#breadcrumb\"},\"inLanguage\":\"es-AR\",\"potentialAction\":[{\"@type\":\"ReadAction\",\"target\":[\"https:\/\/www.diario21.tv\/noticias\/buenas-noticias-la-gripe-desciende-notablemente-en-navidad\/\"]}]},{\"@type\":\"ImageObject\",\"inLanguage\":\"es-AR\",\"@id\":\"https:\/\/www.diario21.tv\/noticias\/buenas-noticias-la-gripe-desciende-notablemente-en-navidad\/#primaryimage\",\"url\":\"https:\/\/www.diario21.tv\/noticias\/wp-content\/uploads\/2026\/01\/\u00a1Buenas-noticias-La-gripe-desciende-notablemente-en-Navidad.JPG\",\"contentUrl\":\"https:\/\/www.diario21.tv\/noticias\/wp-content\/uploads\/2026\/01\/\u00a1Buenas-noticias-La-gripe-desciende-notablemente-en-Navidad.JPG\",\"width\":1200,\"height\":840,\"caption\":\"La epidemia de gripe comienza un claro descenso en la semana de Navidad\"},{\"@type\":\"BreadcrumbList\",\"@id\":\"https:\/\/www.diario21.tv\/noticias\/buenas-noticias-la-gripe-desciende-notablemente-en-navidad\/#breadcrumb\",\"itemListElement\":[{\"@type\":\"ListItem\",\"position\":1,\"name\":\"Accueil\",\"item\":\"https:\/\/www.diario21.tv\/noticias\/\"},{\"@type\":\"ListItem\",\"position\":2,\"name\":\"\u00a1Buenas noticias! La gripe desciende notablemente en Navidad\"}]},{\"@type\":\"WebSite\",\"@id\":\"https:\/\/www.diario21.tv\/noticias\/#website\",\"url\":\"https:\/\/www.diario21.tv\/noticias\/\",\"name\":\"Diario 21\",\"description\":\"\",\"potentialAction\":[{\"@type\":\"SearchAction\",\"target\":{\"@type\":\"EntryPoint\",\"urlTemplate\":\"https:\/\/www.diario21.tv\/noticias\/?s={search_term_string}\"},\"query-input\":{\"@type\":\"PropertyValueSpecification\",\"valueRequired\":true,\"valueName\":\"search_term_string\"}}],\"inLanguage\":\"es-AR\"},{\"@type\":\"Person\",\"@id\":\"https:\/\/www.diario21.tv\/noticias\/#\/schema\/person\/dfb778f73814d8f09f302618446a526b\",\"name\":\"Juan P\u00e9rez\",\"image\":{\"@type\":\"ImageObject\",\"inLanguage\":\"es-AR\",\"@id\":\"https:\/\/www.diario21.tv\/noticias\/#\/schema\/person\/image\/\",\"url\":\"https:\/\/secure.gravatar.com\/avatar\/c478a405bd10621167f4c3167cc770f5?s=96&d=mm&r=g\",\"contentUrl\":\"https:\/\/secure.gravatar.com\/avatar\/c478a405bd10621167f4c3167cc770f5?s=96&d=mm&r=g\",\"caption\":\"Juan P\u00e9rez\"},\"description\":\"Juan P\u00e9rez es el redactor en jefe de Diario 21. Con m\u00e1s de 10 a\u00f1os de experiencia en el periodismo, se especializa en pol\u00edtica nacional y an\u00e1lisis socioecon\u00f3mico. Su enfoque cr\u00edtico y riguroso aporta una perspectiva \u00fanica a cada art\u00edculo.\",\"sameAs\":[\"https:\/\/www.diario21.tv\/noticias\/\"],\"url\":\"https:\/\/www.diario21.tv\/noticias\/author\/juan-perez\/\"}]}<\/script>\n<!-- \/ Yoast SEO plugin. -->","yoast_head_json":{"title":"\u00a1Buenas noticias! La gripe desciende notablemente en Navidad - Diario 21","robots":{"index":"index","follow":"follow","max-snippet":"max-snippet:-1","max-image-preview":"max-image-preview:large","max-video-preview":"max-video-preview:-1"},"canonical":"https:\/\/www.diario21.tv\/noticias\/buenas-noticias-la-gripe-desciende-notablemente-en-navidad\/","og_locale":"es_ES","og_type":"article","og_title":"\u00a1Buenas noticias! La gripe desciende notablemente en Navidad - Diario 21","og_description":"Descenso Marcado de la Gripe Durante la Semana Navide\u00f1a La incidencia de la gripe ha mostrado una notable disminuci\u00f3n en el transcurso de la semana de ... Seguir leyendo &rarr;","og_url":"https:\/\/www.diario21.tv\/noticias\/buenas-noticias-la-gripe-desciende-notablemente-en-navidad\/","og_site_name":"Diario 21","article_published_time":"2026-01-05T05:56:09+00:00","article_modified_time":"2026-01-05T05:56:10+00:00","og_image":[{"width":1200,"height":840,"url":"https:\/\/www.diario21.tv\/noticias\/wp-content\/uploads\/2026\/01\/\u00a1Buenas-noticias-La-gripe-desciende-notablemente-en-Navidad.JPG","type":"image\/jpeg"}],"author":"Juan P\u00e9rez","twitter_card":"summary_large_image","twitter_misc":{"Escrito por":"Juan P\u00e9rez","Tiempo de lectura":"2 minutos"},"schema":{"@context":"https:\/\/schema.org","@graph":[{"@type":"WebPage","@id":"https:\/\/www.diario21.tv\/noticias\/buenas-noticias-la-gripe-desciende-notablemente-en-navidad\/","url":"https:\/\/www.diario21.tv\/noticias\/buenas-noticias-la-gripe-desciende-notablemente-en-navidad\/","name":"\u00a1Buenas noticias! La gripe desciende notablemente en Navidad - Diario 21","isPartOf":{"@id":"https:\/\/www.diario21.tv\/noticias\/#website"},"primaryImageOfPage":{"@id":"https:\/\/www.diario21.tv\/noticias\/buenas-noticias-la-gripe-desciende-notablemente-en-navidad\/#primaryimage"},"image":{"@id":"https:\/\/www.diario21.tv\/noticias\/buenas-noticias-la-gripe-desciende-notablemente-en-navidad\/#primaryimage"},"thumbnailUrl":"https:\/\/www.diario21.tv\/noticias\/wp-content\/uploads\/2026\/01\/\u00a1Buenas-noticias-La-gripe-desciende-notablemente-en-Navidad.JPG","datePublished":"2026-01-05T05:56:09+00:00","dateModified":"2026-01-05T05:56:10+00:00","author":{"@id":"https:\/\/www.diario21.tv\/noticias\/#\/schema\/person\/dfb778f73814d8f09f302618446a526b"},"breadcrumb":{"@id":"https:\/\/www.diario21.tv\/noticias\/buenas-noticias-la-gripe-desciende-notablemente-en-navidad\/#breadcrumb"},"inLanguage":"es-AR","potentialAction":[{"@type":"ReadAction","target":["https:\/\/www.diario21.tv\/noticias\/buenas-noticias-la-gripe-desciende-notablemente-en-navidad\/"]}]},{"@type":"ImageObject","inLanguage":"es-AR","@id":"https:\/\/www.diario21.tv\/noticias\/buenas-noticias-la-gripe-desciende-notablemente-en-navidad\/#primaryimage","url":"https:\/\/www.diario21.tv\/noticias\/wp-content\/uploads\/2026\/01\/\u00a1Buenas-noticias-La-gripe-desciende-notablemente-en-Navidad.JPG","contentUrl":"https:\/\/www.diario21.tv\/noticias\/wp-content\/uploads\/2026\/01\/\u00a1Buenas-noticias-La-gripe-desciende-notablemente-en-Navidad.JPG","width":1200,"height":840,"caption":"La epidemia de gripe comienza un claro descenso en la semana de Navidad"},{"@type":"BreadcrumbList","@id":"https:\/\/www.diario21.tv\/noticias\/buenas-noticias-la-gripe-desciende-notablemente-en-navidad\/#breadcrumb","itemListElement":[{"@type":"ListItem","position":1,"name":"Accueil","item":"https:\/\/www.diario21.tv\/noticias\/"},{"@type":"ListItem","position":2,"name":"\u00a1Buenas noticias! La gripe desciende notablemente en Navidad"}]},{"@type":"WebSite","@id":"https:\/\/www.diario21.tv\/noticias\/#website","url":"https:\/\/www.diario21.tv\/noticias\/","name":"Diario 21","description":"","potentialAction":[{"@type":"SearchAction","target":{"@type":"EntryPoint","urlTemplate":"https:\/\/www.diario21.tv\/noticias\/?s={search_term_string}"},"query-input":{"@type":"PropertyValueSpecification","valueRequired":true,"valueName":"search_term_string"}}],"inLanguage":"es-AR"},{"@type":"Person","@id":"https:\/\/www.diario21.tv\/noticias\/#\/schema\/person\/dfb778f73814d8f09f302618446a526b","name":"Juan P\u00e9rez","image":{"@type":"ImageObject","inLanguage":"es-AR","@id":"https:\/\/www.diario21.tv\/noticias\/#\/schema\/person\/image\/","url":"https:\/\/secure.gravatar.com\/avatar\/c478a405bd10621167f4c3167cc770f5?s=96&d=mm&r=g","contentUrl":"https:\/\/secure.gravatar.com\/avatar\/c478a405bd10621167f4c3167cc770f5?s=96&d=mm&r=g","caption":"Juan P\u00e9rez"},"description":"Juan P\u00e9rez es el redactor en jefe de Diario 21. Con m\u00e1s de 10 a\u00f1os de experiencia en el periodismo, se especializa en pol\u00edtica nacional y an\u00e1lisis socioecon\u00f3mico. Su enfoque cr\u00edtico y riguroso aporta una perspectiva \u00fanica a cada art\u00edculo.","sameAs":["https:\/\/www.diario21.tv\/noticias\/"],"url":"https:\/\/www.diario21.tv\/noticias\/author\/juan-perez\/"}]}},"_links":{"self":[{"href":"https:\/\/www.diario21.tv\/noticias\/wp-json\/wp\/v2\/posts\/5772"}],"collection":[{"href":"https:\/\/www.diario21.tv\/noticias\/wp-json\/wp\/v2\/posts"}],"about":[{"href":"https:\/\/www.diario21.tv\/noticias\/wp-json\/wp\/v2\/types\/post"}],"author":[{"embeddable":true,"href":"https:\/\/www.diario21.tv\/noticias\/wp-json\/wp\/v2\/users\/20"}],"replies":[{"embeddable":true,"href":"https:\/\/www.diario21.tv\/noticias\/wp-json\/wp\/v2\/comments?post=5772"}],"version-history":[{"count":1,"href":"https:\/\/www.diario21.tv\/noticias\/wp-json\/wp\/v2\/posts\/5772\/revisions"}],"predecessor-version":[{"id":5774,"href":"https:\/\/www.diario21.tv\/noticias\/wp-json\/wp\/v2\/posts\/5772\/revisions\/5774"}],"wp:featuredmedia":[{"embeddable":true,"href":"https:\/\/www.diario21.tv\/noticias\/wp-json\/wp\/v2\/media\/5773"}],"wp:attachment":[{"href":"https:\/\/www.diario21.tv\/noticias\/wp-json\/wp\/v2\/media?parent=5772"}],"wp:term":[{"taxonomy":"category","embeddable":true,"href":"https:\/\/www.diario21.tv\/noticias\/wp-json\/wp\/v2\/categories?post=5772"},{"taxonomy":"post_tag","embeddable":true,"href":"https:\/\/www.diario21.tv\/noticias\/wp-json\/wp\/v2\/tags?post=5772"}],"curies":[{"name":"wp","href":"https:\/\/api.w.org\/{rel}","templated":true}]}}