{"id":5769,"date":"2026-01-04T23:55:05","date_gmt":"2026-01-04T23:55:05","guid":{"rendered":"https:\/\/www.diario21.tv\/noticias\/alerta-de-salud-cambios-en-el-calendario-vacunal-por-aumento-de-hepatitis-a-en-2026\/"},"modified":"2026-01-04T23:55:06","modified_gmt":"2026-01-04T23:55:06","slug":"alerta-de-salud-cambios-en-el-calendario-vacunal-por-aumento-de-hepatitis-a-en-2026","status":"publish","type":"post","link":"https:\/\/www.diario21.tv\/noticias\/alerta-de-salud-cambios-en-el-calendario-vacunal-por-aumento-de-hepatitis-a-en-2026\/","title":{"rendered":"\u00a1Alerta de salud! Cambios en el calendario vacunal por aumento de hepatitis A en 2026"},"content":{"rendered":"<h2>El Aumento de Casos de Hepatitis A Modifica el Calendario de Vacunaci\u00f3n de 2026<\/h2>\n<p>En los \u00faltimos a\u00f1os, ha habido un incremento notable en los casos de hepatitis A a nivel global, lo que ha llevado a los especialistas en pediatr\u00eda a revisar y modificar el esquema de vacunaci\u00f3n previsto para el a\u00f1o 2026. Esta enfermedad infecciosa del h\u00edgado, causada por el virus de la hepatitis A, ha mostrado una tendencia ascendente en su incidencia, provocando alarma en las comunidades m\u00e9dicas y de salud p\u00fablica.<\/p>\n<h3>Detalles del Ajuste en el Calendario de Vacunaci\u00f3n<\/h3>\n<p>Debido al resurgimiento de esta enfermedad, los expertos en salud infantil han decidido adelantar la edad recomendada para la administraci\u00f3n de la primera dosis de la vacuna contra la hepatitis A. Anteriormente, la vacunaci\u00f3n se suger\u00eda a partir de los dos a\u00f1os de edad. Sin embargo, a partir de 2026, se recomendar\u00e1 que la vacuna sea administrada a los ni\u00f1os desde los 18 meses. Esta modificaci\u00f3n busca controlar y reducir la transmisi\u00f3n del virus entre la poblaci\u00f3n infantil, que es altamente susceptible a contraer el virus en entornos de cuidado diurno y otros ambientes comunitarios.<\/p>\n<h3>Impacto y Expectativas<\/h3>\n<p>Los pediatras y especialistas en enfermedades infecciosas esperan que con este cambio en el calendario vacunal, se pueda lograr una mayor cobertura y efectividad en la prevenci\u00f3n de la hepatitis A. La anticipaci\u00f3n de la vacunaci\u00f3n permitir\u00e1 proteger a los ni\u00f1os en una etapa m\u00e1s temprana de su desarrollo, reduciendo significativamente el riesgo de brotes en escuelas y comunidades.<\/p>\n<p>Adem\u00e1s, esta medida no solo pretende disminuir la incidencia de la enfermedad, sino tambi\u00e9n aliviar la carga que esta representa para los sistemas de salud. La hepatitis A puede generar complicaciones graves que requieren hospitalizaci\u00f3n y, en algunos casos, puede ser mortal. La vacunaci\u00f3n temprana es un paso crucial para evitar estas situaciones extremas.<\/p>\n<h3>Reacciones de la Comunidad M\u00e9dica<\/h3>\n<p>La decisi\u00f3n de ajustar el calendario de vacunaci\u00f3n ha sido bien recibida por la mayor\u00eda de los profesionales de la salud, quienes consideran que es una respuesta necesaria ante el aumento de casos observado en los \u00faltimos tiempos. Sin embargo, tambi\u00e9n ha habido un llamado a aumentar las campa\u00f1as de concienciaci\u00f3n sobre la importancia de la vacunaci\u00f3n contra la hepatitis A.<\/p>\n<p>La educaci\u00f3n y la informaci\u00f3n son fundamentales para que los padres est\u00e9n al tanto de los nuevos lineamientos y comprendan la importancia de adherirse a ellos. El \u00e9xito de esta nueva estrategia depende en gran medida de la colaboraci\u00f3n entre m\u00e9dicos, padres y cuidadores para asegurar que todos los ni\u00f1os reciban sus vacunas en el momento adecuado.<\/p>\n<p>Finalmente, los cambios en el calendario de vacunaci\u00f3n de 2026 son un paso adelante en la lucha contra la hepatitis A y reflejan el compromiso continuo de la comunidad m\u00e9dica para proteger la salud de la poblaci\u00f3n infantil. Con estas medidas, se espera no solo frenar el avance de la enfermedad sino tambi\u00e9n fortalecer el bienestar general de las futuras generaciones.<\/p>\n\n\n<div class=\"kk-star-ratings kksr-auto kksr-align-left kksr-valign-bottom\"\n    data-payload='{&quot;align&quot;:&quot;left&quot;,&quot;id&quot;:&quot;5769&quot;,&quot;slug&quot;:&quot;default&quot;,&quot;valign&quot;:&quot;bottom&quot;,&quot;ignore&quot;:&quot;&quot;,&quot;reference&quot;:&quot;auto&quot;,&quot;class&quot;:&quot;&quot;,&quot;count&quot;:&quot;0&quot;,&quot;legendonly&quot;:&quot;&quot;,&quot;readonly&quot;:&quot;&quot;,&quot;score&quot;:&quot;0&quot;,&quot;starsonly&quot;:&quot;&quot;,&quot;best&quot;:&quot;5&quot;,&quot;gap&quot;:&quot;5&quot;,&quot;greet&quot;:&quot;Valora este post&quot;,&quot;legend&quot;:&quot;0\\\/5 - (0 votes)&quot;,&quot;size&quot;:&quot;22&quot;,&quot;title&quot;:&quot;\u00a1Alerta de salud! Cambios en el calendario vacunal por aumento de hepatitis A en 2026&quot;,&quot;width&quot;:&quot;0&quot;,&quot;_legend&quot;:&quot;{score}\\\/{best} - ({count} {votes})&quot;,&quot;font_factor&quot;:&quot;1.25&quot;}'>\n            \n<div class=\"kksr-stars\">\n    \n<div class=\"kksr-stars-inactive\">\n            <div class=\"kksr-star\" data-star=\"1\" style=\"padding-right: 5px\">\n            \n\n<div class=\"kksr-icon\" style=\"width: 22px; height: 22px;\"><\/div>\n        <\/div>\n            <div class=\"kksr-star\" data-star=\"2\" style=\"padding-right: 5px\">\n            \n\n<div class=\"kksr-icon\" style=\"width: 22px; height: 22px;\"><\/div>\n        <\/div>\n            <div class=\"kksr-star\" data-star=\"3\" style=\"padding-right: 5px\">\n            \n\n<div class=\"kksr-icon\" style=\"width: 22px; height: 22px;\"><\/div>\n        <\/div>\n            <div class=\"kksr-star\" data-star=\"4\" style=\"padding-right: 5px\">\n            \n\n<div class=\"kksr-icon\" style=\"width: 22px; height: 22px;\"><\/div>\n        <\/div>\n            <div class=\"kksr-star\" data-star=\"5\" style=\"padding-right: 5px\">\n            \n\n<div class=\"kksr-icon\" style=\"width: 22px; height: 22px;\"><\/div>\n        <\/div>\n    <\/div>\n    \n<div class=\"kksr-stars-active\" style=\"width: 0px;\">\n            <div class=\"kksr-star\" style=\"padding-right: 5px\">\n            \n\n<div class=\"kksr-icon\" style=\"width: 22px; height: 22px;\"><\/div>\n        <\/div>\n            <div class=\"kksr-star\" style=\"padding-right: 5px\">\n            \n\n<div class=\"kksr-icon\" style=\"width: 22px; height: 22px;\"><\/div>\n        <\/div>\n            <div class=\"kksr-star\" style=\"padding-right: 5px\">\n            \n\n<div class=\"kksr-icon\" style=\"width: 22px; height: 22px;\"><\/div>\n        <\/div>\n            <div class=\"kksr-star\" style=\"padding-right: 5px\">\n            \n\n<div class=\"kksr-icon\" style=\"width: 22px; height: 22px;\"><\/div>\n        <\/div>\n            <div class=\"kksr-star\" style=\"padding-right: 5px\">\n            \n\n<div class=\"kksr-icon\" style=\"width: 22px; height: 22px;\"><\/div>\n        <\/div>\n    <\/div>\n<\/div>\n                \n\n<div class=\"kksr-legend\" style=\"font-size: 17.6px;\">\n            <span class=\"kksr-muted\">Valora este post<\/span>\n    <\/div>\n    <\/div>\n","protected":false},"excerpt":{"rendered":"<p>El Aumento de Casos de Hepatitis A Modifica el Calendario de Vacunaci\u00f3n de 2026 En los \u00faltimos a\u00f1os, ha habido un incremento notable en los casos &#8230; <a title=\"\u00a1Alerta de salud! Cambios en el calendario vacunal por aumento de hepatitis A en 2026\" class=\"read-more\" href=\"https:\/\/www.diario21.tv\/noticias\/alerta-de-salud-cambios-en-el-calendario-vacunal-por-aumento-de-hepatitis-a-en-2026\/\" aria-label=\"Leer m\u00e1s sobre \u00a1Alerta de salud! Cambios en el calendario vacunal por aumento de hepatitis A en 2026\">Seguir leyendo &rarr;<\/a><\/p>\n","protected":false},"author":20,"featured_media":5770,"comment_status":"open","ping_status":"open","sticky":false,"template":"","format":"standard","meta":{"footnotes":""},"categories":[13],"tags":[],"class_list":["post-5769","post","type-post","status-publish","format-standard","has-post-thumbnail","hentry","category-portada"],"yoast_head":"<!-- This site is optimized with the Yoast SEO plugin v25.6 - https:\/\/yoast.com\/wordpress\/plugins\/seo\/ -->\n<title>\u00a1Alerta de salud! Cambios en el calendario vacunal por aumento de hepatitis A en 2026 - Diario 21<\/title>\n<meta name=\"robots\" content=\"index, follow, max-snippet:-1, max-image-preview:large, max-video-preview:-1\" \/>\n<link rel=\"canonical\" href=\"https:\/\/www.diario21.tv\/noticias\/alerta-de-salud-cambios-en-el-calendario-vacunal-por-aumento-de-hepatitis-a-en-2026\/\" \/>\n<meta property=\"og:locale\" content=\"es_ES\" \/>\n<meta property=\"og:type\" content=\"article\" \/>\n<meta property=\"og:title\" content=\"\u00a1Alerta de salud! Cambios en el calendario vacunal por aumento de hepatitis A en 2026 - Diario 21\" \/>\n<meta property=\"og:description\" content=\"El Aumento de Casos de Hepatitis A Modifica el Calendario de Vacunaci\u00f3n de 2026 En los \u00faltimos a\u00f1os, ha habido un incremento notable en los casos ... Seguir leyendo &rarr;\" \/>\n<meta property=\"og:url\" content=\"https:\/\/www.diario21.tv\/noticias\/alerta-de-salud-cambios-en-el-calendario-vacunal-por-aumento-de-hepatitis-a-en-2026\/\" \/>\n<meta property=\"og:site_name\" content=\"Diario 21\" \/>\n<meta property=\"article:published_time\" content=\"2026-01-04T23:55:05+00:00\" \/>\n<meta property=\"article:modified_time\" content=\"2026-01-04T23:55:06+00:00\" \/>\n<meta property=\"og:image\" content=\"https:\/\/www.diario21.tv\/noticias\/wp-content\/uploads\/2026\/01\/\u00a1Alerta-de-salud-Cambios-en-el-calendario-vacunal-por-aumento.jpg\" \/>\n\t<meta property=\"og:image:width\" content=\"1200\" \/>\n\t<meta property=\"og:image:height\" content=\"840\" \/>\n\t<meta property=\"og:image:type\" content=\"image\/jpeg\" \/>\n<meta name=\"author\" content=\"Juan P\u00e9rez\" \/>\n<meta name=\"twitter:card\" content=\"summary_large_image\" \/>\n<meta name=\"twitter:label1\" content=\"Escrito por\" \/>\n\t<meta name=\"twitter:data1\" content=\"Juan P\u00e9rez\" \/>\n\t<meta name=\"twitter:label2\" content=\"Tiempo de lectura\" \/>\n\t<meta name=\"twitter:data2\" content=\"3 minutos\" \/>\n<script type=\"application\/ld+json\" class=\"yoast-schema-graph\">{\"@context\":\"https:\/\/schema.org\",\"@graph\":[{\"@type\":\"WebPage\",\"@id\":\"https:\/\/www.diario21.tv\/noticias\/alerta-de-salud-cambios-en-el-calendario-vacunal-por-aumento-de-hepatitis-a-en-2026\/\",\"url\":\"https:\/\/www.diario21.tv\/noticias\/alerta-de-salud-cambios-en-el-calendario-vacunal-por-aumento-de-hepatitis-a-en-2026\/\",\"name\":\"\u00a1Alerta de salud! Cambios en el calendario vacunal por aumento de hepatitis A en 2026 - Diario 21\",\"isPartOf\":{\"@id\":\"https:\/\/www.diario21.tv\/noticias\/#website\"},\"primaryImageOfPage\":{\"@id\":\"https:\/\/www.diario21.tv\/noticias\/alerta-de-salud-cambios-en-el-calendario-vacunal-por-aumento-de-hepatitis-a-en-2026\/#primaryimage\"},\"image\":{\"@id\":\"https:\/\/www.diario21.tv\/noticias\/alerta-de-salud-cambios-en-el-calendario-vacunal-por-aumento-de-hepatitis-a-en-2026\/#primaryimage\"},\"thumbnailUrl\":\"https:\/\/www.diario21.tv\/noticias\/wp-content\/uploads\/2026\/01\/\u00a1Alerta-de-salud-Cambios-en-el-calendario-vacunal-por-aumento.jpg\",\"datePublished\":\"2026-01-04T23:55:05+00:00\",\"dateModified\":\"2026-01-04T23:55:06+00:00\",\"author\":{\"@id\":\"https:\/\/www.diario21.tv\/noticias\/#\/schema\/person\/dfb778f73814d8f09f302618446a526b\"},\"breadcrumb\":{\"@id\":\"https:\/\/www.diario21.tv\/noticias\/alerta-de-salud-cambios-en-el-calendario-vacunal-por-aumento-de-hepatitis-a-en-2026\/#breadcrumb\"},\"inLanguage\":\"es-AR\",\"potentialAction\":[{\"@type\":\"ReadAction\",\"target\":[\"https:\/\/www.diario21.tv\/noticias\/alerta-de-salud-cambios-en-el-calendario-vacunal-por-aumento-de-hepatitis-a-en-2026\/\"]}]},{\"@type\":\"ImageObject\",\"inLanguage\":\"es-AR\",\"@id\":\"https:\/\/www.diario21.tv\/noticias\/alerta-de-salud-cambios-en-el-calendario-vacunal-por-aumento-de-hepatitis-a-en-2026\/#primaryimage\",\"url\":\"https:\/\/www.diario21.tv\/noticias\/wp-content\/uploads\/2026\/01\/\u00a1Alerta-de-salud-Cambios-en-el-calendario-vacunal-por-aumento.jpg\",\"contentUrl\":\"https:\/\/www.diario21.tv\/noticias\/wp-content\/uploads\/2026\/01\/\u00a1Alerta-de-salud-Cambios-en-el-calendario-vacunal-por-aumento.jpg\",\"width\":1200,\"height\":840,\"caption\":\"El repunte de la hepatitis A hace que los pediatras cambien el calendario vacunal en 2026\"},{\"@type\":\"BreadcrumbList\",\"@id\":\"https:\/\/www.diario21.tv\/noticias\/alerta-de-salud-cambios-en-el-calendario-vacunal-por-aumento-de-hepatitis-a-en-2026\/#breadcrumb\",\"itemListElement\":[{\"@type\":\"ListItem\",\"position\":1,\"name\":\"Accueil\",\"item\":\"https:\/\/www.diario21.tv\/noticias\/\"},{\"@type\":\"ListItem\",\"position\":2,\"name\":\"\u00a1Alerta de salud! Cambios en el calendario vacunal por aumento de hepatitis A en 2026\"}]},{\"@type\":\"WebSite\",\"@id\":\"https:\/\/www.diario21.tv\/noticias\/#website\",\"url\":\"https:\/\/www.diario21.tv\/noticias\/\",\"name\":\"Diario 21\",\"description\":\"\",\"potentialAction\":[{\"@type\":\"SearchAction\",\"target\":{\"@type\":\"EntryPoint\",\"urlTemplate\":\"https:\/\/www.diario21.tv\/noticias\/?s={search_term_string}\"},\"query-input\":{\"@type\":\"PropertyValueSpecification\",\"valueRequired\":true,\"valueName\":\"search_term_string\"}}],\"inLanguage\":\"es-AR\"},{\"@type\":\"Person\",\"@id\":\"https:\/\/www.diario21.tv\/noticias\/#\/schema\/person\/dfb778f73814d8f09f302618446a526b\",\"name\":\"Juan P\u00e9rez\",\"image\":{\"@type\":\"ImageObject\",\"inLanguage\":\"es-AR\",\"@id\":\"https:\/\/www.diario21.tv\/noticias\/#\/schema\/person\/image\/\",\"url\":\"https:\/\/secure.gravatar.com\/avatar\/c478a405bd10621167f4c3167cc770f5?s=96&d=mm&r=g\",\"contentUrl\":\"https:\/\/secure.gravatar.com\/avatar\/c478a405bd10621167f4c3167cc770f5?s=96&d=mm&r=g\",\"caption\":\"Juan P\u00e9rez\"},\"description\":\"Juan P\u00e9rez es el redactor en jefe de Diario 21. Con m\u00e1s de 10 a\u00f1os de experiencia en el periodismo, se especializa en pol\u00edtica nacional y an\u00e1lisis socioecon\u00f3mico. Su enfoque cr\u00edtico y riguroso aporta una perspectiva \u00fanica a cada art\u00edculo.\",\"sameAs\":[\"https:\/\/www.diario21.tv\/noticias\/\"],\"url\":\"https:\/\/www.diario21.tv\/noticias\/author\/juan-perez\/\"}]}<\/script>\n<!-- \/ Yoast SEO plugin. -->","yoast_head_json":{"title":"\u00a1Alerta de salud! Cambios en el calendario vacunal por aumento de hepatitis A en 2026 - Diario 21","robots":{"index":"index","follow":"follow","max-snippet":"max-snippet:-1","max-image-preview":"max-image-preview:large","max-video-preview":"max-video-preview:-1"},"canonical":"https:\/\/www.diario21.tv\/noticias\/alerta-de-salud-cambios-en-el-calendario-vacunal-por-aumento-de-hepatitis-a-en-2026\/","og_locale":"es_ES","og_type":"article","og_title":"\u00a1Alerta de salud! Cambios en el calendario vacunal por aumento de hepatitis A en 2026 - Diario 21","og_description":"El Aumento de Casos de Hepatitis A Modifica el Calendario de Vacunaci\u00f3n de 2026 En los \u00faltimos a\u00f1os, ha habido un incremento notable en los casos ... Seguir leyendo &rarr;","og_url":"https:\/\/www.diario21.tv\/noticias\/alerta-de-salud-cambios-en-el-calendario-vacunal-por-aumento-de-hepatitis-a-en-2026\/","og_site_name":"Diario 21","article_published_time":"2026-01-04T23:55:05+00:00","article_modified_time":"2026-01-04T23:55:06+00:00","og_image":[{"width":1200,"height":840,"url":"https:\/\/www.diario21.tv\/noticias\/wp-content\/uploads\/2026\/01\/\u00a1Alerta-de-salud-Cambios-en-el-calendario-vacunal-por-aumento.jpg","type":"image\/jpeg"}],"author":"Juan P\u00e9rez","twitter_card":"summary_large_image","twitter_misc":{"Escrito por":"Juan P\u00e9rez","Tiempo de lectura":"3 minutos"},"schema":{"@context":"https:\/\/schema.org","@graph":[{"@type":"WebPage","@id":"https:\/\/www.diario21.tv\/noticias\/alerta-de-salud-cambios-en-el-calendario-vacunal-por-aumento-de-hepatitis-a-en-2026\/","url":"https:\/\/www.diario21.tv\/noticias\/alerta-de-salud-cambios-en-el-calendario-vacunal-por-aumento-de-hepatitis-a-en-2026\/","name":"\u00a1Alerta de salud! Cambios en el calendario vacunal por aumento de hepatitis A en 2026 - Diario 21","isPartOf":{"@id":"https:\/\/www.diario21.tv\/noticias\/#website"},"primaryImageOfPage":{"@id":"https:\/\/www.diario21.tv\/noticias\/alerta-de-salud-cambios-en-el-calendario-vacunal-por-aumento-de-hepatitis-a-en-2026\/#primaryimage"},"image":{"@id":"https:\/\/www.diario21.tv\/noticias\/alerta-de-salud-cambios-en-el-calendario-vacunal-por-aumento-de-hepatitis-a-en-2026\/#primaryimage"},"thumbnailUrl":"https:\/\/www.diario21.tv\/noticias\/wp-content\/uploads\/2026\/01\/\u00a1Alerta-de-salud-Cambios-en-el-calendario-vacunal-por-aumento.jpg","datePublished":"2026-01-04T23:55:05+00:00","dateModified":"2026-01-04T23:55:06+00:00","author":{"@id":"https:\/\/www.diario21.tv\/noticias\/#\/schema\/person\/dfb778f73814d8f09f302618446a526b"},"breadcrumb":{"@id":"https:\/\/www.diario21.tv\/noticias\/alerta-de-salud-cambios-en-el-calendario-vacunal-por-aumento-de-hepatitis-a-en-2026\/#breadcrumb"},"inLanguage":"es-AR","potentialAction":[{"@type":"ReadAction","target":["https:\/\/www.diario21.tv\/noticias\/alerta-de-salud-cambios-en-el-calendario-vacunal-por-aumento-de-hepatitis-a-en-2026\/"]}]},{"@type":"ImageObject","inLanguage":"es-AR","@id":"https:\/\/www.diario21.tv\/noticias\/alerta-de-salud-cambios-en-el-calendario-vacunal-por-aumento-de-hepatitis-a-en-2026\/#primaryimage","url":"https:\/\/www.diario21.tv\/noticias\/wp-content\/uploads\/2026\/01\/\u00a1Alerta-de-salud-Cambios-en-el-calendario-vacunal-por-aumento.jpg","contentUrl":"https:\/\/www.diario21.tv\/noticias\/wp-content\/uploads\/2026\/01\/\u00a1Alerta-de-salud-Cambios-en-el-calendario-vacunal-por-aumento.jpg","width":1200,"height":840,"caption":"El repunte de la hepatitis A hace que los pediatras cambien el calendario vacunal en 2026"},{"@type":"BreadcrumbList","@id":"https:\/\/www.diario21.tv\/noticias\/alerta-de-salud-cambios-en-el-calendario-vacunal-por-aumento-de-hepatitis-a-en-2026\/#breadcrumb","itemListElement":[{"@type":"ListItem","position":1,"name":"Accueil","item":"https:\/\/www.diario21.tv\/noticias\/"},{"@type":"ListItem","position":2,"name":"\u00a1Alerta de salud! Cambios en el calendario vacunal por aumento de hepatitis A en 2026"}]},{"@type":"WebSite","@id":"https:\/\/www.diario21.tv\/noticias\/#website","url":"https:\/\/www.diario21.tv\/noticias\/","name":"Diario 21","description":"","potentialAction":[{"@type":"SearchAction","target":{"@type":"EntryPoint","urlTemplate":"https:\/\/www.diario21.tv\/noticias\/?s={search_term_string}"},"query-input":{"@type":"PropertyValueSpecification","valueRequired":true,"valueName":"search_term_string"}}],"inLanguage":"es-AR"},{"@type":"Person","@id":"https:\/\/www.diario21.tv\/noticias\/#\/schema\/person\/dfb778f73814d8f09f302618446a526b","name":"Juan P\u00e9rez","image":{"@type":"ImageObject","inLanguage":"es-AR","@id":"https:\/\/www.diario21.tv\/noticias\/#\/schema\/person\/image\/","url":"https:\/\/secure.gravatar.com\/avatar\/c478a405bd10621167f4c3167cc770f5?s=96&d=mm&r=g","contentUrl":"https:\/\/secure.gravatar.com\/avatar\/c478a405bd10621167f4c3167cc770f5?s=96&d=mm&r=g","caption":"Juan P\u00e9rez"},"description":"Juan P\u00e9rez es el redactor en jefe de Diario 21. Con m\u00e1s de 10 a\u00f1os de experiencia en el periodismo, se especializa en pol\u00edtica nacional y an\u00e1lisis socioecon\u00f3mico. Su enfoque cr\u00edtico y riguroso aporta una perspectiva \u00fanica a cada art\u00edculo.","sameAs":["https:\/\/www.diario21.tv\/noticias\/"],"url":"https:\/\/www.diario21.tv\/noticias\/author\/juan-perez\/"}]}},"_links":{"self":[{"href":"https:\/\/www.diario21.tv\/noticias\/wp-json\/wp\/v2\/posts\/5769"}],"collection":[{"href":"https:\/\/www.diario21.tv\/noticias\/wp-json\/wp\/v2\/posts"}],"about":[{"href":"https:\/\/www.diario21.tv\/noticias\/wp-json\/wp\/v2\/types\/post"}],"author":[{"embeddable":true,"href":"https:\/\/www.diario21.tv\/noticias\/wp-json\/wp\/v2\/users\/20"}],"replies":[{"embeddable":true,"href":"https:\/\/www.diario21.tv\/noticias\/wp-json\/wp\/v2\/comments?post=5769"}],"version-history":[{"count":1,"href":"https:\/\/www.diario21.tv\/noticias\/wp-json\/wp\/v2\/posts\/5769\/revisions"}],"predecessor-version":[{"id":5771,"href":"https:\/\/www.diario21.tv\/noticias\/wp-json\/wp\/v2\/posts\/5769\/revisions\/5771"}],"wp:featuredmedia":[{"embeddable":true,"href":"https:\/\/www.diario21.tv\/noticias\/wp-json\/wp\/v2\/media\/5770"}],"wp:attachment":[{"href":"https:\/\/www.diario21.tv\/noticias\/wp-json\/wp\/v2\/media?parent=5769"}],"wp:term":[{"taxonomy":"category","embeddable":true,"href":"https:\/\/www.diario21.tv\/noticias\/wp-json\/wp\/v2\/categories?post=5769"},{"taxonomy":"post_tag","embeddable":true,"href":"https:\/\/www.diario21.tv\/noticias\/wp-json\/wp\/v2\/tags?post=5769"}],"curies":[{"name":"wp","href":"https:\/\/api.w.org\/{rel}","templated":true}]}}