{"id":5763,"date":"2026-01-04T11:49:23","date_gmt":"2026-01-04T11:49:23","guid":{"rendered":"https:\/\/www.diario21.tv\/noticias\/oficial-de-la-dgt-descubre-como-ver-todas-las-balizas-v16-en-tiempo-real-desde-hoy\/"},"modified":"2026-01-04T11:49:26","modified_gmt":"2026-01-04T11:49:26","slug":"oficial-de-la-dgt-descubre-como-ver-todas-las-balizas-v16-en-tiempo-real-desde-hoy","status":"publish","type":"post","link":"https:\/\/www.diario21.tv\/noticias\/oficial-de-la-dgt-descubre-como-ver-todas-las-balizas-v16-en-tiempo-real-desde-hoy\/","title":{"rendered":"\u00a1Oficial de la DGT! Descubre c\u00f3mo ver todas las balizas V16 en tiempo real desde hoy"},"content":{"rendered":"<h2>DGT anuncia oficialmente: consulta en tiempo real todas las balizas v16 activas desde hoy<\/h2>\n<p>La Direcci\u00f3n General de Tr\u00e1fico (DGT) ha implementado una nueva funcionalidad que permite a los conductores visualizar en tiempo real la ubicaci\u00f3n de todas las balizas v16 que est\u00e1n activas. Esta iniciativa busca mejorar la seguridad en las carreteras espa\u00f1olas, facilitando a los usuarios la informaci\u00f3n necesaria para evitar zonas con incidencias o accidentes.<\/p>\n<h3>\u00bfQu\u00e9 son las balizas v16?<\/h3>\n<p>Las balizas v16 son dispositivos luminosos que se utilizan en caso de aver\u00eda o accidente en la carretera. Estos dispositivos, que eventualmente reemplazar\u00e1n a los tradicionales tri\u00e1ngulos de emergencia, se colocan sobre el techo del veh\u00edculo, emitiendo una se\u00f1al luminosa visible a distancia y que alerta a otros conductores de la presencia de un obst\u00e1culo en la v\u00eda.<\/p>\n<h3>Funcionamiento de la nueva plataforma<\/h3>\n<p>Con la introducci\u00f3n de esta plataforma, la DGT busca proporcionar una herramienta \u00fatil y eficaz para consultar la ubicaci\u00f3n actual de las balizas v16 en uso. Para acceder a esta informaci\u00f3n, los usuarios pueden visitar el sitio web de la DGT o utilizar la aplicaci\u00f3n m\u00f3vil oficial. La plataforma muestra un mapa detallado donde se se\u00f1alan todas las balizas activas, proporcionando datos actualizados que se refrescan constantemente para ofrecer la informaci\u00f3n m\u00e1s reciente posible.<\/p>\n<p>La implementaci\u00f3n de esta tecnolog\u00eda no solo facilita la vida de los conductores, sino que tambi\u00e9n contribuye a la mejora de los tiempos de respuesta de los servicios de emergencia y a la gesti\u00f3n de tr\u00e1fico en tiempo real. Al estar informados sobre las incidencias en las carreteras, los conductores pueden tomar rutas alternativas, reduciendo la posibilidad de congestionamientos y accidentes adicionales.<\/p>\n<h3>Beneficios para la seguridad vial<\/h3>\n<p>La utilizaci\u00f3n de las balizas v16 y su monitorizaci\u00f3n en tiempo real representan un avance significativo en t\u00e9rminos de seguridad vial. Esta visibilidad mejorada no solo ayuda a prevenir nuevos accidentes, sino que tambi\u00e9n asegura que los veh\u00edculos de emergencia puedan llegar al lugar del incidente de manera m\u00e1s r\u00e1pida y segura.<\/p>\n<p>Adem\u00e1s, este sistema permite a la DGT recopilar datos valiosos sobre las incidencias en carreteras, lo que puede derivar en futuras mejoras en las pol\u00edticas de tr\u00e1fico y seguridad vial. La adopci\u00f3n de tecnolog\u00edas avanzadas y la digitalizaci\u00f3n de servicios son clave en la estrategia de la DGT para proteger a los conductores y mejorar las condiciones de conducci\u00f3n en Espa\u00f1a.<\/p>\n<p>En conclusi\u00f3n, la iniciativa de la DGT de hacer visible en tiempo real la activaci\u00f3n de las balizas v16 es un paso adelante en la modernizaci\u00f3n de los sistemas de seguridad y gesti\u00f3n de tr\u00e1fico. Con esta herramienta, los conductores tienen acceso inmediato a informaci\u00f3n crucial que puede marcar la diferencia en situaciones de emergencia.<\/p>\n\n\n<div class=\"kk-star-ratings kksr-auto kksr-align-left kksr-valign-bottom\"\n    data-payload='{&quot;align&quot;:&quot;left&quot;,&quot;id&quot;:&quot;5763&quot;,&quot;slug&quot;:&quot;default&quot;,&quot;valign&quot;:&quot;bottom&quot;,&quot;ignore&quot;:&quot;&quot;,&quot;reference&quot;:&quot;auto&quot;,&quot;class&quot;:&quot;&quot;,&quot;count&quot;:&quot;0&quot;,&quot;legendonly&quot;:&quot;&quot;,&quot;readonly&quot;:&quot;&quot;,&quot;score&quot;:&quot;0&quot;,&quot;starsonly&quot;:&quot;&quot;,&quot;best&quot;:&quot;5&quot;,&quot;gap&quot;:&quot;5&quot;,&quot;greet&quot;:&quot;Valora este post&quot;,&quot;legend&quot;:&quot;0\\\/5 - (0 votes)&quot;,&quot;size&quot;:&quot;22&quot;,&quot;title&quot;:&quot;\u00a1Oficial de la DGT! Descubre c\u00f3mo ver todas las balizas V16 en tiempo real desde hoy&quot;,&quot;width&quot;:&quot;0&quot;,&quot;_legend&quot;:&quot;{score}\\\/{best} - ({count} {votes})&quot;,&quot;font_factor&quot;:&quot;1.25&quot;}'>\n            \n<div class=\"kksr-stars\">\n    \n<div class=\"kksr-stars-inactive\">\n            <div class=\"kksr-star\" data-star=\"1\" style=\"padding-right: 5px\">\n            \n\n<div class=\"kksr-icon\" style=\"width: 22px; height: 22px;\"><\/div>\n        <\/div>\n            <div class=\"kksr-star\" data-star=\"2\" style=\"padding-right: 5px\">\n            \n\n<div class=\"kksr-icon\" style=\"width: 22px; height: 22px;\"><\/div>\n        <\/div>\n            <div class=\"kksr-star\" data-star=\"3\" style=\"padding-right: 5px\">\n            \n\n<div class=\"kksr-icon\" style=\"width: 22px; height: 22px;\"><\/div>\n        <\/div>\n            <div class=\"kksr-star\" data-star=\"4\" style=\"padding-right: 5px\">\n            \n\n<div class=\"kksr-icon\" style=\"width: 22px; height: 22px;\"><\/div>\n        <\/div>\n            <div class=\"kksr-star\" data-star=\"5\" style=\"padding-right: 5px\">\n            \n\n<div class=\"kksr-icon\" style=\"width: 22px; height: 22px;\"><\/div>\n        <\/div>\n    <\/div>\n    \n<div class=\"kksr-stars-active\" style=\"width: 0px;\">\n            <div class=\"kksr-star\" style=\"padding-right: 5px\">\n            \n\n<div class=\"kksr-icon\" style=\"width: 22px; height: 22px;\"><\/div>\n        <\/div>\n            <div class=\"kksr-star\" style=\"padding-right: 5px\">\n            \n\n<div class=\"kksr-icon\" style=\"width: 22px; height: 22px;\"><\/div>\n        <\/div>\n            <div class=\"kksr-star\" style=\"padding-right: 5px\">\n            \n\n<div class=\"kksr-icon\" style=\"width: 22px; height: 22px;\"><\/div>\n        <\/div>\n            <div class=\"kksr-star\" style=\"padding-right: 5px\">\n            \n\n<div class=\"kksr-icon\" style=\"width: 22px; height: 22px;\"><\/div>\n        <\/div>\n            <div class=\"kksr-star\" style=\"padding-right: 5px\">\n            \n\n<div class=\"kksr-icon\" style=\"width: 22px; height: 22px;\"><\/div>\n        <\/div>\n    <\/div>\n<\/div>\n                \n\n<div class=\"kksr-legend\" style=\"font-size: 17.6px;\">\n            <span class=\"kksr-muted\">Valora este post<\/span>\n    <\/div>\n    <\/div>\n","protected":false},"excerpt":{"rendered":"<p>DGT anuncia oficialmente: consulta en tiempo real todas las balizas v16 activas desde hoy La Direcci\u00f3n General de Tr\u00e1fico (DGT) ha implementado una nueva funcionalidad que &#8230; <a title=\"\u00a1Oficial de la DGT! Descubre c\u00f3mo ver todas las balizas V16 en tiempo real desde hoy\" class=\"read-more\" href=\"https:\/\/www.diario21.tv\/noticias\/oficial-de-la-dgt-descubre-como-ver-todas-las-balizas-v16-en-tiempo-real-desde-hoy\/\" aria-label=\"Leer m\u00e1s sobre \u00a1Oficial de la DGT! Descubre c\u00f3mo ver todas las balizas V16 en tiempo real desde hoy\">Seguir leyendo &rarr;<\/a><\/p>\n","protected":false},"author":20,"featured_media":5764,"comment_status":"open","ping_status":"open","sticky":false,"template":"","format":"standard","meta":{"footnotes":""},"categories":[13],"tags":[],"class_list":["post-5763","post","type-post","status-publish","format-standard","has-post-thumbnail","hentry","category-portada"],"yoast_head":"<!-- This site is optimized with the Yoast SEO plugin v25.6 - https:\/\/yoast.com\/wordpress\/plugins\/seo\/ -->\n<title>\u00a1Oficial de la DGT! Descubre c\u00f3mo ver todas las balizas V16 en tiempo real desde hoy - Diario 21<\/title>\n<meta name=\"robots\" content=\"index, follow, max-snippet:-1, max-image-preview:large, max-video-preview:-1\" \/>\n<link rel=\"canonical\" href=\"https:\/\/www.diario21.tv\/noticias\/oficial-de-la-dgt-descubre-como-ver-todas-las-balizas-v16-en-tiempo-real-desde-hoy\/\" \/>\n<meta property=\"og:locale\" content=\"es_ES\" \/>\n<meta property=\"og:type\" content=\"article\" \/>\n<meta property=\"og:title\" content=\"\u00a1Oficial de la DGT! Descubre c\u00f3mo ver todas las balizas V16 en tiempo real desde hoy - Diario 21\" \/>\n<meta property=\"og:description\" content=\"DGT anuncia oficialmente: consulta en tiempo real todas las balizas v16 activas desde hoy La Direcci\u00f3n General de Tr\u00e1fico (DGT) ha implementado una nueva funcionalidad que ... Seguir leyendo &rarr;\" \/>\n<meta property=\"og:url\" content=\"https:\/\/www.diario21.tv\/noticias\/oficial-de-la-dgt-descubre-como-ver-todas-las-balizas-v16-en-tiempo-real-desde-hoy\/\" \/>\n<meta property=\"og:site_name\" content=\"Diario 21\" \/>\n<meta property=\"article:published_time\" content=\"2026-01-04T11:49:23+00:00\" \/>\n<meta property=\"article:modified_time\" content=\"2026-01-04T11:49:26+00:00\" \/>\n<meta property=\"og:image\" content=\"https:\/\/www.diario21.tv\/noticias\/wp-content\/uploads\/2026\/01\/\u00a1Oficial-de-la-DGT-Descubre-como-ver-todas-las-balizas.jpg\" \/>\n\t<meta property=\"og:image:width\" content=\"1200\" \/>\n\t<meta property=\"og:image:height\" content=\"840\" \/>\n\t<meta property=\"og:image:type\" content=\"image\/jpeg\" \/>\n<meta name=\"author\" content=\"Juan P\u00e9rez\" \/>\n<meta name=\"twitter:card\" content=\"summary_large_image\" \/>\n<meta name=\"twitter:label1\" content=\"Escrito por\" \/>\n\t<meta name=\"twitter:data1\" content=\"Juan P\u00e9rez\" \/>\n\t<meta name=\"twitter:label2\" content=\"Tiempo de lectura\" \/>\n\t<meta name=\"twitter:data2\" content=\"2 minutos\" \/>\n<script type=\"application\/ld+json\" class=\"yoast-schema-graph\">{\"@context\":\"https:\/\/schema.org\",\"@graph\":[{\"@type\":\"WebPage\",\"@id\":\"https:\/\/www.diario21.tv\/noticias\/oficial-de-la-dgt-descubre-como-ver-todas-las-balizas-v16-en-tiempo-real-desde-hoy\/\",\"url\":\"https:\/\/www.diario21.tv\/noticias\/oficial-de-la-dgt-descubre-como-ver-todas-las-balizas-v16-en-tiempo-real-desde-hoy\/\",\"name\":\"\u00a1Oficial de la DGT! Descubre c\u00f3mo ver todas las balizas V16 en tiempo real desde hoy - Diario 21\",\"isPartOf\":{\"@id\":\"https:\/\/www.diario21.tv\/noticias\/#website\"},\"primaryImageOfPage\":{\"@id\":\"https:\/\/www.diario21.tv\/noticias\/oficial-de-la-dgt-descubre-como-ver-todas-las-balizas-v16-en-tiempo-real-desde-hoy\/#primaryimage\"},\"image\":{\"@id\":\"https:\/\/www.diario21.tv\/noticias\/oficial-de-la-dgt-descubre-como-ver-todas-las-balizas-v16-en-tiempo-real-desde-hoy\/#primaryimage\"},\"thumbnailUrl\":\"https:\/\/www.diario21.tv\/noticias\/wp-content\/uploads\/2026\/01\/\u00a1Oficial-de-la-DGT-Descubre-como-ver-todas-las-balizas.jpg\",\"datePublished\":\"2026-01-04T11:49:23+00:00\",\"dateModified\":\"2026-01-04T11:49:26+00:00\",\"author\":{\"@id\":\"https:\/\/www.diario21.tv\/noticias\/#\/schema\/person\/dfb778f73814d8f09f302618446a526b\"},\"breadcrumb\":{\"@id\":\"https:\/\/www.diario21.tv\/noticias\/oficial-de-la-dgt-descubre-como-ver-todas-las-balizas-v16-en-tiempo-real-desde-hoy\/#breadcrumb\"},\"inLanguage\":\"es-AR\",\"potentialAction\":[{\"@type\":\"ReadAction\",\"target\":[\"https:\/\/www.diario21.tv\/noticias\/oficial-de-la-dgt-descubre-como-ver-todas-las-balizas-v16-en-tiempo-real-desde-hoy\/\"]}]},{\"@type\":\"ImageObject\",\"inLanguage\":\"es-AR\",\"@id\":\"https:\/\/www.diario21.tv\/noticias\/oficial-de-la-dgt-descubre-como-ver-todas-las-balizas-v16-en-tiempo-real-desde-hoy\/#primaryimage\",\"url\":\"https:\/\/www.diario21.tv\/noticias\/wp-content\/uploads\/2026\/01\/\u00a1Oficial-de-la-DGT-Descubre-como-ver-todas-las-balizas.jpg\",\"contentUrl\":\"https:\/\/www.diario21.tv\/noticias\/wp-content\/uploads\/2026\/01\/\u00a1Oficial-de-la-DGT-Descubre-como-ver-todas-las-balizas.jpg\",\"width\":1200,\"height\":840,\"caption\":\"DGT lo hace oficial: as\u00ed puedes ver desde hoy todas las balizas v16 activas en tiempo real\"},{\"@type\":\"BreadcrumbList\",\"@id\":\"https:\/\/www.diario21.tv\/noticias\/oficial-de-la-dgt-descubre-como-ver-todas-las-balizas-v16-en-tiempo-real-desde-hoy\/#breadcrumb\",\"itemListElement\":[{\"@type\":\"ListItem\",\"position\":1,\"name\":\"Accueil\",\"item\":\"https:\/\/www.diario21.tv\/noticias\/\"},{\"@type\":\"ListItem\",\"position\":2,\"name\":\"\u00a1Oficial de la DGT! Descubre c\u00f3mo ver todas las balizas V16 en tiempo real desde hoy\"}]},{\"@type\":\"WebSite\",\"@id\":\"https:\/\/www.diario21.tv\/noticias\/#website\",\"url\":\"https:\/\/www.diario21.tv\/noticias\/\",\"name\":\"Diario 21\",\"description\":\"\",\"potentialAction\":[{\"@type\":\"SearchAction\",\"target\":{\"@type\":\"EntryPoint\",\"urlTemplate\":\"https:\/\/www.diario21.tv\/noticias\/?s={search_term_string}\"},\"query-input\":{\"@type\":\"PropertyValueSpecification\",\"valueRequired\":true,\"valueName\":\"search_term_string\"}}],\"inLanguage\":\"es-AR\"},{\"@type\":\"Person\",\"@id\":\"https:\/\/www.diario21.tv\/noticias\/#\/schema\/person\/dfb778f73814d8f09f302618446a526b\",\"name\":\"Juan P\u00e9rez\",\"image\":{\"@type\":\"ImageObject\",\"inLanguage\":\"es-AR\",\"@id\":\"https:\/\/www.diario21.tv\/noticias\/#\/schema\/person\/image\/\",\"url\":\"https:\/\/secure.gravatar.com\/avatar\/c478a405bd10621167f4c3167cc770f5?s=96&d=mm&r=g\",\"contentUrl\":\"https:\/\/secure.gravatar.com\/avatar\/c478a405bd10621167f4c3167cc770f5?s=96&d=mm&r=g\",\"caption\":\"Juan P\u00e9rez\"},\"description\":\"Juan P\u00e9rez es el redactor en jefe de Diario 21. Con m\u00e1s de 10 a\u00f1os de experiencia en el periodismo, se especializa en pol\u00edtica nacional y an\u00e1lisis socioecon\u00f3mico. Su enfoque cr\u00edtico y riguroso aporta una perspectiva \u00fanica a cada art\u00edculo.\",\"sameAs\":[\"https:\/\/www.diario21.tv\/noticias\/\"],\"url\":\"https:\/\/www.diario21.tv\/noticias\/author\/juan-perez\/\"}]}<\/script>\n<!-- \/ Yoast SEO plugin. -->","yoast_head_json":{"title":"\u00a1Oficial de la DGT! Descubre c\u00f3mo ver todas las balizas V16 en tiempo real desde hoy - Diario 21","robots":{"index":"index","follow":"follow","max-snippet":"max-snippet:-1","max-image-preview":"max-image-preview:large","max-video-preview":"max-video-preview:-1"},"canonical":"https:\/\/www.diario21.tv\/noticias\/oficial-de-la-dgt-descubre-como-ver-todas-las-balizas-v16-en-tiempo-real-desde-hoy\/","og_locale":"es_ES","og_type":"article","og_title":"\u00a1Oficial de la DGT! Descubre c\u00f3mo ver todas las balizas V16 en tiempo real desde hoy - Diario 21","og_description":"DGT anuncia oficialmente: consulta en tiempo real todas las balizas v16 activas desde hoy La Direcci\u00f3n General de Tr\u00e1fico (DGT) ha implementado una nueva funcionalidad que ... Seguir leyendo &rarr;","og_url":"https:\/\/www.diario21.tv\/noticias\/oficial-de-la-dgt-descubre-como-ver-todas-las-balizas-v16-en-tiempo-real-desde-hoy\/","og_site_name":"Diario 21","article_published_time":"2026-01-04T11:49:23+00:00","article_modified_time":"2026-01-04T11:49:26+00:00","og_image":[{"width":1200,"height":840,"url":"https:\/\/www.diario21.tv\/noticias\/wp-content\/uploads\/2026\/01\/\u00a1Oficial-de-la-DGT-Descubre-como-ver-todas-las-balizas.jpg","type":"image\/jpeg"}],"author":"Juan P\u00e9rez","twitter_card":"summary_large_image","twitter_misc":{"Escrito por":"Juan P\u00e9rez","Tiempo de lectura":"2 minutos"},"schema":{"@context":"https:\/\/schema.org","@graph":[{"@type":"WebPage","@id":"https:\/\/www.diario21.tv\/noticias\/oficial-de-la-dgt-descubre-como-ver-todas-las-balizas-v16-en-tiempo-real-desde-hoy\/","url":"https:\/\/www.diario21.tv\/noticias\/oficial-de-la-dgt-descubre-como-ver-todas-las-balizas-v16-en-tiempo-real-desde-hoy\/","name":"\u00a1Oficial de la DGT! Descubre c\u00f3mo ver todas las balizas V16 en tiempo real desde hoy - Diario 21","isPartOf":{"@id":"https:\/\/www.diario21.tv\/noticias\/#website"},"primaryImageOfPage":{"@id":"https:\/\/www.diario21.tv\/noticias\/oficial-de-la-dgt-descubre-como-ver-todas-las-balizas-v16-en-tiempo-real-desde-hoy\/#primaryimage"},"image":{"@id":"https:\/\/www.diario21.tv\/noticias\/oficial-de-la-dgt-descubre-como-ver-todas-las-balizas-v16-en-tiempo-real-desde-hoy\/#primaryimage"},"thumbnailUrl":"https:\/\/www.diario21.tv\/noticias\/wp-content\/uploads\/2026\/01\/\u00a1Oficial-de-la-DGT-Descubre-como-ver-todas-las-balizas.jpg","datePublished":"2026-01-04T11:49:23+00:00","dateModified":"2026-01-04T11:49:26+00:00","author":{"@id":"https:\/\/www.diario21.tv\/noticias\/#\/schema\/person\/dfb778f73814d8f09f302618446a526b"},"breadcrumb":{"@id":"https:\/\/www.diario21.tv\/noticias\/oficial-de-la-dgt-descubre-como-ver-todas-las-balizas-v16-en-tiempo-real-desde-hoy\/#breadcrumb"},"inLanguage":"es-AR","potentialAction":[{"@type":"ReadAction","target":["https:\/\/www.diario21.tv\/noticias\/oficial-de-la-dgt-descubre-como-ver-todas-las-balizas-v16-en-tiempo-real-desde-hoy\/"]}]},{"@type":"ImageObject","inLanguage":"es-AR","@id":"https:\/\/www.diario21.tv\/noticias\/oficial-de-la-dgt-descubre-como-ver-todas-las-balizas-v16-en-tiempo-real-desde-hoy\/#primaryimage","url":"https:\/\/www.diario21.tv\/noticias\/wp-content\/uploads\/2026\/01\/\u00a1Oficial-de-la-DGT-Descubre-como-ver-todas-las-balizas.jpg","contentUrl":"https:\/\/www.diario21.tv\/noticias\/wp-content\/uploads\/2026\/01\/\u00a1Oficial-de-la-DGT-Descubre-como-ver-todas-las-balizas.jpg","width":1200,"height":840,"caption":"DGT lo hace oficial: as\u00ed puedes ver desde hoy todas las balizas v16 activas en tiempo real"},{"@type":"BreadcrumbList","@id":"https:\/\/www.diario21.tv\/noticias\/oficial-de-la-dgt-descubre-como-ver-todas-las-balizas-v16-en-tiempo-real-desde-hoy\/#breadcrumb","itemListElement":[{"@type":"ListItem","position":1,"name":"Accueil","item":"https:\/\/www.diario21.tv\/noticias\/"},{"@type":"ListItem","position":2,"name":"\u00a1Oficial de la DGT! Descubre c\u00f3mo ver todas las balizas V16 en tiempo real desde hoy"}]},{"@type":"WebSite","@id":"https:\/\/www.diario21.tv\/noticias\/#website","url":"https:\/\/www.diario21.tv\/noticias\/","name":"Diario 21","description":"","potentialAction":[{"@type":"SearchAction","target":{"@type":"EntryPoint","urlTemplate":"https:\/\/www.diario21.tv\/noticias\/?s={search_term_string}"},"query-input":{"@type":"PropertyValueSpecification","valueRequired":true,"valueName":"search_term_string"}}],"inLanguage":"es-AR"},{"@type":"Person","@id":"https:\/\/www.diario21.tv\/noticias\/#\/schema\/person\/dfb778f73814d8f09f302618446a526b","name":"Juan P\u00e9rez","image":{"@type":"ImageObject","inLanguage":"es-AR","@id":"https:\/\/www.diario21.tv\/noticias\/#\/schema\/person\/image\/","url":"https:\/\/secure.gravatar.com\/avatar\/c478a405bd10621167f4c3167cc770f5?s=96&d=mm&r=g","contentUrl":"https:\/\/secure.gravatar.com\/avatar\/c478a405bd10621167f4c3167cc770f5?s=96&d=mm&r=g","caption":"Juan P\u00e9rez"},"description":"Juan P\u00e9rez es el redactor en jefe de Diario 21. Con m\u00e1s de 10 a\u00f1os de experiencia en el periodismo, se especializa en pol\u00edtica nacional y an\u00e1lisis socioecon\u00f3mico. Su enfoque cr\u00edtico y riguroso aporta una perspectiva \u00fanica a cada art\u00edculo.","sameAs":["https:\/\/www.diario21.tv\/noticias\/"],"url":"https:\/\/www.diario21.tv\/noticias\/author\/juan-perez\/"}]}},"_links":{"self":[{"href":"https:\/\/www.diario21.tv\/noticias\/wp-json\/wp\/v2\/posts\/5763"}],"collection":[{"href":"https:\/\/www.diario21.tv\/noticias\/wp-json\/wp\/v2\/posts"}],"about":[{"href":"https:\/\/www.diario21.tv\/noticias\/wp-json\/wp\/v2\/types\/post"}],"author":[{"embeddable":true,"href":"https:\/\/www.diario21.tv\/noticias\/wp-json\/wp\/v2\/users\/20"}],"replies":[{"embeddable":true,"href":"https:\/\/www.diario21.tv\/noticias\/wp-json\/wp\/v2\/comments?post=5763"}],"version-history":[{"count":1,"href":"https:\/\/www.diario21.tv\/noticias\/wp-json\/wp\/v2\/posts\/5763\/revisions"}],"predecessor-version":[{"id":5765,"href":"https:\/\/www.diario21.tv\/noticias\/wp-json\/wp\/v2\/posts\/5763\/revisions\/5765"}],"wp:featuredmedia":[{"embeddable":true,"href":"https:\/\/www.diario21.tv\/noticias\/wp-json\/wp\/v2\/media\/5764"}],"wp:attachment":[{"href":"https:\/\/www.diario21.tv\/noticias\/wp-json\/wp\/v2\/media?parent=5763"}],"wp:term":[{"taxonomy":"category","embeddable":true,"href":"https:\/\/www.diario21.tv\/noticias\/wp-json\/wp\/v2\/categories?post=5763"},{"taxonomy":"post_tag","embeddable":true,"href":"https:\/\/www.diario21.tv\/noticias\/wp-json\/wp\/v2\/tags?post=5763"}],"curies":[{"name":"wp","href":"https:\/\/api.w.org\/{rel}","templated":true}]}}