{"id":5751,"date":"2026-01-03T11:44:47","date_gmt":"2026-01-03T11:44:47","guid":{"rendered":"https:\/\/www.diario21.tv\/noticias\/alerta-en-cadiz-investigacion-sobre-un-cohete-de-nochevieja-que-podria-haber-causado-un-incendio\/"},"modified":"2026-01-03T11:44:48","modified_gmt":"2026-01-03T11:44:48","slug":"alerta-en-cadiz-investigacion-sobre-un-cohete-de-nochevieja-que-podria-haber-causado-un-incendio","status":"publish","type":"post","link":"https:\/\/www.diario21.tv\/noticias\/alerta-en-cadiz-investigacion-sobre-un-cohete-de-nochevieja-que-podria-haber-causado-un-incendio\/","title":{"rendered":"\u00a1Alerta en C\u00e1diz! Investigaci\u00f3n sobre un cohete de Nochevieja que podr\u00eda haber causado un incendio."},"content":{"rendered":"<h2>Indagan sobre un posible cohete callejero que pudo iniciar un incendio en un apartamento de C\u00e1diz durante la Nochevieja<\/h2>\n<p>Las autoridades est\u00e1n llevando a cabo una investigaci\u00f3n para determinar si un cohete lanzado de manera irresponsable durante las celebraciones de Nochevieja fue la causa de un incendio en un apartamento en la ciudad de C\u00e1diz. Este incidente, que alarm\u00f3 a los residentes locales, pone de relieve los peligros asociados con el uso inadecuado de pirotecnia en \u00e1reas urbanas.<\/p>\n<h3>Detalles del incidente<\/h3>\n<p>Seg\u00fan los informes preliminares, el fuego se desat\u00f3 poco despu\u00e9s de la medianoche, justo en el momento en que muchas personas lanzaban fuegos artificiales para dar la bienvenida al nuevo a\u00f1o. Los bomberos fueron alertados r\u00e1pidamente y se dirigieron al lugar para controlar la situaci\u00f3n. Afortunadamente, no se reportaron heridos, pero el apartamento afectado sufri\u00f3 da\u00f1os significativos.<\/p>\n<h3>Investigaci\u00f3n en curso<\/h3>\n<p>Los investigadores est\u00e1n examinando las evidencias recogidas en el sitio del incendio para confirmar la causa exacta. Una de las teor\u00edas que se maneja es que un cohete, posiblemente disparado desde la calle, pudo haber entrado por una ventana abierta o haber impactado en una parte vulnerable de la estructura, provocando as\u00ed el incendio.<\/p>\n<p>Las autoridades han hecho un llamado a la comunidad para que cualquier persona con informaci\u00f3n sobre el incidente se acerque y contribuya a la investigaci\u00f3n. Este suceso ha suscitado preocupaci\u00f3n sobre las medidas de seguridad durante las festividades y el manejo de artefactos pirot\u00e9cnicos en entornos urbanos densamente poblados.<\/p>\n<h3>Respuesta de la comunidad y medidas preventivas<\/h3>\n<p>La comunidad de C\u00e1diz ha reaccionado con preocupaci\u00f3n ante este evento, y muchos ciudadanos est\u00e1n pidiendo regulaciones m\u00e1s estrictas en cuanto al uso de fuegos artificiales. Las autoridades locales est\u00e1n considerando revisar las pol\u00edticas actuales y posiblemente implementar restricciones m\u00e1s rigurosas para prevenir incidentes similares en el futuro.<\/p>\n<p>Adem\u00e1s, se est\u00e1 promoviendo una campa\u00f1a de concienciaci\u00f3n para educar al p\u00fablico sobre los riesgos asociados con el uso incorrecto de pirotecnia y la importancia de seguir las normativas de seguridad.<\/p>\n<p>Este incidente en C\u00e1diz sirve como un recordatorio cr\u00edtico de que, aunque los fuegos artificiales pueden ser una espectacular adici\u00f3n a las celebraciones, su manejo inseguro puede tener consecuencias devastadoras. Es esencial que se tomen todas las precauciones necesarias para garantizar la seguridad de todos los ciudadanos durante eventos festivos.<\/p>\n\n\n<div class=\"kk-star-ratings kksr-auto kksr-align-left kksr-valign-bottom\"\n    data-payload='{&quot;align&quot;:&quot;left&quot;,&quot;id&quot;:&quot;5751&quot;,&quot;slug&quot;:&quot;default&quot;,&quot;valign&quot;:&quot;bottom&quot;,&quot;ignore&quot;:&quot;&quot;,&quot;reference&quot;:&quot;auto&quot;,&quot;class&quot;:&quot;&quot;,&quot;count&quot;:&quot;0&quot;,&quot;legendonly&quot;:&quot;&quot;,&quot;readonly&quot;:&quot;&quot;,&quot;score&quot;:&quot;0&quot;,&quot;starsonly&quot;:&quot;&quot;,&quot;best&quot;:&quot;5&quot;,&quot;gap&quot;:&quot;5&quot;,&quot;greet&quot;:&quot;Valora este post&quot;,&quot;legend&quot;:&quot;0\\\/5 - (0 votes)&quot;,&quot;size&quot;:&quot;22&quot;,&quot;title&quot;:&quot;\u00a1Alerta en C\u00e1diz! Investigaci\u00f3n sobre un cohete de Nochevieja que podr\u00eda haber causado un incendio.&quot;,&quot;width&quot;:&quot;0&quot;,&quot;_legend&quot;:&quot;{score}\\\/{best} - ({count} {votes})&quot;,&quot;font_factor&quot;:&quot;1.25&quot;}'>\n            \n<div class=\"kksr-stars\">\n    \n<div class=\"kksr-stars-inactive\">\n            <div class=\"kksr-star\" data-star=\"1\" style=\"padding-right: 5px\">\n            \n\n<div class=\"kksr-icon\" style=\"width: 22px; height: 22px;\"><\/div>\n        <\/div>\n            <div class=\"kksr-star\" data-star=\"2\" style=\"padding-right: 5px\">\n            \n\n<div class=\"kksr-icon\" style=\"width: 22px; height: 22px;\"><\/div>\n        <\/div>\n            <div class=\"kksr-star\" data-star=\"3\" style=\"padding-right: 5px\">\n            \n\n<div class=\"kksr-icon\" style=\"width: 22px; height: 22px;\"><\/div>\n        <\/div>\n            <div class=\"kksr-star\" data-star=\"4\" style=\"padding-right: 5px\">\n            \n\n<div class=\"kksr-icon\" style=\"width: 22px; height: 22px;\"><\/div>\n        <\/div>\n            <div class=\"kksr-star\" data-star=\"5\" style=\"padding-right: 5px\">\n            \n\n<div class=\"kksr-icon\" style=\"width: 22px; height: 22px;\"><\/div>\n        <\/div>\n    <\/div>\n    \n<div class=\"kksr-stars-active\" style=\"width: 0px;\">\n            <div class=\"kksr-star\" style=\"padding-right: 5px\">\n            \n\n<div class=\"kksr-icon\" style=\"width: 22px; height: 22px;\"><\/div>\n        <\/div>\n            <div class=\"kksr-star\" style=\"padding-right: 5px\">\n            \n\n<div class=\"kksr-icon\" style=\"width: 22px; height: 22px;\"><\/div>\n        <\/div>\n            <div class=\"kksr-star\" style=\"padding-right: 5px\">\n            \n\n<div class=\"kksr-icon\" style=\"width: 22px; height: 22px;\"><\/div>\n        <\/div>\n            <div class=\"kksr-star\" style=\"padding-right: 5px\">\n            \n\n<div class=\"kksr-icon\" style=\"width: 22px; height: 22px;\"><\/div>\n        <\/div>\n            <div class=\"kksr-star\" style=\"padding-right: 5px\">\n            \n\n<div class=\"kksr-icon\" style=\"width: 22px; height: 22px;\"><\/div>\n        <\/div>\n    <\/div>\n<\/div>\n                \n\n<div class=\"kksr-legend\" style=\"font-size: 17.6px;\">\n            <span class=\"kksr-muted\">Valora este post<\/span>\n    <\/div>\n    <\/div>\n","protected":false},"excerpt":{"rendered":"<p>Indagan sobre un posible cohete callejero que pudo iniciar un incendio en un apartamento de C\u00e1diz durante la Nochevieja Las autoridades est\u00e1n llevando a cabo una &#8230; <a title=\"\u00a1Alerta en C\u00e1diz! Investigaci\u00f3n sobre un cohete de Nochevieja que podr\u00eda haber causado un incendio.\" class=\"read-more\" href=\"https:\/\/www.diario21.tv\/noticias\/alerta-en-cadiz-investigacion-sobre-un-cohete-de-nochevieja-que-podria-haber-causado-un-incendio\/\" aria-label=\"Leer m\u00e1s sobre \u00a1Alerta en C\u00e1diz! Investigaci\u00f3n sobre un cohete de Nochevieja que podr\u00eda haber causado un incendio.\">Seguir leyendo &rarr;<\/a><\/p>\n","protected":false},"author":20,"featured_media":5752,"comment_status":"open","ping_status":"open","sticky":false,"template":"","format":"standard","meta":{"footnotes":""},"categories":[13],"tags":[],"class_list":["post-5751","post","type-post","status-publish","format-standard","has-post-thumbnail","hentry","category-portada"],"yoast_head":"<!-- This site is optimized with the Yoast SEO plugin v25.6 - https:\/\/yoast.com\/wordpress\/plugins\/seo\/ -->\n<title>\u00a1Alerta en C\u00e1diz! Investigaci\u00f3n sobre un cohete de Nochevieja que podr\u00eda haber causado un incendio. - Diario 21<\/title>\n<meta name=\"robots\" content=\"index, follow, max-snippet:-1, max-image-preview:large, max-video-preview:-1\" \/>\n<link rel=\"canonical\" href=\"https:\/\/www.diario21.tv\/noticias\/alerta-en-cadiz-investigacion-sobre-un-cohete-de-nochevieja-que-podria-haber-causado-un-incendio\/\" \/>\n<meta property=\"og:locale\" content=\"es_ES\" \/>\n<meta property=\"og:type\" content=\"article\" \/>\n<meta property=\"og:title\" content=\"\u00a1Alerta en C\u00e1diz! Investigaci\u00f3n sobre un cohete de Nochevieja que podr\u00eda haber causado un incendio. - Diario 21\" \/>\n<meta property=\"og:description\" content=\"Indagan sobre un posible cohete callejero que pudo iniciar un incendio en un apartamento de C\u00e1diz durante la Nochevieja Las autoridades est\u00e1n llevando a cabo una ... Seguir leyendo &rarr;\" \/>\n<meta property=\"og:url\" content=\"https:\/\/www.diario21.tv\/noticias\/alerta-en-cadiz-investigacion-sobre-un-cohete-de-nochevieja-que-podria-haber-causado-un-incendio\/\" \/>\n<meta property=\"og:site_name\" content=\"Diario 21\" \/>\n<meta property=\"article:published_time\" content=\"2026-01-03T11:44:47+00:00\" \/>\n<meta property=\"article:modified_time\" content=\"2026-01-03T11:44:48+00:00\" \/>\n<meta property=\"og:image\" content=\"https:\/\/www.diario21.tv\/noticias\/wp-content\/uploads\/2026\/01\/\u00a1Alerta-en-Cadiz-Investigacion-sobre-un-cohete-de-Nochevieja-que.jpg\" \/>\n\t<meta property=\"og:image:width\" content=\"1200\" \/>\n\t<meta property=\"og:image:height\" content=\"840\" \/>\n\t<meta property=\"og:image:type\" content=\"image\/jpeg\" \/>\n<meta name=\"author\" content=\"Juan P\u00e9rez\" \/>\n<meta name=\"twitter:card\" content=\"summary_large_image\" \/>\n<meta name=\"twitter:label1\" content=\"Escrito por\" \/>\n\t<meta name=\"twitter:data1\" content=\"Juan P\u00e9rez\" \/>\n\t<meta name=\"twitter:label2\" content=\"Tiempo de lectura\" \/>\n\t<meta name=\"twitter:data2\" content=\"2 minutos\" \/>\n<script type=\"application\/ld+json\" class=\"yoast-schema-graph\">{\"@context\":\"https:\/\/schema.org\",\"@graph\":[{\"@type\":\"WebPage\",\"@id\":\"https:\/\/www.diario21.tv\/noticias\/alerta-en-cadiz-investigacion-sobre-un-cohete-de-nochevieja-que-podria-haber-causado-un-incendio\/\",\"url\":\"https:\/\/www.diario21.tv\/noticias\/alerta-en-cadiz-investigacion-sobre-un-cohete-de-nochevieja-que-podria-haber-causado-un-incendio\/\",\"name\":\"\u00a1Alerta en C\u00e1diz! Investigaci\u00f3n sobre un cohete de Nochevieja que podr\u00eda haber causado un incendio. - Diario 21\",\"isPartOf\":{\"@id\":\"https:\/\/www.diario21.tv\/noticias\/#website\"},\"primaryImageOfPage\":{\"@id\":\"https:\/\/www.diario21.tv\/noticias\/alerta-en-cadiz-investigacion-sobre-un-cohete-de-nochevieja-que-podria-haber-causado-un-incendio\/#primaryimage\"},\"image\":{\"@id\":\"https:\/\/www.diario21.tv\/noticias\/alerta-en-cadiz-investigacion-sobre-un-cohete-de-nochevieja-que-podria-haber-causado-un-incendio\/#primaryimage\"},\"thumbnailUrl\":\"https:\/\/www.diario21.tv\/noticias\/wp-content\/uploads\/2026\/01\/\u00a1Alerta-en-Cadiz-Investigacion-sobre-un-cohete-de-Nochevieja-que.jpg\",\"datePublished\":\"2026-01-03T11:44:47+00:00\",\"dateModified\":\"2026-01-03T11:44:48+00:00\",\"author\":{\"@id\":\"https:\/\/www.diario21.tv\/noticias\/#\/schema\/person\/dfb778f73814d8f09f302618446a526b\"},\"breadcrumb\":{\"@id\":\"https:\/\/www.diario21.tv\/noticias\/alerta-en-cadiz-investigacion-sobre-un-cohete-de-nochevieja-que-podria-haber-causado-un-incendio\/#breadcrumb\"},\"inLanguage\":\"es-AR\",\"potentialAction\":[{\"@type\":\"ReadAction\",\"target\":[\"https:\/\/www.diario21.tv\/noticias\/alerta-en-cadiz-investigacion-sobre-un-cohete-de-nochevieja-que-podria-haber-causado-un-incendio\/\"]}]},{\"@type\":\"ImageObject\",\"inLanguage\":\"es-AR\",\"@id\":\"https:\/\/www.diario21.tv\/noticias\/alerta-en-cadiz-investigacion-sobre-un-cohete-de-nochevieja-que-podria-haber-causado-un-incendio\/#primaryimage\",\"url\":\"https:\/\/www.diario21.tv\/noticias\/wp-content\/uploads\/2026\/01\/\u00a1Alerta-en-Cadiz-Investigacion-sobre-un-cohete-de-Nochevieja-que.jpg\",\"contentUrl\":\"https:\/\/www.diario21.tv\/noticias\/wp-content\/uploads\/2026\/01\/\u00a1Alerta-en-Cadiz-Investigacion-sobre-un-cohete-de-Nochevieja-que.jpg\",\"width\":1200,\"height\":840,\"caption\":\"Investigan si un cohete lanzado desde la calle en Nochevieja provoc\u00f3 un incendio en un piso de C\u00e1diz\"},{\"@type\":\"BreadcrumbList\",\"@id\":\"https:\/\/www.diario21.tv\/noticias\/alerta-en-cadiz-investigacion-sobre-un-cohete-de-nochevieja-que-podria-haber-causado-un-incendio\/#breadcrumb\",\"itemListElement\":[{\"@type\":\"ListItem\",\"position\":1,\"name\":\"Accueil\",\"item\":\"https:\/\/www.diario21.tv\/noticias\/\"},{\"@type\":\"ListItem\",\"position\":2,\"name\":\"\u00a1Alerta en C\u00e1diz! Investigaci\u00f3n sobre un cohete de Nochevieja que podr\u00eda haber causado un incendio.\"}]},{\"@type\":\"WebSite\",\"@id\":\"https:\/\/www.diario21.tv\/noticias\/#website\",\"url\":\"https:\/\/www.diario21.tv\/noticias\/\",\"name\":\"Diario 21\",\"description\":\"\",\"potentialAction\":[{\"@type\":\"SearchAction\",\"target\":{\"@type\":\"EntryPoint\",\"urlTemplate\":\"https:\/\/www.diario21.tv\/noticias\/?s={search_term_string}\"},\"query-input\":{\"@type\":\"PropertyValueSpecification\",\"valueRequired\":true,\"valueName\":\"search_term_string\"}}],\"inLanguage\":\"es-AR\"},{\"@type\":\"Person\",\"@id\":\"https:\/\/www.diario21.tv\/noticias\/#\/schema\/person\/dfb778f73814d8f09f302618446a526b\",\"name\":\"Juan P\u00e9rez\",\"image\":{\"@type\":\"ImageObject\",\"inLanguage\":\"es-AR\",\"@id\":\"https:\/\/www.diario21.tv\/noticias\/#\/schema\/person\/image\/\",\"url\":\"https:\/\/secure.gravatar.com\/avatar\/c478a405bd10621167f4c3167cc770f5?s=96&d=mm&r=g\",\"contentUrl\":\"https:\/\/secure.gravatar.com\/avatar\/c478a405bd10621167f4c3167cc770f5?s=96&d=mm&r=g\",\"caption\":\"Juan P\u00e9rez\"},\"description\":\"Juan P\u00e9rez es el redactor en jefe de Diario 21. Con m\u00e1s de 10 a\u00f1os de experiencia en el periodismo, se especializa en pol\u00edtica nacional y an\u00e1lisis socioecon\u00f3mico. Su enfoque cr\u00edtico y riguroso aporta una perspectiva \u00fanica a cada art\u00edculo.\",\"sameAs\":[\"https:\/\/www.diario21.tv\/noticias\/\"],\"url\":\"https:\/\/www.diario21.tv\/noticias\/author\/juan-perez\/\"}]}<\/script>\n<!-- \/ Yoast SEO plugin. -->","yoast_head_json":{"title":"\u00a1Alerta en C\u00e1diz! Investigaci\u00f3n sobre un cohete de Nochevieja que podr\u00eda haber causado un incendio. - Diario 21","robots":{"index":"index","follow":"follow","max-snippet":"max-snippet:-1","max-image-preview":"max-image-preview:large","max-video-preview":"max-video-preview:-1"},"canonical":"https:\/\/www.diario21.tv\/noticias\/alerta-en-cadiz-investigacion-sobre-un-cohete-de-nochevieja-que-podria-haber-causado-un-incendio\/","og_locale":"es_ES","og_type":"article","og_title":"\u00a1Alerta en C\u00e1diz! Investigaci\u00f3n sobre un cohete de Nochevieja que podr\u00eda haber causado un incendio. - Diario 21","og_description":"Indagan sobre un posible cohete callejero que pudo iniciar un incendio en un apartamento de C\u00e1diz durante la Nochevieja Las autoridades est\u00e1n llevando a cabo una ... Seguir leyendo &rarr;","og_url":"https:\/\/www.diario21.tv\/noticias\/alerta-en-cadiz-investigacion-sobre-un-cohete-de-nochevieja-que-podria-haber-causado-un-incendio\/","og_site_name":"Diario 21","article_published_time":"2026-01-03T11:44:47+00:00","article_modified_time":"2026-01-03T11:44:48+00:00","og_image":[{"width":1200,"height":840,"url":"https:\/\/www.diario21.tv\/noticias\/wp-content\/uploads\/2026\/01\/\u00a1Alerta-en-Cadiz-Investigacion-sobre-un-cohete-de-Nochevieja-que.jpg","type":"image\/jpeg"}],"author":"Juan P\u00e9rez","twitter_card":"summary_large_image","twitter_misc":{"Escrito por":"Juan P\u00e9rez","Tiempo de lectura":"2 minutos"},"schema":{"@context":"https:\/\/schema.org","@graph":[{"@type":"WebPage","@id":"https:\/\/www.diario21.tv\/noticias\/alerta-en-cadiz-investigacion-sobre-un-cohete-de-nochevieja-que-podria-haber-causado-un-incendio\/","url":"https:\/\/www.diario21.tv\/noticias\/alerta-en-cadiz-investigacion-sobre-un-cohete-de-nochevieja-que-podria-haber-causado-un-incendio\/","name":"\u00a1Alerta en C\u00e1diz! Investigaci\u00f3n sobre un cohete de Nochevieja que podr\u00eda haber causado un incendio. - Diario 21","isPartOf":{"@id":"https:\/\/www.diario21.tv\/noticias\/#website"},"primaryImageOfPage":{"@id":"https:\/\/www.diario21.tv\/noticias\/alerta-en-cadiz-investigacion-sobre-un-cohete-de-nochevieja-que-podria-haber-causado-un-incendio\/#primaryimage"},"image":{"@id":"https:\/\/www.diario21.tv\/noticias\/alerta-en-cadiz-investigacion-sobre-un-cohete-de-nochevieja-que-podria-haber-causado-un-incendio\/#primaryimage"},"thumbnailUrl":"https:\/\/www.diario21.tv\/noticias\/wp-content\/uploads\/2026\/01\/\u00a1Alerta-en-Cadiz-Investigacion-sobre-un-cohete-de-Nochevieja-que.jpg","datePublished":"2026-01-03T11:44:47+00:00","dateModified":"2026-01-03T11:44:48+00:00","author":{"@id":"https:\/\/www.diario21.tv\/noticias\/#\/schema\/person\/dfb778f73814d8f09f302618446a526b"},"breadcrumb":{"@id":"https:\/\/www.diario21.tv\/noticias\/alerta-en-cadiz-investigacion-sobre-un-cohete-de-nochevieja-que-podria-haber-causado-un-incendio\/#breadcrumb"},"inLanguage":"es-AR","potentialAction":[{"@type":"ReadAction","target":["https:\/\/www.diario21.tv\/noticias\/alerta-en-cadiz-investigacion-sobre-un-cohete-de-nochevieja-que-podria-haber-causado-un-incendio\/"]}]},{"@type":"ImageObject","inLanguage":"es-AR","@id":"https:\/\/www.diario21.tv\/noticias\/alerta-en-cadiz-investigacion-sobre-un-cohete-de-nochevieja-que-podria-haber-causado-un-incendio\/#primaryimage","url":"https:\/\/www.diario21.tv\/noticias\/wp-content\/uploads\/2026\/01\/\u00a1Alerta-en-Cadiz-Investigacion-sobre-un-cohete-de-Nochevieja-que.jpg","contentUrl":"https:\/\/www.diario21.tv\/noticias\/wp-content\/uploads\/2026\/01\/\u00a1Alerta-en-Cadiz-Investigacion-sobre-un-cohete-de-Nochevieja-que.jpg","width":1200,"height":840,"caption":"Investigan si un cohete lanzado desde la calle en Nochevieja provoc\u00f3 un incendio en un piso de C\u00e1diz"},{"@type":"BreadcrumbList","@id":"https:\/\/www.diario21.tv\/noticias\/alerta-en-cadiz-investigacion-sobre-un-cohete-de-nochevieja-que-podria-haber-causado-un-incendio\/#breadcrumb","itemListElement":[{"@type":"ListItem","position":1,"name":"Accueil","item":"https:\/\/www.diario21.tv\/noticias\/"},{"@type":"ListItem","position":2,"name":"\u00a1Alerta en C\u00e1diz! Investigaci\u00f3n sobre un cohete de Nochevieja que podr\u00eda haber causado un incendio."}]},{"@type":"WebSite","@id":"https:\/\/www.diario21.tv\/noticias\/#website","url":"https:\/\/www.diario21.tv\/noticias\/","name":"Diario 21","description":"","potentialAction":[{"@type":"SearchAction","target":{"@type":"EntryPoint","urlTemplate":"https:\/\/www.diario21.tv\/noticias\/?s={search_term_string}"},"query-input":{"@type":"PropertyValueSpecification","valueRequired":true,"valueName":"search_term_string"}}],"inLanguage":"es-AR"},{"@type":"Person","@id":"https:\/\/www.diario21.tv\/noticias\/#\/schema\/person\/dfb778f73814d8f09f302618446a526b","name":"Juan P\u00e9rez","image":{"@type":"ImageObject","inLanguage":"es-AR","@id":"https:\/\/www.diario21.tv\/noticias\/#\/schema\/person\/image\/","url":"https:\/\/secure.gravatar.com\/avatar\/c478a405bd10621167f4c3167cc770f5?s=96&d=mm&r=g","contentUrl":"https:\/\/secure.gravatar.com\/avatar\/c478a405bd10621167f4c3167cc770f5?s=96&d=mm&r=g","caption":"Juan P\u00e9rez"},"description":"Juan P\u00e9rez es el redactor en jefe de Diario 21. Con m\u00e1s de 10 a\u00f1os de experiencia en el periodismo, se especializa en pol\u00edtica nacional y an\u00e1lisis socioecon\u00f3mico. Su enfoque cr\u00edtico y riguroso aporta una perspectiva \u00fanica a cada art\u00edculo.","sameAs":["https:\/\/www.diario21.tv\/noticias\/"],"url":"https:\/\/www.diario21.tv\/noticias\/author\/juan-perez\/"}]}},"_links":{"self":[{"href":"https:\/\/www.diario21.tv\/noticias\/wp-json\/wp\/v2\/posts\/5751"}],"collection":[{"href":"https:\/\/www.diario21.tv\/noticias\/wp-json\/wp\/v2\/posts"}],"about":[{"href":"https:\/\/www.diario21.tv\/noticias\/wp-json\/wp\/v2\/types\/post"}],"author":[{"embeddable":true,"href":"https:\/\/www.diario21.tv\/noticias\/wp-json\/wp\/v2\/users\/20"}],"replies":[{"embeddable":true,"href":"https:\/\/www.diario21.tv\/noticias\/wp-json\/wp\/v2\/comments?post=5751"}],"version-history":[{"count":1,"href":"https:\/\/www.diario21.tv\/noticias\/wp-json\/wp\/v2\/posts\/5751\/revisions"}],"predecessor-version":[{"id":5753,"href":"https:\/\/www.diario21.tv\/noticias\/wp-json\/wp\/v2\/posts\/5751\/revisions\/5753"}],"wp:featuredmedia":[{"embeddable":true,"href":"https:\/\/www.diario21.tv\/noticias\/wp-json\/wp\/v2\/media\/5752"}],"wp:attachment":[{"href":"https:\/\/www.diario21.tv\/noticias\/wp-json\/wp\/v2\/media?parent=5751"}],"wp:term":[{"taxonomy":"category","embeddable":true,"href":"https:\/\/www.diario21.tv\/noticias\/wp-json\/wp\/v2\/categories?post=5751"},{"taxonomy":"post_tag","embeddable":true,"href":"https:\/\/www.diario21.tv\/noticias\/wp-json\/wp\/v2\/tags?post=5751"}],"curies":[{"name":"wp","href":"https:\/\/api.w.org\/{rel}","templated":true}]}}