{"id":5745,"date":"2026-01-02T23:43:16","date_gmt":"2026-01-02T23:43:16","guid":{"rendered":"https:\/\/www.diario21.tv\/noticias\/interpol-tras-senal-clave-en-indonesia-busqueda-urgente-de-valencianos-desaparecidos\/"},"modified":"2026-01-02T23:43:18","modified_gmt":"2026-01-02T23:43:18","slug":"interpol-tras-senal-clave-en-indonesia-busqueda-urgente-de-valencianos-desaparecidos","status":"publish","type":"post","link":"https:\/\/www.diario21.tv\/noticias\/interpol-tras-senal-clave-en-indonesia-busqueda-urgente-de-valencianos-desaparecidos\/","title":{"rendered":"Interpol tras se\u00f1al clave en Indonesia: \u00a1B\u00fasqueda urgente de valencianos desaparecidos!"},"content":{"rendered":"<h2>La Interpol sigue la pista de una se\u00f1al telef\u00f3nica para localizar a los desaparecidos de Valencia en Indonesia<\/h2>\n<p>La Organizaci\u00f3n Internacional de Polic\u00eda Criminal, conocida como Interpol, ha activado sus protocolos de b\u00fasqueda para dar con el paradero de un grupo de ciudadanos originarios de Valencia, Espa\u00f1a, que han desaparecido misteriosamente en Indonesia. La operaci\u00f3n se centra en el seguimiento de una se\u00f1al de tel\u00e9fono que podr\u00eda arrojar luz sobre su ubicaci\u00f3n actual.<\/p>\n<h3>Inicio de la Investigaci\u00f3n<\/h3>\n<p>La alerta sobre la desaparici\u00f3n de estos valencianos fue emitida tras el reporte de familiares que perdieron todo contacto con ellos hace varios d\u00edas. Seg\u00fan la informaci\u00f3n disponible, el grupo estaba de vacaciones explorando algunas de las islas m\u00e1s remotas de Indonesia. La falta de comunicaci\u00f3n gener\u00f3 preocupaci\u00f3n inmediata, llevando a las autoridades locales a solicitar la colaboraci\u00f3n de Interpol.<\/p>\n<h3>El Rastro de la Se\u00f1al Telef\u00f3nica<\/h3>\n<p>Interpol, utilizando tecnolog\u00eda de punta, ha logrado identificar una se\u00f1al telef\u00f3nica que podr\u00eda estar vinculada a los tel\u00e9fonos de los desaparecidos. Esta se\u00f1al ha sido el principal hilo conductor de la investigaci\u00f3n, guiando a los equipos de rescate a trav\u00e9s de zonas de dif\u00edcil acceso en Indonesia. Sin embargo, la tarea no es sencilla. Las condiciones del terreno y la complejidad de las islas indonesias presentan desaf\u00edos significativos que los equipos deben superar.<\/p>\n<h3>Cooperaci\u00f3n Internacional<\/h3>\n<p>La b\u00fasqueda de los valencianos cuenta con la cooperaci\u00f3n de las autoridades indonesias, que est\u00e1n proporcionando apoyo log\u00edstico y conocimiento del terreno. Adem\u00e1s, expertos en tecnolog\u00edas de localizaci\u00f3n y rescate se han sumado al operativo, intentando maximizar las posibilidades de encontrar a los desaparecidos sanos y salvos.<\/p>\n<h3>Esperanza y Preocupaci\u00f3n de las Familias<\/h3>\n<p>Mientras tanto, en Valencia, las familias de los desaparecidos se mantienen en vilo, esperando cualquier noticia que pueda brindarles algo de esperanza. La comunidad local ha mostrado un gran apoyo, organizando vigilias y manteniendo la atenci\u00f3n sobre el caso para asegurar que no se pierda el impulso en la b\u00fasqueda.<\/p>\n<h3>Pr\u00f3ximos Pasos en la Investigaci\u00f3n<\/h3>\n<p>Interpol ha declarado que continuar\u00e1 con la b\u00fasqueda mientras haya se\u00f1ales que seguir y esperanzas de encontrar a los desaparecidos. La comunidad internacional est\u00e1 atenta a los resultados de esta operaci\u00f3n, esperando que el esfuerzo conjunto y la tecnolog\u00eda moderna puedan llevar a un final feliz para esta angustiosa situaci\u00f3n.<\/p>\n<p>La situaci\u00f3n sigue siendo cr\u00edtica, pero la determinaci\u00f3n de los equipos de b\u00fasqueda y rescate, combinada con la ayuda internacional y el avance tecnol\u00f3gico en la localizaci\u00f3n por se\u00f1ales telef\u00f3nicas, provee un rayo de esperanza en el horizonte para las familias afectadas y para todos aquellos que siguen el caso de cerca.<\/p>\n\n\n<div class=\"kk-star-ratings kksr-auto kksr-align-left kksr-valign-bottom\"\n    data-payload='{&quot;align&quot;:&quot;left&quot;,&quot;id&quot;:&quot;5745&quot;,&quot;slug&quot;:&quot;default&quot;,&quot;valign&quot;:&quot;bottom&quot;,&quot;ignore&quot;:&quot;&quot;,&quot;reference&quot;:&quot;auto&quot;,&quot;class&quot;:&quot;&quot;,&quot;count&quot;:&quot;0&quot;,&quot;legendonly&quot;:&quot;&quot;,&quot;readonly&quot;:&quot;&quot;,&quot;score&quot;:&quot;0&quot;,&quot;starsonly&quot;:&quot;&quot;,&quot;best&quot;:&quot;5&quot;,&quot;gap&quot;:&quot;5&quot;,&quot;greet&quot;:&quot;Valora este post&quot;,&quot;legend&quot;:&quot;0\\\/5 - (0 votes)&quot;,&quot;size&quot;:&quot;22&quot;,&quot;title&quot;:&quot;Interpol tras se\u00f1al clave en Indonesia: \u00a1B\u00fasqueda urgente de valencianos desaparecidos!&quot;,&quot;width&quot;:&quot;0&quot;,&quot;_legend&quot;:&quot;{score}\\\/{best} - ({count} {votes})&quot;,&quot;font_factor&quot;:&quot;1.25&quot;}'>\n            \n<div class=\"kksr-stars\">\n    \n<div class=\"kksr-stars-inactive\">\n            <div class=\"kksr-star\" data-star=\"1\" style=\"padding-right: 5px\">\n            \n\n<div class=\"kksr-icon\" style=\"width: 22px; height: 22px;\"><\/div>\n        <\/div>\n            <div class=\"kksr-star\" data-star=\"2\" style=\"padding-right: 5px\">\n            \n\n<div class=\"kksr-icon\" style=\"width: 22px; height: 22px;\"><\/div>\n        <\/div>\n            <div class=\"kksr-star\" data-star=\"3\" style=\"padding-right: 5px\">\n            \n\n<div class=\"kksr-icon\" style=\"width: 22px; height: 22px;\"><\/div>\n        <\/div>\n            <div class=\"kksr-star\" data-star=\"4\" style=\"padding-right: 5px\">\n            \n\n<div class=\"kksr-icon\" style=\"width: 22px; height: 22px;\"><\/div>\n        <\/div>\n            <div class=\"kksr-star\" data-star=\"5\" style=\"padding-right: 5px\">\n            \n\n<div class=\"kksr-icon\" style=\"width: 22px; height: 22px;\"><\/div>\n        <\/div>\n    <\/div>\n    \n<div class=\"kksr-stars-active\" style=\"width: 0px;\">\n            <div class=\"kksr-star\" style=\"padding-right: 5px\">\n            \n\n<div class=\"kksr-icon\" style=\"width: 22px; height: 22px;\"><\/div>\n        <\/div>\n            <div class=\"kksr-star\" style=\"padding-right: 5px\">\n            \n\n<div class=\"kksr-icon\" style=\"width: 22px; height: 22px;\"><\/div>\n        <\/div>\n            <div class=\"kksr-star\" style=\"padding-right: 5px\">\n            \n\n<div class=\"kksr-icon\" style=\"width: 22px; height: 22px;\"><\/div>\n        <\/div>\n            <div class=\"kksr-star\" style=\"padding-right: 5px\">\n            \n\n<div class=\"kksr-icon\" style=\"width: 22px; height: 22px;\"><\/div>\n        <\/div>\n            <div class=\"kksr-star\" style=\"padding-right: 5px\">\n            \n\n<div class=\"kksr-icon\" style=\"width: 22px; height: 22px;\"><\/div>\n        <\/div>\n    <\/div>\n<\/div>\n                \n\n<div class=\"kksr-legend\" style=\"font-size: 17.6px;\">\n            <span class=\"kksr-muted\">Valora este post<\/span>\n    <\/div>\n    <\/div>\n","protected":false},"excerpt":{"rendered":"<p>La Interpol sigue la pista de una se\u00f1al telef\u00f3nica para localizar a los desaparecidos de Valencia en Indonesia La Organizaci\u00f3n Internacional de Polic\u00eda Criminal, conocida como &#8230; <a title=\"Interpol tras se\u00f1al clave en Indonesia: \u00a1B\u00fasqueda urgente de valencianos desaparecidos!\" class=\"read-more\" href=\"https:\/\/www.diario21.tv\/noticias\/interpol-tras-senal-clave-en-indonesia-busqueda-urgente-de-valencianos-desaparecidos\/\" aria-label=\"Leer m\u00e1s sobre Interpol tras se\u00f1al clave en Indonesia: \u00a1B\u00fasqueda urgente de valencianos desaparecidos!\">Seguir leyendo &rarr;<\/a><\/p>\n","protected":false},"author":20,"featured_media":5746,"comment_status":"open","ping_status":"open","sticky":false,"template":"","format":"standard","meta":{"footnotes":""},"categories":[13],"tags":[],"class_list":["post-5745","post","type-post","status-publish","format-standard","has-post-thumbnail","hentry","category-portada"],"yoast_head":"<!-- This site is optimized with the Yoast SEO plugin v25.6 - https:\/\/yoast.com\/wordpress\/plugins\/seo\/ -->\n<title>Interpol tras se\u00f1al clave en Indonesia: \u00a1B\u00fasqueda urgente de valencianos desaparecidos! - Diario 21<\/title>\n<meta name=\"robots\" content=\"index, follow, max-snippet:-1, max-image-preview:large, max-video-preview:-1\" \/>\n<link rel=\"canonical\" href=\"https:\/\/www.diario21.tv\/noticias\/interpol-tras-senal-clave-en-indonesia-busqueda-urgente-de-valencianos-desaparecidos\/\" \/>\n<meta property=\"og:locale\" content=\"es_ES\" \/>\n<meta property=\"og:type\" content=\"article\" \/>\n<meta property=\"og:title\" content=\"Interpol tras se\u00f1al clave en Indonesia: \u00a1B\u00fasqueda urgente de valencianos desaparecidos! - Diario 21\" \/>\n<meta property=\"og:description\" content=\"La Interpol sigue la pista de una se\u00f1al telef\u00f3nica para localizar a los desaparecidos de Valencia en Indonesia La Organizaci\u00f3n Internacional de Polic\u00eda Criminal, conocida como ... Seguir leyendo &rarr;\" \/>\n<meta property=\"og:url\" content=\"https:\/\/www.diario21.tv\/noticias\/interpol-tras-senal-clave-en-indonesia-busqueda-urgente-de-valencianos-desaparecidos\/\" \/>\n<meta property=\"og:site_name\" content=\"Diario 21\" \/>\n<meta property=\"article:published_time\" content=\"2026-01-02T23:43:16+00:00\" \/>\n<meta property=\"article:modified_time\" content=\"2026-01-02T23:43:18+00:00\" \/>\n<meta property=\"og:image\" content=\"https:\/\/www.diario21.tv\/noticias\/wp-content\/uploads\/2026\/01\/Interpol-tras-senal-clave-en-Indonesia-\u00a1Busqueda-urgente-de-valencianos.jpg\" \/>\n\t<meta property=\"og:image:width\" content=\"1200\" \/>\n\t<meta property=\"og:image:height\" content=\"840\" \/>\n\t<meta property=\"og:image:type\" content=\"image\/jpeg\" \/>\n<meta name=\"author\" content=\"Juan P\u00e9rez\" \/>\n<meta name=\"twitter:card\" content=\"summary_large_image\" \/>\n<meta name=\"twitter:label1\" content=\"Escrito por\" \/>\n\t<meta name=\"twitter:data1\" content=\"Juan P\u00e9rez\" \/>\n\t<meta name=\"twitter:label2\" content=\"Tiempo de lectura\" \/>\n\t<meta name=\"twitter:data2\" content=\"2 minutos\" \/>\n<script type=\"application\/ld+json\" class=\"yoast-schema-graph\">{\"@context\":\"https:\/\/schema.org\",\"@graph\":[{\"@type\":\"WebPage\",\"@id\":\"https:\/\/www.diario21.tv\/noticias\/interpol-tras-senal-clave-en-indonesia-busqueda-urgente-de-valencianos-desaparecidos\/\",\"url\":\"https:\/\/www.diario21.tv\/noticias\/interpol-tras-senal-clave-en-indonesia-busqueda-urgente-de-valencianos-desaparecidos\/\",\"name\":\"Interpol tras se\u00f1al clave en Indonesia: \u00a1B\u00fasqueda urgente de valencianos desaparecidos! - Diario 21\",\"isPartOf\":{\"@id\":\"https:\/\/www.diario21.tv\/noticias\/#website\"},\"primaryImageOfPage\":{\"@id\":\"https:\/\/www.diario21.tv\/noticias\/interpol-tras-senal-clave-en-indonesia-busqueda-urgente-de-valencianos-desaparecidos\/#primaryimage\"},\"image\":{\"@id\":\"https:\/\/www.diario21.tv\/noticias\/interpol-tras-senal-clave-en-indonesia-busqueda-urgente-de-valencianos-desaparecidos\/#primaryimage\"},\"thumbnailUrl\":\"https:\/\/www.diario21.tv\/noticias\/wp-content\/uploads\/2026\/01\/Interpol-tras-senal-clave-en-Indonesia-\u00a1Busqueda-urgente-de-valencianos.jpg\",\"datePublished\":\"2026-01-02T23:43:16+00:00\",\"dateModified\":\"2026-01-02T23:43:18+00:00\",\"author\":{\"@id\":\"https:\/\/www.diario21.tv\/noticias\/#\/schema\/person\/dfb778f73814d8f09f302618446a526b\"},\"breadcrumb\":{\"@id\":\"https:\/\/www.diario21.tv\/noticias\/interpol-tras-senal-clave-en-indonesia-busqueda-urgente-de-valencianos-desaparecidos\/#breadcrumb\"},\"inLanguage\":\"es-AR\",\"potentialAction\":[{\"@type\":\"ReadAction\",\"target\":[\"https:\/\/www.diario21.tv\/noticias\/interpol-tras-senal-clave-en-indonesia-busqueda-urgente-de-valencianos-desaparecidos\/\"]}]},{\"@type\":\"ImageObject\",\"inLanguage\":\"es-AR\",\"@id\":\"https:\/\/www.diario21.tv\/noticias\/interpol-tras-senal-clave-en-indonesia-busqueda-urgente-de-valencianos-desaparecidos\/#primaryimage\",\"url\":\"https:\/\/www.diario21.tv\/noticias\/wp-content\/uploads\/2026\/01\/Interpol-tras-senal-clave-en-Indonesia-\u00a1Busqueda-urgente-de-valencianos.jpg\",\"contentUrl\":\"https:\/\/www.diario21.tv\/noticias\/wp-content\/uploads\/2026\/01\/Interpol-tras-senal-clave-en-Indonesia-\u00a1Busqueda-urgente-de-valencianos.jpg\",\"width\":1200,\"height\":840,\"caption\":\"La Interpol rastrea una se\u00f1al telef\u00f3nica en busca de los valencianos desaparecidos en Indonesia\"},{\"@type\":\"BreadcrumbList\",\"@id\":\"https:\/\/www.diario21.tv\/noticias\/interpol-tras-senal-clave-en-indonesia-busqueda-urgente-de-valencianos-desaparecidos\/#breadcrumb\",\"itemListElement\":[{\"@type\":\"ListItem\",\"position\":1,\"name\":\"Accueil\",\"item\":\"https:\/\/www.diario21.tv\/noticias\/\"},{\"@type\":\"ListItem\",\"position\":2,\"name\":\"Interpol tras se\u00f1al clave en Indonesia: \u00a1B\u00fasqueda urgente de valencianos desaparecidos!\"}]},{\"@type\":\"WebSite\",\"@id\":\"https:\/\/www.diario21.tv\/noticias\/#website\",\"url\":\"https:\/\/www.diario21.tv\/noticias\/\",\"name\":\"Diario 21\",\"description\":\"\",\"potentialAction\":[{\"@type\":\"SearchAction\",\"target\":{\"@type\":\"EntryPoint\",\"urlTemplate\":\"https:\/\/www.diario21.tv\/noticias\/?s={search_term_string}\"},\"query-input\":{\"@type\":\"PropertyValueSpecification\",\"valueRequired\":true,\"valueName\":\"search_term_string\"}}],\"inLanguage\":\"es-AR\"},{\"@type\":\"Person\",\"@id\":\"https:\/\/www.diario21.tv\/noticias\/#\/schema\/person\/dfb778f73814d8f09f302618446a526b\",\"name\":\"Juan P\u00e9rez\",\"image\":{\"@type\":\"ImageObject\",\"inLanguage\":\"es-AR\",\"@id\":\"https:\/\/www.diario21.tv\/noticias\/#\/schema\/person\/image\/\",\"url\":\"https:\/\/secure.gravatar.com\/avatar\/c478a405bd10621167f4c3167cc770f5?s=96&d=mm&r=g\",\"contentUrl\":\"https:\/\/secure.gravatar.com\/avatar\/c478a405bd10621167f4c3167cc770f5?s=96&d=mm&r=g\",\"caption\":\"Juan P\u00e9rez\"},\"description\":\"Juan P\u00e9rez es el redactor en jefe de Diario 21. Con m\u00e1s de 10 a\u00f1os de experiencia en el periodismo, se especializa en pol\u00edtica nacional y an\u00e1lisis socioecon\u00f3mico. Su enfoque cr\u00edtico y riguroso aporta una perspectiva \u00fanica a cada art\u00edculo.\",\"sameAs\":[\"https:\/\/www.diario21.tv\/noticias\/\"],\"url\":\"https:\/\/www.diario21.tv\/noticias\/author\/juan-perez\/\"}]}<\/script>\n<!-- \/ Yoast SEO plugin. -->","yoast_head_json":{"title":"Interpol tras se\u00f1al clave en Indonesia: \u00a1B\u00fasqueda urgente de valencianos desaparecidos! - Diario 21","robots":{"index":"index","follow":"follow","max-snippet":"max-snippet:-1","max-image-preview":"max-image-preview:large","max-video-preview":"max-video-preview:-1"},"canonical":"https:\/\/www.diario21.tv\/noticias\/interpol-tras-senal-clave-en-indonesia-busqueda-urgente-de-valencianos-desaparecidos\/","og_locale":"es_ES","og_type":"article","og_title":"Interpol tras se\u00f1al clave en Indonesia: \u00a1B\u00fasqueda urgente de valencianos desaparecidos! - Diario 21","og_description":"La Interpol sigue la pista de una se\u00f1al telef\u00f3nica para localizar a los desaparecidos de Valencia en Indonesia La Organizaci\u00f3n Internacional de Polic\u00eda Criminal, conocida como ... Seguir leyendo &rarr;","og_url":"https:\/\/www.diario21.tv\/noticias\/interpol-tras-senal-clave-en-indonesia-busqueda-urgente-de-valencianos-desaparecidos\/","og_site_name":"Diario 21","article_published_time":"2026-01-02T23:43:16+00:00","article_modified_time":"2026-01-02T23:43:18+00:00","og_image":[{"width":1200,"height":840,"url":"https:\/\/www.diario21.tv\/noticias\/wp-content\/uploads\/2026\/01\/Interpol-tras-senal-clave-en-Indonesia-\u00a1Busqueda-urgente-de-valencianos.jpg","type":"image\/jpeg"}],"author":"Juan P\u00e9rez","twitter_card":"summary_large_image","twitter_misc":{"Escrito por":"Juan P\u00e9rez","Tiempo de lectura":"2 minutos"},"schema":{"@context":"https:\/\/schema.org","@graph":[{"@type":"WebPage","@id":"https:\/\/www.diario21.tv\/noticias\/interpol-tras-senal-clave-en-indonesia-busqueda-urgente-de-valencianos-desaparecidos\/","url":"https:\/\/www.diario21.tv\/noticias\/interpol-tras-senal-clave-en-indonesia-busqueda-urgente-de-valencianos-desaparecidos\/","name":"Interpol tras se\u00f1al clave en Indonesia: \u00a1B\u00fasqueda urgente de valencianos desaparecidos! - Diario 21","isPartOf":{"@id":"https:\/\/www.diario21.tv\/noticias\/#website"},"primaryImageOfPage":{"@id":"https:\/\/www.diario21.tv\/noticias\/interpol-tras-senal-clave-en-indonesia-busqueda-urgente-de-valencianos-desaparecidos\/#primaryimage"},"image":{"@id":"https:\/\/www.diario21.tv\/noticias\/interpol-tras-senal-clave-en-indonesia-busqueda-urgente-de-valencianos-desaparecidos\/#primaryimage"},"thumbnailUrl":"https:\/\/www.diario21.tv\/noticias\/wp-content\/uploads\/2026\/01\/Interpol-tras-senal-clave-en-Indonesia-\u00a1Busqueda-urgente-de-valencianos.jpg","datePublished":"2026-01-02T23:43:16+00:00","dateModified":"2026-01-02T23:43:18+00:00","author":{"@id":"https:\/\/www.diario21.tv\/noticias\/#\/schema\/person\/dfb778f73814d8f09f302618446a526b"},"breadcrumb":{"@id":"https:\/\/www.diario21.tv\/noticias\/interpol-tras-senal-clave-en-indonesia-busqueda-urgente-de-valencianos-desaparecidos\/#breadcrumb"},"inLanguage":"es-AR","potentialAction":[{"@type":"ReadAction","target":["https:\/\/www.diario21.tv\/noticias\/interpol-tras-senal-clave-en-indonesia-busqueda-urgente-de-valencianos-desaparecidos\/"]}]},{"@type":"ImageObject","inLanguage":"es-AR","@id":"https:\/\/www.diario21.tv\/noticias\/interpol-tras-senal-clave-en-indonesia-busqueda-urgente-de-valencianos-desaparecidos\/#primaryimage","url":"https:\/\/www.diario21.tv\/noticias\/wp-content\/uploads\/2026\/01\/Interpol-tras-senal-clave-en-Indonesia-\u00a1Busqueda-urgente-de-valencianos.jpg","contentUrl":"https:\/\/www.diario21.tv\/noticias\/wp-content\/uploads\/2026\/01\/Interpol-tras-senal-clave-en-Indonesia-\u00a1Busqueda-urgente-de-valencianos.jpg","width":1200,"height":840,"caption":"La Interpol rastrea una se\u00f1al telef\u00f3nica en busca de los valencianos desaparecidos en Indonesia"},{"@type":"BreadcrumbList","@id":"https:\/\/www.diario21.tv\/noticias\/interpol-tras-senal-clave-en-indonesia-busqueda-urgente-de-valencianos-desaparecidos\/#breadcrumb","itemListElement":[{"@type":"ListItem","position":1,"name":"Accueil","item":"https:\/\/www.diario21.tv\/noticias\/"},{"@type":"ListItem","position":2,"name":"Interpol tras se\u00f1al clave en Indonesia: \u00a1B\u00fasqueda urgente de valencianos desaparecidos!"}]},{"@type":"WebSite","@id":"https:\/\/www.diario21.tv\/noticias\/#website","url":"https:\/\/www.diario21.tv\/noticias\/","name":"Diario 21","description":"","potentialAction":[{"@type":"SearchAction","target":{"@type":"EntryPoint","urlTemplate":"https:\/\/www.diario21.tv\/noticias\/?s={search_term_string}"},"query-input":{"@type":"PropertyValueSpecification","valueRequired":true,"valueName":"search_term_string"}}],"inLanguage":"es-AR"},{"@type":"Person","@id":"https:\/\/www.diario21.tv\/noticias\/#\/schema\/person\/dfb778f73814d8f09f302618446a526b","name":"Juan P\u00e9rez","image":{"@type":"ImageObject","inLanguage":"es-AR","@id":"https:\/\/www.diario21.tv\/noticias\/#\/schema\/person\/image\/","url":"https:\/\/secure.gravatar.com\/avatar\/c478a405bd10621167f4c3167cc770f5?s=96&d=mm&r=g","contentUrl":"https:\/\/secure.gravatar.com\/avatar\/c478a405bd10621167f4c3167cc770f5?s=96&d=mm&r=g","caption":"Juan P\u00e9rez"},"description":"Juan P\u00e9rez es el redactor en jefe de Diario 21. Con m\u00e1s de 10 a\u00f1os de experiencia en el periodismo, se especializa en pol\u00edtica nacional y an\u00e1lisis socioecon\u00f3mico. Su enfoque cr\u00edtico y riguroso aporta una perspectiva \u00fanica a cada art\u00edculo.","sameAs":["https:\/\/www.diario21.tv\/noticias\/"],"url":"https:\/\/www.diario21.tv\/noticias\/author\/juan-perez\/"}]}},"_links":{"self":[{"href":"https:\/\/www.diario21.tv\/noticias\/wp-json\/wp\/v2\/posts\/5745"}],"collection":[{"href":"https:\/\/www.diario21.tv\/noticias\/wp-json\/wp\/v2\/posts"}],"about":[{"href":"https:\/\/www.diario21.tv\/noticias\/wp-json\/wp\/v2\/types\/post"}],"author":[{"embeddable":true,"href":"https:\/\/www.diario21.tv\/noticias\/wp-json\/wp\/v2\/users\/20"}],"replies":[{"embeddable":true,"href":"https:\/\/www.diario21.tv\/noticias\/wp-json\/wp\/v2\/comments?post=5745"}],"version-history":[{"count":1,"href":"https:\/\/www.diario21.tv\/noticias\/wp-json\/wp\/v2\/posts\/5745\/revisions"}],"predecessor-version":[{"id":5747,"href":"https:\/\/www.diario21.tv\/noticias\/wp-json\/wp\/v2\/posts\/5745\/revisions\/5747"}],"wp:featuredmedia":[{"embeddable":true,"href":"https:\/\/www.diario21.tv\/noticias\/wp-json\/wp\/v2\/media\/5746"}],"wp:attachment":[{"href":"https:\/\/www.diario21.tv\/noticias\/wp-json\/wp\/v2\/media?parent=5745"}],"wp:term":[{"taxonomy":"category","embeddable":true,"href":"https:\/\/www.diario21.tv\/noticias\/wp-json\/wp\/v2\/categories?post=5745"},{"taxonomy":"post_tag","embeddable":true,"href":"https:\/\/www.diario21.tv\/noticias\/wp-json\/wp\/v2\/tags?post=5745"}],"curies":[{"name":"wp","href":"https:\/\/api.w.org\/{rel}","templated":true}]}}