{"id":5739,"date":"2026-01-02T05:40:02","date_gmt":"2026-01-02T05:40:02","guid":{"rendered":"https:\/\/www.diario21.tv\/noticias\/tragedia-en-granada-y-malaga-dos-muertos-y-un-desaparecido-tras-el-brutal-temporal\/"},"modified":"2026-01-02T05:40:03","modified_gmt":"2026-01-02T05:40:03","slug":"tragedia-en-granada-y-malaga-dos-muertos-y-un-desaparecido-tras-el-brutal-temporal","status":"publish","type":"post","link":"https:\/\/www.diario21.tv\/noticias\/tragedia-en-granada-y-malaga-dos-muertos-y-un-desaparecido-tras-el-brutal-temporal\/","title":{"rendered":"Tragedia en Granada y M\u00e1laga: Dos muertos y un desaparecido tras el brutal temporal"},"content":{"rendered":"<h2>El Tormentoso Clima Causa Dos Muertes en Granada y M\u00e1laga<\/h2>\n<p>El reciente episodio de mal tiempo que ha azotado algunas \u00e1reas de Espa\u00f1a ha resultado en tr\u00e1gicas consecuencias, incluyendo la muerte de dos personas en las provincias de Granada y M\u00e1laga. Las autoridades han confirmado estos fallecimientos y han reanudado la b\u00fasqueda de una tercera persona que sigue desaparecida.<\/p>\n<h3>Fallecimientos Reportados y Operaciones de B\u00fasqueda<\/h3>\n<p>En Granada, un incidente particularmente doloroso involucr\u00f3 a un hombre que perdi\u00f3 la vida debido a las severas condiciones clim\u00e1ticas. En M\u00e1laga, la situaci\u00f3n no fue menos grave; una mujer tambi\u00e9n fue v\u00edctima de la tormenta. Ambos incidentes subrayan la peligrosidad del evento meteorol\u00f3gico que ha impactado estas \u00e1reas.<\/p>\n<p>Adem\u00e1s, las autoridades est\u00e1n intensificando esfuerzos para localizar a una tercera persona desaparecida en M\u00e1laga. Las operaciones de b\u00fasqueda se hab\u00edan suspendido temporalmente debido a las condiciones adversas, pero se han reanudado con la esperanza de encontrar a la persona desaparecida lo antes posible.<\/p>\n<h3>Respuesta de las Autoridades<\/h3>\n<p>Las autoridades locales est\u00e1n trabajando incansablemente no solo en las operaciones de b\u00fasqueda, sino tambi\u00e9n en evaluar y mitigar los da\u00f1os causados por el temporal. Se est\u00e1n tomando medidas para asegurar que los residentes afectados reciban la ayuda necesaria y para prevenir incidentes futuros ante la posibilidad de que contin\u00faen las malas condiciones clim\u00e1ticas.<\/p>\n<p>Este evento ha puesto a prueba los sistemas de emergencia locales, y ha demostrado la importancia de la preparaci\u00f3n y la respuesta r\u00e1pida en situaciones de crisis clim\u00e1ticas. Se recomienda a los ciudadanos mantenerse al tanto de los avisos meteorol\u00f3gicos y seguir las instrucciones de las autoridades para garantizar su seguridad.<\/p>\n<h3>Impacto en la Comunidad<\/h3>\n<p>La comunidad ha sentido profundamente la p\u00e9rdida de vidas y los desaf\u00edos causados por el temporal. Hay un sentido de solidaridad entre los residentes, quienes se est\u00e1n apoyando mutuamente en estos momentos dif\u00edciles. Las autoridades han elogiado el esp\u00edritu comunitario y est\u00e1n fomentando que m\u00e1s personas se sumen a los esfuerzos de apoyo y recuperaci\u00f3n.<\/p>\n<p>Adem\u00e1s, se est\u00e1n llevando a cabo evaluaciones para determinar el alcance total de los da\u00f1os y para planificar las necesarias reparaciones en la infraestructura. La prioridad es restaurar la normalidad en las \u00e1reas afectadas lo m\u00e1s pronto posible, mientras se asegura la seguridad de todos los residentes.<\/p>\n<p>Este tr\u00e1gico evento ha recordado a todos la fuerza de la naturaleza y la necesidad de estar preparados para enfrentar sus consecuencias. La comunidad, aunque golpeada por la tragedia, est\u00e1 mostrando una notable resiliencia y compromiso para reconstruir y avanzar.<\/p>\n\n\n<div class=\"kk-star-ratings kksr-auto kksr-align-left kksr-valign-bottom\"\n    data-payload='{&quot;align&quot;:&quot;left&quot;,&quot;id&quot;:&quot;5739&quot;,&quot;slug&quot;:&quot;default&quot;,&quot;valign&quot;:&quot;bottom&quot;,&quot;ignore&quot;:&quot;&quot;,&quot;reference&quot;:&quot;auto&quot;,&quot;class&quot;:&quot;&quot;,&quot;count&quot;:&quot;0&quot;,&quot;legendonly&quot;:&quot;&quot;,&quot;readonly&quot;:&quot;&quot;,&quot;score&quot;:&quot;0&quot;,&quot;starsonly&quot;:&quot;&quot;,&quot;best&quot;:&quot;5&quot;,&quot;gap&quot;:&quot;5&quot;,&quot;greet&quot;:&quot;Valora este post&quot;,&quot;legend&quot;:&quot;0\\\/5 - (0 votes)&quot;,&quot;size&quot;:&quot;22&quot;,&quot;title&quot;:&quot;Tragedia en Granada y M\u00e1laga: Dos muertos y un desaparecido tras el brutal temporal&quot;,&quot;width&quot;:&quot;0&quot;,&quot;_legend&quot;:&quot;{score}\\\/{best} - ({count} {votes})&quot;,&quot;font_factor&quot;:&quot;1.25&quot;}'>\n            \n<div class=\"kksr-stars\">\n    \n<div class=\"kksr-stars-inactive\">\n            <div class=\"kksr-star\" data-star=\"1\" style=\"padding-right: 5px\">\n            \n\n<div class=\"kksr-icon\" style=\"width: 22px; height: 22px;\"><\/div>\n        <\/div>\n            <div class=\"kksr-star\" data-star=\"2\" style=\"padding-right: 5px\">\n            \n\n<div class=\"kksr-icon\" style=\"width: 22px; height: 22px;\"><\/div>\n        <\/div>\n            <div class=\"kksr-star\" data-star=\"3\" style=\"padding-right: 5px\">\n            \n\n<div class=\"kksr-icon\" style=\"width: 22px; height: 22px;\"><\/div>\n        <\/div>\n            <div class=\"kksr-star\" data-star=\"4\" style=\"padding-right: 5px\">\n            \n\n<div class=\"kksr-icon\" style=\"width: 22px; height: 22px;\"><\/div>\n        <\/div>\n            <div class=\"kksr-star\" data-star=\"5\" style=\"padding-right: 5px\">\n            \n\n<div class=\"kksr-icon\" style=\"width: 22px; height: 22px;\"><\/div>\n        <\/div>\n    <\/div>\n    \n<div class=\"kksr-stars-active\" style=\"width: 0px;\">\n            <div class=\"kksr-star\" style=\"padding-right: 5px\">\n            \n\n<div class=\"kksr-icon\" style=\"width: 22px; height: 22px;\"><\/div>\n        <\/div>\n            <div class=\"kksr-star\" style=\"padding-right: 5px\">\n            \n\n<div class=\"kksr-icon\" style=\"width: 22px; height: 22px;\"><\/div>\n        <\/div>\n            <div class=\"kksr-star\" style=\"padding-right: 5px\">\n            \n\n<div class=\"kksr-icon\" style=\"width: 22px; height: 22px;\"><\/div>\n        <\/div>\n            <div class=\"kksr-star\" style=\"padding-right: 5px\">\n            \n\n<div class=\"kksr-icon\" style=\"width: 22px; height: 22px;\"><\/div>\n        <\/div>\n            <div class=\"kksr-star\" style=\"padding-right: 5px\">\n            \n\n<div class=\"kksr-icon\" style=\"width: 22px; height: 22px;\"><\/div>\n        <\/div>\n    <\/div>\n<\/div>\n                \n\n<div class=\"kksr-legend\" style=\"font-size: 17.6px;\">\n            <span class=\"kksr-muted\">Valora este post<\/span>\n    <\/div>\n    <\/div>\n","protected":false},"excerpt":{"rendered":"<p>El Tormentoso Clima Causa Dos Muertes en Granada y M\u00e1laga El reciente episodio de mal tiempo que ha azotado algunas \u00e1reas de Espa\u00f1a ha resultado en &#8230; <a title=\"Tragedia en Granada y M\u00e1laga: Dos muertos y un desaparecido tras el brutal temporal\" class=\"read-more\" href=\"https:\/\/www.diario21.tv\/noticias\/tragedia-en-granada-y-malaga-dos-muertos-y-un-desaparecido-tras-el-brutal-temporal\/\" aria-label=\"Leer m\u00e1s sobre Tragedia en Granada y M\u00e1laga: Dos muertos y un desaparecido tras el brutal temporal\">Seguir leyendo &rarr;<\/a><\/p>\n","protected":false},"author":20,"featured_media":5740,"comment_status":"open","ping_status":"open","sticky":false,"template":"","format":"standard","meta":{"footnotes":""},"categories":[13],"tags":[],"class_list":["post-5739","post","type-post","status-publish","format-standard","has-post-thumbnail","hentry","category-portada"],"yoast_head":"<!-- This site is optimized with the Yoast SEO plugin v25.6 - https:\/\/yoast.com\/wordpress\/plugins\/seo\/ -->\n<title>Tragedia en Granada y M\u00e1laga: Dos muertos y un desaparecido tras el brutal temporal - Diario 21<\/title>\n<meta name=\"robots\" content=\"index, follow, max-snippet:-1, max-image-preview:large, max-video-preview:-1\" \/>\n<link rel=\"canonical\" href=\"https:\/\/www.diario21.tv\/noticias\/tragedia-en-granada-y-malaga-dos-muertos-y-un-desaparecido-tras-el-brutal-temporal\/\" \/>\n<meta property=\"og:locale\" content=\"es_ES\" \/>\n<meta property=\"og:type\" content=\"article\" \/>\n<meta property=\"og:title\" content=\"Tragedia en Granada y M\u00e1laga: Dos muertos y un desaparecido tras el brutal temporal - Diario 21\" \/>\n<meta property=\"og:description\" content=\"El Tormentoso Clima Causa Dos Muertes en Granada y M\u00e1laga El reciente episodio de mal tiempo que ha azotado algunas \u00e1reas de Espa\u00f1a ha resultado en ... Seguir leyendo &rarr;\" \/>\n<meta property=\"og:url\" content=\"https:\/\/www.diario21.tv\/noticias\/tragedia-en-granada-y-malaga-dos-muertos-y-un-desaparecido-tras-el-brutal-temporal\/\" \/>\n<meta property=\"og:site_name\" content=\"Diario 21\" \/>\n<meta property=\"article:published_time\" content=\"2026-01-02T05:40:02+00:00\" \/>\n<meta property=\"article:modified_time\" content=\"2026-01-02T05:40:03+00:00\" \/>\n<meta property=\"og:image\" content=\"https:\/\/www.diario21.tv\/noticias\/wp-content\/uploads\/2026\/01\/Tragedia-en-Granada-y-Malaga-Dos-muertos-y-un-desaparecido.jpg\" \/>\n\t<meta property=\"og:image:width\" content=\"1200\" \/>\n\t<meta property=\"og:image:height\" content=\"840\" \/>\n\t<meta property=\"og:image:type\" content=\"image\/jpeg\" \/>\n<meta name=\"author\" content=\"Juan P\u00e9rez\" \/>\n<meta name=\"twitter:card\" content=\"summary_large_image\" \/>\n<meta name=\"twitter:label1\" content=\"Escrito por\" \/>\n\t<meta name=\"twitter:data1\" content=\"Juan P\u00e9rez\" \/>\n\t<meta name=\"twitter:label2\" content=\"Tiempo de lectura\" \/>\n\t<meta name=\"twitter:data2\" content=\"2 minutos\" \/>\n<script type=\"application\/ld+json\" class=\"yoast-schema-graph\">{\"@context\":\"https:\/\/schema.org\",\"@graph\":[{\"@type\":\"WebPage\",\"@id\":\"https:\/\/www.diario21.tv\/noticias\/tragedia-en-granada-y-malaga-dos-muertos-y-un-desaparecido-tras-el-brutal-temporal\/\",\"url\":\"https:\/\/www.diario21.tv\/noticias\/tragedia-en-granada-y-malaga-dos-muertos-y-un-desaparecido-tras-el-brutal-temporal\/\",\"name\":\"Tragedia en Granada y M\u00e1laga: Dos muertos y un desaparecido tras el brutal temporal - Diario 21\",\"isPartOf\":{\"@id\":\"https:\/\/www.diario21.tv\/noticias\/#website\"},\"primaryImageOfPage\":{\"@id\":\"https:\/\/www.diario21.tv\/noticias\/tragedia-en-granada-y-malaga-dos-muertos-y-un-desaparecido-tras-el-brutal-temporal\/#primaryimage\"},\"image\":{\"@id\":\"https:\/\/www.diario21.tv\/noticias\/tragedia-en-granada-y-malaga-dos-muertos-y-un-desaparecido-tras-el-brutal-temporal\/#primaryimage\"},\"thumbnailUrl\":\"https:\/\/www.diario21.tv\/noticias\/wp-content\/uploads\/2026\/01\/Tragedia-en-Granada-y-Malaga-Dos-muertos-y-un-desaparecido.jpg\",\"datePublished\":\"2026-01-02T05:40:02+00:00\",\"dateModified\":\"2026-01-02T05:40:03+00:00\",\"author\":{\"@id\":\"https:\/\/www.diario21.tv\/noticias\/#\/schema\/person\/dfb778f73814d8f09f302618446a526b\"},\"breadcrumb\":{\"@id\":\"https:\/\/www.diario21.tv\/noticias\/tragedia-en-granada-y-malaga-dos-muertos-y-un-desaparecido-tras-el-brutal-temporal\/#breadcrumb\"},\"inLanguage\":\"es-AR\",\"potentialAction\":[{\"@type\":\"ReadAction\",\"target\":[\"https:\/\/www.diario21.tv\/noticias\/tragedia-en-granada-y-malaga-dos-muertos-y-un-desaparecido-tras-el-brutal-temporal\/\"]}]},{\"@type\":\"ImageObject\",\"inLanguage\":\"es-AR\",\"@id\":\"https:\/\/www.diario21.tv\/noticias\/tragedia-en-granada-y-malaga-dos-muertos-y-un-desaparecido-tras-el-brutal-temporal\/#primaryimage\",\"url\":\"https:\/\/www.diario21.tv\/noticias\/wp-content\/uploads\/2026\/01\/Tragedia-en-Granada-y-Malaga-Dos-muertos-y-un-desaparecido.jpg\",\"contentUrl\":\"https:\/\/www.diario21.tv\/noticias\/wp-content\/uploads\/2026\/01\/Tragedia-en-Granada-y-Malaga-Dos-muertos-y-un-desaparecido.jpg\",\"width\":1200,\"height\":840,\"caption\":\"El hallazgo del cuerpo del segundo desaparecido en M\u00e1laga eleva a tres los fallecidos por el temporal\"},{\"@type\":\"BreadcrumbList\",\"@id\":\"https:\/\/www.diario21.tv\/noticias\/tragedia-en-granada-y-malaga-dos-muertos-y-un-desaparecido-tras-el-brutal-temporal\/#breadcrumb\",\"itemListElement\":[{\"@type\":\"ListItem\",\"position\":1,\"name\":\"Accueil\",\"item\":\"https:\/\/www.diario21.tv\/noticias\/\"},{\"@type\":\"ListItem\",\"position\":2,\"name\":\"Tragedia en Granada y M\u00e1laga: Dos muertos y un desaparecido tras el brutal temporal\"}]},{\"@type\":\"WebSite\",\"@id\":\"https:\/\/www.diario21.tv\/noticias\/#website\",\"url\":\"https:\/\/www.diario21.tv\/noticias\/\",\"name\":\"Diario 21\",\"description\":\"\",\"potentialAction\":[{\"@type\":\"SearchAction\",\"target\":{\"@type\":\"EntryPoint\",\"urlTemplate\":\"https:\/\/www.diario21.tv\/noticias\/?s={search_term_string}\"},\"query-input\":{\"@type\":\"PropertyValueSpecification\",\"valueRequired\":true,\"valueName\":\"search_term_string\"}}],\"inLanguage\":\"es-AR\"},{\"@type\":\"Person\",\"@id\":\"https:\/\/www.diario21.tv\/noticias\/#\/schema\/person\/dfb778f73814d8f09f302618446a526b\",\"name\":\"Juan P\u00e9rez\",\"image\":{\"@type\":\"ImageObject\",\"inLanguage\":\"es-AR\",\"@id\":\"https:\/\/www.diario21.tv\/noticias\/#\/schema\/person\/image\/\",\"url\":\"https:\/\/secure.gravatar.com\/avatar\/c478a405bd10621167f4c3167cc770f5?s=96&d=mm&r=g\",\"contentUrl\":\"https:\/\/secure.gravatar.com\/avatar\/c478a405bd10621167f4c3167cc770f5?s=96&d=mm&r=g\",\"caption\":\"Juan P\u00e9rez\"},\"description\":\"Juan P\u00e9rez es el redactor en jefe de Diario 21. Con m\u00e1s de 10 a\u00f1os de experiencia en el periodismo, se especializa en pol\u00edtica nacional y an\u00e1lisis socioecon\u00f3mico. Su enfoque cr\u00edtico y riguroso aporta una perspectiva \u00fanica a cada art\u00edculo.\",\"sameAs\":[\"https:\/\/www.diario21.tv\/noticias\/\"],\"url\":\"https:\/\/www.diario21.tv\/noticias\/author\/juan-perez\/\"}]}<\/script>\n<!-- \/ Yoast SEO plugin. -->","yoast_head_json":{"title":"Tragedia en Granada y M\u00e1laga: Dos muertos y un desaparecido tras el brutal temporal - Diario 21","robots":{"index":"index","follow":"follow","max-snippet":"max-snippet:-1","max-image-preview":"max-image-preview:large","max-video-preview":"max-video-preview:-1"},"canonical":"https:\/\/www.diario21.tv\/noticias\/tragedia-en-granada-y-malaga-dos-muertos-y-un-desaparecido-tras-el-brutal-temporal\/","og_locale":"es_ES","og_type":"article","og_title":"Tragedia en Granada y M\u00e1laga: Dos muertos y un desaparecido tras el brutal temporal - Diario 21","og_description":"El Tormentoso Clima Causa Dos Muertes en Granada y M\u00e1laga El reciente episodio de mal tiempo que ha azotado algunas \u00e1reas de Espa\u00f1a ha resultado en ... Seguir leyendo &rarr;","og_url":"https:\/\/www.diario21.tv\/noticias\/tragedia-en-granada-y-malaga-dos-muertos-y-un-desaparecido-tras-el-brutal-temporal\/","og_site_name":"Diario 21","article_published_time":"2026-01-02T05:40:02+00:00","article_modified_time":"2026-01-02T05:40:03+00:00","og_image":[{"width":1200,"height":840,"url":"https:\/\/www.diario21.tv\/noticias\/wp-content\/uploads\/2026\/01\/Tragedia-en-Granada-y-Malaga-Dos-muertos-y-un-desaparecido.jpg","type":"image\/jpeg"}],"author":"Juan P\u00e9rez","twitter_card":"summary_large_image","twitter_misc":{"Escrito por":"Juan P\u00e9rez","Tiempo de lectura":"2 minutos"},"schema":{"@context":"https:\/\/schema.org","@graph":[{"@type":"WebPage","@id":"https:\/\/www.diario21.tv\/noticias\/tragedia-en-granada-y-malaga-dos-muertos-y-un-desaparecido-tras-el-brutal-temporal\/","url":"https:\/\/www.diario21.tv\/noticias\/tragedia-en-granada-y-malaga-dos-muertos-y-un-desaparecido-tras-el-brutal-temporal\/","name":"Tragedia en Granada y M\u00e1laga: Dos muertos y un desaparecido tras el brutal temporal - Diario 21","isPartOf":{"@id":"https:\/\/www.diario21.tv\/noticias\/#website"},"primaryImageOfPage":{"@id":"https:\/\/www.diario21.tv\/noticias\/tragedia-en-granada-y-malaga-dos-muertos-y-un-desaparecido-tras-el-brutal-temporal\/#primaryimage"},"image":{"@id":"https:\/\/www.diario21.tv\/noticias\/tragedia-en-granada-y-malaga-dos-muertos-y-un-desaparecido-tras-el-brutal-temporal\/#primaryimage"},"thumbnailUrl":"https:\/\/www.diario21.tv\/noticias\/wp-content\/uploads\/2026\/01\/Tragedia-en-Granada-y-Malaga-Dos-muertos-y-un-desaparecido.jpg","datePublished":"2026-01-02T05:40:02+00:00","dateModified":"2026-01-02T05:40:03+00:00","author":{"@id":"https:\/\/www.diario21.tv\/noticias\/#\/schema\/person\/dfb778f73814d8f09f302618446a526b"},"breadcrumb":{"@id":"https:\/\/www.diario21.tv\/noticias\/tragedia-en-granada-y-malaga-dos-muertos-y-un-desaparecido-tras-el-brutal-temporal\/#breadcrumb"},"inLanguage":"es-AR","potentialAction":[{"@type":"ReadAction","target":["https:\/\/www.diario21.tv\/noticias\/tragedia-en-granada-y-malaga-dos-muertos-y-un-desaparecido-tras-el-brutal-temporal\/"]}]},{"@type":"ImageObject","inLanguage":"es-AR","@id":"https:\/\/www.diario21.tv\/noticias\/tragedia-en-granada-y-malaga-dos-muertos-y-un-desaparecido-tras-el-brutal-temporal\/#primaryimage","url":"https:\/\/www.diario21.tv\/noticias\/wp-content\/uploads\/2026\/01\/Tragedia-en-Granada-y-Malaga-Dos-muertos-y-un-desaparecido.jpg","contentUrl":"https:\/\/www.diario21.tv\/noticias\/wp-content\/uploads\/2026\/01\/Tragedia-en-Granada-y-Malaga-Dos-muertos-y-un-desaparecido.jpg","width":1200,"height":840,"caption":"El hallazgo del cuerpo del segundo desaparecido en M\u00e1laga eleva a tres los fallecidos por el temporal"},{"@type":"BreadcrumbList","@id":"https:\/\/www.diario21.tv\/noticias\/tragedia-en-granada-y-malaga-dos-muertos-y-un-desaparecido-tras-el-brutal-temporal\/#breadcrumb","itemListElement":[{"@type":"ListItem","position":1,"name":"Accueil","item":"https:\/\/www.diario21.tv\/noticias\/"},{"@type":"ListItem","position":2,"name":"Tragedia en Granada y M\u00e1laga: Dos muertos y un desaparecido tras el brutal temporal"}]},{"@type":"WebSite","@id":"https:\/\/www.diario21.tv\/noticias\/#website","url":"https:\/\/www.diario21.tv\/noticias\/","name":"Diario 21","description":"","potentialAction":[{"@type":"SearchAction","target":{"@type":"EntryPoint","urlTemplate":"https:\/\/www.diario21.tv\/noticias\/?s={search_term_string}"},"query-input":{"@type":"PropertyValueSpecification","valueRequired":true,"valueName":"search_term_string"}}],"inLanguage":"es-AR"},{"@type":"Person","@id":"https:\/\/www.diario21.tv\/noticias\/#\/schema\/person\/dfb778f73814d8f09f302618446a526b","name":"Juan P\u00e9rez","image":{"@type":"ImageObject","inLanguage":"es-AR","@id":"https:\/\/www.diario21.tv\/noticias\/#\/schema\/person\/image\/","url":"https:\/\/secure.gravatar.com\/avatar\/c478a405bd10621167f4c3167cc770f5?s=96&d=mm&r=g","contentUrl":"https:\/\/secure.gravatar.com\/avatar\/c478a405bd10621167f4c3167cc770f5?s=96&d=mm&r=g","caption":"Juan P\u00e9rez"},"description":"Juan P\u00e9rez es el redactor en jefe de Diario 21. Con m\u00e1s de 10 a\u00f1os de experiencia en el periodismo, se especializa en pol\u00edtica nacional y an\u00e1lisis socioecon\u00f3mico. Su enfoque cr\u00edtico y riguroso aporta una perspectiva \u00fanica a cada art\u00edculo.","sameAs":["https:\/\/www.diario21.tv\/noticias\/"],"url":"https:\/\/www.diario21.tv\/noticias\/author\/juan-perez\/"}]}},"_links":{"self":[{"href":"https:\/\/www.diario21.tv\/noticias\/wp-json\/wp\/v2\/posts\/5739"}],"collection":[{"href":"https:\/\/www.diario21.tv\/noticias\/wp-json\/wp\/v2\/posts"}],"about":[{"href":"https:\/\/www.diario21.tv\/noticias\/wp-json\/wp\/v2\/types\/post"}],"author":[{"embeddable":true,"href":"https:\/\/www.diario21.tv\/noticias\/wp-json\/wp\/v2\/users\/20"}],"replies":[{"embeddable":true,"href":"https:\/\/www.diario21.tv\/noticias\/wp-json\/wp\/v2\/comments?post=5739"}],"version-history":[{"count":1,"href":"https:\/\/www.diario21.tv\/noticias\/wp-json\/wp\/v2\/posts\/5739\/revisions"}],"predecessor-version":[{"id":5741,"href":"https:\/\/www.diario21.tv\/noticias\/wp-json\/wp\/v2\/posts\/5739\/revisions\/5741"}],"wp:featuredmedia":[{"embeddable":true,"href":"https:\/\/www.diario21.tv\/noticias\/wp-json\/wp\/v2\/media\/5740"}],"wp:attachment":[{"href":"https:\/\/www.diario21.tv\/noticias\/wp-json\/wp\/v2\/media?parent=5739"}],"wp:term":[{"taxonomy":"category","embeddable":true,"href":"https:\/\/www.diario21.tv\/noticias\/wp-json\/wp\/v2\/categories?post=5739"},{"taxonomy":"post_tag","embeddable":true,"href":"https:\/\/www.diario21.tv\/noticias\/wp-json\/wp\/v2\/tags?post=5739"}],"curies":[{"name":"wp","href":"https:\/\/api.w.org\/{rel}","templated":true}]}}