{"id":5730,"date":"2026-01-01T11:37:08","date_gmt":"2026-01-01T11:37:08","guid":{"rendered":"https:\/\/www.diario21.tv\/noticias\/atencion-dgt-establece-fecha-limite-para-asegurar-patinetes-electricos-en-enero-evita-multas\/"},"modified":"2026-01-01T11:37:09","modified_gmt":"2026-01-01T11:37:09","slug":"atencion-dgt-establece-fecha-limite-para-asegurar-patinetes-electricos-en-enero-evita-multas","status":"publish","type":"post","link":"https:\/\/www.diario21.tv\/noticias\/atencion-dgt-establece-fecha-limite-para-asegurar-patinetes-electricos-en-enero-evita-multas\/","title":{"rendered":"\u00a1Atenci\u00f3n! DGT establece fecha l\u00edmite para asegurar patinetes el\u00e9ctricos en enero. \u00a1Evita multas!"},"content":{"rendered":"<h2>Alerta Final de la Direcci\u00f3n General de Tr\u00e1fico: Plazo Definitivo para Asegurar Patinetes El\u00e9ctricos en Enero y Eludir Sanciones<\/h2>\n<p>La Direcci\u00f3n General de Tr\u00e1fico (DGT) ha emitido una notificaci\u00f3n crucial dirigida a todos los usuarios de patinetes el\u00e9ctricos en Espa\u00f1a. Con el prop\u00f3sito de regular adecuadamente estos veh\u00edculos y garantizar la seguridad tanto de los conductores como de los peatones, la DGT ha establecido un plazo final para que los due\u00f1os de patinetes el\u00e9ctricos contraten un seguro obligatorio. La fecha l\u00edmite impuesta es este enero, y quienes no cumplan con este requisito estar\u00e1n sujetos a multas.<\/p>\n<h3>\u00bfPor Qu\u00e9 es Necesario Asegurar tu Patinete El\u00e9ctrico?<\/h3>\n<p>Los patinetes el\u00e9ctricos, al igual que otros veh\u00edculos, poseen el potencial de causar accidentes o da\u00f1os tanto en la v\u00eda p\u00fablica como a terceros. Por este motivo, la DGT ha decidido implementar una pol\u00edtica de seguros obligatorios. Este seguro tiene como objetivo cubrir cualquier da\u00f1o que pueda surgir en el uso cotidiano de estos veh\u00edculos, proporcionando as\u00ed una capa adicional de protecci\u00f3n financiera y legal para los conductores y afectados en caso de incidente.<\/p>\n<h3>Detalles Sobre la Pol\u00edtica de Seguros<\/h3>\n<p>La p\u00f3liza de seguro debe cubrir responsabilidad civil, asegurando que cualquier da\u00f1o a terceros est\u00e9 completamente financiado y gestionado. Esto incluye da\u00f1os f\u00edsicos a personas y propiedades que puedan ser afectadas durante el uso del patinete. La DGT a\u00fan no ha especificado un m\u00ednimo de cobertura, pero ha enfatizado la importancia de contar con una p\u00f3liza adecuada que responda efectivamente en caso de accidentes.<\/p>\n<h3>Consecuencias de No Asegurar tu Patinete<\/h3>\n<p>Los usuarios que no acaten esta nueva regulaci\u00f3n y circulen con un patinete el\u00e9ctrico sin el seguro correspondiente enfrentar\u00e1n multas significativas. La DGT ha anunciado que las sanciones podr\u00e1n variar, pero ser\u00e1n considerablemente elevadas para disuadir a los conductores de ignorar esta ley. Adem\u00e1s de las multas, no tener seguro podr\u00eda complicar las cosas en el evento de un accidente, dejando al conductor del patinete el\u00e9ctrico vulnerable a litigios y reclamaciones de compensaci\u00f3n por parte de terceros afectados.<\/p>\n<h3>\u00bfC\u00f3mo y D\u00f3nde Contratar un Seguro?<\/h3>\n<p>Contratar un seguro para patinetes el\u00e9ctricos es un proceso sencillo que puede realizarse a trav\u00e9s de varias compa\u00f1\u00edas aseguradoras que ofrecen este tipo de servicios. Es recomendable comparar diferentes ofertas para encontrar la que mejor se adapte a las necesidades y presupuesto del usuario. Adem\u00e1s, algunas empresas especializadas en seguros para veh\u00edculos de movilidad personal ya ofrecen planes dise\u00f1ados espec\u00edficamente para patinetes el\u00e9ctricos, lo que facilita la elecci\u00f3n adecuada para los consumidores.<\/p>\n<h3>Resumen<\/h3>\n<p>La medida impuesta por la DGT busca aumentar la seguridad en las calles y proteger a todos los ciudadanos, asegurando que cualquier incidente involucrado con patinetes el\u00e9ctricos sea gestionado de manera apropiada. Con el plazo finalizando este enero, es fundamental que todos los propietarios de estos veh\u00edculos se aseguren de cumplir con esta nueva regulaci\u00f3n para evitar posibles sanciones y problemas legales. Asegurar tu patinete no solo es una obligaci\u00f3n legal, sino tambi\u00e9n una responsabilidad \u00e9tica hacia los dem\u00e1s usuarios de la v\u00eda p\u00fablica.<\/p>\n\n\n<div class=\"kk-star-ratings kksr-auto kksr-align-left kksr-valign-bottom\"\n    data-payload='{&quot;align&quot;:&quot;left&quot;,&quot;id&quot;:&quot;5730&quot;,&quot;slug&quot;:&quot;default&quot;,&quot;valign&quot;:&quot;bottom&quot;,&quot;ignore&quot;:&quot;&quot;,&quot;reference&quot;:&quot;auto&quot;,&quot;class&quot;:&quot;&quot;,&quot;count&quot;:&quot;0&quot;,&quot;legendonly&quot;:&quot;&quot;,&quot;readonly&quot;:&quot;&quot;,&quot;score&quot;:&quot;0&quot;,&quot;starsonly&quot;:&quot;&quot;,&quot;best&quot;:&quot;5&quot;,&quot;gap&quot;:&quot;5&quot;,&quot;greet&quot;:&quot;Valora este post&quot;,&quot;legend&quot;:&quot;0\\\/5 - (0 votes)&quot;,&quot;size&quot;:&quot;22&quot;,&quot;title&quot;:&quot;\u00a1Atenci\u00f3n! DGT establece fecha l\u00edmite para asegurar patinetes el\u00e9ctricos en enero. \u00a1Evita multas!&quot;,&quot;width&quot;:&quot;0&quot;,&quot;_legend&quot;:&quot;{score}\\\/{best} - ({count} {votes})&quot;,&quot;font_factor&quot;:&quot;1.25&quot;}'>\n            \n<div class=\"kksr-stars\">\n    \n<div class=\"kksr-stars-inactive\">\n            <div class=\"kksr-star\" data-star=\"1\" style=\"padding-right: 5px\">\n            \n\n<div class=\"kksr-icon\" style=\"width: 22px; height: 22px;\"><\/div>\n        <\/div>\n            <div class=\"kksr-star\" data-star=\"2\" style=\"padding-right: 5px\">\n            \n\n<div class=\"kksr-icon\" style=\"width: 22px; height: 22px;\"><\/div>\n        <\/div>\n            <div class=\"kksr-star\" data-star=\"3\" style=\"padding-right: 5px\">\n            \n\n<div class=\"kksr-icon\" style=\"width: 22px; height: 22px;\"><\/div>\n        <\/div>\n            <div class=\"kksr-star\" data-star=\"4\" style=\"padding-right: 5px\">\n            \n\n<div class=\"kksr-icon\" style=\"width: 22px; height: 22px;\"><\/div>\n        <\/div>\n            <div class=\"kksr-star\" data-star=\"5\" style=\"padding-right: 5px\">\n            \n\n<div class=\"kksr-icon\" style=\"width: 22px; height: 22px;\"><\/div>\n        <\/div>\n    <\/div>\n    \n<div class=\"kksr-stars-active\" style=\"width: 0px;\">\n            <div class=\"kksr-star\" style=\"padding-right: 5px\">\n            \n\n<div class=\"kksr-icon\" style=\"width: 22px; height: 22px;\"><\/div>\n        <\/div>\n            <div class=\"kksr-star\" style=\"padding-right: 5px\">\n            \n\n<div class=\"kksr-icon\" style=\"width: 22px; height: 22px;\"><\/div>\n        <\/div>\n            <div class=\"kksr-star\" style=\"padding-right: 5px\">\n            \n\n<div class=\"kksr-icon\" style=\"width: 22px; height: 22px;\"><\/div>\n        <\/div>\n            <div class=\"kksr-star\" style=\"padding-right: 5px\">\n            \n\n<div class=\"kksr-icon\" style=\"width: 22px; height: 22px;\"><\/div>\n        <\/div>\n            <div class=\"kksr-star\" style=\"padding-right: 5px\">\n            \n\n<div class=\"kksr-icon\" style=\"width: 22px; height: 22px;\"><\/div>\n        <\/div>\n    <\/div>\n<\/div>\n                \n\n<div class=\"kksr-legend\" style=\"font-size: 17.6px;\">\n            <span class=\"kksr-muted\">Valora este post<\/span>\n    <\/div>\n    <\/div>\n","protected":false},"excerpt":{"rendered":"<p>Alerta Final de la Direcci\u00f3n General de Tr\u00e1fico: Plazo Definitivo para Asegurar Patinetes El\u00e9ctricos en Enero y Eludir Sanciones La Direcci\u00f3n General de Tr\u00e1fico (DGT) ha &#8230; <a title=\"\u00a1Atenci\u00f3n! DGT establece fecha l\u00edmite para asegurar patinetes el\u00e9ctricos en enero. \u00a1Evita multas!\" class=\"read-more\" href=\"https:\/\/www.diario21.tv\/noticias\/atencion-dgt-establece-fecha-limite-para-asegurar-patinetes-electricos-en-enero-evita-multas\/\" aria-label=\"Leer m\u00e1s sobre \u00a1Atenci\u00f3n! DGT establece fecha l\u00edmite para asegurar patinetes el\u00e9ctricos en enero. \u00a1Evita multas!\">Seguir leyendo &rarr;<\/a><\/p>\n","protected":false},"author":20,"featured_media":5731,"comment_status":"open","ping_status":"open","sticky":false,"template":"","format":"standard","meta":{"footnotes":""},"categories":[13],"tags":[],"class_list":["post-5730","post","type-post","status-publish","format-standard","has-post-thumbnail","hentry","category-portada"],"yoast_head":"<!-- This site is optimized with the Yoast SEO plugin v25.6 - https:\/\/yoast.com\/wordpress\/plugins\/seo\/ -->\n<title>\u00a1Atenci\u00f3n! DGT establece fecha l\u00edmite para asegurar patinetes el\u00e9ctricos en enero. \u00a1Evita multas! - Diario 21<\/title>\n<meta name=\"robots\" content=\"index, follow, max-snippet:-1, max-image-preview:large, max-video-preview:-1\" \/>\n<link rel=\"canonical\" href=\"https:\/\/www.diario21.tv\/noticias\/atencion-dgt-establece-fecha-limite-para-asegurar-patinetes-electricos-en-enero-evita-multas\/\" \/>\n<meta property=\"og:locale\" content=\"es_ES\" \/>\n<meta property=\"og:type\" content=\"article\" \/>\n<meta property=\"og:title\" content=\"\u00a1Atenci\u00f3n! DGT establece fecha l\u00edmite para asegurar patinetes el\u00e9ctricos en enero. \u00a1Evita multas! - Diario 21\" \/>\n<meta property=\"og:description\" content=\"Alerta Final de la Direcci\u00f3n General de Tr\u00e1fico: Plazo Definitivo para Asegurar Patinetes El\u00e9ctricos en Enero y Eludir Sanciones La Direcci\u00f3n General de Tr\u00e1fico (DGT) ha ... Seguir leyendo &rarr;\" \/>\n<meta property=\"og:url\" content=\"https:\/\/www.diario21.tv\/noticias\/atencion-dgt-establece-fecha-limite-para-asegurar-patinetes-electricos-en-enero-evita-multas\/\" \/>\n<meta property=\"og:site_name\" content=\"Diario 21\" \/>\n<meta property=\"article:published_time\" content=\"2026-01-01T11:37:08+00:00\" \/>\n<meta property=\"article:modified_time\" content=\"2026-01-01T11:37:09+00:00\" \/>\n<meta property=\"og:image\" content=\"https:\/\/www.diario21.tv\/noticias\/wp-content\/uploads\/2026\/01\/\u00a1Atencion-DGT-establece-fecha-limite-para-asegurar-patinetes-electricos-en.jpg\" \/>\n\t<meta property=\"og:image:width\" content=\"1200\" \/>\n\t<meta property=\"og:image:height\" content=\"840\" \/>\n\t<meta property=\"og:image:type\" content=\"image\/jpeg\" \/>\n<meta name=\"author\" content=\"Juan P\u00e9rez\" \/>\n<meta name=\"twitter:card\" content=\"summary_large_image\" \/>\n<meta name=\"twitter:label1\" content=\"Escrito por\" \/>\n\t<meta name=\"twitter:data1\" content=\"Juan P\u00e9rez\" \/>\n\t<meta name=\"twitter:label2\" content=\"Tiempo de lectura\" \/>\n\t<meta name=\"twitter:data2\" content=\"3 minutos\" \/>\n<script type=\"application\/ld+json\" class=\"yoast-schema-graph\">{\"@context\":\"https:\/\/schema.org\",\"@graph\":[{\"@type\":\"WebPage\",\"@id\":\"https:\/\/www.diario21.tv\/noticias\/atencion-dgt-establece-fecha-limite-para-asegurar-patinetes-electricos-en-enero-evita-multas\/\",\"url\":\"https:\/\/www.diario21.tv\/noticias\/atencion-dgt-establece-fecha-limite-para-asegurar-patinetes-electricos-en-enero-evita-multas\/\",\"name\":\"\u00a1Atenci\u00f3n! DGT establece fecha l\u00edmite para asegurar patinetes el\u00e9ctricos en enero. \u00a1Evita multas! - Diario 21\",\"isPartOf\":{\"@id\":\"https:\/\/www.diario21.tv\/noticias\/#website\"},\"primaryImageOfPage\":{\"@id\":\"https:\/\/www.diario21.tv\/noticias\/atencion-dgt-establece-fecha-limite-para-asegurar-patinetes-electricos-en-enero-evita-multas\/#primaryimage\"},\"image\":{\"@id\":\"https:\/\/www.diario21.tv\/noticias\/atencion-dgt-establece-fecha-limite-para-asegurar-patinetes-electricos-en-enero-evita-multas\/#primaryimage\"},\"thumbnailUrl\":\"https:\/\/www.diario21.tv\/noticias\/wp-content\/uploads\/2026\/01\/\u00a1Atencion-DGT-establece-fecha-limite-para-asegurar-patinetes-electricos-en.jpg\",\"datePublished\":\"2026-01-01T11:37:08+00:00\",\"dateModified\":\"2026-01-01T11:37:09+00:00\",\"author\":{\"@id\":\"https:\/\/www.diario21.tv\/noticias\/#\/schema\/person\/dfb778f73814d8f09f302618446a526b\"},\"breadcrumb\":{\"@id\":\"https:\/\/www.diario21.tv\/noticias\/atencion-dgt-establece-fecha-limite-para-asegurar-patinetes-electricos-en-enero-evita-multas\/#breadcrumb\"},\"inLanguage\":\"es-AR\",\"potentialAction\":[{\"@type\":\"ReadAction\",\"target\":[\"https:\/\/www.diario21.tv\/noticias\/atencion-dgt-establece-fecha-limite-para-asegurar-patinetes-electricos-en-enero-evita-multas\/\"]}]},{\"@type\":\"ImageObject\",\"inLanguage\":\"es-AR\",\"@id\":\"https:\/\/www.diario21.tv\/noticias\/atencion-dgt-establece-fecha-limite-para-asegurar-patinetes-electricos-en-enero-evita-multas\/#primaryimage\",\"url\":\"https:\/\/www.diario21.tv\/noticias\/wp-content\/uploads\/2026\/01\/\u00a1Atencion-DGT-establece-fecha-limite-para-asegurar-patinetes-electricos-en.jpg\",\"contentUrl\":\"https:\/\/www.diario21.tv\/noticias\/wp-content\/uploads\/2026\/01\/\u00a1Atencion-DGT-establece-fecha-limite-para-asegurar-patinetes-electricos-en.jpg\",\"width\":1200,\"height\":840,\"caption\":\"\u00daltimo aviso de la DGT: esta es la fecha l\u00edmite para asegurar tu patinete el\u00e9ctrico este enero y evitar multas\"},{\"@type\":\"BreadcrumbList\",\"@id\":\"https:\/\/www.diario21.tv\/noticias\/atencion-dgt-establece-fecha-limite-para-asegurar-patinetes-electricos-en-enero-evita-multas\/#breadcrumb\",\"itemListElement\":[{\"@type\":\"ListItem\",\"position\":1,\"name\":\"Accueil\",\"item\":\"https:\/\/www.diario21.tv\/noticias\/\"},{\"@type\":\"ListItem\",\"position\":2,\"name\":\"\u00a1Atenci\u00f3n! DGT establece fecha l\u00edmite para asegurar patinetes el\u00e9ctricos en enero. \u00a1Evita multas!\"}]},{\"@type\":\"WebSite\",\"@id\":\"https:\/\/www.diario21.tv\/noticias\/#website\",\"url\":\"https:\/\/www.diario21.tv\/noticias\/\",\"name\":\"Diario 21\",\"description\":\"\",\"potentialAction\":[{\"@type\":\"SearchAction\",\"target\":{\"@type\":\"EntryPoint\",\"urlTemplate\":\"https:\/\/www.diario21.tv\/noticias\/?s={search_term_string}\"},\"query-input\":{\"@type\":\"PropertyValueSpecification\",\"valueRequired\":true,\"valueName\":\"search_term_string\"}}],\"inLanguage\":\"es-AR\"},{\"@type\":\"Person\",\"@id\":\"https:\/\/www.diario21.tv\/noticias\/#\/schema\/person\/dfb778f73814d8f09f302618446a526b\",\"name\":\"Juan P\u00e9rez\",\"image\":{\"@type\":\"ImageObject\",\"inLanguage\":\"es-AR\",\"@id\":\"https:\/\/www.diario21.tv\/noticias\/#\/schema\/person\/image\/\",\"url\":\"https:\/\/secure.gravatar.com\/avatar\/c478a405bd10621167f4c3167cc770f5?s=96&d=mm&r=g\",\"contentUrl\":\"https:\/\/secure.gravatar.com\/avatar\/c478a405bd10621167f4c3167cc770f5?s=96&d=mm&r=g\",\"caption\":\"Juan P\u00e9rez\"},\"description\":\"Juan P\u00e9rez es el redactor en jefe de Diario 21. Con m\u00e1s de 10 a\u00f1os de experiencia en el periodismo, se especializa en pol\u00edtica nacional y an\u00e1lisis socioecon\u00f3mico. Su enfoque cr\u00edtico y riguroso aporta una perspectiva \u00fanica a cada art\u00edculo.\",\"sameAs\":[\"https:\/\/www.diario21.tv\/noticias\/\"],\"url\":\"https:\/\/www.diario21.tv\/noticias\/author\/juan-perez\/\"}]}<\/script>\n<!-- \/ Yoast SEO plugin. -->","yoast_head_json":{"title":"\u00a1Atenci\u00f3n! DGT establece fecha l\u00edmite para asegurar patinetes el\u00e9ctricos en enero. \u00a1Evita multas! - Diario 21","robots":{"index":"index","follow":"follow","max-snippet":"max-snippet:-1","max-image-preview":"max-image-preview:large","max-video-preview":"max-video-preview:-1"},"canonical":"https:\/\/www.diario21.tv\/noticias\/atencion-dgt-establece-fecha-limite-para-asegurar-patinetes-electricos-en-enero-evita-multas\/","og_locale":"es_ES","og_type":"article","og_title":"\u00a1Atenci\u00f3n! DGT establece fecha l\u00edmite para asegurar patinetes el\u00e9ctricos en enero. \u00a1Evita multas! - Diario 21","og_description":"Alerta Final de la Direcci\u00f3n General de Tr\u00e1fico: Plazo Definitivo para Asegurar Patinetes El\u00e9ctricos en Enero y Eludir Sanciones La Direcci\u00f3n General de Tr\u00e1fico (DGT) ha ... Seguir leyendo &rarr;","og_url":"https:\/\/www.diario21.tv\/noticias\/atencion-dgt-establece-fecha-limite-para-asegurar-patinetes-electricos-en-enero-evita-multas\/","og_site_name":"Diario 21","article_published_time":"2026-01-01T11:37:08+00:00","article_modified_time":"2026-01-01T11:37:09+00:00","og_image":[{"width":1200,"height":840,"url":"https:\/\/www.diario21.tv\/noticias\/wp-content\/uploads\/2026\/01\/\u00a1Atencion-DGT-establece-fecha-limite-para-asegurar-patinetes-electricos-en.jpg","type":"image\/jpeg"}],"author":"Juan P\u00e9rez","twitter_card":"summary_large_image","twitter_misc":{"Escrito por":"Juan P\u00e9rez","Tiempo de lectura":"3 minutos"},"schema":{"@context":"https:\/\/schema.org","@graph":[{"@type":"WebPage","@id":"https:\/\/www.diario21.tv\/noticias\/atencion-dgt-establece-fecha-limite-para-asegurar-patinetes-electricos-en-enero-evita-multas\/","url":"https:\/\/www.diario21.tv\/noticias\/atencion-dgt-establece-fecha-limite-para-asegurar-patinetes-electricos-en-enero-evita-multas\/","name":"\u00a1Atenci\u00f3n! DGT establece fecha l\u00edmite para asegurar patinetes el\u00e9ctricos en enero. \u00a1Evita multas! - Diario 21","isPartOf":{"@id":"https:\/\/www.diario21.tv\/noticias\/#website"},"primaryImageOfPage":{"@id":"https:\/\/www.diario21.tv\/noticias\/atencion-dgt-establece-fecha-limite-para-asegurar-patinetes-electricos-en-enero-evita-multas\/#primaryimage"},"image":{"@id":"https:\/\/www.diario21.tv\/noticias\/atencion-dgt-establece-fecha-limite-para-asegurar-patinetes-electricos-en-enero-evita-multas\/#primaryimage"},"thumbnailUrl":"https:\/\/www.diario21.tv\/noticias\/wp-content\/uploads\/2026\/01\/\u00a1Atencion-DGT-establece-fecha-limite-para-asegurar-patinetes-electricos-en.jpg","datePublished":"2026-01-01T11:37:08+00:00","dateModified":"2026-01-01T11:37:09+00:00","author":{"@id":"https:\/\/www.diario21.tv\/noticias\/#\/schema\/person\/dfb778f73814d8f09f302618446a526b"},"breadcrumb":{"@id":"https:\/\/www.diario21.tv\/noticias\/atencion-dgt-establece-fecha-limite-para-asegurar-patinetes-electricos-en-enero-evita-multas\/#breadcrumb"},"inLanguage":"es-AR","potentialAction":[{"@type":"ReadAction","target":["https:\/\/www.diario21.tv\/noticias\/atencion-dgt-establece-fecha-limite-para-asegurar-patinetes-electricos-en-enero-evita-multas\/"]}]},{"@type":"ImageObject","inLanguage":"es-AR","@id":"https:\/\/www.diario21.tv\/noticias\/atencion-dgt-establece-fecha-limite-para-asegurar-patinetes-electricos-en-enero-evita-multas\/#primaryimage","url":"https:\/\/www.diario21.tv\/noticias\/wp-content\/uploads\/2026\/01\/\u00a1Atencion-DGT-establece-fecha-limite-para-asegurar-patinetes-electricos-en.jpg","contentUrl":"https:\/\/www.diario21.tv\/noticias\/wp-content\/uploads\/2026\/01\/\u00a1Atencion-DGT-establece-fecha-limite-para-asegurar-patinetes-electricos-en.jpg","width":1200,"height":840,"caption":"\u00daltimo aviso de la DGT: esta es la fecha l\u00edmite para asegurar tu patinete el\u00e9ctrico este enero y evitar multas"},{"@type":"BreadcrumbList","@id":"https:\/\/www.diario21.tv\/noticias\/atencion-dgt-establece-fecha-limite-para-asegurar-patinetes-electricos-en-enero-evita-multas\/#breadcrumb","itemListElement":[{"@type":"ListItem","position":1,"name":"Accueil","item":"https:\/\/www.diario21.tv\/noticias\/"},{"@type":"ListItem","position":2,"name":"\u00a1Atenci\u00f3n! DGT establece fecha l\u00edmite para asegurar patinetes el\u00e9ctricos en enero. \u00a1Evita multas!"}]},{"@type":"WebSite","@id":"https:\/\/www.diario21.tv\/noticias\/#website","url":"https:\/\/www.diario21.tv\/noticias\/","name":"Diario 21","description":"","potentialAction":[{"@type":"SearchAction","target":{"@type":"EntryPoint","urlTemplate":"https:\/\/www.diario21.tv\/noticias\/?s={search_term_string}"},"query-input":{"@type":"PropertyValueSpecification","valueRequired":true,"valueName":"search_term_string"}}],"inLanguage":"es-AR"},{"@type":"Person","@id":"https:\/\/www.diario21.tv\/noticias\/#\/schema\/person\/dfb778f73814d8f09f302618446a526b","name":"Juan P\u00e9rez","image":{"@type":"ImageObject","inLanguage":"es-AR","@id":"https:\/\/www.diario21.tv\/noticias\/#\/schema\/person\/image\/","url":"https:\/\/secure.gravatar.com\/avatar\/c478a405bd10621167f4c3167cc770f5?s=96&d=mm&r=g","contentUrl":"https:\/\/secure.gravatar.com\/avatar\/c478a405bd10621167f4c3167cc770f5?s=96&d=mm&r=g","caption":"Juan P\u00e9rez"},"description":"Juan P\u00e9rez es el redactor en jefe de Diario 21. Con m\u00e1s de 10 a\u00f1os de experiencia en el periodismo, se especializa en pol\u00edtica nacional y an\u00e1lisis socioecon\u00f3mico. Su enfoque cr\u00edtico y riguroso aporta una perspectiva \u00fanica a cada art\u00edculo.","sameAs":["https:\/\/www.diario21.tv\/noticias\/"],"url":"https:\/\/www.diario21.tv\/noticias\/author\/juan-perez\/"}]}},"_links":{"self":[{"href":"https:\/\/www.diario21.tv\/noticias\/wp-json\/wp\/v2\/posts\/5730"}],"collection":[{"href":"https:\/\/www.diario21.tv\/noticias\/wp-json\/wp\/v2\/posts"}],"about":[{"href":"https:\/\/www.diario21.tv\/noticias\/wp-json\/wp\/v2\/types\/post"}],"author":[{"embeddable":true,"href":"https:\/\/www.diario21.tv\/noticias\/wp-json\/wp\/v2\/users\/20"}],"replies":[{"embeddable":true,"href":"https:\/\/www.diario21.tv\/noticias\/wp-json\/wp\/v2\/comments?post=5730"}],"version-history":[{"count":1,"href":"https:\/\/www.diario21.tv\/noticias\/wp-json\/wp\/v2\/posts\/5730\/revisions"}],"predecessor-version":[{"id":5732,"href":"https:\/\/www.diario21.tv\/noticias\/wp-json\/wp\/v2\/posts\/5730\/revisions\/5732"}],"wp:featuredmedia":[{"embeddable":true,"href":"https:\/\/www.diario21.tv\/noticias\/wp-json\/wp\/v2\/media\/5731"}],"wp:attachment":[{"href":"https:\/\/www.diario21.tv\/noticias\/wp-json\/wp\/v2\/media?parent=5730"}],"wp:term":[{"taxonomy":"category","embeddable":true,"href":"https:\/\/www.diario21.tv\/noticias\/wp-json\/wp\/v2\/categories?post=5730"},{"taxonomy":"post_tag","embeddable":true,"href":"https:\/\/www.diario21.tv\/noticias\/wp-json\/wp\/v2\/tags?post=5730"}],"curies":[{"name":"wp","href":"https:\/\/api.w.org\/{rel}","templated":true}]}}