{"id":5715,"date":"2025-12-31T05:26:06","date_gmt":"2025-12-31T05:26:06","guid":{"rendered":"https:\/\/www.diario21.tv\/noticias\/atencion-nuevo-canal-en-tdt-desde-el-1-de-enero-adios-paramount-network\/"},"modified":"2025-12-31T05:26:07","modified_gmt":"2025-12-31T05:26:07","slug":"atencion-nuevo-canal-en-tdt-desde-el-1-de-enero-adios-paramount-network","status":"publish","type":"post","link":"https:\/\/www.diario21.tv\/noticias\/atencion-nuevo-canal-en-tdt-desde-el-1-de-enero-adios-paramount-network\/","title":{"rendered":"\u00a1Atenci\u00f3n! Nuevo canal en TDT desde el 1 de enero, adi\u00f3s Paramount Network"},"content":{"rendered":"<h2>Un nuevo canal en la TDT desde el 1 de enero: Paramount Network desaparece<\/h2>\n<p>A partir del pr\u00f3ximo 1 de enero, los televidentes que sintonizan la Televisi\u00f3n Digital Terrestre (TDT) en Espa\u00f1a ser\u00e1n testigos de un cambio significativo en su oferta de canales. Paramount Network, conocido por su variedad de pel\u00edculas y series, dejar\u00e1 de emitirse para dar paso a un nuevo canal con una propuesta diferente.<\/p>\n<h3>Introducci\u00f3n de un nuevo canal<\/h3>\n<p>El nuevo canal que tomar\u00e1 el lugar de Paramount Network a\u00fan no ha sido nombrado oficialmente, pero se espera que ofrezca una programaci\u00f3n renovada y orientada a captar tanto a la audiencia actual de Paramount Network como a nuevos espectadores. El cambio forma parte de una estrategia m\u00e1s amplia de ViacomCBS, propietaria de Paramount Network, para reajustar su presencia en las plataformas de televisi\u00f3n y potenciar el contenido que ofrece mayor atracci\u00f3n.<\/p>\n<h3>Cierre de Paramount Network<\/h3>\n<p>Paramount Network ha sido un destino popular para los amantes del cine y series de televisi\u00f3n en Espa\u00f1a, ofreciendo una mezcla de contenido internacional y local. Sin embargo, con la creciente competencia de plataformas de streaming y otros canales digitales, la decisi\u00f3n de cerrar el canal y reemplazarlo por una nueva propuesta busca adaptarse mejor a las tendencias actuales de consumo de medios.<\/p>\n<h3>Qu\u00e9 esperar del nuevo canal<\/h3>\n<p>Aunque los detalles espec\u00edficos sobre la programaci\u00f3n del nuevo canal son todav\u00eda limitados, se anticipa que continuar\u00e1 ofreciendo contenido de entretenimiento de calidad. Es probable que el nuevo canal mantenga algunos de los programas populares de Paramount Network, al tiempo que introducir\u00e1 nuevas series y pel\u00edculas que puedan atraer a una audiencia m\u00e1s amplia.<\/p>\n<h3>Impacto en los espectadores y la industria<\/h3>\n<p>Este cambio es significativo tanto para los espectadores como para la industria de la televisi\u00f3n en Espa\u00f1a. Para los espectadores, representa la oportunidad de descubrir nuevos contenidos y formatos. Para la industria, refleja las din\u00e1micas cambiantes del entretenimiento y la necesidad de adaptarse continuamente a las preferencias del p\u00fablico y las tecnolog\u00edas emergentes.<\/p>\n<p>En conclusi\u00f3n, el inicio del nuevo a\u00f1o traer\u00e1 consigo una novedad importante en la TDT con la desaparici\u00f3n de Paramount Network y la llegada de un nuevo canal. Este cambio seguramente ser\u00e1 seguido de cerca tanto por los aficionados a la televisi\u00f3n como por los profesionales del sector, ansiosos por ver c\u00f3mo evoluciona la oferta televisiva en la era digital.<\/p>\n\n\n<div class=\"kk-star-ratings kksr-auto kksr-align-left kksr-valign-bottom\"\n    data-payload='{&quot;align&quot;:&quot;left&quot;,&quot;id&quot;:&quot;5715&quot;,&quot;slug&quot;:&quot;default&quot;,&quot;valign&quot;:&quot;bottom&quot;,&quot;ignore&quot;:&quot;&quot;,&quot;reference&quot;:&quot;auto&quot;,&quot;class&quot;:&quot;&quot;,&quot;count&quot;:&quot;0&quot;,&quot;legendonly&quot;:&quot;&quot;,&quot;readonly&quot;:&quot;&quot;,&quot;score&quot;:&quot;0&quot;,&quot;starsonly&quot;:&quot;&quot;,&quot;best&quot;:&quot;5&quot;,&quot;gap&quot;:&quot;5&quot;,&quot;greet&quot;:&quot;Valora este post&quot;,&quot;legend&quot;:&quot;0\\\/5 - (0 votes)&quot;,&quot;size&quot;:&quot;22&quot;,&quot;title&quot;:&quot;\u00a1Atenci\u00f3n! Nuevo canal en TDT desde el 1 de enero, adi\u00f3s Paramount Network&quot;,&quot;width&quot;:&quot;0&quot;,&quot;_legend&quot;:&quot;{score}\\\/{best} - ({count} {votes})&quot;,&quot;font_factor&quot;:&quot;1.25&quot;}'>\n            \n<div class=\"kksr-stars\">\n    \n<div class=\"kksr-stars-inactive\">\n            <div class=\"kksr-star\" data-star=\"1\" style=\"padding-right: 5px\">\n            \n\n<div class=\"kksr-icon\" style=\"width: 22px; height: 22px;\"><\/div>\n        <\/div>\n            <div class=\"kksr-star\" data-star=\"2\" style=\"padding-right: 5px\">\n            \n\n<div class=\"kksr-icon\" style=\"width: 22px; height: 22px;\"><\/div>\n        <\/div>\n            <div class=\"kksr-star\" data-star=\"3\" style=\"padding-right: 5px\">\n            \n\n<div class=\"kksr-icon\" style=\"width: 22px; height: 22px;\"><\/div>\n        <\/div>\n            <div class=\"kksr-star\" data-star=\"4\" style=\"padding-right: 5px\">\n            \n\n<div class=\"kksr-icon\" style=\"width: 22px; height: 22px;\"><\/div>\n        <\/div>\n            <div class=\"kksr-star\" data-star=\"5\" style=\"padding-right: 5px\">\n            \n\n<div class=\"kksr-icon\" style=\"width: 22px; height: 22px;\"><\/div>\n        <\/div>\n    <\/div>\n    \n<div class=\"kksr-stars-active\" style=\"width: 0px;\">\n            <div class=\"kksr-star\" style=\"padding-right: 5px\">\n            \n\n<div class=\"kksr-icon\" style=\"width: 22px; height: 22px;\"><\/div>\n        <\/div>\n            <div class=\"kksr-star\" style=\"padding-right: 5px\">\n            \n\n<div class=\"kksr-icon\" style=\"width: 22px; height: 22px;\"><\/div>\n        <\/div>\n            <div class=\"kksr-star\" style=\"padding-right: 5px\">\n            \n\n<div class=\"kksr-icon\" style=\"width: 22px; height: 22px;\"><\/div>\n        <\/div>\n            <div class=\"kksr-star\" style=\"padding-right: 5px\">\n            \n\n<div class=\"kksr-icon\" style=\"width: 22px; height: 22px;\"><\/div>\n        <\/div>\n            <div class=\"kksr-star\" style=\"padding-right: 5px\">\n            \n\n<div class=\"kksr-icon\" style=\"width: 22px; height: 22px;\"><\/div>\n        <\/div>\n    <\/div>\n<\/div>\n                \n\n<div class=\"kksr-legend\" style=\"font-size: 17.6px;\">\n            <span class=\"kksr-muted\">Valora este post<\/span>\n    <\/div>\n    <\/div>\n","protected":false},"excerpt":{"rendered":"<p>Un nuevo canal en la TDT desde el 1 de enero: Paramount Network desaparece A partir del pr\u00f3ximo 1 de enero, los televidentes que sintonizan la &#8230; <a title=\"\u00a1Atenci\u00f3n! Nuevo canal en TDT desde el 1 de enero, adi\u00f3s Paramount Network\" class=\"read-more\" href=\"https:\/\/www.diario21.tv\/noticias\/atencion-nuevo-canal-en-tdt-desde-el-1-de-enero-adios-paramount-network\/\" aria-label=\"Leer m\u00e1s sobre \u00a1Atenci\u00f3n! Nuevo canal en TDT desde el 1 de enero, adi\u00f3s Paramount Network\">Seguir leyendo &rarr;<\/a><\/p>\n","protected":false},"author":20,"featured_media":5716,"comment_status":"open","ping_status":"open","sticky":false,"template":"","format":"standard","meta":{"footnotes":""},"categories":[13],"tags":[],"class_list":["post-5715","post","type-post","status-publish","format-standard","has-post-thumbnail","hentry","category-portada"],"yoast_head":"<!-- This site is optimized with the Yoast SEO plugin v25.6 - https:\/\/yoast.com\/wordpress\/plugins\/seo\/ -->\n<title>\u00a1Atenci\u00f3n! Nuevo canal en TDT desde el 1 de enero, adi\u00f3s Paramount Network - Diario 21<\/title>\n<meta name=\"robots\" content=\"index, follow, max-snippet:-1, max-image-preview:large, max-video-preview:-1\" \/>\n<link rel=\"canonical\" href=\"https:\/\/www.diario21.tv\/noticias\/atencion-nuevo-canal-en-tdt-desde-el-1-de-enero-adios-paramount-network\/\" \/>\n<meta property=\"og:locale\" content=\"es_ES\" \/>\n<meta property=\"og:type\" content=\"article\" \/>\n<meta property=\"og:title\" content=\"\u00a1Atenci\u00f3n! Nuevo canal en TDT desde el 1 de enero, adi\u00f3s Paramount Network - Diario 21\" \/>\n<meta property=\"og:description\" content=\"Un nuevo canal en la TDT desde el 1 de enero: Paramount Network desaparece A partir del pr\u00f3ximo 1 de enero, los televidentes que sintonizan la ... Seguir leyendo &rarr;\" \/>\n<meta property=\"og:url\" content=\"https:\/\/www.diario21.tv\/noticias\/atencion-nuevo-canal-en-tdt-desde-el-1-de-enero-adios-paramount-network\/\" \/>\n<meta property=\"og:site_name\" content=\"Diario 21\" \/>\n<meta property=\"article:published_time\" content=\"2025-12-31T05:26:06+00:00\" \/>\n<meta property=\"article:modified_time\" content=\"2025-12-31T05:26:07+00:00\" \/>\n<meta property=\"og:image\" content=\"https:\/\/www.diario21.tv\/noticias\/wp-content\/uploads\/2025\/12\/\u00a1Atencion-Nuevo-canal-en-TDT-desde-el-1-de-enero.jpg\" \/>\n\t<meta property=\"og:image:width\" content=\"1200\" \/>\n\t<meta property=\"og:image:height\" content=\"840\" \/>\n\t<meta property=\"og:image:type\" content=\"image\/jpeg\" \/>\n<meta name=\"author\" content=\"Juan P\u00e9rez\" \/>\n<meta name=\"twitter:card\" content=\"summary_large_image\" \/>\n<meta name=\"twitter:label1\" content=\"Escrito por\" \/>\n\t<meta name=\"twitter:data1\" content=\"Juan P\u00e9rez\" \/>\n\t<meta name=\"twitter:label2\" content=\"Tiempo de lectura\" \/>\n\t<meta name=\"twitter:data2\" content=\"2 minutos\" \/>\n<script type=\"application\/ld+json\" class=\"yoast-schema-graph\">{\"@context\":\"https:\/\/schema.org\",\"@graph\":[{\"@type\":\"WebPage\",\"@id\":\"https:\/\/www.diario21.tv\/noticias\/atencion-nuevo-canal-en-tdt-desde-el-1-de-enero-adios-paramount-network\/\",\"url\":\"https:\/\/www.diario21.tv\/noticias\/atencion-nuevo-canal-en-tdt-desde-el-1-de-enero-adios-paramount-network\/\",\"name\":\"\u00a1Atenci\u00f3n! Nuevo canal en TDT desde el 1 de enero, adi\u00f3s Paramount Network - Diario 21\",\"isPartOf\":{\"@id\":\"https:\/\/www.diario21.tv\/noticias\/#website\"},\"primaryImageOfPage\":{\"@id\":\"https:\/\/www.diario21.tv\/noticias\/atencion-nuevo-canal-en-tdt-desde-el-1-de-enero-adios-paramount-network\/#primaryimage\"},\"image\":{\"@id\":\"https:\/\/www.diario21.tv\/noticias\/atencion-nuevo-canal-en-tdt-desde-el-1-de-enero-adios-paramount-network\/#primaryimage\"},\"thumbnailUrl\":\"https:\/\/www.diario21.tv\/noticias\/wp-content\/uploads\/2025\/12\/\u00a1Atencion-Nuevo-canal-en-TDT-desde-el-1-de-enero.jpg\",\"datePublished\":\"2025-12-31T05:26:06+00:00\",\"dateModified\":\"2025-12-31T05:26:07+00:00\",\"author\":{\"@id\":\"https:\/\/www.diario21.tv\/noticias\/#\/schema\/person\/dfb778f73814d8f09f302618446a526b\"},\"breadcrumb\":{\"@id\":\"https:\/\/www.diario21.tv\/noticias\/atencion-nuevo-canal-en-tdt-desde-el-1-de-enero-adios-paramount-network\/#breadcrumb\"},\"inLanguage\":\"es-AR\",\"potentialAction\":[{\"@type\":\"ReadAction\",\"target\":[\"https:\/\/www.diario21.tv\/noticias\/atencion-nuevo-canal-en-tdt-desde-el-1-de-enero-adios-paramount-network\/\"]}]},{\"@type\":\"ImageObject\",\"inLanguage\":\"es-AR\",\"@id\":\"https:\/\/www.diario21.tv\/noticias\/atencion-nuevo-canal-en-tdt-desde-el-1-de-enero-adios-paramount-network\/#primaryimage\",\"url\":\"https:\/\/www.diario21.tv\/noticias\/wp-content\/uploads\/2025\/12\/\u00a1Atencion-Nuevo-canal-en-TDT-desde-el-1-de-enero.jpg\",\"contentUrl\":\"https:\/\/www.diario21.tv\/noticias\/wp-content\/uploads\/2025\/12\/\u00a1Atencion-Nuevo-canal-en-TDT-desde-el-1-de-enero.jpg\",\"width\":1200,\"height\":840,\"caption\":\"El nuevo canal que llega a la TDT el 1 de enero: desaparece Paramount Network\"},{\"@type\":\"BreadcrumbList\",\"@id\":\"https:\/\/www.diario21.tv\/noticias\/atencion-nuevo-canal-en-tdt-desde-el-1-de-enero-adios-paramount-network\/#breadcrumb\",\"itemListElement\":[{\"@type\":\"ListItem\",\"position\":1,\"name\":\"Accueil\",\"item\":\"https:\/\/www.diario21.tv\/noticias\/\"},{\"@type\":\"ListItem\",\"position\":2,\"name\":\"\u00a1Atenci\u00f3n! Nuevo canal en TDT desde el 1 de enero, adi\u00f3s Paramount Network\"}]},{\"@type\":\"WebSite\",\"@id\":\"https:\/\/www.diario21.tv\/noticias\/#website\",\"url\":\"https:\/\/www.diario21.tv\/noticias\/\",\"name\":\"Diario 21\",\"description\":\"\",\"potentialAction\":[{\"@type\":\"SearchAction\",\"target\":{\"@type\":\"EntryPoint\",\"urlTemplate\":\"https:\/\/www.diario21.tv\/noticias\/?s={search_term_string}\"},\"query-input\":{\"@type\":\"PropertyValueSpecification\",\"valueRequired\":true,\"valueName\":\"search_term_string\"}}],\"inLanguage\":\"es-AR\"},{\"@type\":\"Person\",\"@id\":\"https:\/\/www.diario21.tv\/noticias\/#\/schema\/person\/dfb778f73814d8f09f302618446a526b\",\"name\":\"Juan P\u00e9rez\",\"image\":{\"@type\":\"ImageObject\",\"inLanguage\":\"es-AR\",\"@id\":\"https:\/\/www.diario21.tv\/noticias\/#\/schema\/person\/image\/\",\"url\":\"https:\/\/secure.gravatar.com\/avatar\/c478a405bd10621167f4c3167cc770f5?s=96&d=mm&r=g\",\"contentUrl\":\"https:\/\/secure.gravatar.com\/avatar\/c478a405bd10621167f4c3167cc770f5?s=96&d=mm&r=g\",\"caption\":\"Juan P\u00e9rez\"},\"description\":\"Juan P\u00e9rez es el redactor en jefe de Diario 21. Con m\u00e1s de 10 a\u00f1os de experiencia en el periodismo, se especializa en pol\u00edtica nacional y an\u00e1lisis socioecon\u00f3mico. Su enfoque cr\u00edtico y riguroso aporta una perspectiva \u00fanica a cada art\u00edculo.\",\"sameAs\":[\"https:\/\/www.diario21.tv\/noticias\/\"],\"url\":\"https:\/\/www.diario21.tv\/noticias\/author\/juan-perez\/\"}]}<\/script>\n<!-- \/ Yoast SEO plugin. -->","yoast_head_json":{"title":"\u00a1Atenci\u00f3n! Nuevo canal en TDT desde el 1 de enero, adi\u00f3s Paramount Network - Diario 21","robots":{"index":"index","follow":"follow","max-snippet":"max-snippet:-1","max-image-preview":"max-image-preview:large","max-video-preview":"max-video-preview:-1"},"canonical":"https:\/\/www.diario21.tv\/noticias\/atencion-nuevo-canal-en-tdt-desde-el-1-de-enero-adios-paramount-network\/","og_locale":"es_ES","og_type":"article","og_title":"\u00a1Atenci\u00f3n! Nuevo canal en TDT desde el 1 de enero, adi\u00f3s Paramount Network - Diario 21","og_description":"Un nuevo canal en la TDT desde el 1 de enero: Paramount Network desaparece A partir del pr\u00f3ximo 1 de enero, los televidentes que sintonizan la ... Seguir leyendo &rarr;","og_url":"https:\/\/www.diario21.tv\/noticias\/atencion-nuevo-canal-en-tdt-desde-el-1-de-enero-adios-paramount-network\/","og_site_name":"Diario 21","article_published_time":"2025-12-31T05:26:06+00:00","article_modified_time":"2025-12-31T05:26:07+00:00","og_image":[{"width":1200,"height":840,"url":"https:\/\/www.diario21.tv\/noticias\/wp-content\/uploads\/2025\/12\/\u00a1Atencion-Nuevo-canal-en-TDT-desde-el-1-de-enero.jpg","type":"image\/jpeg"}],"author":"Juan P\u00e9rez","twitter_card":"summary_large_image","twitter_misc":{"Escrito por":"Juan P\u00e9rez","Tiempo de lectura":"2 minutos"},"schema":{"@context":"https:\/\/schema.org","@graph":[{"@type":"WebPage","@id":"https:\/\/www.diario21.tv\/noticias\/atencion-nuevo-canal-en-tdt-desde-el-1-de-enero-adios-paramount-network\/","url":"https:\/\/www.diario21.tv\/noticias\/atencion-nuevo-canal-en-tdt-desde-el-1-de-enero-adios-paramount-network\/","name":"\u00a1Atenci\u00f3n! Nuevo canal en TDT desde el 1 de enero, adi\u00f3s Paramount Network - Diario 21","isPartOf":{"@id":"https:\/\/www.diario21.tv\/noticias\/#website"},"primaryImageOfPage":{"@id":"https:\/\/www.diario21.tv\/noticias\/atencion-nuevo-canal-en-tdt-desde-el-1-de-enero-adios-paramount-network\/#primaryimage"},"image":{"@id":"https:\/\/www.diario21.tv\/noticias\/atencion-nuevo-canal-en-tdt-desde-el-1-de-enero-adios-paramount-network\/#primaryimage"},"thumbnailUrl":"https:\/\/www.diario21.tv\/noticias\/wp-content\/uploads\/2025\/12\/\u00a1Atencion-Nuevo-canal-en-TDT-desde-el-1-de-enero.jpg","datePublished":"2025-12-31T05:26:06+00:00","dateModified":"2025-12-31T05:26:07+00:00","author":{"@id":"https:\/\/www.diario21.tv\/noticias\/#\/schema\/person\/dfb778f73814d8f09f302618446a526b"},"breadcrumb":{"@id":"https:\/\/www.diario21.tv\/noticias\/atencion-nuevo-canal-en-tdt-desde-el-1-de-enero-adios-paramount-network\/#breadcrumb"},"inLanguage":"es-AR","potentialAction":[{"@type":"ReadAction","target":["https:\/\/www.diario21.tv\/noticias\/atencion-nuevo-canal-en-tdt-desde-el-1-de-enero-adios-paramount-network\/"]}]},{"@type":"ImageObject","inLanguage":"es-AR","@id":"https:\/\/www.diario21.tv\/noticias\/atencion-nuevo-canal-en-tdt-desde-el-1-de-enero-adios-paramount-network\/#primaryimage","url":"https:\/\/www.diario21.tv\/noticias\/wp-content\/uploads\/2025\/12\/\u00a1Atencion-Nuevo-canal-en-TDT-desde-el-1-de-enero.jpg","contentUrl":"https:\/\/www.diario21.tv\/noticias\/wp-content\/uploads\/2025\/12\/\u00a1Atencion-Nuevo-canal-en-TDT-desde-el-1-de-enero.jpg","width":1200,"height":840,"caption":"El nuevo canal que llega a la TDT el 1 de enero: desaparece Paramount Network"},{"@type":"BreadcrumbList","@id":"https:\/\/www.diario21.tv\/noticias\/atencion-nuevo-canal-en-tdt-desde-el-1-de-enero-adios-paramount-network\/#breadcrumb","itemListElement":[{"@type":"ListItem","position":1,"name":"Accueil","item":"https:\/\/www.diario21.tv\/noticias\/"},{"@type":"ListItem","position":2,"name":"\u00a1Atenci\u00f3n! Nuevo canal en TDT desde el 1 de enero, adi\u00f3s Paramount Network"}]},{"@type":"WebSite","@id":"https:\/\/www.diario21.tv\/noticias\/#website","url":"https:\/\/www.diario21.tv\/noticias\/","name":"Diario 21","description":"","potentialAction":[{"@type":"SearchAction","target":{"@type":"EntryPoint","urlTemplate":"https:\/\/www.diario21.tv\/noticias\/?s={search_term_string}"},"query-input":{"@type":"PropertyValueSpecification","valueRequired":true,"valueName":"search_term_string"}}],"inLanguage":"es-AR"},{"@type":"Person","@id":"https:\/\/www.diario21.tv\/noticias\/#\/schema\/person\/dfb778f73814d8f09f302618446a526b","name":"Juan P\u00e9rez","image":{"@type":"ImageObject","inLanguage":"es-AR","@id":"https:\/\/www.diario21.tv\/noticias\/#\/schema\/person\/image\/","url":"https:\/\/secure.gravatar.com\/avatar\/c478a405bd10621167f4c3167cc770f5?s=96&d=mm&r=g","contentUrl":"https:\/\/secure.gravatar.com\/avatar\/c478a405bd10621167f4c3167cc770f5?s=96&d=mm&r=g","caption":"Juan P\u00e9rez"},"description":"Juan P\u00e9rez es el redactor en jefe de Diario 21. Con m\u00e1s de 10 a\u00f1os de experiencia en el periodismo, se especializa en pol\u00edtica nacional y an\u00e1lisis socioecon\u00f3mico. Su enfoque cr\u00edtico y riguroso aporta una perspectiva \u00fanica a cada art\u00edculo.","sameAs":["https:\/\/www.diario21.tv\/noticias\/"],"url":"https:\/\/www.diario21.tv\/noticias\/author\/juan-perez\/"}]}},"_links":{"self":[{"href":"https:\/\/www.diario21.tv\/noticias\/wp-json\/wp\/v2\/posts\/5715"}],"collection":[{"href":"https:\/\/www.diario21.tv\/noticias\/wp-json\/wp\/v2\/posts"}],"about":[{"href":"https:\/\/www.diario21.tv\/noticias\/wp-json\/wp\/v2\/types\/post"}],"author":[{"embeddable":true,"href":"https:\/\/www.diario21.tv\/noticias\/wp-json\/wp\/v2\/users\/20"}],"replies":[{"embeddable":true,"href":"https:\/\/www.diario21.tv\/noticias\/wp-json\/wp\/v2\/comments?post=5715"}],"version-history":[{"count":1,"href":"https:\/\/www.diario21.tv\/noticias\/wp-json\/wp\/v2\/posts\/5715\/revisions"}],"predecessor-version":[{"id":5717,"href":"https:\/\/www.diario21.tv\/noticias\/wp-json\/wp\/v2\/posts\/5715\/revisions\/5717"}],"wp:featuredmedia":[{"embeddable":true,"href":"https:\/\/www.diario21.tv\/noticias\/wp-json\/wp\/v2\/media\/5716"}],"wp:attachment":[{"href":"https:\/\/www.diario21.tv\/noticias\/wp-json\/wp\/v2\/media?parent=5715"}],"wp:term":[{"taxonomy":"category","embeddable":true,"href":"https:\/\/www.diario21.tv\/noticias\/wp-json\/wp\/v2\/categories?post=5715"},{"taxonomy":"post_tag","embeddable":true,"href":"https:\/\/www.diario21.tv\/noticias\/wp-json\/wp\/v2\/tags?post=5715"}],"curies":[{"name":"wp","href":"https:\/\/api.w.org\/{rel}","templated":true}]}}