{"id":5712,"date":"2025-12-30T23:25:06","date_gmt":"2025-12-30T23:25:06","guid":{"rendered":"https:\/\/www.diario21.tv\/noticias\/tragedia-en-indonesia-destroza-a-familia-valenciana-silvia-devastada-por-su-hijo-mateo\/"},"modified":"2025-12-30T23:25:08","modified_gmt":"2025-12-30T23:25:08","slug":"tragedia-en-indonesia-destroza-a-familia-valenciana-silvia-devastada-por-su-hijo-mateo","status":"publish","type":"post","link":"https:\/\/www.diario21.tv\/noticias\/tragedia-en-indonesia-destroza-a-familia-valenciana-silvia-devastada-por-su-hijo-mateo\/","title":{"rendered":"Tragedia en Indonesia destroza a familia valenciana: Silvia devastada por su hijo Mateo"},"content":{"rendered":"<h2>Una familia valenciana destrozada por un suceso tr\u00e1gico en Indonesia<\/h2>\n<p>En Valencia, una familia atraviesa por un momento de profundo dolor debido a un tr\u00e1gico evento que ha ocurrido lejos de su hogar, en Indonesia. El n\u00facleo de esta desolaci\u00f3n gira en torno a Silvia, cuyo hijo Mateo es la \u00fanica descendencia que tiene y quien se ha visto envuelto en circunstancias desafortunadas en el pa\u00eds asi\u00e1tico.<\/p>\n<h3>El impacto de la tragedia<\/h3>\n<p>Silvia, completamente abatida por la situaci\u00f3n, enfrenta uno de los retos m\u00e1s dif\u00edciles en la vida de cualquier madre. La noticia del incidente lleg\u00f3 de forma abrupta, dej\u00e1ndola en un estado de shock y desesperaci\u00f3n. Mateo, quien es su \u00fanico hijo, representa todo su mundo, y la incertidumbre sobre su bienestar ha sido devastadora.<\/p>\n<p>Los allegados a la familia describen el dolor de Silvia como algo indescriptible. Las horas se hacen eternas y la angustia de no saber detalles precisos sobre lo ocurrido solo agrava el tormento emocional. La comunidad valenciana, conocida por su fuerte sentido de la unidad y apoyo mutuo, se ha volcado en muestras de solidaridad hacia Silvia y su familia.<\/p>\n<h3>Un lazo inseparable<\/h3>\n<p>La relaci\u00f3n entre Silvia y Mateo es descrita por quienes los conocen como excepcionalmente cercana. Mateo, siendo hijo \u00fanico, ha compartido una vida de momentos y memorias \u00fanicas con su madre, lo que hace que el v\u00ednculo entre ellos sea especialmente fuerte. Esta conexi\u00f3n ahora se ve puesta a prueba en las circunstancias m\u00e1s dif\u00edciles imaginables.<\/p>\n<p>La comunidad en Valencia se mantiene expectante y ofrece su apoyo incondicional a Silvia en estos momentos de incertidumbre. La esperanza de buenas noticias es lo \u00fanico que mantiene a Silvia en pie, aferr\u00e1ndose a la posibilidad de que Mateo pueda regresar a casa sano y salvo.<\/p>\n<p>Este doloroso incidente ha recordado a muchos en la comunidad el valor de la familia y la fragilidad de la vida. Mientras Silvia espera noticias, su historia ha tocado los corazones de muchos, uniendo a la comunidad en un momento de solidaridad y compasi\u00f3n compartidas.<\/p>\n\n\n<div class=\"kk-star-ratings kksr-auto kksr-align-left kksr-valign-bottom\"\n    data-payload='{&quot;align&quot;:&quot;left&quot;,&quot;id&quot;:&quot;5712&quot;,&quot;slug&quot;:&quot;default&quot;,&quot;valign&quot;:&quot;bottom&quot;,&quot;ignore&quot;:&quot;&quot;,&quot;reference&quot;:&quot;auto&quot;,&quot;class&quot;:&quot;&quot;,&quot;count&quot;:&quot;0&quot;,&quot;legendonly&quot;:&quot;&quot;,&quot;readonly&quot;:&quot;&quot;,&quot;score&quot;:&quot;0&quot;,&quot;starsonly&quot;:&quot;&quot;,&quot;best&quot;:&quot;5&quot;,&quot;gap&quot;:&quot;5&quot;,&quot;greet&quot;:&quot;Valora este post&quot;,&quot;legend&quot;:&quot;0\\\/5 - (0 votes)&quot;,&quot;size&quot;:&quot;22&quot;,&quot;title&quot;:&quot;Tragedia en Indonesia destroza a familia valenciana: Silvia devastada por su hijo Mateo&quot;,&quot;width&quot;:&quot;0&quot;,&quot;_legend&quot;:&quot;{score}\\\/{best} - ({count} {votes})&quot;,&quot;font_factor&quot;:&quot;1.25&quot;}'>\n            \n<div class=\"kksr-stars\">\n    \n<div class=\"kksr-stars-inactive\">\n            <div class=\"kksr-star\" data-star=\"1\" style=\"padding-right: 5px\">\n            \n\n<div class=\"kksr-icon\" style=\"width: 22px; height: 22px;\"><\/div>\n        <\/div>\n            <div class=\"kksr-star\" data-star=\"2\" style=\"padding-right: 5px\">\n            \n\n<div class=\"kksr-icon\" style=\"width: 22px; height: 22px;\"><\/div>\n        <\/div>\n            <div class=\"kksr-star\" data-star=\"3\" style=\"padding-right: 5px\">\n            \n\n<div class=\"kksr-icon\" style=\"width: 22px; height: 22px;\"><\/div>\n        <\/div>\n            <div class=\"kksr-star\" data-star=\"4\" style=\"padding-right: 5px\">\n            \n\n<div class=\"kksr-icon\" style=\"width: 22px; height: 22px;\"><\/div>\n        <\/div>\n            <div class=\"kksr-star\" data-star=\"5\" style=\"padding-right: 5px\">\n            \n\n<div class=\"kksr-icon\" style=\"width: 22px; height: 22px;\"><\/div>\n        <\/div>\n    <\/div>\n    \n<div class=\"kksr-stars-active\" style=\"width: 0px;\">\n            <div class=\"kksr-star\" style=\"padding-right: 5px\">\n            \n\n<div class=\"kksr-icon\" style=\"width: 22px; height: 22px;\"><\/div>\n        <\/div>\n            <div class=\"kksr-star\" style=\"padding-right: 5px\">\n            \n\n<div class=\"kksr-icon\" style=\"width: 22px; height: 22px;\"><\/div>\n        <\/div>\n            <div class=\"kksr-star\" style=\"padding-right: 5px\">\n            \n\n<div class=\"kksr-icon\" style=\"width: 22px; height: 22px;\"><\/div>\n        <\/div>\n            <div class=\"kksr-star\" style=\"padding-right: 5px\">\n            \n\n<div class=\"kksr-icon\" style=\"width: 22px; height: 22px;\"><\/div>\n        <\/div>\n            <div class=\"kksr-star\" style=\"padding-right: 5px\">\n            \n\n<div class=\"kksr-icon\" style=\"width: 22px; height: 22px;\"><\/div>\n        <\/div>\n    <\/div>\n<\/div>\n                \n\n<div class=\"kksr-legend\" style=\"font-size: 17.6px;\">\n            <span class=\"kksr-muted\">Valora este post<\/span>\n    <\/div>\n    <\/div>\n","protected":false},"excerpt":{"rendered":"<p>Una familia valenciana destrozada por un suceso tr\u00e1gico en Indonesia En Valencia, una familia atraviesa por un momento de profundo dolor debido a un tr\u00e1gico evento &#8230; <a title=\"Tragedia en Indonesia destroza a familia valenciana: Silvia devastada por su hijo Mateo\" class=\"read-more\" href=\"https:\/\/www.diario21.tv\/noticias\/tragedia-en-indonesia-destroza-a-familia-valenciana-silvia-devastada-por-su-hijo-mateo\/\" aria-label=\"Leer m\u00e1s sobre Tragedia en Indonesia destroza a familia valenciana: Silvia devastada por su hijo Mateo\">Seguir leyendo &rarr;<\/a><\/p>\n","protected":false},"author":20,"featured_media":5713,"comment_status":"open","ping_status":"open","sticky":false,"template":"","format":"standard","meta":{"footnotes":""},"categories":[13],"tags":[],"class_list":["post-5712","post","type-post","status-publish","format-standard","has-post-thumbnail","hentry","category-portada"],"yoast_head":"<!-- This site is optimized with the Yoast SEO plugin v25.6 - https:\/\/yoast.com\/wordpress\/plugins\/seo\/ -->\n<title>Tragedia en Indonesia destroza a familia valenciana: Silvia devastada por su hijo Mateo - Diario 21<\/title>\n<meta name=\"robots\" content=\"index, follow, max-snippet:-1, max-image-preview:large, max-video-preview:-1\" \/>\n<link rel=\"canonical\" href=\"https:\/\/www.diario21.tv\/noticias\/tragedia-en-indonesia-destroza-a-familia-valenciana-silvia-devastada-por-su-hijo-mateo\/\" \/>\n<meta property=\"og:locale\" content=\"es_ES\" \/>\n<meta property=\"og:type\" content=\"article\" \/>\n<meta property=\"og:title\" content=\"Tragedia en Indonesia destroza a familia valenciana: Silvia devastada por su hijo Mateo - Diario 21\" \/>\n<meta property=\"og:description\" content=\"Una familia valenciana destrozada por un suceso tr\u00e1gico en Indonesia En Valencia, una familia atraviesa por un momento de profundo dolor debido a un tr\u00e1gico evento ... Seguir leyendo &rarr;\" \/>\n<meta property=\"og:url\" content=\"https:\/\/www.diario21.tv\/noticias\/tragedia-en-indonesia-destroza-a-familia-valenciana-silvia-devastada-por-su-hijo-mateo\/\" \/>\n<meta property=\"og:site_name\" content=\"Diario 21\" \/>\n<meta property=\"article:published_time\" content=\"2025-12-30T23:25:06+00:00\" \/>\n<meta property=\"article:modified_time\" content=\"2025-12-30T23:25:08+00:00\" \/>\n<meta property=\"og:image\" content=\"https:\/\/www.diario21.tv\/noticias\/wp-content\/uploads\/2025\/12\/Tragedia-en-Indonesia-destroza-a-familia-valenciana-Silvia-devastada-por.png\" \/>\n\t<meta property=\"og:image:width\" content=\"758\" \/>\n\t<meta property=\"og:image:height\" content=\"531\" \/>\n\t<meta property=\"og:image:type\" content=\"image\/png\" \/>\n<meta name=\"author\" content=\"Juan P\u00e9rez\" \/>\n<meta name=\"twitter:card\" content=\"summary_large_image\" \/>\n<meta name=\"twitter:label1\" content=\"Escrito por\" \/>\n\t<meta name=\"twitter:data1\" content=\"Juan P\u00e9rez\" \/>\n\t<meta name=\"twitter:label2\" content=\"Tiempo de lectura\" \/>\n\t<meta name=\"twitter:data2\" content=\"2 minutos\" \/>\n<script type=\"application\/ld+json\" class=\"yoast-schema-graph\">{\"@context\":\"https:\/\/schema.org\",\"@graph\":[{\"@type\":\"WebPage\",\"@id\":\"https:\/\/www.diario21.tv\/noticias\/tragedia-en-indonesia-destroza-a-familia-valenciana-silvia-devastada-por-su-hijo-mateo\/\",\"url\":\"https:\/\/www.diario21.tv\/noticias\/tragedia-en-indonesia-destroza-a-familia-valenciana-silvia-devastada-por-su-hijo-mateo\/\",\"name\":\"Tragedia en Indonesia destroza a familia valenciana: Silvia devastada por su hijo Mateo - Diario 21\",\"isPartOf\":{\"@id\":\"https:\/\/www.diario21.tv\/noticias\/#website\"},\"primaryImageOfPage\":{\"@id\":\"https:\/\/www.diario21.tv\/noticias\/tragedia-en-indonesia-destroza-a-familia-valenciana-silvia-devastada-por-su-hijo-mateo\/#primaryimage\"},\"image\":{\"@id\":\"https:\/\/www.diario21.tv\/noticias\/tragedia-en-indonesia-destroza-a-familia-valenciana-silvia-devastada-por-su-hijo-mateo\/#primaryimage\"},\"thumbnailUrl\":\"https:\/\/www.diario21.tv\/noticias\/wp-content\/uploads\/2025\/12\/Tragedia-en-Indonesia-destroza-a-familia-valenciana-Silvia-devastada-por.png\",\"datePublished\":\"2025-12-30T23:25:06+00:00\",\"dateModified\":\"2025-12-30T23:25:08+00:00\",\"author\":{\"@id\":\"https:\/\/www.diario21.tv\/noticias\/#\/schema\/person\/dfb778f73814d8f09f302618446a526b\"},\"breadcrumb\":{\"@id\":\"https:\/\/www.diario21.tv\/noticias\/tragedia-en-indonesia-destroza-a-familia-valenciana-silvia-devastada-por-su-hijo-mateo\/#breadcrumb\"},\"inLanguage\":\"es-AR\",\"potentialAction\":[{\"@type\":\"ReadAction\",\"target\":[\"https:\/\/www.diario21.tv\/noticias\/tragedia-en-indonesia-destroza-a-familia-valenciana-silvia-devastada-por-su-hijo-mateo\/\"]}]},{\"@type\":\"ImageObject\",\"inLanguage\":\"es-AR\",\"@id\":\"https:\/\/www.diario21.tv\/noticias\/tragedia-en-indonesia-destroza-a-familia-valenciana-silvia-devastada-por-su-hijo-mateo\/#primaryimage\",\"url\":\"https:\/\/www.diario21.tv\/noticias\/wp-content\/uploads\/2025\/12\/Tragedia-en-Indonesia-destroza-a-familia-valenciana-Silvia-devastada-por.png\",\"contentUrl\":\"https:\/\/www.diario21.tv\/noticias\/wp-content\/uploads\/2025\/12\/Tragedia-en-Indonesia-destroza-a-familia-valenciana-Silvia-devastada-por.png\",\"width\":758,\"height\":531,\"caption\":\"La otra familia valenciana rota por la tragedia en Indonesia: \u00abSilvia est\u00e1 devastada, Mateo es su \u00fanico hijo\u00bb\"},{\"@type\":\"BreadcrumbList\",\"@id\":\"https:\/\/www.diario21.tv\/noticias\/tragedia-en-indonesia-destroza-a-familia-valenciana-silvia-devastada-por-su-hijo-mateo\/#breadcrumb\",\"itemListElement\":[{\"@type\":\"ListItem\",\"position\":1,\"name\":\"Accueil\",\"item\":\"https:\/\/www.diario21.tv\/noticias\/\"},{\"@type\":\"ListItem\",\"position\":2,\"name\":\"Tragedia en Indonesia destroza a familia valenciana: Silvia devastada por su hijo Mateo\"}]},{\"@type\":\"WebSite\",\"@id\":\"https:\/\/www.diario21.tv\/noticias\/#website\",\"url\":\"https:\/\/www.diario21.tv\/noticias\/\",\"name\":\"Diario 21\",\"description\":\"\",\"potentialAction\":[{\"@type\":\"SearchAction\",\"target\":{\"@type\":\"EntryPoint\",\"urlTemplate\":\"https:\/\/www.diario21.tv\/noticias\/?s={search_term_string}\"},\"query-input\":{\"@type\":\"PropertyValueSpecification\",\"valueRequired\":true,\"valueName\":\"search_term_string\"}}],\"inLanguage\":\"es-AR\"},{\"@type\":\"Person\",\"@id\":\"https:\/\/www.diario21.tv\/noticias\/#\/schema\/person\/dfb778f73814d8f09f302618446a526b\",\"name\":\"Juan P\u00e9rez\",\"image\":{\"@type\":\"ImageObject\",\"inLanguage\":\"es-AR\",\"@id\":\"https:\/\/www.diario21.tv\/noticias\/#\/schema\/person\/image\/\",\"url\":\"https:\/\/secure.gravatar.com\/avatar\/c478a405bd10621167f4c3167cc770f5?s=96&d=mm&r=g\",\"contentUrl\":\"https:\/\/secure.gravatar.com\/avatar\/c478a405bd10621167f4c3167cc770f5?s=96&d=mm&r=g\",\"caption\":\"Juan P\u00e9rez\"},\"description\":\"Juan P\u00e9rez es el redactor en jefe de Diario 21. Con m\u00e1s de 10 a\u00f1os de experiencia en el periodismo, se especializa en pol\u00edtica nacional y an\u00e1lisis socioecon\u00f3mico. Su enfoque cr\u00edtico y riguroso aporta una perspectiva \u00fanica a cada art\u00edculo.\",\"sameAs\":[\"https:\/\/www.diario21.tv\/noticias\/\"],\"url\":\"https:\/\/www.diario21.tv\/noticias\/author\/juan-perez\/\"}]}<\/script>\n<!-- \/ Yoast SEO plugin. -->","yoast_head_json":{"title":"Tragedia en Indonesia destroza a familia valenciana: Silvia devastada por su hijo Mateo - Diario 21","robots":{"index":"index","follow":"follow","max-snippet":"max-snippet:-1","max-image-preview":"max-image-preview:large","max-video-preview":"max-video-preview:-1"},"canonical":"https:\/\/www.diario21.tv\/noticias\/tragedia-en-indonesia-destroza-a-familia-valenciana-silvia-devastada-por-su-hijo-mateo\/","og_locale":"es_ES","og_type":"article","og_title":"Tragedia en Indonesia destroza a familia valenciana: Silvia devastada por su hijo Mateo - Diario 21","og_description":"Una familia valenciana destrozada por un suceso tr\u00e1gico en Indonesia En Valencia, una familia atraviesa por un momento de profundo dolor debido a un tr\u00e1gico evento ... Seguir leyendo &rarr;","og_url":"https:\/\/www.diario21.tv\/noticias\/tragedia-en-indonesia-destroza-a-familia-valenciana-silvia-devastada-por-su-hijo-mateo\/","og_site_name":"Diario 21","article_published_time":"2025-12-30T23:25:06+00:00","article_modified_time":"2025-12-30T23:25:08+00:00","og_image":[{"width":758,"height":531,"url":"https:\/\/www.diario21.tv\/noticias\/wp-content\/uploads\/2025\/12\/Tragedia-en-Indonesia-destroza-a-familia-valenciana-Silvia-devastada-por.png","type":"image\/png"}],"author":"Juan P\u00e9rez","twitter_card":"summary_large_image","twitter_misc":{"Escrito por":"Juan P\u00e9rez","Tiempo de lectura":"2 minutos"},"schema":{"@context":"https:\/\/schema.org","@graph":[{"@type":"WebPage","@id":"https:\/\/www.diario21.tv\/noticias\/tragedia-en-indonesia-destroza-a-familia-valenciana-silvia-devastada-por-su-hijo-mateo\/","url":"https:\/\/www.diario21.tv\/noticias\/tragedia-en-indonesia-destroza-a-familia-valenciana-silvia-devastada-por-su-hijo-mateo\/","name":"Tragedia en Indonesia destroza a familia valenciana: Silvia devastada por su hijo Mateo - Diario 21","isPartOf":{"@id":"https:\/\/www.diario21.tv\/noticias\/#website"},"primaryImageOfPage":{"@id":"https:\/\/www.diario21.tv\/noticias\/tragedia-en-indonesia-destroza-a-familia-valenciana-silvia-devastada-por-su-hijo-mateo\/#primaryimage"},"image":{"@id":"https:\/\/www.diario21.tv\/noticias\/tragedia-en-indonesia-destroza-a-familia-valenciana-silvia-devastada-por-su-hijo-mateo\/#primaryimage"},"thumbnailUrl":"https:\/\/www.diario21.tv\/noticias\/wp-content\/uploads\/2025\/12\/Tragedia-en-Indonesia-destroza-a-familia-valenciana-Silvia-devastada-por.png","datePublished":"2025-12-30T23:25:06+00:00","dateModified":"2025-12-30T23:25:08+00:00","author":{"@id":"https:\/\/www.diario21.tv\/noticias\/#\/schema\/person\/dfb778f73814d8f09f302618446a526b"},"breadcrumb":{"@id":"https:\/\/www.diario21.tv\/noticias\/tragedia-en-indonesia-destroza-a-familia-valenciana-silvia-devastada-por-su-hijo-mateo\/#breadcrumb"},"inLanguage":"es-AR","potentialAction":[{"@type":"ReadAction","target":["https:\/\/www.diario21.tv\/noticias\/tragedia-en-indonesia-destroza-a-familia-valenciana-silvia-devastada-por-su-hijo-mateo\/"]}]},{"@type":"ImageObject","inLanguage":"es-AR","@id":"https:\/\/www.diario21.tv\/noticias\/tragedia-en-indonesia-destroza-a-familia-valenciana-silvia-devastada-por-su-hijo-mateo\/#primaryimage","url":"https:\/\/www.diario21.tv\/noticias\/wp-content\/uploads\/2025\/12\/Tragedia-en-Indonesia-destroza-a-familia-valenciana-Silvia-devastada-por.png","contentUrl":"https:\/\/www.diario21.tv\/noticias\/wp-content\/uploads\/2025\/12\/Tragedia-en-Indonesia-destroza-a-familia-valenciana-Silvia-devastada-por.png","width":758,"height":531,"caption":"La otra familia valenciana rota por la tragedia en Indonesia: \u00abSilvia est\u00e1 devastada, Mateo es su \u00fanico hijo\u00bb"},{"@type":"BreadcrumbList","@id":"https:\/\/www.diario21.tv\/noticias\/tragedia-en-indonesia-destroza-a-familia-valenciana-silvia-devastada-por-su-hijo-mateo\/#breadcrumb","itemListElement":[{"@type":"ListItem","position":1,"name":"Accueil","item":"https:\/\/www.diario21.tv\/noticias\/"},{"@type":"ListItem","position":2,"name":"Tragedia en Indonesia destroza a familia valenciana: Silvia devastada por su hijo Mateo"}]},{"@type":"WebSite","@id":"https:\/\/www.diario21.tv\/noticias\/#website","url":"https:\/\/www.diario21.tv\/noticias\/","name":"Diario 21","description":"","potentialAction":[{"@type":"SearchAction","target":{"@type":"EntryPoint","urlTemplate":"https:\/\/www.diario21.tv\/noticias\/?s={search_term_string}"},"query-input":{"@type":"PropertyValueSpecification","valueRequired":true,"valueName":"search_term_string"}}],"inLanguage":"es-AR"},{"@type":"Person","@id":"https:\/\/www.diario21.tv\/noticias\/#\/schema\/person\/dfb778f73814d8f09f302618446a526b","name":"Juan P\u00e9rez","image":{"@type":"ImageObject","inLanguage":"es-AR","@id":"https:\/\/www.diario21.tv\/noticias\/#\/schema\/person\/image\/","url":"https:\/\/secure.gravatar.com\/avatar\/c478a405bd10621167f4c3167cc770f5?s=96&d=mm&r=g","contentUrl":"https:\/\/secure.gravatar.com\/avatar\/c478a405bd10621167f4c3167cc770f5?s=96&d=mm&r=g","caption":"Juan P\u00e9rez"},"description":"Juan P\u00e9rez es el redactor en jefe de Diario 21. Con m\u00e1s de 10 a\u00f1os de experiencia en el periodismo, se especializa en pol\u00edtica nacional y an\u00e1lisis socioecon\u00f3mico. Su enfoque cr\u00edtico y riguroso aporta una perspectiva \u00fanica a cada art\u00edculo.","sameAs":["https:\/\/www.diario21.tv\/noticias\/"],"url":"https:\/\/www.diario21.tv\/noticias\/author\/juan-perez\/"}]}},"_links":{"self":[{"href":"https:\/\/www.diario21.tv\/noticias\/wp-json\/wp\/v2\/posts\/5712"}],"collection":[{"href":"https:\/\/www.diario21.tv\/noticias\/wp-json\/wp\/v2\/posts"}],"about":[{"href":"https:\/\/www.diario21.tv\/noticias\/wp-json\/wp\/v2\/types\/post"}],"author":[{"embeddable":true,"href":"https:\/\/www.diario21.tv\/noticias\/wp-json\/wp\/v2\/users\/20"}],"replies":[{"embeddable":true,"href":"https:\/\/www.diario21.tv\/noticias\/wp-json\/wp\/v2\/comments?post=5712"}],"version-history":[{"count":1,"href":"https:\/\/www.diario21.tv\/noticias\/wp-json\/wp\/v2\/posts\/5712\/revisions"}],"predecessor-version":[{"id":5714,"href":"https:\/\/www.diario21.tv\/noticias\/wp-json\/wp\/v2\/posts\/5712\/revisions\/5714"}],"wp:featuredmedia":[{"embeddable":true,"href":"https:\/\/www.diario21.tv\/noticias\/wp-json\/wp\/v2\/media\/5713"}],"wp:attachment":[{"href":"https:\/\/www.diario21.tv\/noticias\/wp-json\/wp\/v2\/media?parent=5712"}],"wp:term":[{"taxonomy":"category","embeddable":true,"href":"https:\/\/www.diario21.tv\/noticias\/wp-json\/wp\/v2\/categories?post=5712"},{"taxonomy":"post_tag","embeddable":true,"href":"https:\/\/www.diario21.tv\/noticias\/wp-json\/wp\/v2\/tags?post=5712"}],"curies":[{"name":"wp","href":"https:\/\/api.w.org\/{rel}","templated":true}]}}