{"id":5700,"date":"2025-12-29T23:20:04","date_gmt":"2025-12-29T23:20:04","guid":{"rendered":"https:\/\/www.diario21.tv\/noticias\/escandalo-en-valencia-arrestan-a-dueno-de-inmobiliaria-por-filmar-a-empleadas-en-el-bano\/"},"modified":"2025-12-29T23:20:05","modified_gmt":"2025-12-29T23:20:05","slug":"escandalo-en-valencia-arrestan-a-dueno-de-inmobiliaria-por-filmar-a-empleadas-en-el-bano","status":"publish","type":"post","link":"https:\/\/www.diario21.tv\/noticias\/escandalo-en-valencia-arrestan-a-dueno-de-inmobiliaria-por-filmar-a-empleadas-en-el-bano\/","title":{"rendered":"\u00a1Esc\u00e1ndalo en Valencia! Arrestan a due\u00f1o de inmobiliaria por filmar a empleadas en el ba\u00f1o."},"content":{"rendered":"<h2>Detenci\u00f3n del Propietario de una Agencia Inmobiliaria en Valencia<\/h2>\n<p>El due\u00f1o de una conocida agencia inmobiliaria valenciana ha sido arrestado tras ser acusado de filmar de manera ilegal a sus trabajadoras mientras utilizaban el ba\u00f1o de la empresa. Este suceso ha causado gran conmoci\u00f3n entre la comunidad local y sus empleados.<\/p>\n<h3>Inicio de la Investigaci\u00f3n<\/h3>\n<p>La investigaci\u00f3n comenz\u00f3 cuando una de las empleadas descubri\u00f3 una c\u00e1mara oculta instalada en el ba\u00f1o femenino de la oficina. Alarmada, la trabajadora inform\u00f3 de inmediato a las autoridades, quienes se movilizaron r\u00e1pidamente para abordar la denuncia.<\/p>\n<h3>Recolecci\u00f3n de Evidencia<\/h3>\n<p>Al recibir la denuncia, la polic\u00eda procedi\u00f3 a realizar un registro detallado de las instalaciones, durante el cual se encontraron dispositivos de grabaci\u00f3n ocultos estrat\u00e9gicamente en el ba\u00f1o. Estos dispositivos estaban dise\u00f1ados para pasar desapercibidos y grabar a las empleadas sin su consentimiento.<\/p>\n<h3>Arresto del Due\u00f1o<\/h3>\n<p>Con las pruebas en mano, las autoridades procedieron a arrestar al due\u00f1o de la inmobiliaria, un hombre de mediana edad cuya identidad no ha sido revelada por motivos legales. El empresario ahora enfrenta m\u00faltiples cargos relacionados con la violaci\u00f3n de la privacidad y el derecho a la intimidad de sus empleadas.<\/p>\n<h3>Reacciones y Consecuencias<\/h3>\n<p>La noticia del arresto ha generado una ola de indignaci\u00f3n tanto en la industria inmobiliaria como en la sociedad valenciana en general. Varios grupos de defensa de los derechos humanos y de la mujer han expresado su apoyo a las v\u00edctimas y han pedido medidas m\u00e1s estrictas para proteger la privacidad en el lugar de trabajo.<\/p>\n<p>Este incidente tambi\u00e9n ha suscitado un debate m\u00e1s amplio sobre la seguridad y la privacidad en el trabajo, con muchos llamando a una revisi\u00f3n de las leyes actuales para asegurar que incidentes similares no vuelvan a ocurrir.<\/p>\n<h3>Medidas Futuras<\/h3>\n<p>En respuesta al incidente, se ha propuesto la implementaci\u00f3n de pol\u00edticas m\u00e1s rigurosas en las empresas para la instalaci\u00f3n y uso de c\u00e1maras de seguridad, asegurando que estas no infrinjan la privacidad personal de los empleados. Asimismo, se ha sugerido la realizaci\u00f3n de auditor\u00edas de seguridad regulares para prevenir la instalaci\u00f3n no autorizada de dispositivos de grabaci\u00f3n.<\/p>\n<p>Este caso sigue en desarrollo y se espera que en las pr\u00f3ximas semanas se revelen m\u00e1s detalles sobre las medidas que se tomar\u00e1n para mejorar la protecci\u00f3n de la privacidad en los espacios laborales.<\/p>\n\n\n<div class=\"kk-star-ratings kksr-auto kksr-align-left kksr-valign-bottom\"\n    data-payload='{&quot;align&quot;:&quot;left&quot;,&quot;id&quot;:&quot;5700&quot;,&quot;slug&quot;:&quot;default&quot;,&quot;valign&quot;:&quot;bottom&quot;,&quot;ignore&quot;:&quot;&quot;,&quot;reference&quot;:&quot;auto&quot;,&quot;class&quot;:&quot;&quot;,&quot;count&quot;:&quot;0&quot;,&quot;legendonly&quot;:&quot;&quot;,&quot;readonly&quot;:&quot;&quot;,&quot;score&quot;:&quot;0&quot;,&quot;starsonly&quot;:&quot;&quot;,&quot;best&quot;:&quot;5&quot;,&quot;gap&quot;:&quot;5&quot;,&quot;greet&quot;:&quot;Valora este post&quot;,&quot;legend&quot;:&quot;0\\\/5 - (0 votes)&quot;,&quot;size&quot;:&quot;22&quot;,&quot;title&quot;:&quot;\u00a1Esc\u00e1ndalo en Valencia! Arrestan a due\u00f1o de inmobiliaria por filmar a empleadas en el ba\u00f1o.&quot;,&quot;width&quot;:&quot;0&quot;,&quot;_legend&quot;:&quot;{score}\\\/{best} - ({count} {votes})&quot;,&quot;font_factor&quot;:&quot;1.25&quot;}'>\n            \n<div class=\"kksr-stars\">\n    \n<div class=\"kksr-stars-inactive\">\n            <div class=\"kksr-star\" data-star=\"1\" style=\"padding-right: 5px\">\n            \n\n<div class=\"kksr-icon\" style=\"width: 22px; height: 22px;\"><\/div>\n        <\/div>\n            <div class=\"kksr-star\" data-star=\"2\" style=\"padding-right: 5px\">\n            \n\n<div class=\"kksr-icon\" style=\"width: 22px; height: 22px;\"><\/div>\n        <\/div>\n            <div class=\"kksr-star\" data-star=\"3\" style=\"padding-right: 5px\">\n            \n\n<div class=\"kksr-icon\" style=\"width: 22px; height: 22px;\"><\/div>\n        <\/div>\n            <div class=\"kksr-star\" data-star=\"4\" style=\"padding-right: 5px\">\n            \n\n<div class=\"kksr-icon\" style=\"width: 22px; height: 22px;\"><\/div>\n        <\/div>\n            <div class=\"kksr-star\" data-star=\"5\" style=\"padding-right: 5px\">\n            \n\n<div class=\"kksr-icon\" style=\"width: 22px; height: 22px;\"><\/div>\n        <\/div>\n    <\/div>\n    \n<div class=\"kksr-stars-active\" style=\"width: 0px;\">\n            <div class=\"kksr-star\" style=\"padding-right: 5px\">\n            \n\n<div class=\"kksr-icon\" style=\"width: 22px; height: 22px;\"><\/div>\n        <\/div>\n            <div class=\"kksr-star\" style=\"padding-right: 5px\">\n            \n\n<div class=\"kksr-icon\" style=\"width: 22px; height: 22px;\"><\/div>\n        <\/div>\n            <div class=\"kksr-star\" style=\"padding-right: 5px\">\n            \n\n<div class=\"kksr-icon\" style=\"width: 22px; height: 22px;\"><\/div>\n        <\/div>\n            <div class=\"kksr-star\" style=\"padding-right: 5px\">\n            \n\n<div class=\"kksr-icon\" style=\"width: 22px; height: 22px;\"><\/div>\n        <\/div>\n            <div class=\"kksr-star\" style=\"padding-right: 5px\">\n            \n\n<div class=\"kksr-icon\" style=\"width: 22px; height: 22px;\"><\/div>\n        <\/div>\n    <\/div>\n<\/div>\n                \n\n<div class=\"kksr-legend\" style=\"font-size: 17.6px;\">\n            <span class=\"kksr-muted\">Valora este post<\/span>\n    <\/div>\n    <\/div>\n","protected":false},"excerpt":{"rendered":"<p>Detenci\u00f3n del Propietario de una Agencia Inmobiliaria en Valencia El due\u00f1o de una conocida agencia inmobiliaria valenciana ha sido arrestado tras ser acusado de filmar de &#8230; <a title=\"\u00a1Esc\u00e1ndalo en Valencia! Arrestan a due\u00f1o de inmobiliaria por filmar a empleadas en el ba\u00f1o.\" class=\"read-more\" href=\"https:\/\/www.diario21.tv\/noticias\/escandalo-en-valencia-arrestan-a-dueno-de-inmobiliaria-por-filmar-a-empleadas-en-el-bano\/\" aria-label=\"Leer m\u00e1s sobre \u00a1Esc\u00e1ndalo en Valencia! Arrestan a due\u00f1o de inmobiliaria por filmar a empleadas en el ba\u00f1o.\">Seguir leyendo &rarr;<\/a><\/p>\n","protected":false},"author":20,"featured_media":5701,"comment_status":"open","ping_status":"open","sticky":false,"template":"","format":"standard","meta":{"footnotes":""},"categories":[13],"tags":[],"class_list":["post-5700","post","type-post","status-publish","format-standard","has-post-thumbnail","hentry","category-portada"],"yoast_head":"<!-- This site is optimized with the Yoast SEO plugin v25.6 - https:\/\/yoast.com\/wordpress\/plugins\/seo\/ -->\n<title>\u00a1Esc\u00e1ndalo en Valencia! Arrestan a due\u00f1o de inmobiliaria por filmar a empleadas en el ba\u00f1o. - Diario 21<\/title>\n<meta name=\"robots\" content=\"index, follow, max-snippet:-1, max-image-preview:large, max-video-preview:-1\" \/>\n<link rel=\"canonical\" href=\"https:\/\/www.diario21.tv\/noticias\/escandalo-en-valencia-arrestan-a-dueno-de-inmobiliaria-por-filmar-a-empleadas-en-el-bano\/\" \/>\n<meta property=\"og:locale\" content=\"es_ES\" \/>\n<meta property=\"og:type\" content=\"article\" \/>\n<meta property=\"og:title\" content=\"\u00a1Esc\u00e1ndalo en Valencia! Arrestan a due\u00f1o de inmobiliaria por filmar a empleadas en el ba\u00f1o. - Diario 21\" \/>\n<meta property=\"og:description\" content=\"Detenci\u00f3n del Propietario de una Agencia Inmobiliaria en Valencia El due\u00f1o de una conocida agencia inmobiliaria valenciana ha sido arrestado tras ser acusado de filmar de ... Seguir leyendo &rarr;\" \/>\n<meta property=\"og:url\" content=\"https:\/\/www.diario21.tv\/noticias\/escandalo-en-valencia-arrestan-a-dueno-de-inmobiliaria-por-filmar-a-empleadas-en-el-bano\/\" \/>\n<meta property=\"og:site_name\" content=\"Diario 21\" \/>\n<meta property=\"article:published_time\" content=\"2025-12-29T23:20:04+00:00\" \/>\n<meta property=\"article:modified_time\" content=\"2025-12-29T23:20:05+00:00\" \/>\n<meta property=\"og:image\" content=\"https:\/\/www.diario21.tv\/noticias\/wp-content\/uploads\/2025\/12\/\u00a1Escandalo-en-Valencia-Arrestan-a-dueno-de-inmobiliaria-por-filmar.png\" \/>\n\t<meta property=\"og:image:width\" content=\"758\" \/>\n\t<meta property=\"og:image:height\" content=\"531\" \/>\n\t<meta property=\"og:image:type\" content=\"image\/png\" \/>\n<meta name=\"author\" content=\"Juan P\u00e9rez\" \/>\n<meta name=\"twitter:card\" content=\"summary_large_image\" \/>\n<meta name=\"twitter:label1\" content=\"Escrito por\" \/>\n\t<meta name=\"twitter:data1\" content=\"Juan P\u00e9rez\" \/>\n\t<meta name=\"twitter:label2\" content=\"Tiempo de lectura\" \/>\n\t<meta name=\"twitter:data2\" content=\"2 minutos\" \/>\n<script type=\"application\/ld+json\" class=\"yoast-schema-graph\">{\"@context\":\"https:\/\/schema.org\",\"@graph\":[{\"@type\":\"WebPage\",\"@id\":\"https:\/\/www.diario21.tv\/noticias\/escandalo-en-valencia-arrestan-a-dueno-de-inmobiliaria-por-filmar-a-empleadas-en-el-bano\/\",\"url\":\"https:\/\/www.diario21.tv\/noticias\/escandalo-en-valencia-arrestan-a-dueno-de-inmobiliaria-por-filmar-a-empleadas-en-el-bano\/\",\"name\":\"\u00a1Esc\u00e1ndalo en Valencia! Arrestan a due\u00f1o de inmobiliaria por filmar a empleadas en el ba\u00f1o. - Diario 21\",\"isPartOf\":{\"@id\":\"https:\/\/www.diario21.tv\/noticias\/#website\"},\"primaryImageOfPage\":{\"@id\":\"https:\/\/www.diario21.tv\/noticias\/escandalo-en-valencia-arrestan-a-dueno-de-inmobiliaria-por-filmar-a-empleadas-en-el-bano\/#primaryimage\"},\"image\":{\"@id\":\"https:\/\/www.diario21.tv\/noticias\/escandalo-en-valencia-arrestan-a-dueno-de-inmobiliaria-por-filmar-a-empleadas-en-el-bano\/#primaryimage\"},\"thumbnailUrl\":\"https:\/\/www.diario21.tv\/noticias\/wp-content\/uploads\/2025\/12\/\u00a1Escandalo-en-Valencia-Arrestan-a-dueno-de-inmobiliaria-por-filmar.png\",\"datePublished\":\"2025-12-29T23:20:04+00:00\",\"dateModified\":\"2025-12-29T23:20:05+00:00\",\"author\":{\"@id\":\"https:\/\/www.diario21.tv\/noticias\/#\/schema\/person\/dfb778f73814d8f09f302618446a526b\"},\"breadcrumb\":{\"@id\":\"https:\/\/www.diario21.tv\/noticias\/escandalo-en-valencia-arrestan-a-dueno-de-inmobiliaria-por-filmar-a-empleadas-en-el-bano\/#breadcrumb\"},\"inLanguage\":\"es-AR\",\"potentialAction\":[{\"@type\":\"ReadAction\",\"target\":[\"https:\/\/www.diario21.tv\/noticias\/escandalo-en-valencia-arrestan-a-dueno-de-inmobiliaria-por-filmar-a-empleadas-en-el-bano\/\"]}]},{\"@type\":\"ImageObject\",\"inLanguage\":\"es-AR\",\"@id\":\"https:\/\/www.diario21.tv\/noticias\/escandalo-en-valencia-arrestan-a-dueno-de-inmobiliaria-por-filmar-a-empleadas-en-el-bano\/#primaryimage\",\"url\":\"https:\/\/www.diario21.tv\/noticias\/wp-content\/uploads\/2025\/12\/\u00a1Escandalo-en-Valencia-Arrestan-a-dueno-de-inmobiliaria-por-filmar.png\",\"contentUrl\":\"https:\/\/www.diario21.tv\/noticias\/wp-content\/uploads\/2025\/12\/\u00a1Escandalo-en-Valencia-Arrestan-a-dueno-de-inmobiliaria-por-filmar.png\",\"width\":758,\"height\":531,\"caption\":\"Arrestan al due\u00f1o de una inmobiliaria de Valencia por grabar a sus empleadas en el ba\u00f1o\"},{\"@type\":\"BreadcrumbList\",\"@id\":\"https:\/\/www.diario21.tv\/noticias\/escandalo-en-valencia-arrestan-a-dueno-de-inmobiliaria-por-filmar-a-empleadas-en-el-bano\/#breadcrumb\",\"itemListElement\":[{\"@type\":\"ListItem\",\"position\":1,\"name\":\"Accueil\",\"item\":\"https:\/\/www.diario21.tv\/noticias\/\"},{\"@type\":\"ListItem\",\"position\":2,\"name\":\"\u00a1Esc\u00e1ndalo en Valencia! Arrestan a due\u00f1o de inmobiliaria por filmar a empleadas en el ba\u00f1o.\"}]},{\"@type\":\"WebSite\",\"@id\":\"https:\/\/www.diario21.tv\/noticias\/#website\",\"url\":\"https:\/\/www.diario21.tv\/noticias\/\",\"name\":\"Diario 21\",\"description\":\"\",\"potentialAction\":[{\"@type\":\"SearchAction\",\"target\":{\"@type\":\"EntryPoint\",\"urlTemplate\":\"https:\/\/www.diario21.tv\/noticias\/?s={search_term_string}\"},\"query-input\":{\"@type\":\"PropertyValueSpecification\",\"valueRequired\":true,\"valueName\":\"search_term_string\"}}],\"inLanguage\":\"es-AR\"},{\"@type\":\"Person\",\"@id\":\"https:\/\/www.diario21.tv\/noticias\/#\/schema\/person\/dfb778f73814d8f09f302618446a526b\",\"name\":\"Juan P\u00e9rez\",\"image\":{\"@type\":\"ImageObject\",\"inLanguage\":\"es-AR\",\"@id\":\"https:\/\/www.diario21.tv\/noticias\/#\/schema\/person\/image\/\",\"url\":\"https:\/\/secure.gravatar.com\/avatar\/c478a405bd10621167f4c3167cc770f5?s=96&d=mm&r=g\",\"contentUrl\":\"https:\/\/secure.gravatar.com\/avatar\/c478a405bd10621167f4c3167cc770f5?s=96&d=mm&r=g\",\"caption\":\"Juan P\u00e9rez\"},\"description\":\"Juan P\u00e9rez es el redactor en jefe de Diario 21. Con m\u00e1s de 10 a\u00f1os de experiencia en el periodismo, se especializa en pol\u00edtica nacional y an\u00e1lisis socioecon\u00f3mico. Su enfoque cr\u00edtico y riguroso aporta una perspectiva \u00fanica a cada art\u00edculo.\",\"sameAs\":[\"https:\/\/www.diario21.tv\/noticias\/\"],\"url\":\"https:\/\/www.diario21.tv\/noticias\/author\/juan-perez\/\"}]}<\/script>\n<!-- \/ Yoast SEO plugin. -->","yoast_head_json":{"title":"\u00a1Esc\u00e1ndalo en Valencia! Arrestan a due\u00f1o de inmobiliaria por filmar a empleadas en el ba\u00f1o. - Diario 21","robots":{"index":"index","follow":"follow","max-snippet":"max-snippet:-1","max-image-preview":"max-image-preview:large","max-video-preview":"max-video-preview:-1"},"canonical":"https:\/\/www.diario21.tv\/noticias\/escandalo-en-valencia-arrestan-a-dueno-de-inmobiliaria-por-filmar-a-empleadas-en-el-bano\/","og_locale":"es_ES","og_type":"article","og_title":"\u00a1Esc\u00e1ndalo en Valencia! Arrestan a due\u00f1o de inmobiliaria por filmar a empleadas en el ba\u00f1o. - Diario 21","og_description":"Detenci\u00f3n del Propietario de una Agencia Inmobiliaria en Valencia El due\u00f1o de una conocida agencia inmobiliaria valenciana ha sido arrestado tras ser acusado de filmar de ... Seguir leyendo &rarr;","og_url":"https:\/\/www.diario21.tv\/noticias\/escandalo-en-valencia-arrestan-a-dueno-de-inmobiliaria-por-filmar-a-empleadas-en-el-bano\/","og_site_name":"Diario 21","article_published_time":"2025-12-29T23:20:04+00:00","article_modified_time":"2025-12-29T23:20:05+00:00","og_image":[{"width":758,"height":531,"url":"https:\/\/www.diario21.tv\/noticias\/wp-content\/uploads\/2025\/12\/\u00a1Escandalo-en-Valencia-Arrestan-a-dueno-de-inmobiliaria-por-filmar.png","type":"image\/png"}],"author":"Juan P\u00e9rez","twitter_card":"summary_large_image","twitter_misc":{"Escrito por":"Juan P\u00e9rez","Tiempo de lectura":"2 minutos"},"schema":{"@context":"https:\/\/schema.org","@graph":[{"@type":"WebPage","@id":"https:\/\/www.diario21.tv\/noticias\/escandalo-en-valencia-arrestan-a-dueno-de-inmobiliaria-por-filmar-a-empleadas-en-el-bano\/","url":"https:\/\/www.diario21.tv\/noticias\/escandalo-en-valencia-arrestan-a-dueno-de-inmobiliaria-por-filmar-a-empleadas-en-el-bano\/","name":"\u00a1Esc\u00e1ndalo en Valencia! Arrestan a due\u00f1o de inmobiliaria por filmar a empleadas en el ba\u00f1o. - Diario 21","isPartOf":{"@id":"https:\/\/www.diario21.tv\/noticias\/#website"},"primaryImageOfPage":{"@id":"https:\/\/www.diario21.tv\/noticias\/escandalo-en-valencia-arrestan-a-dueno-de-inmobiliaria-por-filmar-a-empleadas-en-el-bano\/#primaryimage"},"image":{"@id":"https:\/\/www.diario21.tv\/noticias\/escandalo-en-valencia-arrestan-a-dueno-de-inmobiliaria-por-filmar-a-empleadas-en-el-bano\/#primaryimage"},"thumbnailUrl":"https:\/\/www.diario21.tv\/noticias\/wp-content\/uploads\/2025\/12\/\u00a1Escandalo-en-Valencia-Arrestan-a-dueno-de-inmobiliaria-por-filmar.png","datePublished":"2025-12-29T23:20:04+00:00","dateModified":"2025-12-29T23:20:05+00:00","author":{"@id":"https:\/\/www.diario21.tv\/noticias\/#\/schema\/person\/dfb778f73814d8f09f302618446a526b"},"breadcrumb":{"@id":"https:\/\/www.diario21.tv\/noticias\/escandalo-en-valencia-arrestan-a-dueno-de-inmobiliaria-por-filmar-a-empleadas-en-el-bano\/#breadcrumb"},"inLanguage":"es-AR","potentialAction":[{"@type":"ReadAction","target":["https:\/\/www.diario21.tv\/noticias\/escandalo-en-valencia-arrestan-a-dueno-de-inmobiliaria-por-filmar-a-empleadas-en-el-bano\/"]}]},{"@type":"ImageObject","inLanguage":"es-AR","@id":"https:\/\/www.diario21.tv\/noticias\/escandalo-en-valencia-arrestan-a-dueno-de-inmobiliaria-por-filmar-a-empleadas-en-el-bano\/#primaryimage","url":"https:\/\/www.diario21.tv\/noticias\/wp-content\/uploads\/2025\/12\/\u00a1Escandalo-en-Valencia-Arrestan-a-dueno-de-inmobiliaria-por-filmar.png","contentUrl":"https:\/\/www.diario21.tv\/noticias\/wp-content\/uploads\/2025\/12\/\u00a1Escandalo-en-Valencia-Arrestan-a-dueno-de-inmobiliaria-por-filmar.png","width":758,"height":531,"caption":"Arrestan al due\u00f1o de una inmobiliaria de Valencia por grabar a sus empleadas en el ba\u00f1o"},{"@type":"BreadcrumbList","@id":"https:\/\/www.diario21.tv\/noticias\/escandalo-en-valencia-arrestan-a-dueno-de-inmobiliaria-por-filmar-a-empleadas-en-el-bano\/#breadcrumb","itemListElement":[{"@type":"ListItem","position":1,"name":"Accueil","item":"https:\/\/www.diario21.tv\/noticias\/"},{"@type":"ListItem","position":2,"name":"\u00a1Esc\u00e1ndalo en Valencia! Arrestan a due\u00f1o de inmobiliaria por filmar a empleadas en el ba\u00f1o."}]},{"@type":"WebSite","@id":"https:\/\/www.diario21.tv\/noticias\/#website","url":"https:\/\/www.diario21.tv\/noticias\/","name":"Diario 21","description":"","potentialAction":[{"@type":"SearchAction","target":{"@type":"EntryPoint","urlTemplate":"https:\/\/www.diario21.tv\/noticias\/?s={search_term_string}"},"query-input":{"@type":"PropertyValueSpecification","valueRequired":true,"valueName":"search_term_string"}}],"inLanguage":"es-AR"},{"@type":"Person","@id":"https:\/\/www.diario21.tv\/noticias\/#\/schema\/person\/dfb778f73814d8f09f302618446a526b","name":"Juan P\u00e9rez","image":{"@type":"ImageObject","inLanguage":"es-AR","@id":"https:\/\/www.diario21.tv\/noticias\/#\/schema\/person\/image\/","url":"https:\/\/secure.gravatar.com\/avatar\/c478a405bd10621167f4c3167cc770f5?s=96&d=mm&r=g","contentUrl":"https:\/\/secure.gravatar.com\/avatar\/c478a405bd10621167f4c3167cc770f5?s=96&d=mm&r=g","caption":"Juan P\u00e9rez"},"description":"Juan P\u00e9rez es el redactor en jefe de Diario 21. Con m\u00e1s de 10 a\u00f1os de experiencia en el periodismo, se especializa en pol\u00edtica nacional y an\u00e1lisis socioecon\u00f3mico. Su enfoque cr\u00edtico y riguroso aporta una perspectiva \u00fanica a cada art\u00edculo.","sameAs":["https:\/\/www.diario21.tv\/noticias\/"],"url":"https:\/\/www.diario21.tv\/noticias\/author\/juan-perez\/"}]}},"_links":{"self":[{"href":"https:\/\/www.diario21.tv\/noticias\/wp-json\/wp\/v2\/posts\/5700"}],"collection":[{"href":"https:\/\/www.diario21.tv\/noticias\/wp-json\/wp\/v2\/posts"}],"about":[{"href":"https:\/\/www.diario21.tv\/noticias\/wp-json\/wp\/v2\/types\/post"}],"author":[{"embeddable":true,"href":"https:\/\/www.diario21.tv\/noticias\/wp-json\/wp\/v2\/users\/20"}],"replies":[{"embeddable":true,"href":"https:\/\/www.diario21.tv\/noticias\/wp-json\/wp\/v2\/comments?post=5700"}],"version-history":[{"count":1,"href":"https:\/\/www.diario21.tv\/noticias\/wp-json\/wp\/v2\/posts\/5700\/revisions"}],"predecessor-version":[{"id":5702,"href":"https:\/\/www.diario21.tv\/noticias\/wp-json\/wp\/v2\/posts\/5700\/revisions\/5702"}],"wp:featuredmedia":[{"embeddable":true,"href":"https:\/\/www.diario21.tv\/noticias\/wp-json\/wp\/v2\/media\/5701"}],"wp:attachment":[{"href":"https:\/\/www.diario21.tv\/noticias\/wp-json\/wp\/v2\/media?parent=5700"}],"wp:term":[{"taxonomy":"category","embeddable":true,"href":"https:\/\/www.diario21.tv\/noticias\/wp-json\/wp\/v2\/categories?post=5700"},{"taxonomy":"post_tag","embeddable":true,"href":"https:\/\/www.diario21.tv\/noticias\/wp-json\/wp\/v2\/tags?post=5700"}],"curies":[{"name":"wp","href":"https:\/\/api.w.org\/{rel}","templated":true}]}}