{"id":5682,"date":"2025-12-28T11:00:46","date_gmt":"2025-12-28T11:00:46","guid":{"rendered":"https:\/\/www.diario21.tv\/noticias\/alerta-en-lleida-confirman-caso-de-gripe-aviar-en-granja-local\/"},"modified":"2025-12-28T11:00:50","modified_gmt":"2025-12-28T11:00:50","slug":"alerta-en-lleida-confirman-caso-de-gripe-aviar-en-granja-local","status":"publish","type":"post","link":"https:\/\/www.diario21.tv\/noticias\/alerta-en-lleida-confirman-caso-de-gripe-aviar-en-granja-local\/","title":{"rendered":"\u00a1Alerta en Lleida! Confirman caso de gripe aviar en granja local."},"content":{"rendered":"<h2>Detecci\u00f3n de Influenza Aviar en una Granja de Lleida<\/h2>\n<p>Recientemente, se ha confirmado un caso de influenza aviar, m\u00e1s conocida como gripe aviar, en una instalaci\u00f3n av\u00edcola situada en la provincia de Lleida. Este hallazgo ha puesto en alerta a las autoridades sanitarias locales y a la comunidad agr\u00edcola, dada la potencial gravedad de este tipo de virus tanto para las aves como para la posible transmisi\u00f3n a humanos.<\/p>\n<h3>Medidas Inmediatas y Cuarentena<\/h3>\n<p>Tras la confirmaci\u00f3n del caso, se han impuesto medidas de cuarentena en la granja afectada. El objetivo principal es evitar la propagaci\u00f3n del virus a otras granjas av\u00edcolas cercanas y mitigar el riesgo de una posible epidemia. Las autoridades han establecido un per\u00edmetro de seguridad y est\u00e1n realizando pruebas adicionales a todas las aves dentro de la zona restringida.<\/p>\n<p>Las aves infectadas han sido sacrificadas para contener la propagaci\u00f3n del virus. Adem\u00e1s, se est\u00e1n llevando a cabo desinfecciones exhaustivas en las instalaciones para eliminar cualquier vestigio del virus.<\/p>\n<h3>Investigaci\u00f3n en Curso<\/h3>\n<p>Los expertos est\u00e1n investigando el origen del brote para entender c\u00f3mo se introdujo el virus en la granja. Se est\u00e1n examinando todas las posibles v\u00edas de contagio, incluyendo el movimiento de aves, veh\u00edculos y personal que ha tenido acceso a la granja. La cooperaci\u00f3n de los granjeros locales est\u00e1 siendo esencial para rastrear r\u00e1pidamente cualquier conexi\u00f3n o contacto que pudieran haber tenido las aves infectadas.<\/p>\n<h3>Recomendaciones para la Poblaci\u00f3n Local<\/h3>\n<p>Aunque el riesgo de transmisi\u00f3n de la gripe aviar a humanos es bajo, las autoridades sanitarias est\u00e1n aconsejando precauci\u00f3n a la poblaci\u00f3n local. Se recomienda evitar el contacto directo con aves de corral y reportar cualquier caso sospechoso de enfermedad en aves dom\u00e9sticas o silvestres. Adem\u00e1s, se enfatiza la importancia de mantener buenas pr\u00e1cticas de higiene, como lavarse las manos frecuentemente y utilizar equipo de protecci\u00f3n si se trabaja directamente con aves.<\/p>\n<h3>Impacto en la Industria Av\u00edcola<\/h3>\n<p>Este incidente ha causado preocupaci\u00f3n en la industria av\u00edcola, ya que un brote de gripe aviar puede tener consecuencias devastadoras para la producci\u00f3n av\u00edcola. Las autoridades est\u00e1n trabajando en colaboraci\u00f3n con los productores para asegurar que se tomen todas las medidas necesarias para proteger las granjas no afectadas y minimizar el impacto econ\u00f3mico.<\/p>\n<p>Se est\u00e1n realizando esfuerzos continuos para educar a los granjeros sobre las mejores pr\u00e1cticas de bioseguridad y para mantener actualizadas las estrategias de prevenci\u00f3n de enfermedades. La vigilancia constante y la respuesta r\u00e1pida son clave para controlar la situaci\u00f3n y prevenir futuros brotes.<\/p>\n<p>Este brote de gripe aviar en Lleida es un recordatorio de la importancia de la vigilancia y el control estrictos en la industria av\u00edcola para proteger tanto la salud animal como la p\u00fablica.<\/p>\n\n\n<div class=\"kk-star-ratings kksr-auto kksr-align-left kksr-valign-bottom\"\n    data-payload='{&quot;align&quot;:&quot;left&quot;,&quot;id&quot;:&quot;5682&quot;,&quot;slug&quot;:&quot;default&quot;,&quot;valign&quot;:&quot;bottom&quot;,&quot;ignore&quot;:&quot;&quot;,&quot;reference&quot;:&quot;auto&quot;,&quot;class&quot;:&quot;&quot;,&quot;count&quot;:&quot;0&quot;,&quot;legendonly&quot;:&quot;&quot;,&quot;readonly&quot;:&quot;&quot;,&quot;score&quot;:&quot;0&quot;,&quot;starsonly&quot;:&quot;&quot;,&quot;best&quot;:&quot;5&quot;,&quot;gap&quot;:&quot;5&quot;,&quot;greet&quot;:&quot;Valora este post&quot;,&quot;legend&quot;:&quot;0\\\/5 - (0 votes)&quot;,&quot;size&quot;:&quot;22&quot;,&quot;title&quot;:&quot;\u00a1Alerta en Lleida! Confirman caso de gripe aviar en granja local.&quot;,&quot;width&quot;:&quot;0&quot;,&quot;_legend&quot;:&quot;{score}\\\/{best} - ({count} {votes})&quot;,&quot;font_factor&quot;:&quot;1.25&quot;}'>\n            \n<div class=\"kksr-stars\">\n    \n<div class=\"kksr-stars-inactive\">\n            <div class=\"kksr-star\" data-star=\"1\" style=\"padding-right: 5px\">\n            \n\n<div class=\"kksr-icon\" style=\"width: 22px; height: 22px;\"><\/div>\n        <\/div>\n            <div class=\"kksr-star\" data-star=\"2\" style=\"padding-right: 5px\">\n            \n\n<div class=\"kksr-icon\" style=\"width: 22px; height: 22px;\"><\/div>\n        <\/div>\n            <div class=\"kksr-star\" data-star=\"3\" style=\"padding-right: 5px\">\n            \n\n<div class=\"kksr-icon\" style=\"width: 22px; height: 22px;\"><\/div>\n        <\/div>\n            <div class=\"kksr-star\" data-star=\"4\" style=\"padding-right: 5px\">\n            \n\n<div class=\"kksr-icon\" style=\"width: 22px; height: 22px;\"><\/div>\n        <\/div>\n            <div class=\"kksr-star\" data-star=\"5\" style=\"padding-right: 5px\">\n            \n\n<div class=\"kksr-icon\" style=\"width: 22px; height: 22px;\"><\/div>\n        <\/div>\n    <\/div>\n    \n<div class=\"kksr-stars-active\" style=\"width: 0px;\">\n            <div class=\"kksr-star\" style=\"padding-right: 5px\">\n            \n\n<div class=\"kksr-icon\" style=\"width: 22px; height: 22px;\"><\/div>\n        <\/div>\n            <div class=\"kksr-star\" style=\"padding-right: 5px\">\n            \n\n<div class=\"kksr-icon\" style=\"width: 22px; height: 22px;\"><\/div>\n        <\/div>\n            <div class=\"kksr-star\" style=\"padding-right: 5px\">\n            \n\n<div class=\"kksr-icon\" style=\"width: 22px; height: 22px;\"><\/div>\n        <\/div>\n            <div class=\"kksr-star\" style=\"padding-right: 5px\">\n            \n\n<div class=\"kksr-icon\" style=\"width: 22px; height: 22px;\"><\/div>\n        <\/div>\n            <div class=\"kksr-star\" style=\"padding-right: 5px\">\n            \n\n<div class=\"kksr-icon\" style=\"width: 22px; height: 22px;\"><\/div>\n        <\/div>\n    <\/div>\n<\/div>\n                \n\n<div class=\"kksr-legend\" style=\"font-size: 17.6px;\">\n            <span class=\"kksr-muted\">Valora este post<\/span>\n    <\/div>\n    <\/div>\n","protected":false},"excerpt":{"rendered":"<p>Detecci\u00f3n de Influenza Aviar en una Granja de Lleida Recientemente, se ha confirmado un caso de influenza aviar, m\u00e1s conocida como gripe aviar, en una instalaci\u00f3n &#8230; <a title=\"\u00a1Alerta en Lleida! Confirman caso de gripe aviar en granja local.\" class=\"read-more\" href=\"https:\/\/www.diario21.tv\/noticias\/alerta-en-lleida-confirman-caso-de-gripe-aviar-en-granja-local\/\" aria-label=\"Leer m\u00e1s sobre \u00a1Alerta en Lleida! Confirman caso de gripe aviar en granja local.\">Seguir leyendo &rarr;<\/a><\/p>\n","protected":false},"author":20,"featured_media":5685,"comment_status":"open","ping_status":"open","sticky":false,"template":"","format":"standard","meta":{"footnotes":""},"categories":[13],"tags":[],"class_list":["post-5682","post","type-post","status-publish","format-standard","has-post-thumbnail","hentry","category-portada"],"yoast_head":"<!-- This site is optimized with the Yoast SEO plugin v25.6 - https:\/\/yoast.com\/wordpress\/plugins\/seo\/ -->\n<title>\u00a1Alerta en Lleida! Confirman caso de gripe aviar en granja local. - Diario 21<\/title>\n<meta name=\"robots\" content=\"index, follow, max-snippet:-1, max-image-preview:large, max-video-preview:-1\" \/>\n<link rel=\"canonical\" href=\"https:\/\/www.diario21.tv\/noticias\/alerta-en-lleida-confirman-caso-de-gripe-aviar-en-granja-local\/\" \/>\n<meta property=\"og:locale\" content=\"es_ES\" \/>\n<meta property=\"og:type\" content=\"article\" \/>\n<meta property=\"og:title\" content=\"\u00a1Alerta en Lleida! Confirman caso de gripe aviar en granja local. - Diario 21\" \/>\n<meta property=\"og:description\" content=\"Detecci\u00f3n de Influenza Aviar en una Granja de Lleida Recientemente, se ha confirmado un caso de influenza aviar, m\u00e1s conocida como gripe aviar, en una instalaci\u00f3n ... Seguir leyendo &rarr;\" \/>\n<meta property=\"og:url\" content=\"https:\/\/www.diario21.tv\/noticias\/alerta-en-lleida-confirman-caso-de-gripe-aviar-en-granja-local\/\" \/>\n<meta property=\"og:site_name\" content=\"Diario 21\" \/>\n<meta property=\"article:published_time\" content=\"2025-12-28T11:00:46+00:00\" \/>\n<meta property=\"article:modified_time\" content=\"2025-12-28T11:00:50+00:00\" \/>\n<meta property=\"og:image\" content=\"https:\/\/www.diario21.tv\/noticias\/wp-content\/uploads\/2025\/12\/\u00a1Alerta-en-Lleida-Confirman-caso-de-gripe-aviar-en-granja.png\" \/>\n\t<meta property=\"og:image:width\" content=\"1200\" \/>\n\t<meta property=\"og:image:height\" content=\"840\" \/>\n\t<meta property=\"og:image:type\" content=\"image\/png\" \/>\n<meta name=\"author\" content=\"Juan P\u00e9rez\" \/>\n<meta name=\"twitter:card\" content=\"summary_large_image\" \/>\n<meta name=\"twitter:label1\" content=\"Escrito por\" \/>\n\t<meta name=\"twitter:data1\" content=\"Juan P\u00e9rez\" \/>\n\t<meta name=\"twitter:label2\" content=\"Tiempo de lectura\" \/>\n\t<meta name=\"twitter:data2\" content=\"2 minutos\" \/>\n<script type=\"application\/ld+json\" class=\"yoast-schema-graph\">{\"@context\":\"https:\/\/schema.org\",\"@graph\":[{\"@type\":\"WebPage\",\"@id\":\"https:\/\/www.diario21.tv\/noticias\/alerta-en-lleida-confirman-caso-de-gripe-aviar-en-granja-local\/\",\"url\":\"https:\/\/www.diario21.tv\/noticias\/alerta-en-lleida-confirman-caso-de-gripe-aviar-en-granja-local\/\",\"name\":\"\u00a1Alerta en Lleida! Confirman caso de gripe aviar en granja local. - Diario 21\",\"isPartOf\":{\"@id\":\"https:\/\/www.diario21.tv\/noticias\/#website\"},\"primaryImageOfPage\":{\"@id\":\"https:\/\/www.diario21.tv\/noticias\/alerta-en-lleida-confirman-caso-de-gripe-aviar-en-granja-local\/#primaryimage\"},\"image\":{\"@id\":\"https:\/\/www.diario21.tv\/noticias\/alerta-en-lleida-confirman-caso-de-gripe-aviar-en-granja-local\/#primaryimage\"},\"thumbnailUrl\":\"https:\/\/www.diario21.tv\/noticias\/wp-content\/uploads\/2025\/12\/\u00a1Alerta-en-Lleida-Confirman-caso-de-gripe-aviar-en-granja.png\",\"datePublished\":\"2025-12-28T11:00:46+00:00\",\"dateModified\":\"2025-12-28T11:00:50+00:00\",\"author\":{\"@id\":\"https:\/\/www.diario21.tv\/noticias\/#\/schema\/person\/dfb778f73814d8f09f302618446a526b\"},\"breadcrumb\":{\"@id\":\"https:\/\/www.diario21.tv\/noticias\/alerta-en-lleida-confirman-caso-de-gripe-aviar-en-granja-local\/#breadcrumb\"},\"inLanguage\":\"es-AR\",\"potentialAction\":[{\"@type\":\"ReadAction\",\"target\":[\"https:\/\/www.diario21.tv\/noticias\/alerta-en-lleida-confirman-caso-de-gripe-aviar-en-granja-local\/\"]}]},{\"@type\":\"ImageObject\",\"inLanguage\":\"es-AR\",\"@id\":\"https:\/\/www.diario21.tv\/noticias\/alerta-en-lleida-confirman-caso-de-gripe-aviar-en-granja-local\/#primaryimage\",\"url\":\"https:\/\/www.diario21.tv\/noticias\/wp-content\/uploads\/2025\/12\/\u00a1Alerta-en-Lleida-Confirman-caso-de-gripe-aviar-en-granja.png\",\"contentUrl\":\"https:\/\/www.diario21.tv\/noticias\/wp-content\/uploads\/2025\/12\/\u00a1Alerta-en-Lleida-Confirman-caso-de-gripe-aviar-en-granja.png\",\"width\":1200,\"height\":840,\"caption\":\"Detectado un positivo de gripe aviar en una granja de Lleida\"},{\"@type\":\"BreadcrumbList\",\"@id\":\"https:\/\/www.diario21.tv\/noticias\/alerta-en-lleida-confirman-caso-de-gripe-aviar-en-granja-local\/#breadcrumb\",\"itemListElement\":[{\"@type\":\"ListItem\",\"position\":1,\"name\":\"Accueil\",\"item\":\"https:\/\/www.diario21.tv\/noticias\/\"},{\"@type\":\"ListItem\",\"position\":2,\"name\":\"\u00a1Alerta en Lleida! Confirman caso de gripe aviar en granja local.\"}]},{\"@type\":\"WebSite\",\"@id\":\"https:\/\/www.diario21.tv\/noticias\/#website\",\"url\":\"https:\/\/www.diario21.tv\/noticias\/\",\"name\":\"Diario 21\",\"description\":\"\",\"potentialAction\":[{\"@type\":\"SearchAction\",\"target\":{\"@type\":\"EntryPoint\",\"urlTemplate\":\"https:\/\/www.diario21.tv\/noticias\/?s={search_term_string}\"},\"query-input\":{\"@type\":\"PropertyValueSpecification\",\"valueRequired\":true,\"valueName\":\"search_term_string\"}}],\"inLanguage\":\"es-AR\"},{\"@type\":\"Person\",\"@id\":\"https:\/\/www.diario21.tv\/noticias\/#\/schema\/person\/dfb778f73814d8f09f302618446a526b\",\"name\":\"Juan P\u00e9rez\",\"image\":{\"@type\":\"ImageObject\",\"inLanguage\":\"es-AR\",\"@id\":\"https:\/\/www.diario21.tv\/noticias\/#\/schema\/person\/image\/\",\"url\":\"https:\/\/secure.gravatar.com\/avatar\/c478a405bd10621167f4c3167cc770f5?s=96&d=mm&r=g\",\"contentUrl\":\"https:\/\/secure.gravatar.com\/avatar\/c478a405bd10621167f4c3167cc770f5?s=96&d=mm&r=g\",\"caption\":\"Juan P\u00e9rez\"},\"description\":\"Juan P\u00e9rez es el redactor en jefe de Diario 21. Con m\u00e1s de 10 a\u00f1os de experiencia en el periodismo, se especializa en pol\u00edtica nacional y an\u00e1lisis socioecon\u00f3mico. Su enfoque cr\u00edtico y riguroso aporta una perspectiva \u00fanica a cada art\u00edculo.\",\"sameAs\":[\"https:\/\/www.diario21.tv\/noticias\/\"],\"url\":\"https:\/\/www.diario21.tv\/noticias\/author\/juan-perez\/\"}]}<\/script>\n<!-- \/ Yoast SEO plugin. -->","yoast_head_json":{"title":"\u00a1Alerta en Lleida! Confirman caso de gripe aviar en granja local. - Diario 21","robots":{"index":"index","follow":"follow","max-snippet":"max-snippet:-1","max-image-preview":"max-image-preview:large","max-video-preview":"max-video-preview:-1"},"canonical":"https:\/\/www.diario21.tv\/noticias\/alerta-en-lleida-confirman-caso-de-gripe-aviar-en-granja-local\/","og_locale":"es_ES","og_type":"article","og_title":"\u00a1Alerta en Lleida! Confirman caso de gripe aviar en granja local. - Diario 21","og_description":"Detecci\u00f3n de Influenza Aviar en una Granja de Lleida Recientemente, se ha confirmado un caso de influenza aviar, m\u00e1s conocida como gripe aviar, en una instalaci\u00f3n ... Seguir leyendo &rarr;","og_url":"https:\/\/www.diario21.tv\/noticias\/alerta-en-lleida-confirman-caso-de-gripe-aviar-en-granja-local\/","og_site_name":"Diario 21","article_published_time":"2025-12-28T11:00:46+00:00","article_modified_time":"2025-12-28T11:00:50+00:00","og_image":[{"width":1200,"height":840,"url":"https:\/\/www.diario21.tv\/noticias\/wp-content\/uploads\/2025\/12\/\u00a1Alerta-en-Lleida-Confirman-caso-de-gripe-aviar-en-granja.png","type":"image\/png"}],"author":"Juan P\u00e9rez","twitter_card":"summary_large_image","twitter_misc":{"Escrito por":"Juan P\u00e9rez","Tiempo de lectura":"2 minutos"},"schema":{"@context":"https:\/\/schema.org","@graph":[{"@type":"WebPage","@id":"https:\/\/www.diario21.tv\/noticias\/alerta-en-lleida-confirman-caso-de-gripe-aviar-en-granja-local\/","url":"https:\/\/www.diario21.tv\/noticias\/alerta-en-lleida-confirman-caso-de-gripe-aviar-en-granja-local\/","name":"\u00a1Alerta en Lleida! Confirman caso de gripe aviar en granja local. - Diario 21","isPartOf":{"@id":"https:\/\/www.diario21.tv\/noticias\/#website"},"primaryImageOfPage":{"@id":"https:\/\/www.diario21.tv\/noticias\/alerta-en-lleida-confirman-caso-de-gripe-aviar-en-granja-local\/#primaryimage"},"image":{"@id":"https:\/\/www.diario21.tv\/noticias\/alerta-en-lleida-confirman-caso-de-gripe-aviar-en-granja-local\/#primaryimage"},"thumbnailUrl":"https:\/\/www.diario21.tv\/noticias\/wp-content\/uploads\/2025\/12\/\u00a1Alerta-en-Lleida-Confirman-caso-de-gripe-aviar-en-granja.png","datePublished":"2025-12-28T11:00:46+00:00","dateModified":"2025-12-28T11:00:50+00:00","author":{"@id":"https:\/\/www.diario21.tv\/noticias\/#\/schema\/person\/dfb778f73814d8f09f302618446a526b"},"breadcrumb":{"@id":"https:\/\/www.diario21.tv\/noticias\/alerta-en-lleida-confirman-caso-de-gripe-aviar-en-granja-local\/#breadcrumb"},"inLanguage":"es-AR","potentialAction":[{"@type":"ReadAction","target":["https:\/\/www.diario21.tv\/noticias\/alerta-en-lleida-confirman-caso-de-gripe-aviar-en-granja-local\/"]}]},{"@type":"ImageObject","inLanguage":"es-AR","@id":"https:\/\/www.diario21.tv\/noticias\/alerta-en-lleida-confirman-caso-de-gripe-aviar-en-granja-local\/#primaryimage","url":"https:\/\/www.diario21.tv\/noticias\/wp-content\/uploads\/2025\/12\/\u00a1Alerta-en-Lleida-Confirman-caso-de-gripe-aviar-en-granja.png","contentUrl":"https:\/\/www.diario21.tv\/noticias\/wp-content\/uploads\/2025\/12\/\u00a1Alerta-en-Lleida-Confirman-caso-de-gripe-aviar-en-granja.png","width":1200,"height":840,"caption":"Detectado un positivo de gripe aviar en una granja de Lleida"},{"@type":"BreadcrumbList","@id":"https:\/\/www.diario21.tv\/noticias\/alerta-en-lleida-confirman-caso-de-gripe-aviar-en-granja-local\/#breadcrumb","itemListElement":[{"@type":"ListItem","position":1,"name":"Accueil","item":"https:\/\/www.diario21.tv\/noticias\/"},{"@type":"ListItem","position":2,"name":"\u00a1Alerta en Lleida! Confirman caso de gripe aviar en granja local."}]},{"@type":"WebSite","@id":"https:\/\/www.diario21.tv\/noticias\/#website","url":"https:\/\/www.diario21.tv\/noticias\/","name":"Diario 21","description":"","potentialAction":[{"@type":"SearchAction","target":{"@type":"EntryPoint","urlTemplate":"https:\/\/www.diario21.tv\/noticias\/?s={search_term_string}"},"query-input":{"@type":"PropertyValueSpecification","valueRequired":true,"valueName":"search_term_string"}}],"inLanguage":"es-AR"},{"@type":"Person","@id":"https:\/\/www.diario21.tv\/noticias\/#\/schema\/person\/dfb778f73814d8f09f302618446a526b","name":"Juan P\u00e9rez","image":{"@type":"ImageObject","inLanguage":"es-AR","@id":"https:\/\/www.diario21.tv\/noticias\/#\/schema\/person\/image\/","url":"https:\/\/secure.gravatar.com\/avatar\/c478a405bd10621167f4c3167cc770f5?s=96&d=mm&r=g","contentUrl":"https:\/\/secure.gravatar.com\/avatar\/c478a405bd10621167f4c3167cc770f5?s=96&d=mm&r=g","caption":"Juan P\u00e9rez"},"description":"Juan P\u00e9rez es el redactor en jefe de Diario 21. Con m\u00e1s de 10 a\u00f1os de experiencia en el periodismo, se especializa en pol\u00edtica nacional y an\u00e1lisis socioecon\u00f3mico. Su enfoque cr\u00edtico y riguroso aporta una perspectiva \u00fanica a cada art\u00edculo.","sameAs":["https:\/\/www.diario21.tv\/noticias\/"],"url":"https:\/\/www.diario21.tv\/noticias\/author\/juan-perez\/"}]}},"_links":{"self":[{"href":"https:\/\/www.diario21.tv\/noticias\/wp-json\/wp\/v2\/posts\/5682"}],"collection":[{"href":"https:\/\/www.diario21.tv\/noticias\/wp-json\/wp\/v2\/posts"}],"about":[{"href":"https:\/\/www.diario21.tv\/noticias\/wp-json\/wp\/v2\/types\/post"}],"author":[{"embeddable":true,"href":"https:\/\/www.diario21.tv\/noticias\/wp-json\/wp\/v2\/users\/20"}],"replies":[{"embeddable":true,"href":"https:\/\/www.diario21.tv\/noticias\/wp-json\/wp\/v2\/comments?post=5682"}],"version-history":[{"count":1,"href":"https:\/\/www.diario21.tv\/noticias\/wp-json\/wp\/v2\/posts\/5682\/revisions"}],"predecessor-version":[{"id":5686,"href":"https:\/\/www.diario21.tv\/noticias\/wp-json\/wp\/v2\/posts\/5682\/revisions\/5686"}],"wp:featuredmedia":[{"embeddable":true,"href":"https:\/\/www.diario21.tv\/noticias\/wp-json\/wp\/v2\/media\/5685"}],"wp:attachment":[{"href":"https:\/\/www.diario21.tv\/noticias\/wp-json\/wp\/v2\/media?parent=5682"}],"wp:term":[{"taxonomy":"category","embeddable":true,"href":"https:\/\/www.diario21.tv\/noticias\/wp-json\/wp\/v2\/categories?post=5682"},{"taxonomy":"post_tag","embeddable":true,"href":"https:\/\/www.diario21.tv\/noticias\/wp-json\/wp\/v2\/tags?post=5682"}],"curies":[{"name":"wp","href":"https:\/\/api.w.org\/{rel}","templated":true}]}}