{"id":5667,"date":"2025-12-27T04:52:37","date_gmt":"2025-12-27T04:52:37","guid":{"rendered":"https:\/\/www.diario21.tv\/noticias\/escandalo-en-irun-joven-detenido-tras-agredir-gravemente-a-hombre-de-53-anos-por-comentarios-futbolisticos\/"},"modified":"2025-12-27T04:52:40","modified_gmt":"2025-12-27T04:52:40","slug":"escandalo-en-irun-joven-detenido-tras-agredir-gravemente-a-hombre-de-53-anos-por-comentarios-futbolisticos","status":"publish","type":"post","link":"https:\/\/www.diario21.tv\/noticias\/escandalo-en-irun-joven-detenido-tras-agredir-gravemente-a-hombre-de-53-anos-por-comentarios-futbolisticos\/","title":{"rendered":"\u00a1Esc\u00e1ndalo en Irun! Joven detenido tras agredir gravemente a hombre de 53 a\u00f1os por comentarios futbol\u00edsticos."},"content":{"rendered":"<h2>Arresto de un joven tras agresi\u00f3n severa a un hombre en Irun por comentarios futbol\u00edsticos<\/h2>\n<p>Un reciente incidente en Irun ha culminado en la detenci\u00f3n de un joven acusado de causar heridas graves a un hombre de 53 a\u00f1os. El motivo detr\u00e1s del violento altercado parece haber sido una serie de comentarios relacionados con el f\u00fatbol.<\/p>\n<h3>Detalles del suceso<\/h3>\n<p>Seg\u00fan los informes de la polic\u00eda local, el altercado ocurri\u00f3 el pasado fin de semana en una de las calles m\u00e1s transitadas de Irun. Testigos presenciales relataron que el joven, cuya identidad no ha sido revelada, comenz\u00f3 a intercambiar palabras con la v\u00edctima en relaci\u00f3n a un partido de f\u00fatbol reciente. La discusi\u00f3n, inicialmente verbal y aparentemente inofensiva, escal\u00f3 r\u00e1pidamente en intensidad hasta que el joven agredi\u00f3 f\u00edsicamente al hombre mayor.<\/p>\n<h3>Respuesta de los servicios de emergencia<\/h3>\n<p>Los servicios de emergencia llegaron al lugar de los hechos poco despu\u00e9s de ser notificados sobre la agresi\u00f3n. El hombre agredido fue encontrado con varias lesiones significativas, requiriendo atenci\u00f3n m\u00e9dica inmediata. Fue trasladado a un hospital local, donde se le est\u00e1n tratando m\u00faltiples contusiones y una posible fractura. Los m\u00e9dicos han indicado que, aunque su estado es grave, se espera que se recupere con el tratamiento adecuado.<\/p>\n<h3>Investigaci\u00f3n y arresto<\/h3>\n<p>La polic\u00eda inici\u00f3 una investigaci\u00f3n inmediata despu\u00e9s del incidente. Gracias a la descripci\u00f3n proporcionada por los testigos y las c\u00e1maras de seguridad cercanas, el joven sospechoso fue identificado y detenido en menos de 24 horas. Actualmente se encuentra en custodia policial, y se est\u00e1 preparando para enfrentar cargos por agresi\u00f3n grave.<\/p>\n<p>Este caso ha resaltado preocupaciones sobre la seguridad en eventos deportivos y la intensidad de las rivalidades entre aficionados. Las autoridades han reiterado la importancia de mantener la calma y el respeto durante las discusiones deportivas para evitar incidentes similares en el futuro.<\/p>\n\n\n<div class=\"kk-star-ratings kksr-auto kksr-align-left kksr-valign-bottom\"\n    data-payload='{&quot;align&quot;:&quot;left&quot;,&quot;id&quot;:&quot;5667&quot;,&quot;slug&quot;:&quot;default&quot;,&quot;valign&quot;:&quot;bottom&quot;,&quot;ignore&quot;:&quot;&quot;,&quot;reference&quot;:&quot;auto&quot;,&quot;class&quot;:&quot;&quot;,&quot;count&quot;:&quot;0&quot;,&quot;legendonly&quot;:&quot;&quot;,&quot;readonly&quot;:&quot;&quot;,&quot;score&quot;:&quot;0&quot;,&quot;starsonly&quot;:&quot;&quot;,&quot;best&quot;:&quot;5&quot;,&quot;gap&quot;:&quot;5&quot;,&quot;greet&quot;:&quot;Valora este post&quot;,&quot;legend&quot;:&quot;0\\\/5 - (0 votes)&quot;,&quot;size&quot;:&quot;22&quot;,&quot;title&quot;:&quot;\u00a1Esc\u00e1ndalo en Irun! Joven detenido tras agredir gravemente a hombre de 53 a\u00f1os por comentarios futbol\u00edsticos.&quot;,&quot;width&quot;:&quot;0&quot;,&quot;_legend&quot;:&quot;{score}\\\/{best} - ({count} {votes})&quot;,&quot;font_factor&quot;:&quot;1.25&quot;}'>\n            \n<div class=\"kksr-stars\">\n    \n<div class=\"kksr-stars-inactive\">\n            <div class=\"kksr-star\" data-star=\"1\" style=\"padding-right: 5px\">\n            \n\n<div class=\"kksr-icon\" style=\"width: 22px; height: 22px;\"><\/div>\n        <\/div>\n            <div class=\"kksr-star\" data-star=\"2\" style=\"padding-right: 5px\">\n            \n\n<div class=\"kksr-icon\" style=\"width: 22px; height: 22px;\"><\/div>\n        <\/div>\n            <div class=\"kksr-star\" data-star=\"3\" style=\"padding-right: 5px\">\n            \n\n<div class=\"kksr-icon\" style=\"width: 22px; height: 22px;\"><\/div>\n        <\/div>\n            <div class=\"kksr-star\" data-star=\"4\" style=\"padding-right: 5px\">\n            \n\n<div class=\"kksr-icon\" style=\"width: 22px; height: 22px;\"><\/div>\n        <\/div>\n            <div class=\"kksr-star\" data-star=\"5\" style=\"padding-right: 5px\">\n            \n\n<div class=\"kksr-icon\" style=\"width: 22px; height: 22px;\"><\/div>\n        <\/div>\n    <\/div>\n    \n<div class=\"kksr-stars-active\" style=\"width: 0px;\">\n            <div class=\"kksr-star\" style=\"padding-right: 5px\">\n            \n\n<div class=\"kksr-icon\" style=\"width: 22px; height: 22px;\"><\/div>\n        <\/div>\n            <div class=\"kksr-star\" style=\"padding-right: 5px\">\n            \n\n<div class=\"kksr-icon\" style=\"width: 22px; height: 22px;\"><\/div>\n        <\/div>\n            <div class=\"kksr-star\" style=\"padding-right: 5px\">\n            \n\n<div class=\"kksr-icon\" style=\"width: 22px; height: 22px;\"><\/div>\n        <\/div>\n            <div class=\"kksr-star\" style=\"padding-right: 5px\">\n            \n\n<div class=\"kksr-icon\" style=\"width: 22px; height: 22px;\"><\/div>\n        <\/div>\n            <div class=\"kksr-star\" style=\"padding-right: 5px\">\n            \n\n<div class=\"kksr-icon\" style=\"width: 22px; height: 22px;\"><\/div>\n        <\/div>\n    <\/div>\n<\/div>\n                \n\n<div class=\"kksr-legend\" style=\"font-size: 17.6px;\">\n            <span class=\"kksr-muted\">Valora este post<\/span>\n    <\/div>\n    <\/div>\n","protected":false},"excerpt":{"rendered":"<p>Arresto de un joven tras agresi\u00f3n severa a un hombre en Irun por comentarios futbol\u00edsticos Un reciente incidente en Irun ha culminado en la detenci\u00f3n de &#8230; <a title=\"\u00a1Esc\u00e1ndalo en Irun! Joven detenido tras agredir gravemente a hombre de 53 a\u00f1os por comentarios futbol\u00edsticos.\" class=\"read-more\" href=\"https:\/\/www.diario21.tv\/noticias\/escandalo-en-irun-joven-detenido-tras-agredir-gravemente-a-hombre-de-53-anos-por-comentarios-futbolisticos\/\" aria-label=\"Leer m\u00e1s sobre \u00a1Esc\u00e1ndalo en Irun! Joven detenido tras agredir gravemente a hombre de 53 a\u00f1os por comentarios futbol\u00edsticos.\">Seguir leyendo &rarr;<\/a><\/p>\n","protected":false},"author":20,"featured_media":5668,"comment_status":"open","ping_status":"open","sticky":false,"template":"","format":"standard","meta":{"footnotes":""},"categories":[13],"tags":[],"class_list":["post-5667","post","type-post","status-publish","format-standard","has-post-thumbnail","hentry","category-portada"],"yoast_head":"<!-- This site is optimized with the Yoast SEO plugin v25.6 - https:\/\/yoast.com\/wordpress\/plugins\/seo\/ -->\n<title>\u00a1Esc\u00e1ndalo en Irun! Joven detenido tras agredir gravemente a hombre de 53 a\u00f1os por comentarios futbol\u00edsticos. - Diario 21<\/title>\n<meta name=\"robots\" content=\"index, follow, max-snippet:-1, max-image-preview:large, max-video-preview:-1\" \/>\n<link rel=\"canonical\" href=\"https:\/\/www.diario21.tv\/noticias\/escandalo-en-irun-joven-detenido-tras-agredir-gravemente-a-hombre-de-53-anos-por-comentarios-futbolisticos\/\" \/>\n<meta property=\"og:locale\" content=\"es_ES\" \/>\n<meta property=\"og:type\" content=\"article\" \/>\n<meta property=\"og:title\" content=\"\u00a1Esc\u00e1ndalo en Irun! Joven detenido tras agredir gravemente a hombre de 53 a\u00f1os por comentarios futbol\u00edsticos. - Diario 21\" \/>\n<meta property=\"og:description\" content=\"Arresto de un joven tras agresi\u00f3n severa a un hombre en Irun por comentarios futbol\u00edsticos Un reciente incidente en Irun ha culminado en la detenci\u00f3n de ... Seguir leyendo &rarr;\" \/>\n<meta property=\"og:url\" content=\"https:\/\/www.diario21.tv\/noticias\/escandalo-en-irun-joven-detenido-tras-agredir-gravemente-a-hombre-de-53-anos-por-comentarios-futbolisticos\/\" \/>\n<meta property=\"og:site_name\" content=\"Diario 21\" \/>\n<meta property=\"article:published_time\" content=\"2025-12-27T04:52:37+00:00\" \/>\n<meta property=\"article:modified_time\" content=\"2025-12-27T04:52:40+00:00\" \/>\n<meta property=\"og:image\" content=\"https:\/\/www.diario21.tv\/noticias\/wp-content\/uploads\/2025\/12\/\u00a1Escandalo-en-Irun-Joven-detenido-tras-agredir-gravemente-a-hombre.png\" \/>\n\t<meta property=\"og:image:width\" content=\"1200\" \/>\n\t<meta property=\"og:image:height\" content=\"840\" \/>\n\t<meta property=\"og:image:type\" content=\"image\/png\" \/>\n<meta name=\"author\" content=\"Juan P\u00e9rez\" \/>\n<meta name=\"twitter:card\" content=\"summary_large_image\" \/>\n<meta name=\"twitter:label1\" content=\"Escrito por\" \/>\n\t<meta name=\"twitter:data1\" content=\"Juan P\u00e9rez\" \/>\n\t<meta name=\"twitter:label2\" content=\"Tiempo de lectura\" \/>\n\t<meta name=\"twitter:data2\" content=\"2 minutos\" \/>\n<script type=\"application\/ld+json\" class=\"yoast-schema-graph\">{\"@context\":\"https:\/\/schema.org\",\"@graph\":[{\"@type\":\"WebPage\",\"@id\":\"https:\/\/www.diario21.tv\/noticias\/escandalo-en-irun-joven-detenido-tras-agredir-gravemente-a-hombre-de-53-anos-por-comentarios-futbolisticos\/\",\"url\":\"https:\/\/www.diario21.tv\/noticias\/escandalo-en-irun-joven-detenido-tras-agredir-gravemente-a-hombre-de-53-anos-por-comentarios-futbolisticos\/\",\"name\":\"\u00a1Esc\u00e1ndalo en Irun! Joven detenido tras agredir gravemente a hombre de 53 a\u00f1os por comentarios futbol\u00edsticos. - Diario 21\",\"isPartOf\":{\"@id\":\"https:\/\/www.diario21.tv\/noticias\/#website\"},\"primaryImageOfPage\":{\"@id\":\"https:\/\/www.diario21.tv\/noticias\/escandalo-en-irun-joven-detenido-tras-agredir-gravemente-a-hombre-de-53-anos-por-comentarios-futbolisticos\/#primaryimage\"},\"image\":{\"@id\":\"https:\/\/www.diario21.tv\/noticias\/escandalo-en-irun-joven-detenido-tras-agredir-gravemente-a-hombre-de-53-anos-por-comentarios-futbolisticos\/#primaryimage\"},\"thumbnailUrl\":\"https:\/\/www.diario21.tv\/noticias\/wp-content\/uploads\/2025\/12\/\u00a1Escandalo-en-Irun-Joven-detenido-tras-agredir-gravemente-a-hombre.png\",\"datePublished\":\"2025-12-27T04:52:37+00:00\",\"dateModified\":\"2025-12-27T04:52:40+00:00\",\"author\":{\"@id\":\"https:\/\/www.diario21.tv\/noticias\/#\/schema\/person\/dfb778f73814d8f09f302618446a526b\"},\"breadcrumb\":{\"@id\":\"https:\/\/www.diario21.tv\/noticias\/escandalo-en-irun-joven-detenido-tras-agredir-gravemente-a-hombre-de-53-anos-por-comentarios-futbolisticos\/#breadcrumb\"},\"inLanguage\":\"es-AR\",\"potentialAction\":[{\"@type\":\"ReadAction\",\"target\":[\"https:\/\/www.diario21.tv\/noticias\/escandalo-en-irun-joven-detenido-tras-agredir-gravemente-a-hombre-de-53-anos-por-comentarios-futbolisticos\/\"]}]},{\"@type\":\"ImageObject\",\"inLanguage\":\"es-AR\",\"@id\":\"https:\/\/www.diario21.tv\/noticias\/escandalo-en-irun-joven-detenido-tras-agredir-gravemente-a-hombre-de-53-anos-por-comentarios-futbolisticos\/#primaryimage\",\"url\":\"https:\/\/www.diario21.tv\/noticias\/wp-content\/uploads\/2025\/12\/\u00a1Escandalo-en-Irun-Joven-detenido-tras-agredir-gravemente-a-hombre.png\",\"contentUrl\":\"https:\/\/www.diario21.tv\/noticias\/wp-content\/uploads\/2025\/12\/\u00a1Escandalo-en-Irun-Joven-detenido-tras-agredir-gravemente-a-hombre.png\",\"width\":1200,\"height\":840,\"caption\":\"Detenido un joven que lesion\u00f3 de gravedad a un hombre de 53 a\u00f1os en Irun tras hacerle comentarios de f\u00fatbol\"},{\"@type\":\"BreadcrumbList\",\"@id\":\"https:\/\/www.diario21.tv\/noticias\/escandalo-en-irun-joven-detenido-tras-agredir-gravemente-a-hombre-de-53-anos-por-comentarios-futbolisticos\/#breadcrumb\",\"itemListElement\":[{\"@type\":\"ListItem\",\"position\":1,\"name\":\"Accueil\",\"item\":\"https:\/\/www.diario21.tv\/noticias\/\"},{\"@type\":\"ListItem\",\"position\":2,\"name\":\"\u00a1Esc\u00e1ndalo en Irun! Joven detenido tras agredir gravemente a hombre de 53 a\u00f1os por comentarios futbol\u00edsticos.\"}]},{\"@type\":\"WebSite\",\"@id\":\"https:\/\/www.diario21.tv\/noticias\/#website\",\"url\":\"https:\/\/www.diario21.tv\/noticias\/\",\"name\":\"Diario 21\",\"description\":\"\",\"potentialAction\":[{\"@type\":\"SearchAction\",\"target\":{\"@type\":\"EntryPoint\",\"urlTemplate\":\"https:\/\/www.diario21.tv\/noticias\/?s={search_term_string}\"},\"query-input\":{\"@type\":\"PropertyValueSpecification\",\"valueRequired\":true,\"valueName\":\"search_term_string\"}}],\"inLanguage\":\"es-AR\"},{\"@type\":\"Person\",\"@id\":\"https:\/\/www.diario21.tv\/noticias\/#\/schema\/person\/dfb778f73814d8f09f302618446a526b\",\"name\":\"Juan P\u00e9rez\",\"image\":{\"@type\":\"ImageObject\",\"inLanguage\":\"es-AR\",\"@id\":\"https:\/\/www.diario21.tv\/noticias\/#\/schema\/person\/image\/\",\"url\":\"https:\/\/secure.gravatar.com\/avatar\/c478a405bd10621167f4c3167cc770f5?s=96&d=mm&r=g\",\"contentUrl\":\"https:\/\/secure.gravatar.com\/avatar\/c478a405bd10621167f4c3167cc770f5?s=96&d=mm&r=g\",\"caption\":\"Juan P\u00e9rez\"},\"description\":\"Juan P\u00e9rez es el redactor en jefe de Diario 21. Con m\u00e1s de 10 a\u00f1os de experiencia en el periodismo, se especializa en pol\u00edtica nacional y an\u00e1lisis socioecon\u00f3mico. Su enfoque cr\u00edtico y riguroso aporta una perspectiva \u00fanica a cada art\u00edculo.\",\"sameAs\":[\"https:\/\/www.diario21.tv\/noticias\/\"],\"url\":\"https:\/\/www.diario21.tv\/noticias\/author\/juan-perez\/\"}]}<\/script>\n<!-- \/ Yoast SEO plugin. -->","yoast_head_json":{"title":"\u00a1Esc\u00e1ndalo en Irun! Joven detenido tras agredir gravemente a hombre de 53 a\u00f1os por comentarios futbol\u00edsticos. - Diario 21","robots":{"index":"index","follow":"follow","max-snippet":"max-snippet:-1","max-image-preview":"max-image-preview:large","max-video-preview":"max-video-preview:-1"},"canonical":"https:\/\/www.diario21.tv\/noticias\/escandalo-en-irun-joven-detenido-tras-agredir-gravemente-a-hombre-de-53-anos-por-comentarios-futbolisticos\/","og_locale":"es_ES","og_type":"article","og_title":"\u00a1Esc\u00e1ndalo en Irun! Joven detenido tras agredir gravemente a hombre de 53 a\u00f1os por comentarios futbol\u00edsticos. - Diario 21","og_description":"Arresto de un joven tras agresi\u00f3n severa a un hombre en Irun por comentarios futbol\u00edsticos Un reciente incidente en Irun ha culminado en la detenci\u00f3n de ... Seguir leyendo &rarr;","og_url":"https:\/\/www.diario21.tv\/noticias\/escandalo-en-irun-joven-detenido-tras-agredir-gravemente-a-hombre-de-53-anos-por-comentarios-futbolisticos\/","og_site_name":"Diario 21","article_published_time":"2025-12-27T04:52:37+00:00","article_modified_time":"2025-12-27T04:52:40+00:00","og_image":[{"width":1200,"height":840,"url":"https:\/\/www.diario21.tv\/noticias\/wp-content\/uploads\/2025\/12\/\u00a1Escandalo-en-Irun-Joven-detenido-tras-agredir-gravemente-a-hombre.png","type":"image\/png"}],"author":"Juan P\u00e9rez","twitter_card":"summary_large_image","twitter_misc":{"Escrito por":"Juan P\u00e9rez","Tiempo de lectura":"2 minutos"},"schema":{"@context":"https:\/\/schema.org","@graph":[{"@type":"WebPage","@id":"https:\/\/www.diario21.tv\/noticias\/escandalo-en-irun-joven-detenido-tras-agredir-gravemente-a-hombre-de-53-anos-por-comentarios-futbolisticos\/","url":"https:\/\/www.diario21.tv\/noticias\/escandalo-en-irun-joven-detenido-tras-agredir-gravemente-a-hombre-de-53-anos-por-comentarios-futbolisticos\/","name":"\u00a1Esc\u00e1ndalo en Irun! Joven detenido tras agredir gravemente a hombre de 53 a\u00f1os por comentarios futbol\u00edsticos. - Diario 21","isPartOf":{"@id":"https:\/\/www.diario21.tv\/noticias\/#website"},"primaryImageOfPage":{"@id":"https:\/\/www.diario21.tv\/noticias\/escandalo-en-irun-joven-detenido-tras-agredir-gravemente-a-hombre-de-53-anos-por-comentarios-futbolisticos\/#primaryimage"},"image":{"@id":"https:\/\/www.diario21.tv\/noticias\/escandalo-en-irun-joven-detenido-tras-agredir-gravemente-a-hombre-de-53-anos-por-comentarios-futbolisticos\/#primaryimage"},"thumbnailUrl":"https:\/\/www.diario21.tv\/noticias\/wp-content\/uploads\/2025\/12\/\u00a1Escandalo-en-Irun-Joven-detenido-tras-agredir-gravemente-a-hombre.png","datePublished":"2025-12-27T04:52:37+00:00","dateModified":"2025-12-27T04:52:40+00:00","author":{"@id":"https:\/\/www.diario21.tv\/noticias\/#\/schema\/person\/dfb778f73814d8f09f302618446a526b"},"breadcrumb":{"@id":"https:\/\/www.diario21.tv\/noticias\/escandalo-en-irun-joven-detenido-tras-agredir-gravemente-a-hombre-de-53-anos-por-comentarios-futbolisticos\/#breadcrumb"},"inLanguage":"es-AR","potentialAction":[{"@type":"ReadAction","target":["https:\/\/www.diario21.tv\/noticias\/escandalo-en-irun-joven-detenido-tras-agredir-gravemente-a-hombre-de-53-anos-por-comentarios-futbolisticos\/"]}]},{"@type":"ImageObject","inLanguage":"es-AR","@id":"https:\/\/www.diario21.tv\/noticias\/escandalo-en-irun-joven-detenido-tras-agredir-gravemente-a-hombre-de-53-anos-por-comentarios-futbolisticos\/#primaryimage","url":"https:\/\/www.diario21.tv\/noticias\/wp-content\/uploads\/2025\/12\/\u00a1Escandalo-en-Irun-Joven-detenido-tras-agredir-gravemente-a-hombre.png","contentUrl":"https:\/\/www.diario21.tv\/noticias\/wp-content\/uploads\/2025\/12\/\u00a1Escandalo-en-Irun-Joven-detenido-tras-agredir-gravemente-a-hombre.png","width":1200,"height":840,"caption":"Detenido un joven que lesion\u00f3 de gravedad a un hombre de 53 a\u00f1os en Irun tras hacerle comentarios de f\u00fatbol"},{"@type":"BreadcrumbList","@id":"https:\/\/www.diario21.tv\/noticias\/escandalo-en-irun-joven-detenido-tras-agredir-gravemente-a-hombre-de-53-anos-por-comentarios-futbolisticos\/#breadcrumb","itemListElement":[{"@type":"ListItem","position":1,"name":"Accueil","item":"https:\/\/www.diario21.tv\/noticias\/"},{"@type":"ListItem","position":2,"name":"\u00a1Esc\u00e1ndalo en Irun! Joven detenido tras agredir gravemente a hombre de 53 a\u00f1os por comentarios futbol\u00edsticos."}]},{"@type":"WebSite","@id":"https:\/\/www.diario21.tv\/noticias\/#website","url":"https:\/\/www.diario21.tv\/noticias\/","name":"Diario 21","description":"","potentialAction":[{"@type":"SearchAction","target":{"@type":"EntryPoint","urlTemplate":"https:\/\/www.diario21.tv\/noticias\/?s={search_term_string}"},"query-input":{"@type":"PropertyValueSpecification","valueRequired":true,"valueName":"search_term_string"}}],"inLanguage":"es-AR"},{"@type":"Person","@id":"https:\/\/www.diario21.tv\/noticias\/#\/schema\/person\/dfb778f73814d8f09f302618446a526b","name":"Juan P\u00e9rez","image":{"@type":"ImageObject","inLanguage":"es-AR","@id":"https:\/\/www.diario21.tv\/noticias\/#\/schema\/person\/image\/","url":"https:\/\/secure.gravatar.com\/avatar\/c478a405bd10621167f4c3167cc770f5?s=96&d=mm&r=g","contentUrl":"https:\/\/secure.gravatar.com\/avatar\/c478a405bd10621167f4c3167cc770f5?s=96&d=mm&r=g","caption":"Juan P\u00e9rez"},"description":"Juan P\u00e9rez es el redactor en jefe de Diario 21. Con m\u00e1s de 10 a\u00f1os de experiencia en el periodismo, se especializa en pol\u00edtica nacional y an\u00e1lisis socioecon\u00f3mico. Su enfoque cr\u00edtico y riguroso aporta una perspectiva \u00fanica a cada art\u00edculo.","sameAs":["https:\/\/www.diario21.tv\/noticias\/"],"url":"https:\/\/www.diario21.tv\/noticias\/author\/juan-perez\/"}]}},"_links":{"self":[{"href":"https:\/\/www.diario21.tv\/noticias\/wp-json\/wp\/v2\/posts\/5667"}],"collection":[{"href":"https:\/\/www.diario21.tv\/noticias\/wp-json\/wp\/v2\/posts"}],"about":[{"href":"https:\/\/www.diario21.tv\/noticias\/wp-json\/wp\/v2\/types\/post"}],"author":[{"embeddable":true,"href":"https:\/\/www.diario21.tv\/noticias\/wp-json\/wp\/v2\/users\/20"}],"replies":[{"embeddable":true,"href":"https:\/\/www.diario21.tv\/noticias\/wp-json\/wp\/v2\/comments?post=5667"}],"version-history":[{"count":1,"href":"https:\/\/www.diario21.tv\/noticias\/wp-json\/wp\/v2\/posts\/5667\/revisions"}],"predecessor-version":[{"id":5669,"href":"https:\/\/www.diario21.tv\/noticias\/wp-json\/wp\/v2\/posts\/5667\/revisions\/5669"}],"wp:featuredmedia":[{"embeddable":true,"href":"https:\/\/www.diario21.tv\/noticias\/wp-json\/wp\/v2\/media\/5668"}],"wp:attachment":[{"href":"https:\/\/www.diario21.tv\/noticias\/wp-json\/wp\/v2\/media?parent=5667"}],"wp:term":[{"taxonomy":"category","embeddable":true,"href":"https:\/\/www.diario21.tv\/noticias\/wp-json\/wp\/v2\/categories?post=5667"},{"taxonomy":"post_tag","embeddable":true,"href":"https:\/\/www.diario21.tv\/noticias\/wp-json\/wp\/v2\/tags?post=5667"}],"curies":[{"name":"wp","href":"https:\/\/api.w.org\/{rel}","templated":true}]}}