{"id":5652,"date":"2025-12-25T22:43:55","date_gmt":"2025-12-25T22:43:55","guid":{"rendered":"https:\/\/www.diario21.tv\/noticias\/cifra-record-solicitudes-de-eutanasia-se-duplican-en-un-ano-desde-la-ley\/"},"modified":"2025-12-25T22:43:56","modified_gmt":"2025-12-25T22:43:56","slug":"cifra-record-solicitudes-de-eutanasia-se-duplican-en-un-ano-desde-la-ley","status":"publish","type":"post","link":"https:\/\/www.diario21.tv\/noticias\/cifra-record-solicitudes-de-eutanasia-se-duplican-en-un-ano-desde-la-ley\/","title":{"rendered":"\u00a1Cifra r\u00e9cord! Solicitudes de eutanasia se duplican en un a\u00f1o desde la ley"},"content":{"rendered":"<h2>Incremento notable en las solicitudes de eutanasia<\/h2>\n<p>En el \u00faltimo a\u00f1o, se ha registrado un aumento significativo en las solicitudes de eutanasia en Espa\u00f1a, alcanzando la cifra de 905 peticiones. Este n\u00famero casi duplica las solicitudes realizadas en el a\u00f1o inicial tras la implementaci\u00f3n de la ley que regula esta pr\u00e1ctica.<\/p>\n<h3>Detalles sobre la ley de eutanasia<\/h3>\n<p>La ley de eutanasia, que fue aprobada en Espa\u00f1a, permite a las personas con enfermedades graves e incurables solicitar ayuda para terminar su vida, con el objetivo de evitar sufrimientos prolongados. Esta legislaci\u00f3n establece procedimientos y requisitos estrictos que deben seguir tanto los pacientes como los profesionales de la salud involucrados en el proceso.<\/p>\n<h3>Perfil de los solicitantes<\/h3>\n<p>Las 905 personas que han pedido la eutanasia durante el \u00faltimo a\u00f1o presentan diversas condiciones de salud, pero todas comparten la caracter\u00edstica de enfrentar dolencias que les provocan un sufrimiento constante y sin esperanzas de mejora. La ley especifica que solo aquellos en situaciones m\u00e9dicas extremas, donde la calidad de vida se ve gravemente afectada, pueden optar por esta salida.<\/p>\n<h3>Proceso y procedimientos<\/h3>\n<p>Para hacer efectiva una solicitud de eutanasia, los pacientes deben pasar por varias etapas de evaluaci\u00f3n. Esto incluye la confirmaci\u00f3n del diagn\u00f3stico y la prognosis por parte de m\u00faltiples m\u00e9dicos y, en algunos casos, la intervenci\u00f3n de un comit\u00e9 \u00e9tico. El proceso est\u00e1 dise\u00f1ado para ser riguroso para asegurar que cada caso cumpla con los criterios legales y m\u00e9dicos establecidos.<\/p>\n<h3>Reacciones y respuestas<\/h3>\n<p>La implementaci\u00f3n de la ley y el aumento en las solicitudes de eutanasia han generado un debate amplio en la sociedad espa\u00f1ola. Mientras algunos grupos defienden la ley como una expresi\u00f3n de compasi\u00f3n y autonom\u00eda individual, otros expresan preocupaci\u00f3n por las implicaciones \u00e9ticas y posibles abusos en la aplicaci\u00f3n de la ley.<\/p>\n<p>El aumento en las cifras refleja no solo una mayor conciencia y aceptaci\u00f3n de la eutanasia como una opci\u00f3n al final de la vida, sino tambi\u00e9n plantea desaf\u00edos significativos en t\u00e9rminos de regulaci\u00f3n y supervisi\u00f3n de la pr\u00e1ctica.<\/p>\n<h3>Conclusi\u00f3n<\/h3>\n<p>El notable incremento en las solicitudes de eutanasia en Espa\u00f1a pone de relieve la importancia de esta opci\u00f3n para aquellos que sufren enfermedades terminales. Sin embargo, tambi\u00e9n subraya la necesidad de un escrutinio continuo y ajustes en la ley para asegurar que se respeten los derechos y la dignidad de los pacientes, mientras se protege la integridad del sistema m\u00e9dico y \u00e9tico del pa\u00eds.<\/p>\n\n\n<div class=\"kk-star-ratings kksr-auto kksr-align-left kksr-valign-bottom\"\n    data-payload='{&quot;align&quot;:&quot;left&quot;,&quot;id&quot;:&quot;5652&quot;,&quot;slug&quot;:&quot;default&quot;,&quot;valign&quot;:&quot;bottom&quot;,&quot;ignore&quot;:&quot;&quot;,&quot;reference&quot;:&quot;auto&quot;,&quot;class&quot;:&quot;&quot;,&quot;count&quot;:&quot;0&quot;,&quot;legendonly&quot;:&quot;&quot;,&quot;readonly&quot;:&quot;&quot;,&quot;score&quot;:&quot;0&quot;,&quot;starsonly&quot;:&quot;&quot;,&quot;best&quot;:&quot;5&quot;,&quot;gap&quot;:&quot;5&quot;,&quot;greet&quot;:&quot;Valora este post&quot;,&quot;legend&quot;:&quot;0\\\/5 - (0 votes)&quot;,&quot;size&quot;:&quot;22&quot;,&quot;title&quot;:&quot;\u00a1Cifra r\u00e9cord! Solicitudes de eutanasia se duplican en un a\u00f1o desde la ley&quot;,&quot;width&quot;:&quot;0&quot;,&quot;_legend&quot;:&quot;{score}\\\/{best} - ({count} {votes})&quot;,&quot;font_factor&quot;:&quot;1.25&quot;}'>\n            \n<div class=\"kksr-stars\">\n    \n<div class=\"kksr-stars-inactive\">\n            <div class=\"kksr-star\" data-star=\"1\" style=\"padding-right: 5px\">\n            \n\n<div class=\"kksr-icon\" style=\"width: 22px; height: 22px;\"><\/div>\n        <\/div>\n            <div class=\"kksr-star\" data-star=\"2\" style=\"padding-right: 5px\">\n            \n\n<div class=\"kksr-icon\" style=\"width: 22px; height: 22px;\"><\/div>\n        <\/div>\n            <div class=\"kksr-star\" data-star=\"3\" style=\"padding-right: 5px\">\n            \n\n<div class=\"kksr-icon\" style=\"width: 22px; height: 22px;\"><\/div>\n        <\/div>\n            <div class=\"kksr-star\" data-star=\"4\" style=\"padding-right: 5px\">\n            \n\n<div class=\"kksr-icon\" style=\"width: 22px; height: 22px;\"><\/div>\n        <\/div>\n            <div class=\"kksr-star\" data-star=\"5\" style=\"padding-right: 5px\">\n            \n\n<div class=\"kksr-icon\" style=\"width: 22px; height: 22px;\"><\/div>\n        <\/div>\n    <\/div>\n    \n<div class=\"kksr-stars-active\" style=\"width: 0px;\">\n            <div class=\"kksr-star\" style=\"padding-right: 5px\">\n            \n\n<div class=\"kksr-icon\" style=\"width: 22px; height: 22px;\"><\/div>\n        <\/div>\n            <div class=\"kksr-star\" style=\"padding-right: 5px\">\n            \n\n<div class=\"kksr-icon\" style=\"width: 22px; height: 22px;\"><\/div>\n        <\/div>\n            <div class=\"kksr-star\" style=\"padding-right: 5px\">\n            \n\n<div class=\"kksr-icon\" style=\"width: 22px; height: 22px;\"><\/div>\n        <\/div>\n            <div class=\"kksr-star\" style=\"padding-right: 5px\">\n            \n\n<div class=\"kksr-icon\" style=\"width: 22px; height: 22px;\"><\/div>\n        <\/div>\n            <div class=\"kksr-star\" style=\"padding-right: 5px\">\n            \n\n<div class=\"kksr-icon\" style=\"width: 22px; height: 22px;\"><\/div>\n        <\/div>\n    <\/div>\n<\/div>\n                \n\n<div class=\"kksr-legend\" style=\"font-size: 17.6px;\">\n            <span class=\"kksr-muted\">Valora este post<\/span>\n    <\/div>\n    <\/div>\n","protected":false},"excerpt":{"rendered":"<p>Incremento notable en las solicitudes de eutanasia En el \u00faltimo a\u00f1o, se ha registrado un aumento significativo en las solicitudes de eutanasia en Espa\u00f1a, alcanzando la &#8230; <a title=\"\u00a1Cifra r\u00e9cord! Solicitudes de eutanasia se duplican en un a\u00f1o desde la ley\" class=\"read-more\" href=\"https:\/\/www.diario21.tv\/noticias\/cifra-record-solicitudes-de-eutanasia-se-duplican-en-un-ano-desde-la-ley\/\" aria-label=\"Leer m\u00e1s sobre \u00a1Cifra r\u00e9cord! Solicitudes de eutanasia se duplican en un a\u00f1o desde la ley\">Seguir leyendo &rarr;<\/a><\/p>\n","protected":false},"author":20,"featured_media":5653,"comment_status":"open","ping_status":"open","sticky":false,"template":"","format":"standard","meta":{"footnotes":""},"categories":[13],"tags":[],"class_list":["post-5652","post","type-post","status-publish","format-standard","has-post-thumbnail","hentry","category-portada"],"yoast_head":"<!-- This site is optimized with the Yoast SEO plugin v25.6 - https:\/\/yoast.com\/wordpress\/plugins\/seo\/ -->\n<title>\u00a1Cifra r\u00e9cord! Solicitudes de eutanasia se duplican en un a\u00f1o desde la ley - Diario 21<\/title>\n<meta name=\"robots\" content=\"index, follow, max-snippet:-1, max-image-preview:large, max-video-preview:-1\" \/>\n<link rel=\"canonical\" href=\"https:\/\/www.diario21.tv\/noticias\/cifra-record-solicitudes-de-eutanasia-se-duplican-en-un-ano-desde-la-ley\/\" \/>\n<meta property=\"og:locale\" content=\"es_ES\" \/>\n<meta property=\"og:type\" content=\"article\" \/>\n<meta property=\"og:title\" content=\"\u00a1Cifra r\u00e9cord! Solicitudes de eutanasia se duplican en un a\u00f1o desde la ley - Diario 21\" \/>\n<meta property=\"og:description\" content=\"Incremento notable en las solicitudes de eutanasia En el \u00faltimo a\u00f1o, se ha registrado un aumento significativo en las solicitudes de eutanasia en Espa\u00f1a, alcanzando la ... Seguir leyendo &rarr;\" \/>\n<meta property=\"og:url\" content=\"https:\/\/www.diario21.tv\/noticias\/cifra-record-solicitudes-de-eutanasia-se-duplican-en-un-ano-desde-la-ley\/\" \/>\n<meta property=\"og:site_name\" content=\"Diario 21\" \/>\n<meta property=\"article:published_time\" content=\"2025-12-25T22:43:55+00:00\" \/>\n<meta property=\"article:modified_time\" content=\"2025-12-25T22:43:56+00:00\" \/>\n<meta property=\"og:image\" content=\"https:\/\/www.diario21.tv\/noticias\/wp-content\/uploads\/2025\/12\/\u00a1Cifra-record-Solicitudes-de-eutanasia-se-duplican-en-un-ano.jpg\" \/>\n\t<meta property=\"og:image:width\" content=\"1200\" \/>\n\t<meta property=\"og:image:height\" content=\"840\" \/>\n\t<meta property=\"og:image:type\" content=\"image\/jpeg\" \/>\n<meta name=\"author\" content=\"Juan P\u00e9rez\" \/>\n<meta name=\"twitter:card\" content=\"summary_large_image\" \/>\n<meta name=\"twitter:label1\" content=\"Escrito por\" \/>\n\t<meta name=\"twitter:data1\" content=\"Juan P\u00e9rez\" \/>\n\t<meta name=\"twitter:label2\" content=\"Tiempo de lectura\" \/>\n\t<meta name=\"twitter:data2\" content=\"2 minutos\" \/>\n<script type=\"application\/ld+json\" class=\"yoast-schema-graph\">{\"@context\":\"https:\/\/schema.org\",\"@graph\":[{\"@type\":\"WebPage\",\"@id\":\"https:\/\/www.diario21.tv\/noticias\/cifra-record-solicitudes-de-eutanasia-se-duplican-en-un-ano-desde-la-ley\/\",\"url\":\"https:\/\/www.diario21.tv\/noticias\/cifra-record-solicitudes-de-eutanasia-se-duplican-en-un-ano-desde-la-ley\/\",\"name\":\"\u00a1Cifra r\u00e9cord! Solicitudes de eutanasia se duplican en un a\u00f1o desde la ley - Diario 21\",\"isPartOf\":{\"@id\":\"https:\/\/www.diario21.tv\/noticias\/#website\"},\"primaryImageOfPage\":{\"@id\":\"https:\/\/www.diario21.tv\/noticias\/cifra-record-solicitudes-de-eutanasia-se-duplican-en-un-ano-desde-la-ley\/#primaryimage\"},\"image\":{\"@id\":\"https:\/\/www.diario21.tv\/noticias\/cifra-record-solicitudes-de-eutanasia-se-duplican-en-un-ano-desde-la-ley\/#primaryimage\"},\"thumbnailUrl\":\"https:\/\/www.diario21.tv\/noticias\/wp-content\/uploads\/2025\/12\/\u00a1Cifra-record-Solicitudes-de-eutanasia-se-duplican-en-un-ano.jpg\",\"datePublished\":\"2025-12-25T22:43:55+00:00\",\"dateModified\":\"2025-12-25T22:43:56+00:00\",\"author\":{\"@id\":\"https:\/\/www.diario21.tv\/noticias\/#\/schema\/person\/dfb778f73814d8f09f302618446a526b\"},\"breadcrumb\":{\"@id\":\"https:\/\/www.diario21.tv\/noticias\/cifra-record-solicitudes-de-eutanasia-se-duplican-en-un-ano-desde-la-ley\/#breadcrumb\"},\"inLanguage\":\"es-AR\",\"potentialAction\":[{\"@type\":\"ReadAction\",\"target\":[\"https:\/\/www.diario21.tv\/noticias\/cifra-record-solicitudes-de-eutanasia-se-duplican-en-un-ano-desde-la-ley\/\"]}]},{\"@type\":\"ImageObject\",\"inLanguage\":\"es-AR\",\"@id\":\"https:\/\/www.diario21.tv\/noticias\/cifra-record-solicitudes-de-eutanasia-se-duplican-en-un-ano-desde-la-ley\/#primaryimage\",\"url\":\"https:\/\/www.diario21.tv\/noticias\/wp-content\/uploads\/2025\/12\/\u00a1Cifra-record-Solicitudes-de-eutanasia-se-duplican-en-un-ano.jpg\",\"contentUrl\":\"https:\/\/www.diario21.tv\/noticias\/wp-content\/uploads\/2025\/12\/\u00a1Cifra-record-Solicitudes-de-eutanasia-se-duplican-en-un-ano.jpg\",\"width\":1200,\"height\":840,\"caption\":\"905 personas piden la eutanasia en un a\u00f1o, casi el doble que al inicio de la ley\"},{\"@type\":\"BreadcrumbList\",\"@id\":\"https:\/\/www.diario21.tv\/noticias\/cifra-record-solicitudes-de-eutanasia-se-duplican-en-un-ano-desde-la-ley\/#breadcrumb\",\"itemListElement\":[{\"@type\":\"ListItem\",\"position\":1,\"name\":\"Accueil\",\"item\":\"https:\/\/www.diario21.tv\/noticias\/\"},{\"@type\":\"ListItem\",\"position\":2,\"name\":\"\u00a1Cifra r\u00e9cord! Solicitudes de eutanasia se duplican en un a\u00f1o desde la ley\"}]},{\"@type\":\"WebSite\",\"@id\":\"https:\/\/www.diario21.tv\/noticias\/#website\",\"url\":\"https:\/\/www.diario21.tv\/noticias\/\",\"name\":\"Diario 21\",\"description\":\"\",\"potentialAction\":[{\"@type\":\"SearchAction\",\"target\":{\"@type\":\"EntryPoint\",\"urlTemplate\":\"https:\/\/www.diario21.tv\/noticias\/?s={search_term_string}\"},\"query-input\":{\"@type\":\"PropertyValueSpecification\",\"valueRequired\":true,\"valueName\":\"search_term_string\"}}],\"inLanguage\":\"es-AR\"},{\"@type\":\"Person\",\"@id\":\"https:\/\/www.diario21.tv\/noticias\/#\/schema\/person\/dfb778f73814d8f09f302618446a526b\",\"name\":\"Juan P\u00e9rez\",\"image\":{\"@type\":\"ImageObject\",\"inLanguage\":\"es-AR\",\"@id\":\"https:\/\/www.diario21.tv\/noticias\/#\/schema\/person\/image\/\",\"url\":\"https:\/\/secure.gravatar.com\/avatar\/c478a405bd10621167f4c3167cc770f5?s=96&d=mm&r=g\",\"contentUrl\":\"https:\/\/secure.gravatar.com\/avatar\/c478a405bd10621167f4c3167cc770f5?s=96&d=mm&r=g\",\"caption\":\"Juan P\u00e9rez\"},\"description\":\"Juan P\u00e9rez es el redactor en jefe de Diario 21. Con m\u00e1s de 10 a\u00f1os de experiencia en el periodismo, se especializa en pol\u00edtica nacional y an\u00e1lisis socioecon\u00f3mico. Su enfoque cr\u00edtico y riguroso aporta una perspectiva \u00fanica a cada art\u00edculo.\",\"sameAs\":[\"https:\/\/www.diario21.tv\/noticias\/\"],\"url\":\"https:\/\/www.diario21.tv\/noticias\/author\/juan-perez\/\"}]}<\/script>\n<!-- \/ Yoast SEO plugin. -->","yoast_head_json":{"title":"\u00a1Cifra r\u00e9cord! Solicitudes de eutanasia se duplican en un a\u00f1o desde la ley - Diario 21","robots":{"index":"index","follow":"follow","max-snippet":"max-snippet:-1","max-image-preview":"max-image-preview:large","max-video-preview":"max-video-preview:-1"},"canonical":"https:\/\/www.diario21.tv\/noticias\/cifra-record-solicitudes-de-eutanasia-se-duplican-en-un-ano-desde-la-ley\/","og_locale":"es_ES","og_type":"article","og_title":"\u00a1Cifra r\u00e9cord! Solicitudes de eutanasia se duplican en un a\u00f1o desde la ley - Diario 21","og_description":"Incremento notable en las solicitudes de eutanasia En el \u00faltimo a\u00f1o, se ha registrado un aumento significativo en las solicitudes de eutanasia en Espa\u00f1a, alcanzando la ... Seguir leyendo &rarr;","og_url":"https:\/\/www.diario21.tv\/noticias\/cifra-record-solicitudes-de-eutanasia-se-duplican-en-un-ano-desde-la-ley\/","og_site_name":"Diario 21","article_published_time":"2025-12-25T22:43:55+00:00","article_modified_time":"2025-12-25T22:43:56+00:00","og_image":[{"width":1200,"height":840,"url":"https:\/\/www.diario21.tv\/noticias\/wp-content\/uploads\/2025\/12\/\u00a1Cifra-record-Solicitudes-de-eutanasia-se-duplican-en-un-ano.jpg","type":"image\/jpeg"}],"author":"Juan P\u00e9rez","twitter_card":"summary_large_image","twitter_misc":{"Escrito por":"Juan P\u00e9rez","Tiempo de lectura":"2 minutos"},"schema":{"@context":"https:\/\/schema.org","@graph":[{"@type":"WebPage","@id":"https:\/\/www.diario21.tv\/noticias\/cifra-record-solicitudes-de-eutanasia-se-duplican-en-un-ano-desde-la-ley\/","url":"https:\/\/www.diario21.tv\/noticias\/cifra-record-solicitudes-de-eutanasia-se-duplican-en-un-ano-desde-la-ley\/","name":"\u00a1Cifra r\u00e9cord! Solicitudes de eutanasia se duplican en un a\u00f1o desde la ley - Diario 21","isPartOf":{"@id":"https:\/\/www.diario21.tv\/noticias\/#website"},"primaryImageOfPage":{"@id":"https:\/\/www.diario21.tv\/noticias\/cifra-record-solicitudes-de-eutanasia-se-duplican-en-un-ano-desde-la-ley\/#primaryimage"},"image":{"@id":"https:\/\/www.diario21.tv\/noticias\/cifra-record-solicitudes-de-eutanasia-se-duplican-en-un-ano-desde-la-ley\/#primaryimage"},"thumbnailUrl":"https:\/\/www.diario21.tv\/noticias\/wp-content\/uploads\/2025\/12\/\u00a1Cifra-record-Solicitudes-de-eutanasia-se-duplican-en-un-ano.jpg","datePublished":"2025-12-25T22:43:55+00:00","dateModified":"2025-12-25T22:43:56+00:00","author":{"@id":"https:\/\/www.diario21.tv\/noticias\/#\/schema\/person\/dfb778f73814d8f09f302618446a526b"},"breadcrumb":{"@id":"https:\/\/www.diario21.tv\/noticias\/cifra-record-solicitudes-de-eutanasia-se-duplican-en-un-ano-desde-la-ley\/#breadcrumb"},"inLanguage":"es-AR","potentialAction":[{"@type":"ReadAction","target":["https:\/\/www.diario21.tv\/noticias\/cifra-record-solicitudes-de-eutanasia-se-duplican-en-un-ano-desde-la-ley\/"]}]},{"@type":"ImageObject","inLanguage":"es-AR","@id":"https:\/\/www.diario21.tv\/noticias\/cifra-record-solicitudes-de-eutanasia-se-duplican-en-un-ano-desde-la-ley\/#primaryimage","url":"https:\/\/www.diario21.tv\/noticias\/wp-content\/uploads\/2025\/12\/\u00a1Cifra-record-Solicitudes-de-eutanasia-se-duplican-en-un-ano.jpg","contentUrl":"https:\/\/www.diario21.tv\/noticias\/wp-content\/uploads\/2025\/12\/\u00a1Cifra-record-Solicitudes-de-eutanasia-se-duplican-en-un-ano.jpg","width":1200,"height":840,"caption":"905 personas piden la eutanasia en un a\u00f1o, casi el doble que al inicio de la ley"},{"@type":"BreadcrumbList","@id":"https:\/\/www.diario21.tv\/noticias\/cifra-record-solicitudes-de-eutanasia-se-duplican-en-un-ano-desde-la-ley\/#breadcrumb","itemListElement":[{"@type":"ListItem","position":1,"name":"Accueil","item":"https:\/\/www.diario21.tv\/noticias\/"},{"@type":"ListItem","position":2,"name":"\u00a1Cifra r\u00e9cord! Solicitudes de eutanasia se duplican en un a\u00f1o desde la ley"}]},{"@type":"WebSite","@id":"https:\/\/www.diario21.tv\/noticias\/#website","url":"https:\/\/www.diario21.tv\/noticias\/","name":"Diario 21","description":"","potentialAction":[{"@type":"SearchAction","target":{"@type":"EntryPoint","urlTemplate":"https:\/\/www.diario21.tv\/noticias\/?s={search_term_string}"},"query-input":{"@type":"PropertyValueSpecification","valueRequired":true,"valueName":"search_term_string"}}],"inLanguage":"es-AR"},{"@type":"Person","@id":"https:\/\/www.diario21.tv\/noticias\/#\/schema\/person\/dfb778f73814d8f09f302618446a526b","name":"Juan P\u00e9rez","image":{"@type":"ImageObject","inLanguage":"es-AR","@id":"https:\/\/www.diario21.tv\/noticias\/#\/schema\/person\/image\/","url":"https:\/\/secure.gravatar.com\/avatar\/c478a405bd10621167f4c3167cc770f5?s=96&d=mm&r=g","contentUrl":"https:\/\/secure.gravatar.com\/avatar\/c478a405bd10621167f4c3167cc770f5?s=96&d=mm&r=g","caption":"Juan P\u00e9rez"},"description":"Juan P\u00e9rez es el redactor en jefe de Diario 21. Con m\u00e1s de 10 a\u00f1os de experiencia en el periodismo, se especializa en pol\u00edtica nacional y an\u00e1lisis socioecon\u00f3mico. Su enfoque cr\u00edtico y riguroso aporta una perspectiva \u00fanica a cada art\u00edculo.","sameAs":["https:\/\/www.diario21.tv\/noticias\/"],"url":"https:\/\/www.diario21.tv\/noticias\/author\/juan-perez\/"}]}},"_links":{"self":[{"href":"https:\/\/www.diario21.tv\/noticias\/wp-json\/wp\/v2\/posts\/5652"}],"collection":[{"href":"https:\/\/www.diario21.tv\/noticias\/wp-json\/wp\/v2\/posts"}],"about":[{"href":"https:\/\/www.diario21.tv\/noticias\/wp-json\/wp\/v2\/types\/post"}],"author":[{"embeddable":true,"href":"https:\/\/www.diario21.tv\/noticias\/wp-json\/wp\/v2\/users\/20"}],"replies":[{"embeddable":true,"href":"https:\/\/www.diario21.tv\/noticias\/wp-json\/wp\/v2\/comments?post=5652"}],"version-history":[{"count":1,"href":"https:\/\/www.diario21.tv\/noticias\/wp-json\/wp\/v2\/posts\/5652\/revisions"}],"predecessor-version":[{"id":5654,"href":"https:\/\/www.diario21.tv\/noticias\/wp-json\/wp\/v2\/posts\/5652\/revisions\/5654"}],"wp:featuredmedia":[{"embeddable":true,"href":"https:\/\/www.diario21.tv\/noticias\/wp-json\/wp\/v2\/media\/5653"}],"wp:attachment":[{"href":"https:\/\/www.diario21.tv\/noticias\/wp-json\/wp\/v2\/media?parent=5652"}],"wp:term":[{"taxonomy":"category","embeddable":true,"href":"https:\/\/www.diario21.tv\/noticias\/wp-json\/wp\/v2\/categories?post=5652"},{"taxonomy":"post_tag","embeddable":true,"href":"https:\/\/www.diario21.tv\/noticias\/wp-json\/wp\/v2\/tags?post=5652"}],"curies":[{"name":"wp","href":"https:\/\/api.w.org\/{rel}","templated":true}]}}