{"id":5634,"date":"2025-12-24T04:33:35","date_gmt":"2025-12-24T04:33:35","guid":{"rendered":"https:\/\/www.diario21.tv\/noticias\/tragedia-en-cartagena-muere-en-busqueda-de-minerales-en-la-sierra\/"},"modified":"2025-12-24T04:33:36","modified_gmt":"2025-12-24T04:33:36","slug":"tragedia-en-cartagena-muere-en-busqueda-de-minerales-en-la-sierra","status":"publish","type":"post","link":"https:\/\/www.diario21.tv\/noticias\/tragedia-en-cartagena-muere-en-busqueda-de-minerales-en-la-sierra\/","title":{"rendered":"Tragedia en Cartagena: Muere en b\u00fasqueda de minerales en la sierra"},"content":{"rendered":"<h2>Muerte de un Explorador en las Monta\u00f1as de Cartagena<\/h2>\n<p>Un tr\u00e1gico suceso ha sacudido la comunidad de Cartagena tras el fallecimiento de un hombre que se encontraba explorando una antigua mina en busca de minerales. El incidente ocurri\u00f3 en una de las muchas galer\u00edas mineras dispersas en la sierra de Cartagena, una zona conocida por su rica historia minera.<\/p>\n<h3>Detalles del Incidente<\/h3>\n<p>El hombre, cuya identidad no ha sido revelada, era un aficionado a la geolog\u00eda y sol\u00eda dedicar su tiempo libre a la exploraci\u00f3n de minas y la recolecci\u00f3n de minerales. Seg\u00fan fuentes cercanas, hab\u00eda entrado en la galer\u00eda con la esperanza de encontrar espec\u00edmenes \u00fanicos de minerales. Desafortunadamente, durante su exploraci\u00f3n, ocurri\u00f3 un accidente que result\u00f3 en su muerte.<\/p>\n<p>Los servicios de emergencia fueron alertados por un compa\u00f1ero del fallecido, quien esperaba fuera de la mina. A pesar de la r\u00e1pida respuesta, los equipos de rescate no pudieron hacer m\u00e1s que confirmar el deceso del explorador.<\/p>\n<h3>Investigaci\u00f3n en Curso<\/h3>\n<p>Las autoridades han iniciado una investigaci\u00f3n para determinar las causas exactas del accidente. Aunque los detalles espec\u00edficos a\u00fan est\u00e1n bajo revisi\u00f3n, se especula que un deslizamiento de tierra dentro de la galer\u00eda pudo haber sido el desencadenante de la tragedia.<\/p>\n<p>La polic\u00eda ha acordonado el \u00e1rea y est\u00e1 advirtiendo al p\u00fablico que se mantenga alejado de estas instalaciones, muchas de las cuales est\u00e1n en estado de abandono y pueden representar un alto riesgo para la seguridad.<\/p>\n<h3>Reacciones y Medidas de Seguridad<\/h3>\n<p>La comunidad local ha expresado su consternaci\u00f3n y tristeza por el incidente. Muchos han destacado la necesidad de tomar medidas m\u00e1s estrictas para regular el acceso a las minas antiguas y asegurar que estos lugares sean seguros para los entusiastas de la geolog\u00eda y otros visitantes.<\/p>\n<p>Asimismo, las autoridades est\u00e1n considerando implementar programas de educaci\u00f3n sobre los peligros asociados con la exploraci\u00f3n de minas abandonadas. Se espera que estos esfuerzos ayuden a prevenir futuros incidentes y garantizar la seguridad de todos los que sienten fascinaci\u00f3n por la riqueza geol\u00f3gica de la regi\u00f3n.<\/p>\n<p>Este triste acontecimiento ha puesto de relieve los riesgos inherentes a la exploraci\u00f3n de terrenos minados y abandonados, recordando a todos la importancia de proceder con cautela y respeto por las normas de seguridad establecidas.<\/p>\n\n\n<div class=\"kk-star-ratings kksr-auto kksr-align-left kksr-valign-bottom\"\n    data-payload='{&quot;align&quot;:&quot;left&quot;,&quot;id&quot;:&quot;5634&quot;,&quot;slug&quot;:&quot;default&quot;,&quot;valign&quot;:&quot;bottom&quot;,&quot;ignore&quot;:&quot;&quot;,&quot;reference&quot;:&quot;auto&quot;,&quot;class&quot;:&quot;&quot;,&quot;count&quot;:&quot;0&quot;,&quot;legendonly&quot;:&quot;&quot;,&quot;readonly&quot;:&quot;&quot;,&quot;score&quot;:&quot;0&quot;,&quot;starsonly&quot;:&quot;&quot;,&quot;best&quot;:&quot;5&quot;,&quot;gap&quot;:&quot;5&quot;,&quot;greet&quot;:&quot;Valora este post&quot;,&quot;legend&quot;:&quot;0\\\/5 - (0 votes)&quot;,&quot;size&quot;:&quot;22&quot;,&quot;title&quot;:&quot;Tragedia en Cartagena: Muere en b\u00fasqueda de minerales en la sierra&quot;,&quot;width&quot;:&quot;0&quot;,&quot;_legend&quot;:&quot;{score}\\\/{best} - ({count} {votes})&quot;,&quot;font_factor&quot;:&quot;1.25&quot;}'>\n            \n<div class=\"kksr-stars\">\n    \n<div class=\"kksr-stars-inactive\">\n            <div class=\"kksr-star\" data-star=\"1\" style=\"padding-right: 5px\">\n            \n\n<div class=\"kksr-icon\" style=\"width: 22px; height: 22px;\"><\/div>\n        <\/div>\n            <div class=\"kksr-star\" data-star=\"2\" style=\"padding-right: 5px\">\n            \n\n<div class=\"kksr-icon\" style=\"width: 22px; height: 22px;\"><\/div>\n        <\/div>\n            <div class=\"kksr-star\" data-star=\"3\" style=\"padding-right: 5px\">\n            \n\n<div class=\"kksr-icon\" style=\"width: 22px; height: 22px;\"><\/div>\n        <\/div>\n            <div class=\"kksr-star\" data-star=\"4\" style=\"padding-right: 5px\">\n            \n\n<div class=\"kksr-icon\" style=\"width: 22px; height: 22px;\"><\/div>\n        <\/div>\n            <div class=\"kksr-star\" data-star=\"5\" style=\"padding-right: 5px\">\n            \n\n<div class=\"kksr-icon\" style=\"width: 22px; height: 22px;\"><\/div>\n        <\/div>\n    <\/div>\n    \n<div class=\"kksr-stars-active\" style=\"width: 0px;\">\n            <div class=\"kksr-star\" style=\"padding-right: 5px\">\n            \n\n<div class=\"kksr-icon\" style=\"width: 22px; height: 22px;\"><\/div>\n        <\/div>\n            <div class=\"kksr-star\" style=\"padding-right: 5px\">\n            \n\n<div class=\"kksr-icon\" style=\"width: 22px; height: 22px;\"><\/div>\n        <\/div>\n            <div class=\"kksr-star\" style=\"padding-right: 5px\">\n            \n\n<div class=\"kksr-icon\" style=\"width: 22px; height: 22px;\"><\/div>\n        <\/div>\n            <div class=\"kksr-star\" style=\"padding-right: 5px\">\n            \n\n<div class=\"kksr-icon\" style=\"width: 22px; height: 22px;\"><\/div>\n        <\/div>\n            <div class=\"kksr-star\" style=\"padding-right: 5px\">\n            \n\n<div class=\"kksr-icon\" style=\"width: 22px; height: 22px;\"><\/div>\n        <\/div>\n    <\/div>\n<\/div>\n                \n\n<div class=\"kksr-legend\" style=\"font-size: 17.6px;\">\n            <span class=\"kksr-muted\">Valora este post<\/span>\n    <\/div>\n    <\/div>\n","protected":false},"excerpt":{"rendered":"<p>Muerte de un Explorador en las Monta\u00f1as de Cartagena Un tr\u00e1gico suceso ha sacudido la comunidad de Cartagena tras el fallecimiento de un hombre que se &#8230; <a title=\"Tragedia en Cartagena: Muere en b\u00fasqueda de minerales en la sierra\" class=\"read-more\" href=\"https:\/\/www.diario21.tv\/noticias\/tragedia-en-cartagena-muere-en-busqueda-de-minerales-en-la-sierra\/\" aria-label=\"Leer m\u00e1s sobre Tragedia en Cartagena: Muere en b\u00fasqueda de minerales en la sierra\">Seguir leyendo &rarr;<\/a><\/p>\n","protected":false},"author":20,"featured_media":5635,"comment_status":"open","ping_status":"open","sticky":false,"template":"","format":"standard","meta":{"footnotes":""},"categories":[13],"tags":[],"class_list":["post-5634","post","type-post","status-publish","format-standard","has-post-thumbnail","hentry","category-portada"],"yoast_head":"<!-- This site is optimized with the Yoast SEO plugin v25.6 - https:\/\/yoast.com\/wordpress\/plugins\/seo\/ -->\n<title>Tragedia en Cartagena: Muere en b\u00fasqueda de minerales en la sierra - Diario 21<\/title>\n<meta name=\"robots\" content=\"index, follow, max-snippet:-1, max-image-preview:large, max-video-preview:-1\" \/>\n<link rel=\"canonical\" href=\"https:\/\/www.diario21.tv\/noticias\/tragedia-en-cartagena-muere-en-busqueda-de-minerales-en-la-sierra\/\" \/>\n<meta property=\"og:locale\" content=\"es_ES\" \/>\n<meta property=\"og:type\" content=\"article\" \/>\n<meta property=\"og:title\" content=\"Tragedia en Cartagena: Muere en b\u00fasqueda de minerales en la sierra - Diario 21\" \/>\n<meta property=\"og:description\" content=\"Muerte de un Explorador en las Monta\u00f1as de Cartagena Un tr\u00e1gico suceso ha sacudido la comunidad de Cartagena tras el fallecimiento de un hombre que se ... Seguir leyendo &rarr;\" \/>\n<meta property=\"og:url\" content=\"https:\/\/www.diario21.tv\/noticias\/tragedia-en-cartagena-muere-en-busqueda-de-minerales-en-la-sierra\/\" \/>\n<meta property=\"og:site_name\" content=\"Diario 21\" \/>\n<meta property=\"article:published_time\" content=\"2025-12-24T04:33:35+00:00\" \/>\n<meta property=\"article:modified_time\" content=\"2025-12-24T04:33:36+00:00\" \/>\n<meta property=\"og:image\" content=\"https:\/\/www.diario21.tv\/noticias\/wp-content\/uploads\/2025\/12\/Tragedia-en-Cartagena-Muere-en-busqueda-de-minerales-en-la.jpg\" \/>\n\t<meta property=\"og:image:width\" content=\"1200\" \/>\n\t<meta property=\"og:image:height\" content=\"840\" \/>\n\t<meta property=\"og:image:type\" content=\"image\/jpeg\" \/>\n<meta name=\"author\" content=\"Juan P\u00e9rez\" \/>\n<meta name=\"twitter:card\" content=\"summary_large_image\" \/>\n<meta name=\"twitter:label1\" content=\"Escrito por\" \/>\n\t<meta name=\"twitter:data1\" content=\"Juan P\u00e9rez\" \/>\n\t<meta name=\"twitter:label2\" content=\"Tiempo de lectura\" \/>\n\t<meta name=\"twitter:data2\" content=\"2 minutos\" \/>\n<script type=\"application\/ld+json\" class=\"yoast-schema-graph\">{\"@context\":\"https:\/\/schema.org\",\"@graph\":[{\"@type\":\"WebPage\",\"@id\":\"https:\/\/www.diario21.tv\/noticias\/tragedia-en-cartagena-muere-en-busqueda-de-minerales-en-la-sierra\/\",\"url\":\"https:\/\/www.diario21.tv\/noticias\/tragedia-en-cartagena-muere-en-busqueda-de-minerales-en-la-sierra\/\",\"name\":\"Tragedia en Cartagena: Muere en b\u00fasqueda de minerales en la sierra - Diario 21\",\"isPartOf\":{\"@id\":\"https:\/\/www.diario21.tv\/noticias\/#website\"},\"primaryImageOfPage\":{\"@id\":\"https:\/\/www.diario21.tv\/noticias\/tragedia-en-cartagena-muere-en-busqueda-de-minerales-en-la-sierra\/#primaryimage\"},\"image\":{\"@id\":\"https:\/\/www.diario21.tv\/noticias\/tragedia-en-cartagena-muere-en-busqueda-de-minerales-en-la-sierra\/#primaryimage\"},\"thumbnailUrl\":\"https:\/\/www.diario21.tv\/noticias\/wp-content\/uploads\/2025\/12\/Tragedia-en-Cartagena-Muere-en-busqueda-de-minerales-en-la.jpg\",\"datePublished\":\"2025-12-24T04:33:35+00:00\",\"dateModified\":\"2025-12-24T04:33:36+00:00\",\"author\":{\"@id\":\"https:\/\/www.diario21.tv\/noticias\/#\/schema\/person\/dfb778f73814d8f09f302618446a526b\"},\"breadcrumb\":{\"@id\":\"https:\/\/www.diario21.tv\/noticias\/tragedia-en-cartagena-muere-en-busqueda-de-minerales-en-la-sierra\/#breadcrumb\"},\"inLanguage\":\"es-AR\",\"potentialAction\":[{\"@type\":\"ReadAction\",\"target\":[\"https:\/\/www.diario21.tv\/noticias\/tragedia-en-cartagena-muere-en-busqueda-de-minerales-en-la-sierra\/\"]}]},{\"@type\":\"ImageObject\",\"inLanguage\":\"es-AR\",\"@id\":\"https:\/\/www.diario21.tv\/noticias\/tragedia-en-cartagena-muere-en-busqueda-de-minerales-en-la-sierra\/#primaryimage\",\"url\":\"https:\/\/www.diario21.tv\/noticias\/wp-content\/uploads\/2025\/12\/Tragedia-en-Cartagena-Muere-en-busqueda-de-minerales-en-la.jpg\",\"contentUrl\":\"https:\/\/www.diario21.tv\/noticias\/wp-content\/uploads\/2025\/12\/Tragedia-en-Cartagena-Muere-en-busqueda-de-minerales-en-la.jpg\",\"width\":1200,\"height\":840,\"caption\":\"Muere un hombre que buscaba minerales en una galer\u00eda de la sierra de Cartagena\"},{\"@type\":\"BreadcrumbList\",\"@id\":\"https:\/\/www.diario21.tv\/noticias\/tragedia-en-cartagena-muere-en-busqueda-de-minerales-en-la-sierra\/#breadcrumb\",\"itemListElement\":[{\"@type\":\"ListItem\",\"position\":1,\"name\":\"Accueil\",\"item\":\"https:\/\/www.diario21.tv\/noticias\/\"},{\"@type\":\"ListItem\",\"position\":2,\"name\":\"Tragedia en Cartagena: Muere en b\u00fasqueda de minerales en la sierra\"}]},{\"@type\":\"WebSite\",\"@id\":\"https:\/\/www.diario21.tv\/noticias\/#website\",\"url\":\"https:\/\/www.diario21.tv\/noticias\/\",\"name\":\"Diario 21\",\"description\":\"\",\"potentialAction\":[{\"@type\":\"SearchAction\",\"target\":{\"@type\":\"EntryPoint\",\"urlTemplate\":\"https:\/\/www.diario21.tv\/noticias\/?s={search_term_string}\"},\"query-input\":{\"@type\":\"PropertyValueSpecification\",\"valueRequired\":true,\"valueName\":\"search_term_string\"}}],\"inLanguage\":\"es-AR\"},{\"@type\":\"Person\",\"@id\":\"https:\/\/www.diario21.tv\/noticias\/#\/schema\/person\/dfb778f73814d8f09f302618446a526b\",\"name\":\"Juan P\u00e9rez\",\"image\":{\"@type\":\"ImageObject\",\"inLanguage\":\"es-AR\",\"@id\":\"https:\/\/www.diario21.tv\/noticias\/#\/schema\/person\/image\/\",\"url\":\"https:\/\/secure.gravatar.com\/avatar\/c478a405bd10621167f4c3167cc770f5?s=96&d=mm&r=g\",\"contentUrl\":\"https:\/\/secure.gravatar.com\/avatar\/c478a405bd10621167f4c3167cc770f5?s=96&d=mm&r=g\",\"caption\":\"Juan P\u00e9rez\"},\"description\":\"Juan P\u00e9rez es el redactor en jefe de Diario 21. Con m\u00e1s de 10 a\u00f1os de experiencia en el periodismo, se especializa en pol\u00edtica nacional y an\u00e1lisis socioecon\u00f3mico. Su enfoque cr\u00edtico y riguroso aporta una perspectiva \u00fanica a cada art\u00edculo.\",\"sameAs\":[\"https:\/\/www.diario21.tv\/noticias\/\"],\"url\":\"https:\/\/www.diario21.tv\/noticias\/author\/juan-perez\/\"}]}<\/script>\n<!-- \/ Yoast SEO plugin. -->","yoast_head_json":{"title":"Tragedia en Cartagena: Muere en b\u00fasqueda de minerales en la sierra - Diario 21","robots":{"index":"index","follow":"follow","max-snippet":"max-snippet:-1","max-image-preview":"max-image-preview:large","max-video-preview":"max-video-preview:-1"},"canonical":"https:\/\/www.diario21.tv\/noticias\/tragedia-en-cartagena-muere-en-busqueda-de-minerales-en-la-sierra\/","og_locale":"es_ES","og_type":"article","og_title":"Tragedia en Cartagena: Muere en b\u00fasqueda de minerales en la sierra - Diario 21","og_description":"Muerte de un Explorador en las Monta\u00f1as de Cartagena Un tr\u00e1gico suceso ha sacudido la comunidad de Cartagena tras el fallecimiento de un hombre que se ... Seguir leyendo &rarr;","og_url":"https:\/\/www.diario21.tv\/noticias\/tragedia-en-cartagena-muere-en-busqueda-de-minerales-en-la-sierra\/","og_site_name":"Diario 21","article_published_time":"2025-12-24T04:33:35+00:00","article_modified_time":"2025-12-24T04:33:36+00:00","og_image":[{"width":1200,"height":840,"url":"https:\/\/www.diario21.tv\/noticias\/wp-content\/uploads\/2025\/12\/Tragedia-en-Cartagena-Muere-en-busqueda-de-minerales-en-la.jpg","type":"image\/jpeg"}],"author":"Juan P\u00e9rez","twitter_card":"summary_large_image","twitter_misc":{"Escrito por":"Juan P\u00e9rez","Tiempo de lectura":"2 minutos"},"schema":{"@context":"https:\/\/schema.org","@graph":[{"@type":"WebPage","@id":"https:\/\/www.diario21.tv\/noticias\/tragedia-en-cartagena-muere-en-busqueda-de-minerales-en-la-sierra\/","url":"https:\/\/www.diario21.tv\/noticias\/tragedia-en-cartagena-muere-en-busqueda-de-minerales-en-la-sierra\/","name":"Tragedia en Cartagena: Muere en b\u00fasqueda de minerales en la sierra - Diario 21","isPartOf":{"@id":"https:\/\/www.diario21.tv\/noticias\/#website"},"primaryImageOfPage":{"@id":"https:\/\/www.diario21.tv\/noticias\/tragedia-en-cartagena-muere-en-busqueda-de-minerales-en-la-sierra\/#primaryimage"},"image":{"@id":"https:\/\/www.diario21.tv\/noticias\/tragedia-en-cartagena-muere-en-busqueda-de-minerales-en-la-sierra\/#primaryimage"},"thumbnailUrl":"https:\/\/www.diario21.tv\/noticias\/wp-content\/uploads\/2025\/12\/Tragedia-en-Cartagena-Muere-en-busqueda-de-minerales-en-la.jpg","datePublished":"2025-12-24T04:33:35+00:00","dateModified":"2025-12-24T04:33:36+00:00","author":{"@id":"https:\/\/www.diario21.tv\/noticias\/#\/schema\/person\/dfb778f73814d8f09f302618446a526b"},"breadcrumb":{"@id":"https:\/\/www.diario21.tv\/noticias\/tragedia-en-cartagena-muere-en-busqueda-de-minerales-en-la-sierra\/#breadcrumb"},"inLanguage":"es-AR","potentialAction":[{"@type":"ReadAction","target":["https:\/\/www.diario21.tv\/noticias\/tragedia-en-cartagena-muere-en-busqueda-de-minerales-en-la-sierra\/"]}]},{"@type":"ImageObject","inLanguage":"es-AR","@id":"https:\/\/www.diario21.tv\/noticias\/tragedia-en-cartagena-muere-en-busqueda-de-minerales-en-la-sierra\/#primaryimage","url":"https:\/\/www.diario21.tv\/noticias\/wp-content\/uploads\/2025\/12\/Tragedia-en-Cartagena-Muere-en-busqueda-de-minerales-en-la.jpg","contentUrl":"https:\/\/www.diario21.tv\/noticias\/wp-content\/uploads\/2025\/12\/Tragedia-en-Cartagena-Muere-en-busqueda-de-minerales-en-la.jpg","width":1200,"height":840,"caption":"Muere un hombre que buscaba minerales en una galer\u00eda de la sierra de Cartagena"},{"@type":"BreadcrumbList","@id":"https:\/\/www.diario21.tv\/noticias\/tragedia-en-cartagena-muere-en-busqueda-de-minerales-en-la-sierra\/#breadcrumb","itemListElement":[{"@type":"ListItem","position":1,"name":"Accueil","item":"https:\/\/www.diario21.tv\/noticias\/"},{"@type":"ListItem","position":2,"name":"Tragedia en Cartagena: Muere en b\u00fasqueda de minerales en la sierra"}]},{"@type":"WebSite","@id":"https:\/\/www.diario21.tv\/noticias\/#website","url":"https:\/\/www.diario21.tv\/noticias\/","name":"Diario 21","description":"","potentialAction":[{"@type":"SearchAction","target":{"@type":"EntryPoint","urlTemplate":"https:\/\/www.diario21.tv\/noticias\/?s={search_term_string}"},"query-input":{"@type":"PropertyValueSpecification","valueRequired":true,"valueName":"search_term_string"}}],"inLanguage":"es-AR"},{"@type":"Person","@id":"https:\/\/www.diario21.tv\/noticias\/#\/schema\/person\/dfb778f73814d8f09f302618446a526b","name":"Juan P\u00e9rez","image":{"@type":"ImageObject","inLanguage":"es-AR","@id":"https:\/\/www.diario21.tv\/noticias\/#\/schema\/person\/image\/","url":"https:\/\/secure.gravatar.com\/avatar\/c478a405bd10621167f4c3167cc770f5?s=96&d=mm&r=g","contentUrl":"https:\/\/secure.gravatar.com\/avatar\/c478a405bd10621167f4c3167cc770f5?s=96&d=mm&r=g","caption":"Juan P\u00e9rez"},"description":"Juan P\u00e9rez es el redactor en jefe de Diario 21. Con m\u00e1s de 10 a\u00f1os de experiencia en el periodismo, se especializa en pol\u00edtica nacional y an\u00e1lisis socioecon\u00f3mico. Su enfoque cr\u00edtico y riguroso aporta una perspectiva \u00fanica a cada art\u00edculo.","sameAs":["https:\/\/www.diario21.tv\/noticias\/"],"url":"https:\/\/www.diario21.tv\/noticias\/author\/juan-perez\/"}]}},"_links":{"self":[{"href":"https:\/\/www.diario21.tv\/noticias\/wp-json\/wp\/v2\/posts\/5634"}],"collection":[{"href":"https:\/\/www.diario21.tv\/noticias\/wp-json\/wp\/v2\/posts"}],"about":[{"href":"https:\/\/www.diario21.tv\/noticias\/wp-json\/wp\/v2\/types\/post"}],"author":[{"embeddable":true,"href":"https:\/\/www.diario21.tv\/noticias\/wp-json\/wp\/v2\/users\/20"}],"replies":[{"embeddable":true,"href":"https:\/\/www.diario21.tv\/noticias\/wp-json\/wp\/v2\/comments?post=5634"}],"version-history":[{"count":1,"href":"https:\/\/www.diario21.tv\/noticias\/wp-json\/wp\/v2\/posts\/5634\/revisions"}],"predecessor-version":[{"id":5636,"href":"https:\/\/www.diario21.tv\/noticias\/wp-json\/wp\/v2\/posts\/5634\/revisions\/5636"}],"wp:featuredmedia":[{"embeddable":true,"href":"https:\/\/www.diario21.tv\/noticias\/wp-json\/wp\/v2\/media\/5635"}],"wp:attachment":[{"href":"https:\/\/www.diario21.tv\/noticias\/wp-json\/wp\/v2\/media?parent=5634"}],"wp:term":[{"taxonomy":"category","embeddable":true,"href":"https:\/\/www.diario21.tv\/noticias\/wp-json\/wp\/v2\/categories?post=5634"},{"taxonomy":"post_tag","embeddable":true,"href":"https:\/\/www.diario21.tv\/noticias\/wp-json\/wp\/v2\/tags?post=5634"}],"curies":[{"name":"wp","href":"https:\/\/api.w.org\/{rel}","templated":true}]}}