{"id":5583,"date":"2025-12-19T16:10:37","date_gmt":"2025-12-19T16:10:37","guid":{"rendered":"https:\/\/www.diario21.tv\/noticias\/impactante-padre-del-bebe-hallado-muerto-en-ciudad-real-ingresa-en-prision\/"},"modified":"2025-12-19T16:10:39","modified_gmt":"2025-12-19T16:10:39","slug":"impactante-padre-del-bebe-hallado-muerto-en-ciudad-real-ingresa-en-prision","status":"publish","type":"post","link":"https:\/\/www.diario21.tv\/noticias\/impactante-padre-del-bebe-hallado-muerto-en-ciudad-real-ingresa-en-prision\/","title":{"rendered":"\u00a1Impactante! Padre del beb\u00e9 hallado muerto en Ciudad Real ingresa en prisi\u00f3n"},"content":{"rendered":"<h2>Encarcelamiento del Padre Tras el Hallazgo del Cad\u00e1ver de su Hijo en Ciudad Real<\/h2>\n<p>En un reciente y tr\u00e1gico suceso, el padre del infante encontrado sin vida la semana anterior en Ciudad Real ha sido ingresado en prisi\u00f3n. La noticia ha conmocionado a la comunidad local y ha desencadenado una serie de investigaciones por parte de las autoridades competentes.<\/p>\n<h3>Detalles del Caso<\/h3>\n<p>El lamentable descubrimiento se produjo hace unos d\u00edas cuando el cuerpo del peque\u00f1o fue hallado en circunstancias que han levantado sospechas sobre las causas de su muerte. Tras el hallazgo, las fuerzas de seguridad iniciaron de inmediato una exhaustiva investigaci\u00f3n para esclarecer los detalles del caso y determinar la responsabilidad en el lamentable fallecimiento del beb\u00e9.<\/p>\n<p>El padre del menor, cuya identidad no ha sido divulgada por motivos legales, fue detenido poco despu\u00e9s como principal sospechoso. Las pruebas recabadas y los testimonios obtenidos durante la fase inicial de la investigaci\u00f3n apuntaron hacia \u00e9l como posible autor de los hechos que desembocaron en la tragedia.<\/p>\n<h3>Proceso Judicial en Curso<\/h3>\n<p>Una vez presentado ante la justicia, se decret\u00f3 el ingreso en prisi\u00f3n del padre, en espera de m\u00e1s pruebas y del desarrollo de un juicio que promete ser riguroso. La decisi\u00f3n de mantenerlo bajo custodia se fundamenta en la gravedad de los cargos y en la necesidad de asegurar su presencia durante todas las etapas del proceso judicial.<\/p>\n<p>La comunidad de Ciudad Real, a\u00fan en shock por el suceso, espera que se haga justicia y que el caso se resuelva con la mayor transparencia y celeridad posible. Mientras tanto, las autoridades contin\u00faan su labor, comprometidas con esclarecer completamente este doloroso episodio y con garantizar que se apliquen las medidas legales correspondientes.<\/p>\n<p>Este caso ha reavivado el debate sobre la seguridad y protecci\u00f3n de los menores en el \u00e1mbito familiar, poniendo en relieve la importancia de los mecanismos de vigilancia y prevenci\u00f3n en la sociedad actual.<\/p>\n\n\n<div class=\"kk-star-ratings kksr-auto kksr-align-left kksr-valign-bottom\"\n    data-payload='{&quot;align&quot;:&quot;left&quot;,&quot;id&quot;:&quot;5583&quot;,&quot;slug&quot;:&quot;default&quot;,&quot;valign&quot;:&quot;bottom&quot;,&quot;ignore&quot;:&quot;&quot;,&quot;reference&quot;:&quot;auto&quot;,&quot;class&quot;:&quot;&quot;,&quot;count&quot;:&quot;0&quot;,&quot;legendonly&quot;:&quot;&quot;,&quot;readonly&quot;:&quot;&quot;,&quot;score&quot;:&quot;0&quot;,&quot;starsonly&quot;:&quot;&quot;,&quot;best&quot;:&quot;5&quot;,&quot;gap&quot;:&quot;5&quot;,&quot;greet&quot;:&quot;Valora este post&quot;,&quot;legend&quot;:&quot;0\\\/5 - (0 votes)&quot;,&quot;size&quot;:&quot;22&quot;,&quot;title&quot;:&quot;\u00a1Impactante! Padre del beb\u00e9 hallado muerto en Ciudad Real ingresa en prisi\u00f3n&quot;,&quot;width&quot;:&quot;0&quot;,&quot;_legend&quot;:&quot;{score}\\\/{best} - ({count} {votes})&quot;,&quot;font_factor&quot;:&quot;1.25&quot;}'>\n            \n<div class=\"kksr-stars\">\n    \n<div class=\"kksr-stars-inactive\">\n            <div class=\"kksr-star\" data-star=\"1\" style=\"padding-right: 5px\">\n            \n\n<div class=\"kksr-icon\" style=\"width: 22px; height: 22px;\"><\/div>\n        <\/div>\n            <div class=\"kksr-star\" data-star=\"2\" style=\"padding-right: 5px\">\n            \n\n<div class=\"kksr-icon\" style=\"width: 22px; height: 22px;\"><\/div>\n        <\/div>\n            <div class=\"kksr-star\" data-star=\"3\" style=\"padding-right: 5px\">\n            \n\n<div class=\"kksr-icon\" style=\"width: 22px; height: 22px;\"><\/div>\n        <\/div>\n            <div class=\"kksr-star\" data-star=\"4\" style=\"padding-right: 5px\">\n            \n\n<div class=\"kksr-icon\" style=\"width: 22px; height: 22px;\"><\/div>\n        <\/div>\n            <div class=\"kksr-star\" data-star=\"5\" style=\"padding-right: 5px\">\n            \n\n<div class=\"kksr-icon\" style=\"width: 22px; height: 22px;\"><\/div>\n        <\/div>\n    <\/div>\n    \n<div class=\"kksr-stars-active\" style=\"width: 0px;\">\n            <div class=\"kksr-star\" style=\"padding-right: 5px\">\n            \n\n<div class=\"kksr-icon\" style=\"width: 22px; height: 22px;\"><\/div>\n        <\/div>\n            <div class=\"kksr-star\" style=\"padding-right: 5px\">\n            \n\n<div class=\"kksr-icon\" style=\"width: 22px; height: 22px;\"><\/div>\n        <\/div>\n            <div class=\"kksr-star\" style=\"padding-right: 5px\">\n            \n\n<div class=\"kksr-icon\" style=\"width: 22px; height: 22px;\"><\/div>\n        <\/div>\n            <div class=\"kksr-star\" style=\"padding-right: 5px\">\n            \n\n<div class=\"kksr-icon\" style=\"width: 22px; height: 22px;\"><\/div>\n        <\/div>\n            <div class=\"kksr-star\" style=\"padding-right: 5px\">\n            \n\n<div class=\"kksr-icon\" style=\"width: 22px; height: 22px;\"><\/div>\n        <\/div>\n    <\/div>\n<\/div>\n                \n\n<div class=\"kksr-legend\" style=\"font-size: 17.6px;\">\n            <span class=\"kksr-muted\">Valora este post<\/span>\n    <\/div>\n    <\/div>\n","protected":false},"excerpt":{"rendered":"<p>Encarcelamiento del Padre Tras el Hallazgo del Cad\u00e1ver de su Hijo en Ciudad Real En un reciente y tr\u00e1gico suceso, el padre del infante encontrado sin &#8230; <a title=\"\u00a1Impactante! Padre del beb\u00e9 hallado muerto en Ciudad Real ingresa en prisi\u00f3n\" class=\"read-more\" href=\"https:\/\/www.diario21.tv\/noticias\/impactante-padre-del-bebe-hallado-muerto-en-ciudad-real-ingresa-en-prision\/\" aria-label=\"Leer m\u00e1s sobre \u00a1Impactante! Padre del beb\u00e9 hallado muerto en Ciudad Real ingresa en prisi\u00f3n\">Seguir leyendo &rarr;<\/a><\/p>\n","protected":false},"author":20,"featured_media":5584,"comment_status":"open","ping_status":"open","sticky":false,"template":"","format":"standard","meta":{"footnotes":""},"categories":[13],"tags":[],"class_list":["post-5583","post","type-post","status-publish","format-standard","has-post-thumbnail","hentry","category-portada"],"yoast_head":"<!-- This site is optimized with the Yoast SEO plugin v25.6 - https:\/\/yoast.com\/wordpress\/plugins\/seo\/ -->\n<title>\u00a1Impactante! Padre del beb\u00e9 hallado muerto en Ciudad Real ingresa en prisi\u00f3n - Diario 21<\/title>\n<meta name=\"robots\" content=\"index, follow, max-snippet:-1, max-image-preview:large, max-video-preview:-1\" \/>\n<link rel=\"canonical\" href=\"https:\/\/www.diario21.tv\/noticias\/impactante-padre-del-bebe-hallado-muerto-en-ciudad-real-ingresa-en-prision\/\" \/>\n<meta property=\"og:locale\" content=\"es_ES\" \/>\n<meta property=\"og:type\" content=\"article\" \/>\n<meta property=\"og:title\" content=\"\u00a1Impactante! Padre del beb\u00e9 hallado muerto en Ciudad Real ingresa en prisi\u00f3n - Diario 21\" \/>\n<meta property=\"og:description\" content=\"Encarcelamiento del Padre Tras el Hallazgo del Cad\u00e1ver de su Hijo en Ciudad Real En un reciente y tr\u00e1gico suceso, el padre del infante encontrado sin ... Seguir leyendo &rarr;\" \/>\n<meta property=\"og:url\" content=\"https:\/\/www.diario21.tv\/noticias\/impactante-padre-del-bebe-hallado-muerto-en-ciudad-real-ingresa-en-prision\/\" \/>\n<meta property=\"og:site_name\" content=\"Diario 21\" \/>\n<meta property=\"article:published_time\" content=\"2025-12-19T16:10:37+00:00\" \/>\n<meta property=\"article:modified_time\" content=\"2025-12-19T16:10:39+00:00\" \/>\n<meta property=\"og:image\" content=\"https:\/\/www.diario21.tv\/noticias\/wp-content\/uploads\/2025\/12\/\u00a1Impactante-Padre-del-bebe-hallado-muerto-en-Ciudad-Real-ingresa.png\" \/>\n\t<meta property=\"og:image:width\" content=\"800\" \/>\n\t<meta property=\"og:image:height\" content=\"533\" \/>\n\t<meta property=\"og:image:type\" content=\"image\/png\" \/>\n<meta name=\"author\" content=\"Juan P\u00e9rez\" \/>\n<meta name=\"twitter:card\" content=\"summary_large_image\" \/>\n<meta name=\"twitter:label1\" content=\"Escrito por\" \/>\n\t<meta name=\"twitter:data1\" content=\"Juan P\u00e9rez\" \/>\n\t<meta name=\"twitter:label2\" content=\"Tiempo de lectura\" \/>\n\t<meta name=\"twitter:data2\" content=\"2 minutos\" \/>\n<script type=\"application\/ld+json\" class=\"yoast-schema-graph\">{\"@context\":\"https:\/\/schema.org\",\"@graph\":[{\"@type\":\"WebPage\",\"@id\":\"https:\/\/www.diario21.tv\/noticias\/impactante-padre-del-bebe-hallado-muerto-en-ciudad-real-ingresa-en-prision\/\",\"url\":\"https:\/\/www.diario21.tv\/noticias\/impactante-padre-del-bebe-hallado-muerto-en-ciudad-real-ingresa-en-prision\/\",\"name\":\"\u00a1Impactante! Padre del beb\u00e9 hallado muerto en Ciudad Real ingresa en prisi\u00f3n - Diario 21\",\"isPartOf\":{\"@id\":\"https:\/\/www.diario21.tv\/noticias\/#website\"},\"primaryImageOfPage\":{\"@id\":\"https:\/\/www.diario21.tv\/noticias\/impactante-padre-del-bebe-hallado-muerto-en-ciudad-real-ingresa-en-prision\/#primaryimage\"},\"image\":{\"@id\":\"https:\/\/www.diario21.tv\/noticias\/impactante-padre-del-bebe-hallado-muerto-en-ciudad-real-ingresa-en-prision\/#primaryimage\"},\"thumbnailUrl\":\"https:\/\/www.diario21.tv\/noticias\/wp-content\/uploads\/2025\/12\/\u00a1Impactante-Padre-del-bebe-hallado-muerto-en-Ciudad-Real-ingresa.png\",\"datePublished\":\"2025-12-19T16:10:37+00:00\",\"dateModified\":\"2025-12-19T16:10:39+00:00\",\"author\":{\"@id\":\"https:\/\/www.diario21.tv\/noticias\/#\/schema\/person\/dfb778f73814d8f09f302618446a526b\"},\"breadcrumb\":{\"@id\":\"https:\/\/www.diario21.tv\/noticias\/impactante-padre-del-bebe-hallado-muerto-en-ciudad-real-ingresa-en-prision\/#breadcrumb\"},\"inLanguage\":\"es-AR\",\"potentialAction\":[{\"@type\":\"ReadAction\",\"target\":[\"https:\/\/www.diario21.tv\/noticias\/impactante-padre-del-bebe-hallado-muerto-en-ciudad-real-ingresa-en-prision\/\"]}]},{\"@type\":\"ImageObject\",\"inLanguage\":\"es-AR\",\"@id\":\"https:\/\/www.diario21.tv\/noticias\/impactante-padre-del-bebe-hallado-muerto-en-ciudad-real-ingresa-en-prision\/#primaryimage\",\"url\":\"https:\/\/www.diario21.tv\/noticias\/wp-content\/uploads\/2025\/12\/\u00a1Impactante-Padre-del-bebe-hallado-muerto-en-Ciudad-Real-ingresa.png\",\"contentUrl\":\"https:\/\/www.diario21.tv\/noticias\/wp-content\/uploads\/2025\/12\/\u00a1Impactante-Padre-del-bebe-hallado-muerto-en-Ciudad-Real-ingresa.png\",\"width\":800,\"height\":533,\"caption\":\"Ingresa en prisi\u00f3n el padre del beb\u00e9 de Ciudad Real hallado muerto la semana pasada\"},{\"@type\":\"BreadcrumbList\",\"@id\":\"https:\/\/www.diario21.tv\/noticias\/impactante-padre-del-bebe-hallado-muerto-en-ciudad-real-ingresa-en-prision\/#breadcrumb\",\"itemListElement\":[{\"@type\":\"ListItem\",\"position\":1,\"name\":\"Accueil\",\"item\":\"https:\/\/www.diario21.tv\/noticias\/\"},{\"@type\":\"ListItem\",\"position\":2,\"name\":\"\u00a1Impactante! Padre del beb\u00e9 hallado muerto en Ciudad Real ingresa en prisi\u00f3n\"}]},{\"@type\":\"WebSite\",\"@id\":\"https:\/\/www.diario21.tv\/noticias\/#website\",\"url\":\"https:\/\/www.diario21.tv\/noticias\/\",\"name\":\"Diario 21\",\"description\":\"\",\"potentialAction\":[{\"@type\":\"SearchAction\",\"target\":{\"@type\":\"EntryPoint\",\"urlTemplate\":\"https:\/\/www.diario21.tv\/noticias\/?s={search_term_string}\"},\"query-input\":{\"@type\":\"PropertyValueSpecification\",\"valueRequired\":true,\"valueName\":\"search_term_string\"}}],\"inLanguage\":\"es-AR\"},{\"@type\":\"Person\",\"@id\":\"https:\/\/www.diario21.tv\/noticias\/#\/schema\/person\/dfb778f73814d8f09f302618446a526b\",\"name\":\"Juan P\u00e9rez\",\"image\":{\"@type\":\"ImageObject\",\"inLanguage\":\"es-AR\",\"@id\":\"https:\/\/www.diario21.tv\/noticias\/#\/schema\/person\/image\/\",\"url\":\"https:\/\/secure.gravatar.com\/avatar\/c478a405bd10621167f4c3167cc770f5?s=96&d=mm&r=g\",\"contentUrl\":\"https:\/\/secure.gravatar.com\/avatar\/c478a405bd10621167f4c3167cc770f5?s=96&d=mm&r=g\",\"caption\":\"Juan P\u00e9rez\"},\"description\":\"Juan P\u00e9rez es el redactor en jefe de Diario 21. Con m\u00e1s de 10 a\u00f1os de experiencia en el periodismo, se especializa en pol\u00edtica nacional y an\u00e1lisis socioecon\u00f3mico. Su enfoque cr\u00edtico y riguroso aporta una perspectiva \u00fanica a cada art\u00edculo.\",\"sameAs\":[\"https:\/\/www.diario21.tv\/noticias\/\"],\"url\":\"https:\/\/www.diario21.tv\/noticias\/author\/juan-perez\/\"}]}<\/script>\n<!-- \/ Yoast SEO plugin. -->","yoast_head_json":{"title":"\u00a1Impactante! Padre del beb\u00e9 hallado muerto en Ciudad Real ingresa en prisi\u00f3n - Diario 21","robots":{"index":"index","follow":"follow","max-snippet":"max-snippet:-1","max-image-preview":"max-image-preview:large","max-video-preview":"max-video-preview:-1"},"canonical":"https:\/\/www.diario21.tv\/noticias\/impactante-padre-del-bebe-hallado-muerto-en-ciudad-real-ingresa-en-prision\/","og_locale":"es_ES","og_type":"article","og_title":"\u00a1Impactante! Padre del beb\u00e9 hallado muerto en Ciudad Real ingresa en prisi\u00f3n - Diario 21","og_description":"Encarcelamiento del Padre Tras el Hallazgo del Cad\u00e1ver de su Hijo en Ciudad Real En un reciente y tr\u00e1gico suceso, el padre del infante encontrado sin ... Seguir leyendo &rarr;","og_url":"https:\/\/www.diario21.tv\/noticias\/impactante-padre-del-bebe-hallado-muerto-en-ciudad-real-ingresa-en-prision\/","og_site_name":"Diario 21","article_published_time":"2025-12-19T16:10:37+00:00","article_modified_time":"2025-12-19T16:10:39+00:00","og_image":[{"width":800,"height":533,"url":"https:\/\/www.diario21.tv\/noticias\/wp-content\/uploads\/2025\/12\/\u00a1Impactante-Padre-del-bebe-hallado-muerto-en-Ciudad-Real-ingresa.png","type":"image\/png"}],"author":"Juan P\u00e9rez","twitter_card":"summary_large_image","twitter_misc":{"Escrito por":"Juan P\u00e9rez","Tiempo de lectura":"2 minutos"},"schema":{"@context":"https:\/\/schema.org","@graph":[{"@type":"WebPage","@id":"https:\/\/www.diario21.tv\/noticias\/impactante-padre-del-bebe-hallado-muerto-en-ciudad-real-ingresa-en-prision\/","url":"https:\/\/www.diario21.tv\/noticias\/impactante-padre-del-bebe-hallado-muerto-en-ciudad-real-ingresa-en-prision\/","name":"\u00a1Impactante! Padre del beb\u00e9 hallado muerto en Ciudad Real ingresa en prisi\u00f3n - Diario 21","isPartOf":{"@id":"https:\/\/www.diario21.tv\/noticias\/#website"},"primaryImageOfPage":{"@id":"https:\/\/www.diario21.tv\/noticias\/impactante-padre-del-bebe-hallado-muerto-en-ciudad-real-ingresa-en-prision\/#primaryimage"},"image":{"@id":"https:\/\/www.diario21.tv\/noticias\/impactante-padre-del-bebe-hallado-muerto-en-ciudad-real-ingresa-en-prision\/#primaryimage"},"thumbnailUrl":"https:\/\/www.diario21.tv\/noticias\/wp-content\/uploads\/2025\/12\/\u00a1Impactante-Padre-del-bebe-hallado-muerto-en-Ciudad-Real-ingresa.png","datePublished":"2025-12-19T16:10:37+00:00","dateModified":"2025-12-19T16:10:39+00:00","author":{"@id":"https:\/\/www.diario21.tv\/noticias\/#\/schema\/person\/dfb778f73814d8f09f302618446a526b"},"breadcrumb":{"@id":"https:\/\/www.diario21.tv\/noticias\/impactante-padre-del-bebe-hallado-muerto-en-ciudad-real-ingresa-en-prision\/#breadcrumb"},"inLanguage":"es-AR","potentialAction":[{"@type":"ReadAction","target":["https:\/\/www.diario21.tv\/noticias\/impactante-padre-del-bebe-hallado-muerto-en-ciudad-real-ingresa-en-prision\/"]}]},{"@type":"ImageObject","inLanguage":"es-AR","@id":"https:\/\/www.diario21.tv\/noticias\/impactante-padre-del-bebe-hallado-muerto-en-ciudad-real-ingresa-en-prision\/#primaryimage","url":"https:\/\/www.diario21.tv\/noticias\/wp-content\/uploads\/2025\/12\/\u00a1Impactante-Padre-del-bebe-hallado-muerto-en-Ciudad-Real-ingresa.png","contentUrl":"https:\/\/www.diario21.tv\/noticias\/wp-content\/uploads\/2025\/12\/\u00a1Impactante-Padre-del-bebe-hallado-muerto-en-Ciudad-Real-ingresa.png","width":800,"height":533,"caption":"Ingresa en prisi\u00f3n el padre del beb\u00e9 de Ciudad Real hallado muerto la semana pasada"},{"@type":"BreadcrumbList","@id":"https:\/\/www.diario21.tv\/noticias\/impactante-padre-del-bebe-hallado-muerto-en-ciudad-real-ingresa-en-prision\/#breadcrumb","itemListElement":[{"@type":"ListItem","position":1,"name":"Accueil","item":"https:\/\/www.diario21.tv\/noticias\/"},{"@type":"ListItem","position":2,"name":"\u00a1Impactante! Padre del beb\u00e9 hallado muerto en Ciudad Real ingresa en prisi\u00f3n"}]},{"@type":"WebSite","@id":"https:\/\/www.diario21.tv\/noticias\/#website","url":"https:\/\/www.diario21.tv\/noticias\/","name":"Diario 21","description":"","potentialAction":[{"@type":"SearchAction","target":{"@type":"EntryPoint","urlTemplate":"https:\/\/www.diario21.tv\/noticias\/?s={search_term_string}"},"query-input":{"@type":"PropertyValueSpecification","valueRequired":true,"valueName":"search_term_string"}}],"inLanguage":"es-AR"},{"@type":"Person","@id":"https:\/\/www.diario21.tv\/noticias\/#\/schema\/person\/dfb778f73814d8f09f302618446a526b","name":"Juan P\u00e9rez","image":{"@type":"ImageObject","inLanguage":"es-AR","@id":"https:\/\/www.diario21.tv\/noticias\/#\/schema\/person\/image\/","url":"https:\/\/secure.gravatar.com\/avatar\/c478a405bd10621167f4c3167cc770f5?s=96&d=mm&r=g","contentUrl":"https:\/\/secure.gravatar.com\/avatar\/c478a405bd10621167f4c3167cc770f5?s=96&d=mm&r=g","caption":"Juan P\u00e9rez"},"description":"Juan P\u00e9rez es el redactor en jefe de Diario 21. Con m\u00e1s de 10 a\u00f1os de experiencia en el periodismo, se especializa en pol\u00edtica nacional y an\u00e1lisis socioecon\u00f3mico. Su enfoque cr\u00edtico y riguroso aporta una perspectiva \u00fanica a cada art\u00edculo.","sameAs":["https:\/\/www.diario21.tv\/noticias\/"],"url":"https:\/\/www.diario21.tv\/noticias\/author\/juan-perez\/"}]}},"_links":{"self":[{"href":"https:\/\/www.diario21.tv\/noticias\/wp-json\/wp\/v2\/posts\/5583"}],"collection":[{"href":"https:\/\/www.diario21.tv\/noticias\/wp-json\/wp\/v2\/posts"}],"about":[{"href":"https:\/\/www.diario21.tv\/noticias\/wp-json\/wp\/v2\/types\/post"}],"author":[{"embeddable":true,"href":"https:\/\/www.diario21.tv\/noticias\/wp-json\/wp\/v2\/users\/20"}],"replies":[{"embeddable":true,"href":"https:\/\/www.diario21.tv\/noticias\/wp-json\/wp\/v2\/comments?post=5583"}],"version-history":[{"count":1,"href":"https:\/\/www.diario21.tv\/noticias\/wp-json\/wp\/v2\/posts\/5583\/revisions"}],"predecessor-version":[{"id":5585,"href":"https:\/\/www.diario21.tv\/noticias\/wp-json\/wp\/v2\/posts\/5583\/revisions\/5585"}],"wp:featuredmedia":[{"embeddable":true,"href":"https:\/\/www.diario21.tv\/noticias\/wp-json\/wp\/v2\/media\/5584"}],"wp:attachment":[{"href":"https:\/\/www.diario21.tv\/noticias\/wp-json\/wp\/v2\/media?parent=5583"}],"wp:term":[{"taxonomy":"category","embeddable":true,"href":"https:\/\/www.diario21.tv\/noticias\/wp-json\/wp\/v2\/categories?post=5583"},{"taxonomy":"post_tag","embeddable":true,"href":"https:\/\/www.diario21.tv\/noticias\/wp-json\/wp\/v2\/tags?post=5583"}],"curies":[{"name":"wp","href":"https:\/\/api.w.org\/{rel}","templated":true}]}}