{"id":5571,"date":"2025-12-18T16:07:50","date_gmt":"2025-12-18T16:07:50","guid":{"rendered":"https:\/\/www.diario21.tv\/noticias\/descubre-el-cometa-3i-atlas-alienigenas-o-simple-ciencia-enterate-aqui\/"},"modified":"2025-12-18T16:07:52","modified_gmt":"2025-12-18T16:07:52","slug":"descubre-el-cometa-3i-atlas-alienigenas-o-simple-ciencia-enterate-aqui","status":"publish","type":"post","link":"https:\/\/www.diario21.tv\/noticias\/descubre-el-cometa-3i-atlas-alienigenas-o-simple-ciencia-enterate-aqui\/","title":{"rendered":"Descubre el cometa 3I\/ATLAS: \u00bfAlien\u00edgenas o simple ciencia? \u00a1Ent\u00e9rate aqu\u00ed!"},"content":{"rendered":"<h2>Desmitificando el cometa 3I\/ATLAS: No es una nave extraterrestre<\/h2>\n<p>El cometa 3I\/ATLAS, que ha capturado la imaginaci\u00f3n de muchos aficionados a la astronom\u00eda, ha sido objeto de numerosas especulaciones. Sin embargo, es importante aclarar que este cuerpo celeste no es una nave espacial alien\u00edgena ni contiene tecnolog\u00eda de otras civilizaciones. En este art\u00edculo, exploraremos en detalle qu\u00e9 es realmente el cometa 3I\/ATLAS y qu\u00e9 significa para la comunidad cient\u00edfica.<\/p>\n<h3>\u00bfQu\u00e9 es el cometa 3I\/ATLAS?<\/h3>\n<p>El cometa 3I\/ATLAS es un objeto interestelar que fue descubierto recientemente, y se caracteriza por su trayectoria proveniente de fuera de nuestro sistema solar. A diferencia de los cometas habituales, que generalmente orbitan alrededor del sol, 3I\/ATLAS proviene de otro sistema estelar, lo que lo convierte en un objeto de gran inter\u00e9s para los cient\u00edficos.<\/p>\n<h3>La composici\u00f3n y trayectoria del cometa<\/h3>\n<p>Este cometa se compone principalmente de hielo, polvo y gases congelados, elementos comunes en los cometas de nuestro propio sistema solar. Su trayectoria \u00fanica, que lo lleva a trav\u00e9s de nuestro sistema solar a una velocidad impresionante, ha permitido a los astr\u00f3nomos estudiar las caracter\u00edsticas de un cuerpo celeste formado en un entorno estelar completamente diferente.<\/p>\n<h3>Investigaciones y estudios en curso<\/h3>\n<p>Los cient\u00edficos de todo el mundo est\u00e1n utilizando telescopios avanzados para observar el cometa 3I\/ATLAS en detalle. Estas observaciones ayudan a los investigadores a entender mejor la composici\u00f3n qu\u00edmica del cometa, as\u00ed como a obtener insights sobre el sistema solar o la regi\u00f3n del espacio de donde proviene. Estos datos son cruciales para ampliar nuestro conocimiento sobre la formaci\u00f3n de cometas y la din\u00e1mica de otros sistemas estelares.<\/p>\n<h3>Impacto en la ciencia de cometas y objetos interestelares<\/h3>\n<p>El estudio del cometa 3I\/ATLAS tiene implicaciones significativas para la ciencia de cometas y la comprensi\u00f3n de objetos interestelares. Al comparar este cometa con otros que se originan dentro de nuestro sistema solar, los cient\u00edficos pueden comenzar a identificar similitudes y diferencias en sus composiciones y trayectorias, lo que es esencial para desarrollar teor\u00edas m\u00e1s robustas sobre la formaci\u00f3n de cometas y la evoluci\u00f3n de los sistemas estelares.<\/p>\n<h3>Conclusi\u00f3n<\/h3>\n<p>En resumen, aunque el cometa 3I\/ATLAS es un objeto fascinante y misterioso, no hay evidencia que sugiera que es una nave extraterrestre o que posea tecnolog\u00eda alien\u00edgena. En cambio, es un cometa interestelar que ofrece una oportunidad \u00fanica para estudiar materiales formados fuera de nuestro sistema solar. Los continuos esfuerzos de investigaci\u00f3n proporcionar\u00e1n una mayor comprensi\u00f3n de estos objetos distantes y lo que pueden ense\u00f1arnos sobre el cosmos.<\/p>\n\n\n<div class=\"kk-star-ratings kksr-auto kksr-align-left kksr-valign-bottom\"\n    data-payload='{&quot;align&quot;:&quot;left&quot;,&quot;id&quot;:&quot;5571&quot;,&quot;slug&quot;:&quot;default&quot;,&quot;valign&quot;:&quot;bottom&quot;,&quot;ignore&quot;:&quot;&quot;,&quot;reference&quot;:&quot;auto&quot;,&quot;class&quot;:&quot;&quot;,&quot;count&quot;:&quot;0&quot;,&quot;legendonly&quot;:&quot;&quot;,&quot;readonly&quot;:&quot;&quot;,&quot;score&quot;:&quot;0&quot;,&quot;starsonly&quot;:&quot;&quot;,&quot;best&quot;:&quot;5&quot;,&quot;gap&quot;:&quot;5&quot;,&quot;greet&quot;:&quot;Valora este post&quot;,&quot;legend&quot;:&quot;0\\\/5 - (0 votes)&quot;,&quot;size&quot;:&quot;22&quot;,&quot;title&quot;:&quot;Descubre el cometa 3I\\\/ATLAS: \u00bfAlien\u00edgenas o simple ciencia? \u00a1Ent\u00e9rate aqu\u00ed!&quot;,&quot;width&quot;:&quot;0&quot;,&quot;_legend&quot;:&quot;{score}\\\/{best} - ({count} {votes})&quot;,&quot;font_factor&quot;:&quot;1.25&quot;}'>\n            \n<div class=\"kksr-stars\">\n    \n<div class=\"kksr-stars-inactive\">\n            <div class=\"kksr-star\" data-star=\"1\" style=\"padding-right: 5px\">\n            \n\n<div class=\"kksr-icon\" style=\"width: 22px; height: 22px;\"><\/div>\n        <\/div>\n            <div class=\"kksr-star\" data-star=\"2\" style=\"padding-right: 5px\">\n            \n\n<div class=\"kksr-icon\" style=\"width: 22px; height: 22px;\"><\/div>\n        <\/div>\n            <div class=\"kksr-star\" data-star=\"3\" style=\"padding-right: 5px\">\n            \n\n<div class=\"kksr-icon\" style=\"width: 22px; height: 22px;\"><\/div>\n        <\/div>\n            <div class=\"kksr-star\" data-star=\"4\" style=\"padding-right: 5px\">\n            \n\n<div class=\"kksr-icon\" style=\"width: 22px; height: 22px;\"><\/div>\n        <\/div>\n            <div class=\"kksr-star\" data-star=\"5\" style=\"padding-right: 5px\">\n            \n\n<div class=\"kksr-icon\" style=\"width: 22px; height: 22px;\"><\/div>\n        <\/div>\n    <\/div>\n    \n<div class=\"kksr-stars-active\" style=\"width: 0px;\">\n            <div class=\"kksr-star\" style=\"padding-right: 5px\">\n            \n\n<div class=\"kksr-icon\" style=\"width: 22px; height: 22px;\"><\/div>\n        <\/div>\n            <div class=\"kksr-star\" style=\"padding-right: 5px\">\n            \n\n<div class=\"kksr-icon\" style=\"width: 22px; height: 22px;\"><\/div>\n        <\/div>\n            <div class=\"kksr-star\" style=\"padding-right: 5px\">\n            \n\n<div class=\"kksr-icon\" style=\"width: 22px; height: 22px;\"><\/div>\n        <\/div>\n            <div class=\"kksr-star\" style=\"padding-right: 5px\">\n            \n\n<div class=\"kksr-icon\" style=\"width: 22px; height: 22px;\"><\/div>\n        <\/div>\n            <div class=\"kksr-star\" style=\"padding-right: 5px\">\n            \n\n<div class=\"kksr-icon\" style=\"width: 22px; height: 22px;\"><\/div>\n        <\/div>\n    <\/div>\n<\/div>\n                \n\n<div class=\"kksr-legend\" style=\"font-size: 17.6px;\">\n            <span class=\"kksr-muted\">Valora este post<\/span>\n    <\/div>\n    <\/div>\n","protected":false},"excerpt":{"rendered":"<p>Desmitificando el cometa 3I\/ATLAS: No es una nave extraterrestre El cometa 3I\/ATLAS, que ha capturado la imaginaci\u00f3n de muchos aficionados a la astronom\u00eda, ha sido objeto &#8230; <a title=\"Descubre el cometa 3I\/ATLAS: \u00bfAlien\u00edgenas o simple ciencia? \u00a1Ent\u00e9rate aqu\u00ed!\" class=\"read-more\" href=\"https:\/\/www.diario21.tv\/noticias\/descubre-el-cometa-3i-atlas-alienigenas-o-simple-ciencia-enterate-aqui\/\" aria-label=\"Leer m\u00e1s sobre Descubre el cometa 3I\/ATLAS: \u00bfAlien\u00edgenas o simple ciencia? \u00a1Ent\u00e9rate aqu\u00ed!\">Seguir leyendo &rarr;<\/a><\/p>\n","protected":false},"author":20,"featured_media":5572,"comment_status":"open","ping_status":"open","sticky":false,"template":"","format":"standard","meta":{"footnotes":""},"categories":[13],"tags":[],"class_list":["post-5571","post","type-post","status-publish","format-standard","has-post-thumbnail","hentry","category-portada"],"yoast_head":"<!-- This site is optimized with the Yoast SEO plugin v25.6 - https:\/\/yoast.com\/wordpress\/plugins\/seo\/ -->\n<title>Descubre el cometa 3I\/ATLAS: \u00bfAlien\u00edgenas o simple ciencia? \u00a1Ent\u00e9rate aqu\u00ed! - Diario 21<\/title>\n<meta name=\"robots\" content=\"index, follow, max-snippet:-1, max-image-preview:large, max-video-preview:-1\" \/>\n<link rel=\"canonical\" href=\"https:\/\/www.diario21.tv\/noticias\/descubre-el-cometa-3i-atlas-alienigenas-o-simple-ciencia-enterate-aqui\/\" \/>\n<meta property=\"og:locale\" content=\"es_ES\" \/>\n<meta property=\"og:type\" content=\"article\" \/>\n<meta property=\"og:title\" content=\"Descubre el cometa 3I\/ATLAS: \u00bfAlien\u00edgenas o simple ciencia? \u00a1Ent\u00e9rate aqu\u00ed! - Diario 21\" \/>\n<meta property=\"og:description\" content=\"Desmitificando el cometa 3I\/ATLAS: No es una nave extraterrestre El cometa 3I\/ATLAS, que ha capturado la imaginaci\u00f3n de muchos aficionados a la astronom\u00eda, ha sido objeto ... Seguir leyendo &rarr;\" \/>\n<meta property=\"og:url\" content=\"https:\/\/www.diario21.tv\/noticias\/descubre-el-cometa-3i-atlas-alienigenas-o-simple-ciencia-enterate-aqui\/\" \/>\n<meta property=\"og:site_name\" content=\"Diario 21\" \/>\n<meta property=\"article:published_time\" content=\"2025-12-18T16:07:50+00:00\" \/>\n<meta property=\"article:modified_time\" content=\"2025-12-18T16:07:52+00:00\" \/>\n<meta property=\"og:image\" content=\"https:\/\/www.diario21.tv\/noticias\/wp-content\/uploads\/2025\/12\/Descubre-el-cometa-3IATLAS-\u00bfAlienigenas-o-simple-ciencia-\u00a1Enterate-aqui.jpg\" \/>\n\t<meta property=\"og:image:width\" content=\"1198\" \/>\n\t<meta property=\"og:image:height\" content=\"840\" \/>\n\t<meta property=\"og:image:type\" content=\"image\/jpeg\" \/>\n<meta name=\"author\" content=\"Juan P\u00e9rez\" \/>\n<meta name=\"twitter:card\" content=\"summary_large_image\" \/>\n<meta name=\"twitter:label1\" content=\"Escrito por\" \/>\n\t<meta name=\"twitter:data1\" content=\"Juan P\u00e9rez\" \/>\n\t<meta name=\"twitter:label2\" content=\"Tiempo de lectura\" \/>\n\t<meta name=\"twitter:data2\" content=\"2 minutos\" \/>\n<script type=\"application\/ld+json\" class=\"yoast-schema-graph\">{\"@context\":\"https:\/\/schema.org\",\"@graph\":[{\"@type\":\"WebPage\",\"@id\":\"https:\/\/www.diario21.tv\/noticias\/descubre-el-cometa-3i-atlas-alienigenas-o-simple-ciencia-enterate-aqui\/\",\"url\":\"https:\/\/www.diario21.tv\/noticias\/descubre-el-cometa-3i-atlas-alienigenas-o-simple-ciencia-enterate-aqui\/\",\"name\":\"Descubre el cometa 3I\/ATLAS: \u00bfAlien\u00edgenas o simple ciencia? \u00a1Ent\u00e9rate aqu\u00ed! - Diario 21\",\"isPartOf\":{\"@id\":\"https:\/\/www.diario21.tv\/noticias\/#website\"},\"primaryImageOfPage\":{\"@id\":\"https:\/\/www.diario21.tv\/noticias\/descubre-el-cometa-3i-atlas-alienigenas-o-simple-ciencia-enterate-aqui\/#primaryimage\"},\"image\":{\"@id\":\"https:\/\/www.diario21.tv\/noticias\/descubre-el-cometa-3i-atlas-alienigenas-o-simple-ciencia-enterate-aqui\/#primaryimage\"},\"thumbnailUrl\":\"https:\/\/www.diario21.tv\/noticias\/wp-content\/uploads\/2025\/12\/Descubre-el-cometa-3IATLAS-\u00bfAlienigenas-o-simple-ciencia-\u00a1Enterate-aqui.jpg\",\"datePublished\":\"2025-12-18T16:07:50+00:00\",\"dateModified\":\"2025-12-18T16:07:52+00:00\",\"author\":{\"@id\":\"https:\/\/www.diario21.tv\/noticias\/#\/schema\/person\/dfb778f73814d8f09f302618446a526b\"},\"breadcrumb\":{\"@id\":\"https:\/\/www.diario21.tv\/noticias\/descubre-el-cometa-3i-atlas-alienigenas-o-simple-ciencia-enterate-aqui\/#breadcrumb\"},\"inLanguage\":\"es-AR\",\"potentialAction\":[{\"@type\":\"ReadAction\",\"target\":[\"https:\/\/www.diario21.tv\/noticias\/descubre-el-cometa-3i-atlas-alienigenas-o-simple-ciencia-enterate-aqui\/\"]}]},{\"@type\":\"ImageObject\",\"inLanguage\":\"es-AR\",\"@id\":\"https:\/\/www.diario21.tv\/noticias\/descubre-el-cometa-3i-atlas-alienigenas-o-simple-ciencia-enterate-aqui\/#primaryimage\",\"url\":\"https:\/\/www.diario21.tv\/noticias\/wp-content\/uploads\/2025\/12\/Descubre-el-cometa-3IATLAS-\u00bfAlienigenas-o-simple-ciencia-\u00a1Enterate-aqui.jpg\",\"contentUrl\":\"https:\/\/www.diario21.tv\/noticias\/wp-content\/uploads\/2025\/12\/Descubre-el-cometa-3IATLAS-\u00bfAlienigenas-o-simple-ciencia-\u00a1Enterate-aqui.jpg\",\"width\":1198,\"height\":840,\"caption\":\"Ni una nave alien\u00edgena ni tecnolog\u00eda extraterrestre: todo lo que debes saber sobre el cometa 3I\/ATLAS\"},{\"@type\":\"BreadcrumbList\",\"@id\":\"https:\/\/www.diario21.tv\/noticias\/descubre-el-cometa-3i-atlas-alienigenas-o-simple-ciencia-enterate-aqui\/#breadcrumb\",\"itemListElement\":[{\"@type\":\"ListItem\",\"position\":1,\"name\":\"Accueil\",\"item\":\"https:\/\/www.diario21.tv\/noticias\/\"},{\"@type\":\"ListItem\",\"position\":2,\"name\":\"Descubre el cometa 3I\/ATLAS: \u00bfAlien\u00edgenas o simple ciencia? \u00a1Ent\u00e9rate aqu\u00ed!\"}]},{\"@type\":\"WebSite\",\"@id\":\"https:\/\/www.diario21.tv\/noticias\/#website\",\"url\":\"https:\/\/www.diario21.tv\/noticias\/\",\"name\":\"Diario 21\",\"description\":\"\",\"potentialAction\":[{\"@type\":\"SearchAction\",\"target\":{\"@type\":\"EntryPoint\",\"urlTemplate\":\"https:\/\/www.diario21.tv\/noticias\/?s={search_term_string}\"},\"query-input\":{\"@type\":\"PropertyValueSpecification\",\"valueRequired\":true,\"valueName\":\"search_term_string\"}}],\"inLanguage\":\"es-AR\"},{\"@type\":\"Person\",\"@id\":\"https:\/\/www.diario21.tv\/noticias\/#\/schema\/person\/dfb778f73814d8f09f302618446a526b\",\"name\":\"Juan P\u00e9rez\",\"image\":{\"@type\":\"ImageObject\",\"inLanguage\":\"es-AR\",\"@id\":\"https:\/\/www.diario21.tv\/noticias\/#\/schema\/person\/image\/\",\"url\":\"https:\/\/secure.gravatar.com\/avatar\/c478a405bd10621167f4c3167cc770f5?s=96&d=mm&r=g\",\"contentUrl\":\"https:\/\/secure.gravatar.com\/avatar\/c478a405bd10621167f4c3167cc770f5?s=96&d=mm&r=g\",\"caption\":\"Juan P\u00e9rez\"},\"description\":\"Juan P\u00e9rez es el redactor en jefe de Diario 21. Con m\u00e1s de 10 a\u00f1os de experiencia en el periodismo, se especializa en pol\u00edtica nacional y an\u00e1lisis socioecon\u00f3mico. Su enfoque cr\u00edtico y riguroso aporta una perspectiva \u00fanica a cada art\u00edculo.\",\"sameAs\":[\"https:\/\/www.diario21.tv\/noticias\/\"],\"url\":\"https:\/\/www.diario21.tv\/noticias\/author\/juan-perez\/\"}]}<\/script>\n<!-- \/ Yoast SEO plugin. -->","yoast_head_json":{"title":"Descubre el cometa 3I\/ATLAS: \u00bfAlien\u00edgenas o simple ciencia? \u00a1Ent\u00e9rate aqu\u00ed! - Diario 21","robots":{"index":"index","follow":"follow","max-snippet":"max-snippet:-1","max-image-preview":"max-image-preview:large","max-video-preview":"max-video-preview:-1"},"canonical":"https:\/\/www.diario21.tv\/noticias\/descubre-el-cometa-3i-atlas-alienigenas-o-simple-ciencia-enterate-aqui\/","og_locale":"es_ES","og_type":"article","og_title":"Descubre el cometa 3I\/ATLAS: \u00bfAlien\u00edgenas o simple ciencia? \u00a1Ent\u00e9rate aqu\u00ed! - Diario 21","og_description":"Desmitificando el cometa 3I\/ATLAS: No es una nave extraterrestre El cometa 3I\/ATLAS, que ha capturado la imaginaci\u00f3n de muchos aficionados a la astronom\u00eda, ha sido objeto ... Seguir leyendo &rarr;","og_url":"https:\/\/www.diario21.tv\/noticias\/descubre-el-cometa-3i-atlas-alienigenas-o-simple-ciencia-enterate-aqui\/","og_site_name":"Diario 21","article_published_time":"2025-12-18T16:07:50+00:00","article_modified_time":"2025-12-18T16:07:52+00:00","og_image":[{"width":1198,"height":840,"url":"https:\/\/www.diario21.tv\/noticias\/wp-content\/uploads\/2025\/12\/Descubre-el-cometa-3IATLAS-\u00bfAlienigenas-o-simple-ciencia-\u00a1Enterate-aqui.jpg","type":"image\/jpeg"}],"author":"Juan P\u00e9rez","twitter_card":"summary_large_image","twitter_misc":{"Escrito por":"Juan P\u00e9rez","Tiempo de lectura":"2 minutos"},"schema":{"@context":"https:\/\/schema.org","@graph":[{"@type":"WebPage","@id":"https:\/\/www.diario21.tv\/noticias\/descubre-el-cometa-3i-atlas-alienigenas-o-simple-ciencia-enterate-aqui\/","url":"https:\/\/www.diario21.tv\/noticias\/descubre-el-cometa-3i-atlas-alienigenas-o-simple-ciencia-enterate-aqui\/","name":"Descubre el cometa 3I\/ATLAS: \u00bfAlien\u00edgenas o simple ciencia? \u00a1Ent\u00e9rate aqu\u00ed! - Diario 21","isPartOf":{"@id":"https:\/\/www.diario21.tv\/noticias\/#website"},"primaryImageOfPage":{"@id":"https:\/\/www.diario21.tv\/noticias\/descubre-el-cometa-3i-atlas-alienigenas-o-simple-ciencia-enterate-aqui\/#primaryimage"},"image":{"@id":"https:\/\/www.diario21.tv\/noticias\/descubre-el-cometa-3i-atlas-alienigenas-o-simple-ciencia-enterate-aqui\/#primaryimage"},"thumbnailUrl":"https:\/\/www.diario21.tv\/noticias\/wp-content\/uploads\/2025\/12\/Descubre-el-cometa-3IATLAS-\u00bfAlienigenas-o-simple-ciencia-\u00a1Enterate-aqui.jpg","datePublished":"2025-12-18T16:07:50+00:00","dateModified":"2025-12-18T16:07:52+00:00","author":{"@id":"https:\/\/www.diario21.tv\/noticias\/#\/schema\/person\/dfb778f73814d8f09f302618446a526b"},"breadcrumb":{"@id":"https:\/\/www.diario21.tv\/noticias\/descubre-el-cometa-3i-atlas-alienigenas-o-simple-ciencia-enterate-aqui\/#breadcrumb"},"inLanguage":"es-AR","potentialAction":[{"@type":"ReadAction","target":["https:\/\/www.diario21.tv\/noticias\/descubre-el-cometa-3i-atlas-alienigenas-o-simple-ciencia-enterate-aqui\/"]}]},{"@type":"ImageObject","inLanguage":"es-AR","@id":"https:\/\/www.diario21.tv\/noticias\/descubre-el-cometa-3i-atlas-alienigenas-o-simple-ciencia-enterate-aqui\/#primaryimage","url":"https:\/\/www.diario21.tv\/noticias\/wp-content\/uploads\/2025\/12\/Descubre-el-cometa-3IATLAS-\u00bfAlienigenas-o-simple-ciencia-\u00a1Enterate-aqui.jpg","contentUrl":"https:\/\/www.diario21.tv\/noticias\/wp-content\/uploads\/2025\/12\/Descubre-el-cometa-3IATLAS-\u00bfAlienigenas-o-simple-ciencia-\u00a1Enterate-aqui.jpg","width":1198,"height":840,"caption":"Ni una nave alien\u00edgena ni tecnolog\u00eda extraterrestre: todo lo que debes saber sobre el cometa 3I\/ATLAS"},{"@type":"BreadcrumbList","@id":"https:\/\/www.diario21.tv\/noticias\/descubre-el-cometa-3i-atlas-alienigenas-o-simple-ciencia-enterate-aqui\/#breadcrumb","itemListElement":[{"@type":"ListItem","position":1,"name":"Accueil","item":"https:\/\/www.diario21.tv\/noticias\/"},{"@type":"ListItem","position":2,"name":"Descubre el cometa 3I\/ATLAS: \u00bfAlien\u00edgenas o simple ciencia? \u00a1Ent\u00e9rate aqu\u00ed!"}]},{"@type":"WebSite","@id":"https:\/\/www.diario21.tv\/noticias\/#website","url":"https:\/\/www.diario21.tv\/noticias\/","name":"Diario 21","description":"","potentialAction":[{"@type":"SearchAction","target":{"@type":"EntryPoint","urlTemplate":"https:\/\/www.diario21.tv\/noticias\/?s={search_term_string}"},"query-input":{"@type":"PropertyValueSpecification","valueRequired":true,"valueName":"search_term_string"}}],"inLanguage":"es-AR"},{"@type":"Person","@id":"https:\/\/www.diario21.tv\/noticias\/#\/schema\/person\/dfb778f73814d8f09f302618446a526b","name":"Juan P\u00e9rez","image":{"@type":"ImageObject","inLanguage":"es-AR","@id":"https:\/\/www.diario21.tv\/noticias\/#\/schema\/person\/image\/","url":"https:\/\/secure.gravatar.com\/avatar\/c478a405bd10621167f4c3167cc770f5?s=96&d=mm&r=g","contentUrl":"https:\/\/secure.gravatar.com\/avatar\/c478a405bd10621167f4c3167cc770f5?s=96&d=mm&r=g","caption":"Juan P\u00e9rez"},"description":"Juan P\u00e9rez es el redactor en jefe de Diario 21. Con m\u00e1s de 10 a\u00f1os de experiencia en el periodismo, se especializa en pol\u00edtica nacional y an\u00e1lisis socioecon\u00f3mico. Su enfoque cr\u00edtico y riguroso aporta una perspectiva \u00fanica a cada art\u00edculo.","sameAs":["https:\/\/www.diario21.tv\/noticias\/"],"url":"https:\/\/www.diario21.tv\/noticias\/author\/juan-perez\/"}]}},"_links":{"self":[{"href":"https:\/\/www.diario21.tv\/noticias\/wp-json\/wp\/v2\/posts\/5571"}],"collection":[{"href":"https:\/\/www.diario21.tv\/noticias\/wp-json\/wp\/v2\/posts"}],"about":[{"href":"https:\/\/www.diario21.tv\/noticias\/wp-json\/wp\/v2\/types\/post"}],"author":[{"embeddable":true,"href":"https:\/\/www.diario21.tv\/noticias\/wp-json\/wp\/v2\/users\/20"}],"replies":[{"embeddable":true,"href":"https:\/\/www.diario21.tv\/noticias\/wp-json\/wp\/v2\/comments?post=5571"}],"version-history":[{"count":1,"href":"https:\/\/www.diario21.tv\/noticias\/wp-json\/wp\/v2\/posts\/5571\/revisions"}],"predecessor-version":[{"id":5573,"href":"https:\/\/www.diario21.tv\/noticias\/wp-json\/wp\/v2\/posts\/5571\/revisions\/5573"}],"wp:featuredmedia":[{"embeddable":true,"href":"https:\/\/www.diario21.tv\/noticias\/wp-json\/wp\/v2\/media\/5572"}],"wp:attachment":[{"href":"https:\/\/www.diario21.tv\/noticias\/wp-json\/wp\/v2\/media?parent=5571"}],"wp:term":[{"taxonomy":"category","embeddable":true,"href":"https:\/\/www.diario21.tv\/noticias\/wp-json\/wp\/v2\/categories?post=5571"},{"taxonomy":"post_tag","embeddable":true,"href":"https:\/\/www.diario21.tv\/noticias\/wp-json\/wp\/v2\/tags?post=5571"}],"curies":[{"name":"wp","href":"https:\/\/api.w.org\/{rel}","templated":true}]}}