{"id":5565,"date":"2025-12-18T04:00:26","date_gmt":"2025-12-18T04:00:26","guid":{"rendered":"https:\/\/www.diario21.tv\/noticias\/alerta-en-castellon-detienen-a-mujer-por-explotacion-sexual-de-menores\/"},"modified":"2025-12-18T04:00:27","modified_gmt":"2025-12-18T04:00:27","slug":"alerta-en-castellon-detienen-a-mujer-por-explotacion-sexual-de-menores","status":"publish","type":"post","link":"https:\/\/www.diario21.tv\/noticias\/alerta-en-castellon-detienen-a-mujer-por-explotacion-sexual-de-menores\/","title":{"rendered":"\u00a1Alerta en Castell\u00f3n! Detienen a mujer por explotaci\u00f3n sexual de menores."},"content":{"rendered":"<h2>Arresto en Castell\u00f3n por Explotaci\u00f3n Sexual Infantil<\/h2>\n<p>En un reciente operativo policial en Castell\u00f3n, una mujer ha sido arrestada bajo la acusaci\u00f3n de involucrarse en actividades de explotaci\u00f3n sexual de menores. Este caso ha conmocionado a la comunidad local y ha puesto de relieve la persistente problem\u00e1tica del abuso infantil en la regi\u00f3n.<\/p>\n<h3>Detalles del Caso<\/h3>\n<p>La investigaci\u00f3n se inici\u00f3 tras recibir varias denuncias an\u00f3nimas que apuntaban hacia una mujer que presuntamente estaba facilitando el acceso a menores para fines sexuales a adultos. Actuando sobre estas informaciones, las autoridades pudieron recolectar suficiente evidencia para proceder con la detenci\u00f3n.<\/p>\n<p>La sospechosa, cuya identidad no ha sido divulgada para proteger la integridad del proceso legal, fue encontrada en posesi\u00f3n de material expl\u00edcito y se le acusa de organizar encuentros entre menores y adultos a cambio de beneficios econ\u00f3micos. Seg\u00fan los informes, los ni\u00f1os involucrados eran manipulados y coaccionados, lo que agrava la gravedad de los delitos imputados.<\/p>\n<h3>Reacci\u00f3n de la Comunidad y Medidas Tomadas<\/h3>\n<p>La noticia de la detenci\u00f3n ha generado una amplia respuesta por parte de la comunidad de Castell\u00f3n, donde muchos expresaron su preocupaci\u00f3n y repudio hacia cualquier forma de abuso infantil. Las autoridades locales han reiterado su compromiso de trabajar para erradicar estas redes de explotaci\u00f3n y proteger a los m\u00e1s vulnerables.<\/p>\n<p>A ra\u00edz del arresto, se han implementado iniciativas adicionales para fortalecer la vigilancia y el control en \u00e1reas identificadas como de alto riesgo. Tambi\u00e9n se est\u00e1 haciendo un llamado a la poblaci\u00f3n para que colabore activamente reportando cualquier actividad sospechosa que pueda sugerir explotaci\u00f3n infantil.<\/p>\n<h3>Implicaciones Legales y Pr\u00f3ximos Pasos<\/h3>\n<p>La mujer detenida enfrenta m\u00faltiples cargos relacionados con la explotaci\u00f3n sexual de menores, y si es encontrada culpable, podr\u00eda recibir una condena significativa. El caso sigue bajo investigaci\u00f3n, y se espera que m\u00e1s detalles salgan a la luz en las pr\u00f3ximas semanas.<\/p>\n<p>Este incidente subraya la necesidad de leyes m\u00e1s estrictas y medidas de protecci\u00f3n m\u00e1s robustas para los ni\u00f1os en Espa\u00f1a. Adem\u00e1s, resalta la importancia de la vigilancia comunitaria y la educaci\u00f3n para prevenir futuros casos de abuso y explotaci\u00f3n infantil.<\/p>\n<p>Se anticipa que el caso tenga un impacto considerable en c\u00f3mo los casos de explotaci\u00f3n infantil son manejados en el futuro, no solo en Castell\u00f3n, sino en toda Espa\u00f1a. Las autoridades est\u00e1n decididas a utilizar este caso como un ejemplo para disuadir a otros potenciales delincuentes y para asegurar que los ni\u00f1os puedan crecer en un ambiente seguro y protegido.<\/p>\n\n\n<div class=\"kk-star-ratings kksr-auto kksr-align-left kksr-valign-bottom\"\n    data-payload='{&quot;align&quot;:&quot;left&quot;,&quot;id&quot;:&quot;5565&quot;,&quot;slug&quot;:&quot;default&quot;,&quot;valign&quot;:&quot;bottom&quot;,&quot;ignore&quot;:&quot;&quot;,&quot;reference&quot;:&quot;auto&quot;,&quot;class&quot;:&quot;&quot;,&quot;count&quot;:&quot;0&quot;,&quot;legendonly&quot;:&quot;&quot;,&quot;readonly&quot;:&quot;&quot;,&quot;score&quot;:&quot;0&quot;,&quot;starsonly&quot;:&quot;&quot;,&quot;best&quot;:&quot;5&quot;,&quot;gap&quot;:&quot;5&quot;,&quot;greet&quot;:&quot;Valora este post&quot;,&quot;legend&quot;:&quot;0\\\/5 - (0 votes)&quot;,&quot;size&quot;:&quot;22&quot;,&quot;title&quot;:&quot;\u00a1Alerta en Castell\u00f3n! Detienen a mujer por explotaci\u00f3n sexual de menores.&quot;,&quot;width&quot;:&quot;0&quot;,&quot;_legend&quot;:&quot;{score}\\\/{best} - ({count} {votes})&quot;,&quot;font_factor&quot;:&quot;1.25&quot;}'>\n            \n<div class=\"kksr-stars\">\n    \n<div class=\"kksr-stars-inactive\">\n            <div class=\"kksr-star\" data-star=\"1\" style=\"padding-right: 5px\">\n            \n\n<div class=\"kksr-icon\" style=\"width: 22px; height: 22px;\"><\/div>\n        <\/div>\n            <div class=\"kksr-star\" data-star=\"2\" style=\"padding-right: 5px\">\n            \n\n<div class=\"kksr-icon\" style=\"width: 22px; height: 22px;\"><\/div>\n        <\/div>\n            <div class=\"kksr-star\" data-star=\"3\" style=\"padding-right: 5px\">\n            \n\n<div class=\"kksr-icon\" style=\"width: 22px; height: 22px;\"><\/div>\n        <\/div>\n            <div class=\"kksr-star\" data-star=\"4\" style=\"padding-right: 5px\">\n            \n\n<div class=\"kksr-icon\" style=\"width: 22px; height: 22px;\"><\/div>\n        <\/div>\n            <div class=\"kksr-star\" data-star=\"5\" style=\"padding-right: 5px\">\n            \n\n<div class=\"kksr-icon\" style=\"width: 22px; height: 22px;\"><\/div>\n        <\/div>\n    <\/div>\n    \n<div class=\"kksr-stars-active\" style=\"width: 0px;\">\n            <div class=\"kksr-star\" style=\"padding-right: 5px\">\n            \n\n<div class=\"kksr-icon\" style=\"width: 22px; height: 22px;\"><\/div>\n        <\/div>\n            <div class=\"kksr-star\" style=\"padding-right: 5px\">\n            \n\n<div class=\"kksr-icon\" style=\"width: 22px; height: 22px;\"><\/div>\n        <\/div>\n            <div class=\"kksr-star\" style=\"padding-right: 5px\">\n            \n\n<div class=\"kksr-icon\" style=\"width: 22px; height: 22px;\"><\/div>\n        <\/div>\n            <div class=\"kksr-star\" style=\"padding-right: 5px\">\n            \n\n<div class=\"kksr-icon\" style=\"width: 22px; height: 22px;\"><\/div>\n        <\/div>\n            <div class=\"kksr-star\" style=\"padding-right: 5px\">\n            \n\n<div class=\"kksr-icon\" style=\"width: 22px; height: 22px;\"><\/div>\n        <\/div>\n    <\/div>\n<\/div>\n                \n\n<div class=\"kksr-legend\" style=\"font-size: 17.6px;\">\n            <span class=\"kksr-muted\">Valora este post<\/span>\n    <\/div>\n    <\/div>\n","protected":false},"excerpt":{"rendered":"<p>Arresto en Castell\u00f3n por Explotaci\u00f3n Sexual Infantil En un reciente operativo policial en Castell\u00f3n, una mujer ha sido arrestada bajo la acusaci\u00f3n de involucrarse en actividades &#8230; <a title=\"\u00a1Alerta en Castell\u00f3n! Detienen a mujer por explotaci\u00f3n sexual de menores.\" class=\"read-more\" href=\"https:\/\/www.diario21.tv\/noticias\/alerta-en-castellon-detienen-a-mujer-por-explotacion-sexual-de-menores\/\" aria-label=\"Leer m\u00e1s sobre \u00a1Alerta en Castell\u00f3n! Detienen a mujer por explotaci\u00f3n sexual de menores.\">Seguir leyendo &rarr;<\/a><\/p>\n","protected":false},"author":20,"featured_media":5566,"comment_status":"open","ping_status":"open","sticky":false,"template":"","format":"standard","meta":{"footnotes":""},"categories":[13],"tags":[],"class_list":["post-5565","post","type-post","status-publish","format-standard","has-post-thumbnail","hentry","category-portada"],"yoast_head":"<!-- This site is optimized with the Yoast SEO plugin v25.6 - https:\/\/yoast.com\/wordpress\/plugins\/seo\/ -->\n<title>\u00a1Alerta en Castell\u00f3n! Detienen a mujer por explotaci\u00f3n sexual de menores. - Diario 21<\/title>\n<meta name=\"robots\" content=\"index, follow, max-snippet:-1, max-image-preview:large, max-video-preview:-1\" \/>\n<link rel=\"canonical\" href=\"https:\/\/www.diario21.tv\/noticias\/alerta-en-castellon-detienen-a-mujer-por-explotacion-sexual-de-menores\/\" \/>\n<meta property=\"og:locale\" content=\"es_ES\" \/>\n<meta property=\"og:type\" content=\"article\" \/>\n<meta property=\"og:title\" content=\"\u00a1Alerta en Castell\u00f3n! Detienen a mujer por explotaci\u00f3n sexual de menores. - Diario 21\" \/>\n<meta property=\"og:description\" content=\"Arresto en Castell\u00f3n por Explotaci\u00f3n Sexual Infantil En un reciente operativo policial en Castell\u00f3n, una mujer ha sido arrestada bajo la acusaci\u00f3n de involucrarse en actividades ... Seguir leyendo &rarr;\" \/>\n<meta property=\"og:url\" content=\"https:\/\/www.diario21.tv\/noticias\/alerta-en-castellon-detienen-a-mujer-por-explotacion-sexual-de-menores\/\" \/>\n<meta property=\"og:site_name\" content=\"Diario 21\" \/>\n<meta property=\"article:published_time\" content=\"2025-12-18T04:00:26+00:00\" \/>\n<meta property=\"article:modified_time\" content=\"2025-12-18T04:00:27+00:00\" \/>\n<meta property=\"og:image\" content=\"https:\/\/www.diario21.tv\/noticias\/wp-content\/uploads\/2025\/12\/\u00a1Alerta-en-Castellon-Detienen-a-mujer-por-explotacion-sexual-de.jpg\" \/>\n\t<meta property=\"og:image:width\" content=\"1200\" \/>\n\t<meta property=\"og:image:height\" content=\"840\" \/>\n\t<meta property=\"og:image:type\" content=\"image\/jpeg\" \/>\n<meta name=\"author\" content=\"Juan P\u00e9rez\" \/>\n<meta name=\"twitter:card\" content=\"summary_large_image\" \/>\n<meta name=\"twitter:label1\" content=\"Escrito por\" \/>\n\t<meta name=\"twitter:data1\" content=\"Juan P\u00e9rez\" \/>\n\t<meta name=\"twitter:label2\" content=\"Tiempo de lectura\" \/>\n\t<meta name=\"twitter:data2\" content=\"2 minutos\" \/>\n<script type=\"application\/ld+json\" class=\"yoast-schema-graph\">{\"@context\":\"https:\/\/schema.org\",\"@graph\":[{\"@type\":\"WebPage\",\"@id\":\"https:\/\/www.diario21.tv\/noticias\/alerta-en-castellon-detienen-a-mujer-por-explotacion-sexual-de-menores\/\",\"url\":\"https:\/\/www.diario21.tv\/noticias\/alerta-en-castellon-detienen-a-mujer-por-explotacion-sexual-de-menores\/\",\"name\":\"\u00a1Alerta en Castell\u00f3n! Detienen a mujer por explotaci\u00f3n sexual de menores. - Diario 21\",\"isPartOf\":{\"@id\":\"https:\/\/www.diario21.tv\/noticias\/#website\"},\"primaryImageOfPage\":{\"@id\":\"https:\/\/www.diario21.tv\/noticias\/alerta-en-castellon-detienen-a-mujer-por-explotacion-sexual-de-menores\/#primaryimage\"},\"image\":{\"@id\":\"https:\/\/www.diario21.tv\/noticias\/alerta-en-castellon-detienen-a-mujer-por-explotacion-sexual-de-menores\/#primaryimage\"},\"thumbnailUrl\":\"https:\/\/www.diario21.tv\/noticias\/wp-content\/uploads\/2025\/12\/\u00a1Alerta-en-Castellon-Detienen-a-mujer-por-explotacion-sexual-de.jpg\",\"datePublished\":\"2025-12-18T04:00:26+00:00\",\"dateModified\":\"2025-12-18T04:00:27+00:00\",\"author\":{\"@id\":\"https:\/\/www.diario21.tv\/noticias\/#\/schema\/person\/dfb778f73814d8f09f302618446a526b\"},\"breadcrumb\":{\"@id\":\"https:\/\/www.diario21.tv\/noticias\/alerta-en-castellon-detienen-a-mujer-por-explotacion-sexual-de-menores\/#breadcrumb\"},\"inLanguage\":\"es-AR\",\"potentialAction\":[{\"@type\":\"ReadAction\",\"target\":[\"https:\/\/www.diario21.tv\/noticias\/alerta-en-castellon-detienen-a-mujer-por-explotacion-sexual-de-menores\/\"]}]},{\"@type\":\"ImageObject\",\"inLanguage\":\"es-AR\",\"@id\":\"https:\/\/www.diario21.tv\/noticias\/alerta-en-castellon-detienen-a-mujer-por-explotacion-sexual-de-menores\/#primaryimage\",\"url\":\"https:\/\/www.diario21.tv\/noticias\/wp-content\/uploads\/2025\/12\/\u00a1Alerta-en-Castellon-Detienen-a-mujer-por-explotacion-sexual-de.jpg\",\"contentUrl\":\"https:\/\/www.diario21.tv\/noticias\/wp-content\/uploads\/2025\/12\/\u00a1Alerta-en-Castellon-Detienen-a-mujer-por-explotacion-sexual-de.jpg\",\"width\":1200,\"height\":840,\"caption\":\"Detenida una mujer en Castell\u00f3n por explotaci\u00f3n sexual de menores\"},{\"@type\":\"BreadcrumbList\",\"@id\":\"https:\/\/www.diario21.tv\/noticias\/alerta-en-castellon-detienen-a-mujer-por-explotacion-sexual-de-menores\/#breadcrumb\",\"itemListElement\":[{\"@type\":\"ListItem\",\"position\":1,\"name\":\"Accueil\",\"item\":\"https:\/\/www.diario21.tv\/noticias\/\"},{\"@type\":\"ListItem\",\"position\":2,\"name\":\"\u00a1Alerta en Castell\u00f3n! Detienen a mujer por explotaci\u00f3n sexual de menores.\"}]},{\"@type\":\"WebSite\",\"@id\":\"https:\/\/www.diario21.tv\/noticias\/#website\",\"url\":\"https:\/\/www.diario21.tv\/noticias\/\",\"name\":\"Diario 21\",\"description\":\"\",\"potentialAction\":[{\"@type\":\"SearchAction\",\"target\":{\"@type\":\"EntryPoint\",\"urlTemplate\":\"https:\/\/www.diario21.tv\/noticias\/?s={search_term_string}\"},\"query-input\":{\"@type\":\"PropertyValueSpecification\",\"valueRequired\":true,\"valueName\":\"search_term_string\"}}],\"inLanguage\":\"es-AR\"},{\"@type\":\"Person\",\"@id\":\"https:\/\/www.diario21.tv\/noticias\/#\/schema\/person\/dfb778f73814d8f09f302618446a526b\",\"name\":\"Juan P\u00e9rez\",\"image\":{\"@type\":\"ImageObject\",\"inLanguage\":\"es-AR\",\"@id\":\"https:\/\/www.diario21.tv\/noticias\/#\/schema\/person\/image\/\",\"url\":\"https:\/\/secure.gravatar.com\/avatar\/c478a405bd10621167f4c3167cc770f5?s=96&d=mm&r=g\",\"contentUrl\":\"https:\/\/secure.gravatar.com\/avatar\/c478a405bd10621167f4c3167cc770f5?s=96&d=mm&r=g\",\"caption\":\"Juan P\u00e9rez\"},\"description\":\"Juan P\u00e9rez es el redactor en jefe de Diario 21. Con m\u00e1s de 10 a\u00f1os de experiencia en el periodismo, se especializa en pol\u00edtica nacional y an\u00e1lisis socioecon\u00f3mico. Su enfoque cr\u00edtico y riguroso aporta una perspectiva \u00fanica a cada art\u00edculo.\",\"sameAs\":[\"https:\/\/www.diario21.tv\/noticias\/\"],\"url\":\"https:\/\/www.diario21.tv\/noticias\/author\/juan-perez\/\"}]}<\/script>\n<!-- \/ Yoast SEO plugin. -->","yoast_head_json":{"title":"\u00a1Alerta en Castell\u00f3n! Detienen a mujer por explotaci\u00f3n sexual de menores. - Diario 21","robots":{"index":"index","follow":"follow","max-snippet":"max-snippet:-1","max-image-preview":"max-image-preview:large","max-video-preview":"max-video-preview:-1"},"canonical":"https:\/\/www.diario21.tv\/noticias\/alerta-en-castellon-detienen-a-mujer-por-explotacion-sexual-de-menores\/","og_locale":"es_ES","og_type":"article","og_title":"\u00a1Alerta en Castell\u00f3n! Detienen a mujer por explotaci\u00f3n sexual de menores. - Diario 21","og_description":"Arresto en Castell\u00f3n por Explotaci\u00f3n Sexual Infantil En un reciente operativo policial en Castell\u00f3n, una mujer ha sido arrestada bajo la acusaci\u00f3n de involucrarse en actividades ... Seguir leyendo &rarr;","og_url":"https:\/\/www.diario21.tv\/noticias\/alerta-en-castellon-detienen-a-mujer-por-explotacion-sexual-de-menores\/","og_site_name":"Diario 21","article_published_time":"2025-12-18T04:00:26+00:00","article_modified_time":"2025-12-18T04:00:27+00:00","og_image":[{"width":1200,"height":840,"url":"https:\/\/www.diario21.tv\/noticias\/wp-content\/uploads\/2025\/12\/\u00a1Alerta-en-Castellon-Detienen-a-mujer-por-explotacion-sexual-de.jpg","type":"image\/jpeg"}],"author":"Juan P\u00e9rez","twitter_card":"summary_large_image","twitter_misc":{"Escrito por":"Juan P\u00e9rez","Tiempo de lectura":"2 minutos"},"schema":{"@context":"https:\/\/schema.org","@graph":[{"@type":"WebPage","@id":"https:\/\/www.diario21.tv\/noticias\/alerta-en-castellon-detienen-a-mujer-por-explotacion-sexual-de-menores\/","url":"https:\/\/www.diario21.tv\/noticias\/alerta-en-castellon-detienen-a-mujer-por-explotacion-sexual-de-menores\/","name":"\u00a1Alerta en Castell\u00f3n! Detienen a mujer por explotaci\u00f3n sexual de menores. - Diario 21","isPartOf":{"@id":"https:\/\/www.diario21.tv\/noticias\/#website"},"primaryImageOfPage":{"@id":"https:\/\/www.diario21.tv\/noticias\/alerta-en-castellon-detienen-a-mujer-por-explotacion-sexual-de-menores\/#primaryimage"},"image":{"@id":"https:\/\/www.diario21.tv\/noticias\/alerta-en-castellon-detienen-a-mujer-por-explotacion-sexual-de-menores\/#primaryimage"},"thumbnailUrl":"https:\/\/www.diario21.tv\/noticias\/wp-content\/uploads\/2025\/12\/\u00a1Alerta-en-Castellon-Detienen-a-mujer-por-explotacion-sexual-de.jpg","datePublished":"2025-12-18T04:00:26+00:00","dateModified":"2025-12-18T04:00:27+00:00","author":{"@id":"https:\/\/www.diario21.tv\/noticias\/#\/schema\/person\/dfb778f73814d8f09f302618446a526b"},"breadcrumb":{"@id":"https:\/\/www.diario21.tv\/noticias\/alerta-en-castellon-detienen-a-mujer-por-explotacion-sexual-de-menores\/#breadcrumb"},"inLanguage":"es-AR","potentialAction":[{"@type":"ReadAction","target":["https:\/\/www.diario21.tv\/noticias\/alerta-en-castellon-detienen-a-mujer-por-explotacion-sexual-de-menores\/"]}]},{"@type":"ImageObject","inLanguage":"es-AR","@id":"https:\/\/www.diario21.tv\/noticias\/alerta-en-castellon-detienen-a-mujer-por-explotacion-sexual-de-menores\/#primaryimage","url":"https:\/\/www.diario21.tv\/noticias\/wp-content\/uploads\/2025\/12\/\u00a1Alerta-en-Castellon-Detienen-a-mujer-por-explotacion-sexual-de.jpg","contentUrl":"https:\/\/www.diario21.tv\/noticias\/wp-content\/uploads\/2025\/12\/\u00a1Alerta-en-Castellon-Detienen-a-mujer-por-explotacion-sexual-de.jpg","width":1200,"height":840,"caption":"Detenida una mujer en Castell\u00f3n por explotaci\u00f3n sexual de menores"},{"@type":"BreadcrumbList","@id":"https:\/\/www.diario21.tv\/noticias\/alerta-en-castellon-detienen-a-mujer-por-explotacion-sexual-de-menores\/#breadcrumb","itemListElement":[{"@type":"ListItem","position":1,"name":"Accueil","item":"https:\/\/www.diario21.tv\/noticias\/"},{"@type":"ListItem","position":2,"name":"\u00a1Alerta en Castell\u00f3n! Detienen a mujer por explotaci\u00f3n sexual de menores."}]},{"@type":"WebSite","@id":"https:\/\/www.diario21.tv\/noticias\/#website","url":"https:\/\/www.diario21.tv\/noticias\/","name":"Diario 21","description":"","potentialAction":[{"@type":"SearchAction","target":{"@type":"EntryPoint","urlTemplate":"https:\/\/www.diario21.tv\/noticias\/?s={search_term_string}"},"query-input":{"@type":"PropertyValueSpecification","valueRequired":true,"valueName":"search_term_string"}}],"inLanguage":"es-AR"},{"@type":"Person","@id":"https:\/\/www.diario21.tv\/noticias\/#\/schema\/person\/dfb778f73814d8f09f302618446a526b","name":"Juan P\u00e9rez","image":{"@type":"ImageObject","inLanguage":"es-AR","@id":"https:\/\/www.diario21.tv\/noticias\/#\/schema\/person\/image\/","url":"https:\/\/secure.gravatar.com\/avatar\/c478a405bd10621167f4c3167cc770f5?s=96&d=mm&r=g","contentUrl":"https:\/\/secure.gravatar.com\/avatar\/c478a405bd10621167f4c3167cc770f5?s=96&d=mm&r=g","caption":"Juan P\u00e9rez"},"description":"Juan P\u00e9rez es el redactor en jefe de Diario 21. Con m\u00e1s de 10 a\u00f1os de experiencia en el periodismo, se especializa en pol\u00edtica nacional y an\u00e1lisis socioecon\u00f3mico. Su enfoque cr\u00edtico y riguroso aporta una perspectiva \u00fanica a cada art\u00edculo.","sameAs":["https:\/\/www.diario21.tv\/noticias\/"],"url":"https:\/\/www.diario21.tv\/noticias\/author\/juan-perez\/"}]}},"_links":{"self":[{"href":"https:\/\/www.diario21.tv\/noticias\/wp-json\/wp\/v2\/posts\/5565"}],"collection":[{"href":"https:\/\/www.diario21.tv\/noticias\/wp-json\/wp\/v2\/posts"}],"about":[{"href":"https:\/\/www.diario21.tv\/noticias\/wp-json\/wp\/v2\/types\/post"}],"author":[{"embeddable":true,"href":"https:\/\/www.diario21.tv\/noticias\/wp-json\/wp\/v2\/users\/20"}],"replies":[{"embeddable":true,"href":"https:\/\/www.diario21.tv\/noticias\/wp-json\/wp\/v2\/comments?post=5565"}],"version-history":[{"count":1,"href":"https:\/\/www.diario21.tv\/noticias\/wp-json\/wp\/v2\/posts\/5565\/revisions"}],"predecessor-version":[{"id":5567,"href":"https:\/\/www.diario21.tv\/noticias\/wp-json\/wp\/v2\/posts\/5565\/revisions\/5567"}],"wp:featuredmedia":[{"embeddable":true,"href":"https:\/\/www.diario21.tv\/noticias\/wp-json\/wp\/v2\/media\/5566"}],"wp:attachment":[{"href":"https:\/\/www.diario21.tv\/noticias\/wp-json\/wp\/v2\/media?parent=5565"}],"wp:term":[{"taxonomy":"category","embeddable":true,"href":"https:\/\/www.diario21.tv\/noticias\/wp-json\/wp\/v2\/categories?post=5565"},{"taxonomy":"post_tag","embeddable":true,"href":"https:\/\/www.diario21.tv\/noticias\/wp-json\/wp\/v2\/tags?post=5565"}],"curies":[{"name":"wp","href":"https:\/\/api.w.org\/{rel}","templated":true}]}}