{"id":5562,"date":"2025-12-17T21:58:35","date_gmt":"2025-12-17T21:58:35","guid":{"rendered":"https:\/\/www.diario21.tv\/noticias\/detenido-en-alava-creador-de-pornografia-infantil-usando-ia-alerta-policial\/"},"modified":"2025-12-17T21:58:36","modified_gmt":"2025-12-17T21:58:36","slug":"detenido-en-alava-creador-de-pornografia-infantil-usando-ia-alerta-policial","status":"publish","type":"post","link":"https:\/\/www.diario21.tv\/noticias\/detenido-en-alava-creador-de-pornografia-infantil-usando-ia-alerta-policial\/","title":{"rendered":"Detenido en \u00c1lava creador de pornograf\u00eda infantil usando IA: \u00a1Alerta Policial!"},"content":{"rendered":"<h2>Arresto en \u00c1lava por Producci\u00f3n de Material Pornogr\u00e1fico Infantil Utilizando Inteligencia Artificial<\/h2>\n<p>La Polic\u00eda Nacional de Espa\u00f1a ha realizado un importante operativo en la provincia de \u00c1lava, resultando en la detenci\u00f3n de un individuo acusado de fabricar contenido pornogr\u00e1fico infantil. Este caso destaca por el uso de tecnolog\u00edas avanzadas, incluyendo herramientas de inteligencia artificial (IA), para la creaci\u00f3n de dicho material.<\/p>\n<h3>Detalles del Operativo Policial<\/h3>\n<p>La operaci\u00f3n se desencaden\u00f3 tras una investigaci\u00f3n meticulosa llevada a cabo por las autoridades, quienes siguieron la pista del sospechoso durante varios meses. El arresto se efectu\u00f3 en un domicilio particular donde se encontraron numerosos archivos de contenido expl\u00edcito involucrando menores, as\u00ed como el software de inteligencia artificial empleado para generar o modificar estas im\u00e1genes.<\/p>\n<p>El uso de IA en la producci\u00f3n de im\u00e1genes pornogr\u00e1ficas infantiles representa un giro preocupante en la evoluci\u00f3n de este tipo de delitos, ya que esta tecnolog\u00eda permite la creaci\u00f3n de im\u00e1genes hiperrealistas que pueden eludir las medidas de detecci\u00f3n convencionales. La polic\u00eda ha confiscado todo el material inform\u00e1tico para su an\u00e1lisis y ha asegurado que se est\u00e1 procediendo con la m\u00e1xima rigurosidad en la investigaci\u00f3n.<\/p>\n<h3>Impacto y Consecuencias Legales<\/h3>\n<p>Este arresto subraya la creciente preocupaci\u00f3n sobre c\u00f3mo las nuevas tecnolog\u00edas pueden ser utilizadas para cometer delitos, especialmente aquellos que involucran a menores. La legislaci\u00f3n espa\u00f1ola es muy estricta en lo que respecta a la producci\u00f3n, distribuci\u00f3n y posesi\u00f3n de pornograf\u00eda infantil, con penas que incluyen varios a\u00f1os de prisi\u00f3n.<\/p>\n<p>Las autoridades tambi\u00e9n han reiterado su compromiso con la lucha contra este tipo de delitos, especialmente en contextos donde la tecnolog\u00eda permite a los perpetradores operar con un anonimato y una eficiencia mayores. Este caso servir\u00e1 como un llamado de atenci\u00f3n sobre la necesidad de adaptar las estrategias de detecci\u00f3n y persecuci\u00f3n a las nuevas modalidades de criminalidad digital.<\/p>\n<h3>Reacciones y Medidas a Tomar<\/h3>\n<p>La comunidad ha reaccionado con alarma y consternaci\u00f3n ante la noticia del arresto, y ha habido un llamado general a reforzar las medidas de protecci\u00f3n digital para los menores. Expertos en tecnolog\u00eda y seguridad inform\u00e1tica est\u00e1n colaborando con las fuerzas del orden para mejorar las t\u00e9cnicas de rastreo y an\u00e1lisis de contenido digital sospechoso.<\/p>\n<p>La Polic\u00eda Nacional ha anunciado que se intensificar\u00e1n las campa\u00f1as de concientizaci\u00f3n sobre los peligros de la pornograf\u00eda infantil y el abuso de tecnolog\u00edas como la inteligencia artificial en la perpetuaci\u00f3n de estos delitos. Adem\u00e1s, han hecho un llamamiento a la poblaci\u00f3n para que colaboren activamente reportando cualquier actividad sospechosa que pueda indicar la producci\u00f3n o distribuci\u00f3n de contenido ilegal.<\/p>\n<p>Este caso en \u00c1lava es un recordatorio sombr\u00edo de que la lucha contra la explotaci\u00f3n infantil es una batalla constante y que la comunidad debe permanecer vigilante y cooperativa en el enfrentamiento a estos desaf\u00edos emergentes.<\/p>\n\n\n<div class=\"kk-star-ratings kksr-auto kksr-align-left kksr-valign-bottom\"\n    data-payload='{&quot;align&quot;:&quot;left&quot;,&quot;id&quot;:&quot;5562&quot;,&quot;slug&quot;:&quot;default&quot;,&quot;valign&quot;:&quot;bottom&quot;,&quot;ignore&quot;:&quot;&quot;,&quot;reference&quot;:&quot;auto&quot;,&quot;class&quot;:&quot;&quot;,&quot;count&quot;:&quot;0&quot;,&quot;legendonly&quot;:&quot;&quot;,&quot;readonly&quot;:&quot;&quot;,&quot;score&quot;:&quot;0&quot;,&quot;starsonly&quot;:&quot;&quot;,&quot;best&quot;:&quot;5&quot;,&quot;gap&quot;:&quot;5&quot;,&quot;greet&quot;:&quot;Valora este post&quot;,&quot;legend&quot;:&quot;0\\\/5 - (0 votes)&quot;,&quot;size&quot;:&quot;22&quot;,&quot;title&quot;:&quot;Detenido en \u00c1lava creador de pornograf\u00eda infantil usando IA: \u00a1Alerta Policial!&quot;,&quot;width&quot;:&quot;0&quot;,&quot;_legend&quot;:&quot;{score}\\\/{best} - ({count} {votes})&quot;,&quot;font_factor&quot;:&quot;1.25&quot;}'>\n            \n<div class=\"kksr-stars\">\n    \n<div class=\"kksr-stars-inactive\">\n            <div class=\"kksr-star\" data-star=\"1\" style=\"padding-right: 5px\">\n            \n\n<div class=\"kksr-icon\" style=\"width: 22px; height: 22px;\"><\/div>\n        <\/div>\n            <div class=\"kksr-star\" data-star=\"2\" style=\"padding-right: 5px\">\n            \n\n<div class=\"kksr-icon\" style=\"width: 22px; height: 22px;\"><\/div>\n        <\/div>\n            <div class=\"kksr-star\" data-star=\"3\" style=\"padding-right: 5px\">\n            \n\n<div class=\"kksr-icon\" style=\"width: 22px; height: 22px;\"><\/div>\n        <\/div>\n            <div class=\"kksr-star\" data-star=\"4\" style=\"padding-right: 5px\">\n            \n\n<div class=\"kksr-icon\" style=\"width: 22px; height: 22px;\"><\/div>\n        <\/div>\n            <div class=\"kksr-star\" data-star=\"5\" style=\"padding-right: 5px\">\n            \n\n<div class=\"kksr-icon\" style=\"width: 22px; height: 22px;\"><\/div>\n        <\/div>\n    <\/div>\n    \n<div class=\"kksr-stars-active\" style=\"width: 0px;\">\n            <div class=\"kksr-star\" style=\"padding-right: 5px\">\n            \n\n<div class=\"kksr-icon\" style=\"width: 22px; height: 22px;\"><\/div>\n        <\/div>\n            <div class=\"kksr-star\" style=\"padding-right: 5px\">\n            \n\n<div class=\"kksr-icon\" style=\"width: 22px; height: 22px;\"><\/div>\n        <\/div>\n            <div class=\"kksr-star\" style=\"padding-right: 5px\">\n            \n\n<div class=\"kksr-icon\" style=\"width: 22px; height: 22px;\"><\/div>\n        <\/div>\n            <div class=\"kksr-star\" style=\"padding-right: 5px\">\n            \n\n<div class=\"kksr-icon\" style=\"width: 22px; height: 22px;\"><\/div>\n        <\/div>\n            <div class=\"kksr-star\" style=\"padding-right: 5px\">\n            \n\n<div class=\"kksr-icon\" style=\"width: 22px; height: 22px;\"><\/div>\n        <\/div>\n    <\/div>\n<\/div>\n                \n\n<div class=\"kksr-legend\" style=\"font-size: 17.6px;\">\n            <span class=\"kksr-muted\">Valora este post<\/span>\n    <\/div>\n    <\/div>\n","protected":false},"excerpt":{"rendered":"<p>Arresto en \u00c1lava por Producci\u00f3n de Material Pornogr\u00e1fico Infantil Utilizando Inteligencia Artificial La Polic\u00eda Nacional de Espa\u00f1a ha realizado un importante operativo en la provincia de &#8230; <a title=\"Detenido en \u00c1lava creador de pornograf\u00eda infantil usando IA: \u00a1Alerta Policial!\" class=\"read-more\" href=\"https:\/\/www.diario21.tv\/noticias\/detenido-en-alava-creador-de-pornografia-infantil-usando-ia-alerta-policial\/\" aria-label=\"Leer m\u00e1s sobre Detenido en \u00c1lava creador de pornograf\u00eda infantil usando IA: \u00a1Alerta Policial!\">Seguir leyendo &rarr;<\/a><\/p>\n","protected":false},"author":20,"featured_media":5563,"comment_status":"open","ping_status":"open","sticky":false,"template":"","format":"standard","meta":{"footnotes":""},"categories":[13],"tags":[],"class_list":["post-5562","post","type-post","status-publish","format-standard","has-post-thumbnail","hentry","category-portada"],"yoast_head":"<!-- This site is optimized with the Yoast SEO plugin v25.6 - https:\/\/yoast.com\/wordpress\/plugins\/seo\/ -->\n<title>Detenido en \u00c1lava creador de pornograf\u00eda infantil usando IA: \u00a1Alerta Policial! - Diario 21<\/title>\n<meta name=\"robots\" content=\"index, follow, max-snippet:-1, max-image-preview:large, max-video-preview:-1\" \/>\n<link rel=\"canonical\" href=\"https:\/\/www.diario21.tv\/noticias\/detenido-en-alava-creador-de-pornografia-infantil-usando-ia-alerta-policial\/\" \/>\n<meta property=\"og:locale\" content=\"es_ES\" \/>\n<meta property=\"og:type\" content=\"article\" \/>\n<meta property=\"og:title\" content=\"Detenido en \u00c1lava creador de pornograf\u00eda infantil usando IA: \u00a1Alerta Policial! - Diario 21\" \/>\n<meta property=\"og:description\" content=\"Arresto en \u00c1lava por Producci\u00f3n de Material Pornogr\u00e1fico Infantil Utilizando Inteligencia Artificial La Polic\u00eda Nacional de Espa\u00f1a ha realizado un importante operativo en la provincia de ... Seguir leyendo &rarr;\" \/>\n<meta property=\"og:url\" content=\"https:\/\/www.diario21.tv\/noticias\/detenido-en-alava-creador-de-pornografia-infantil-usando-ia-alerta-policial\/\" \/>\n<meta property=\"og:site_name\" content=\"Diario 21\" \/>\n<meta property=\"article:published_time\" content=\"2025-12-17T21:58:35+00:00\" \/>\n<meta property=\"article:modified_time\" content=\"2025-12-17T21:58:36+00:00\" \/>\n<meta property=\"og:image\" content=\"https:\/\/www.diario21.tv\/noticias\/wp-content\/uploads\/2025\/12\/Detenido-en-Alava-creador-de-pornografia-infantil-usando-IA-\u00a1Alerta.jpg\" \/>\n\t<meta property=\"og:image:width\" content=\"1200\" \/>\n\t<meta property=\"og:image:height\" content=\"840\" \/>\n\t<meta property=\"og:image:type\" content=\"image\/jpeg\" \/>\n<meta name=\"author\" content=\"Juan P\u00e9rez\" \/>\n<meta name=\"twitter:card\" content=\"summary_large_image\" \/>\n<meta name=\"twitter:label1\" content=\"Escrito por\" \/>\n\t<meta name=\"twitter:data1\" content=\"Juan P\u00e9rez\" \/>\n\t<meta name=\"twitter:label2\" content=\"Tiempo de lectura\" \/>\n\t<meta name=\"twitter:data2\" content=\"3 minutos\" \/>\n<script type=\"application\/ld+json\" class=\"yoast-schema-graph\">{\"@context\":\"https:\/\/schema.org\",\"@graph\":[{\"@type\":\"WebPage\",\"@id\":\"https:\/\/www.diario21.tv\/noticias\/detenido-en-alava-creador-de-pornografia-infantil-usando-ia-alerta-policial\/\",\"url\":\"https:\/\/www.diario21.tv\/noticias\/detenido-en-alava-creador-de-pornografia-infantil-usando-ia-alerta-policial\/\",\"name\":\"Detenido en \u00c1lava creador de pornograf\u00eda infantil usando IA: \u00a1Alerta Policial! - Diario 21\",\"isPartOf\":{\"@id\":\"https:\/\/www.diario21.tv\/noticias\/#website\"},\"primaryImageOfPage\":{\"@id\":\"https:\/\/www.diario21.tv\/noticias\/detenido-en-alava-creador-de-pornografia-infantil-usando-ia-alerta-policial\/#primaryimage\"},\"image\":{\"@id\":\"https:\/\/www.diario21.tv\/noticias\/detenido-en-alava-creador-de-pornografia-infantil-usando-ia-alerta-policial\/#primaryimage\"},\"thumbnailUrl\":\"https:\/\/www.diario21.tv\/noticias\/wp-content\/uploads\/2025\/12\/Detenido-en-Alava-creador-de-pornografia-infantil-usando-IA-\u00a1Alerta.jpg\",\"datePublished\":\"2025-12-17T21:58:35+00:00\",\"dateModified\":\"2025-12-17T21:58:36+00:00\",\"author\":{\"@id\":\"https:\/\/www.diario21.tv\/noticias\/#\/schema\/person\/dfb778f73814d8f09f302618446a526b\"},\"breadcrumb\":{\"@id\":\"https:\/\/www.diario21.tv\/noticias\/detenido-en-alava-creador-de-pornografia-infantil-usando-ia-alerta-policial\/#breadcrumb\"},\"inLanguage\":\"es-AR\",\"potentialAction\":[{\"@type\":\"ReadAction\",\"target\":[\"https:\/\/www.diario21.tv\/noticias\/detenido-en-alava-creador-de-pornografia-infantil-usando-ia-alerta-policial\/\"]}]},{\"@type\":\"ImageObject\",\"inLanguage\":\"es-AR\",\"@id\":\"https:\/\/www.diario21.tv\/noticias\/detenido-en-alava-creador-de-pornografia-infantil-usando-ia-alerta-policial\/#primaryimage\",\"url\":\"https:\/\/www.diario21.tv\/noticias\/wp-content\/uploads\/2025\/12\/Detenido-en-Alava-creador-de-pornografia-infantil-usando-IA-\u00a1Alerta.jpg\",\"contentUrl\":\"https:\/\/www.diario21.tv\/noticias\/wp-content\/uploads\/2025\/12\/Detenido-en-Alava-creador-de-pornografia-infantil-usando-IA-\u00a1Alerta.jpg\",\"width\":1200,\"height\":840,\"caption\":\"La Polic\u00eda Nacional detiene en \u00c1lava a un creador de pornograf\u00eda infantil con herramientas de IA\"},{\"@type\":\"BreadcrumbList\",\"@id\":\"https:\/\/www.diario21.tv\/noticias\/detenido-en-alava-creador-de-pornografia-infantil-usando-ia-alerta-policial\/#breadcrumb\",\"itemListElement\":[{\"@type\":\"ListItem\",\"position\":1,\"name\":\"Accueil\",\"item\":\"https:\/\/www.diario21.tv\/noticias\/\"},{\"@type\":\"ListItem\",\"position\":2,\"name\":\"Detenido en \u00c1lava creador de pornograf\u00eda infantil usando IA: \u00a1Alerta Policial!\"}]},{\"@type\":\"WebSite\",\"@id\":\"https:\/\/www.diario21.tv\/noticias\/#website\",\"url\":\"https:\/\/www.diario21.tv\/noticias\/\",\"name\":\"Diario 21\",\"description\":\"\",\"potentialAction\":[{\"@type\":\"SearchAction\",\"target\":{\"@type\":\"EntryPoint\",\"urlTemplate\":\"https:\/\/www.diario21.tv\/noticias\/?s={search_term_string}\"},\"query-input\":{\"@type\":\"PropertyValueSpecification\",\"valueRequired\":true,\"valueName\":\"search_term_string\"}}],\"inLanguage\":\"es-AR\"},{\"@type\":\"Person\",\"@id\":\"https:\/\/www.diario21.tv\/noticias\/#\/schema\/person\/dfb778f73814d8f09f302618446a526b\",\"name\":\"Juan P\u00e9rez\",\"image\":{\"@type\":\"ImageObject\",\"inLanguage\":\"es-AR\",\"@id\":\"https:\/\/www.diario21.tv\/noticias\/#\/schema\/person\/image\/\",\"url\":\"https:\/\/secure.gravatar.com\/avatar\/c478a405bd10621167f4c3167cc770f5?s=96&d=mm&r=g\",\"contentUrl\":\"https:\/\/secure.gravatar.com\/avatar\/c478a405bd10621167f4c3167cc770f5?s=96&d=mm&r=g\",\"caption\":\"Juan P\u00e9rez\"},\"description\":\"Juan P\u00e9rez es el redactor en jefe de Diario 21. Con m\u00e1s de 10 a\u00f1os de experiencia en el periodismo, se especializa en pol\u00edtica nacional y an\u00e1lisis socioecon\u00f3mico. Su enfoque cr\u00edtico y riguroso aporta una perspectiva \u00fanica a cada art\u00edculo.\",\"sameAs\":[\"https:\/\/www.diario21.tv\/noticias\/\"],\"url\":\"https:\/\/www.diario21.tv\/noticias\/author\/juan-perez\/\"}]}<\/script>\n<!-- \/ Yoast SEO plugin. -->","yoast_head_json":{"title":"Detenido en \u00c1lava creador de pornograf\u00eda infantil usando IA: \u00a1Alerta Policial! - Diario 21","robots":{"index":"index","follow":"follow","max-snippet":"max-snippet:-1","max-image-preview":"max-image-preview:large","max-video-preview":"max-video-preview:-1"},"canonical":"https:\/\/www.diario21.tv\/noticias\/detenido-en-alava-creador-de-pornografia-infantil-usando-ia-alerta-policial\/","og_locale":"es_ES","og_type":"article","og_title":"Detenido en \u00c1lava creador de pornograf\u00eda infantil usando IA: \u00a1Alerta Policial! - Diario 21","og_description":"Arresto en \u00c1lava por Producci\u00f3n de Material Pornogr\u00e1fico Infantil Utilizando Inteligencia Artificial La Polic\u00eda Nacional de Espa\u00f1a ha realizado un importante operativo en la provincia de ... Seguir leyendo &rarr;","og_url":"https:\/\/www.diario21.tv\/noticias\/detenido-en-alava-creador-de-pornografia-infantil-usando-ia-alerta-policial\/","og_site_name":"Diario 21","article_published_time":"2025-12-17T21:58:35+00:00","article_modified_time":"2025-12-17T21:58:36+00:00","og_image":[{"width":1200,"height":840,"url":"https:\/\/www.diario21.tv\/noticias\/wp-content\/uploads\/2025\/12\/Detenido-en-Alava-creador-de-pornografia-infantil-usando-IA-\u00a1Alerta.jpg","type":"image\/jpeg"}],"author":"Juan P\u00e9rez","twitter_card":"summary_large_image","twitter_misc":{"Escrito por":"Juan P\u00e9rez","Tiempo de lectura":"3 minutos"},"schema":{"@context":"https:\/\/schema.org","@graph":[{"@type":"WebPage","@id":"https:\/\/www.diario21.tv\/noticias\/detenido-en-alava-creador-de-pornografia-infantil-usando-ia-alerta-policial\/","url":"https:\/\/www.diario21.tv\/noticias\/detenido-en-alava-creador-de-pornografia-infantil-usando-ia-alerta-policial\/","name":"Detenido en \u00c1lava creador de pornograf\u00eda infantil usando IA: \u00a1Alerta Policial! - Diario 21","isPartOf":{"@id":"https:\/\/www.diario21.tv\/noticias\/#website"},"primaryImageOfPage":{"@id":"https:\/\/www.diario21.tv\/noticias\/detenido-en-alava-creador-de-pornografia-infantil-usando-ia-alerta-policial\/#primaryimage"},"image":{"@id":"https:\/\/www.diario21.tv\/noticias\/detenido-en-alava-creador-de-pornografia-infantil-usando-ia-alerta-policial\/#primaryimage"},"thumbnailUrl":"https:\/\/www.diario21.tv\/noticias\/wp-content\/uploads\/2025\/12\/Detenido-en-Alava-creador-de-pornografia-infantil-usando-IA-\u00a1Alerta.jpg","datePublished":"2025-12-17T21:58:35+00:00","dateModified":"2025-12-17T21:58:36+00:00","author":{"@id":"https:\/\/www.diario21.tv\/noticias\/#\/schema\/person\/dfb778f73814d8f09f302618446a526b"},"breadcrumb":{"@id":"https:\/\/www.diario21.tv\/noticias\/detenido-en-alava-creador-de-pornografia-infantil-usando-ia-alerta-policial\/#breadcrumb"},"inLanguage":"es-AR","potentialAction":[{"@type":"ReadAction","target":["https:\/\/www.diario21.tv\/noticias\/detenido-en-alava-creador-de-pornografia-infantil-usando-ia-alerta-policial\/"]}]},{"@type":"ImageObject","inLanguage":"es-AR","@id":"https:\/\/www.diario21.tv\/noticias\/detenido-en-alava-creador-de-pornografia-infantil-usando-ia-alerta-policial\/#primaryimage","url":"https:\/\/www.diario21.tv\/noticias\/wp-content\/uploads\/2025\/12\/Detenido-en-Alava-creador-de-pornografia-infantil-usando-IA-\u00a1Alerta.jpg","contentUrl":"https:\/\/www.diario21.tv\/noticias\/wp-content\/uploads\/2025\/12\/Detenido-en-Alava-creador-de-pornografia-infantil-usando-IA-\u00a1Alerta.jpg","width":1200,"height":840,"caption":"La Polic\u00eda Nacional detiene en \u00c1lava a un creador de pornograf\u00eda infantil con herramientas de IA"},{"@type":"BreadcrumbList","@id":"https:\/\/www.diario21.tv\/noticias\/detenido-en-alava-creador-de-pornografia-infantil-usando-ia-alerta-policial\/#breadcrumb","itemListElement":[{"@type":"ListItem","position":1,"name":"Accueil","item":"https:\/\/www.diario21.tv\/noticias\/"},{"@type":"ListItem","position":2,"name":"Detenido en \u00c1lava creador de pornograf\u00eda infantil usando IA: \u00a1Alerta Policial!"}]},{"@type":"WebSite","@id":"https:\/\/www.diario21.tv\/noticias\/#website","url":"https:\/\/www.diario21.tv\/noticias\/","name":"Diario 21","description":"","potentialAction":[{"@type":"SearchAction","target":{"@type":"EntryPoint","urlTemplate":"https:\/\/www.diario21.tv\/noticias\/?s={search_term_string}"},"query-input":{"@type":"PropertyValueSpecification","valueRequired":true,"valueName":"search_term_string"}}],"inLanguage":"es-AR"},{"@type":"Person","@id":"https:\/\/www.diario21.tv\/noticias\/#\/schema\/person\/dfb778f73814d8f09f302618446a526b","name":"Juan P\u00e9rez","image":{"@type":"ImageObject","inLanguage":"es-AR","@id":"https:\/\/www.diario21.tv\/noticias\/#\/schema\/person\/image\/","url":"https:\/\/secure.gravatar.com\/avatar\/c478a405bd10621167f4c3167cc770f5?s=96&d=mm&r=g","contentUrl":"https:\/\/secure.gravatar.com\/avatar\/c478a405bd10621167f4c3167cc770f5?s=96&d=mm&r=g","caption":"Juan P\u00e9rez"},"description":"Juan P\u00e9rez es el redactor en jefe de Diario 21. Con m\u00e1s de 10 a\u00f1os de experiencia en el periodismo, se especializa en pol\u00edtica nacional y an\u00e1lisis socioecon\u00f3mico. Su enfoque cr\u00edtico y riguroso aporta una perspectiva \u00fanica a cada art\u00edculo.","sameAs":["https:\/\/www.diario21.tv\/noticias\/"],"url":"https:\/\/www.diario21.tv\/noticias\/author\/juan-perez\/"}]}},"_links":{"self":[{"href":"https:\/\/www.diario21.tv\/noticias\/wp-json\/wp\/v2\/posts\/5562"}],"collection":[{"href":"https:\/\/www.diario21.tv\/noticias\/wp-json\/wp\/v2\/posts"}],"about":[{"href":"https:\/\/www.diario21.tv\/noticias\/wp-json\/wp\/v2\/types\/post"}],"author":[{"embeddable":true,"href":"https:\/\/www.diario21.tv\/noticias\/wp-json\/wp\/v2\/users\/20"}],"replies":[{"embeddable":true,"href":"https:\/\/www.diario21.tv\/noticias\/wp-json\/wp\/v2\/comments?post=5562"}],"version-history":[{"count":1,"href":"https:\/\/www.diario21.tv\/noticias\/wp-json\/wp\/v2\/posts\/5562\/revisions"}],"predecessor-version":[{"id":5564,"href":"https:\/\/www.diario21.tv\/noticias\/wp-json\/wp\/v2\/posts\/5562\/revisions\/5564"}],"wp:featuredmedia":[{"embeddable":true,"href":"https:\/\/www.diario21.tv\/noticias\/wp-json\/wp\/v2\/media\/5563"}],"wp:attachment":[{"href":"https:\/\/www.diario21.tv\/noticias\/wp-json\/wp\/v2\/media?parent=5562"}],"wp:term":[{"taxonomy":"category","embeddable":true,"href":"https:\/\/www.diario21.tv\/noticias\/wp-json\/wp\/v2\/categories?post=5562"},{"taxonomy":"post_tag","embeddable":true,"href":"https:\/\/www.diario21.tv\/noticias\/wp-json\/wp\/v2\/tags?post=5562"}],"curies":[{"name":"wp","href":"https:\/\/api.w.org\/{rel}","templated":true}]}}