{"id":5556,"date":"2025-12-17T09:56:57","date_gmt":"2025-12-17T09:56:57","guid":{"rendered":"https:\/\/www.diario21.tv\/noticias\/descubre-el-truco-definitivo-para-ahorrar-en-tu-factura-de-luz-esta-navidad\/"},"modified":"2025-12-17T09:56:58","modified_gmt":"2025-12-17T09:56:58","slug":"descubre-el-truco-definitivo-para-ahorrar-en-tu-factura-de-luz-esta-navidad","status":"publish","type":"post","link":"https:\/\/www.diario21.tv\/noticias\/descubre-el-truco-definitivo-para-ahorrar-en-tu-factura-de-luz-esta-navidad\/","title":{"rendered":"\u00a1Descubre el truco definitivo para ahorrar en tu factura de luz esta Navidad!"},"content":{"rendered":"<h2>Un M\u00e9todo Efectivo para Reducir el Costo de la Electricidad Durante las Festividades Navide\u00f1as<\/h2>\n<p>Cuando se aproxima la temporada navide\u00f1a, una de las preocupaciones m\u00e1s comunes entre los hogares es el incremento en el consumo de energ\u00eda el\u00e9ctrica. Entre las luces decorativas y la necesidad de mantener nuestros hogares c\u00e1lidos, la factura de electricidad puede aumentar significativamente. Sin embargo, existe un truco poco conocido que puede ayudarte a gestionar mejor este gasto sin tener que sacrificar el esp\u00edritu festivo ni el confort.<\/p>\n<h3>Optimizaci\u00f3n del Consumo de Energ\u00eda en Navidad<\/h3>\n<p>Contrario a lo que muchos podr\u00edan pensar, el secreto para ahorrar en tu factura de luz no radica en apagar las luces o reducir la calefacci\u00f3n a un m\u00ednimo. M\u00e1s bien, se trata de hacer un uso inteligente y eficiente de los dispositivos y sistemas el\u00e9ctricos en tu hogar. Una de las estrategias m\u00e1s efectivas es el uso de temporizadores y sistemas automatizados que ayudan a controlar el tiempo de uso de las luces y aparatos el\u00e9ctricos.<\/p>\n<p>Implementando temporizadores en las decoraciones luminosas, puedes asegurarte de que estas solo est\u00e9n encendidas durante las horas clave, reduciendo as\u00ed el consumo innecesario durante la noche o cuando no hay nadie en casa para disfrutarlas. De igual manera, ajustar el termostato a una temperatura razonable y consistente puede prevenir el uso excesivo de la calefacci\u00f3n.<\/p>\n<h3>Beneficios de Usar Tecnolog\u00eda para Controlar el Consumo El\u00e9ctrico<\/h3>\n<p>El uso de tecnolog\u00edas avanzadas como los sistemas de dom\u00f3tica no solo contribuye a reducir la factura de luz, sino que tambi\u00e9n te permite disfrutar de una mayor comodidad y control sobre el ambiente de tu hogar. Estos sistemas pueden programarse para ajustar autom\u00e1ticamente la iluminaci\u00f3n y la temperatura bas\u00e1ndose en el horario y la ocupaci\u00f3n del hogar, lo que elimina las preocupaciones sobre el gasto energ\u00e9tico excesivo.<\/p>\n<p>Adem\u00e1s, la inversi\u00f3n en bombillas LED para las luces de Navidad y para el uso dom\u00e9stico regular es otra manera efectiva de disminuir el consumo el\u00e9ctrico. Aunque el costo inicial pueda ser m\u00e1s alto en comparaci\u00f3n con las bombillas tradicionales, las LED consumen hasta un 75% menos de energ\u00eda y tienen una vida \u00fatil mucho m\u00e1s larga, lo que las convierte en una opci\u00f3n rentable a largo plazo.<\/p>\n<h3>Conclusi\u00f3n<\/h3>\n<p>Mientras que muchas personas podr\u00edan considerar que apagar completamente las luces o bajar la calefacci\u00f3n son las \u00fanicas formas de ahorrar en la factura el\u00e9ctrica durante la Navidad, la realidad es que hacer uso inteligente de la tecnolog\u00eda moderna y planificar adecuadamente el consumo puede ser mucho m\u00e1s beneficioso. Al tomar medidas proactivas como la instalaci\u00f3n de temporizadores y la optimizaci\u00f3n de los sistemas de calefacci\u00f3n y luz, no solo podr\u00e1s disfrutar de las festividades sin preocupaciones, sino tambi\u00e9n contribuir al cuidado del medio ambiente reduciendo el consumo innecesario de energ\u00eda.<\/p>\n\n\n<div class=\"kk-star-ratings kksr-auto kksr-align-left kksr-valign-bottom\"\n    data-payload='{&quot;align&quot;:&quot;left&quot;,&quot;id&quot;:&quot;5556&quot;,&quot;slug&quot;:&quot;default&quot;,&quot;valign&quot;:&quot;bottom&quot;,&quot;ignore&quot;:&quot;&quot;,&quot;reference&quot;:&quot;auto&quot;,&quot;class&quot;:&quot;&quot;,&quot;count&quot;:&quot;0&quot;,&quot;legendonly&quot;:&quot;&quot;,&quot;readonly&quot;:&quot;&quot;,&quot;score&quot;:&quot;0&quot;,&quot;starsonly&quot;:&quot;&quot;,&quot;best&quot;:&quot;5&quot;,&quot;gap&quot;:&quot;5&quot;,&quot;greet&quot;:&quot;Valora este post&quot;,&quot;legend&quot;:&quot;0\\\/5 - (0 votes)&quot;,&quot;size&quot;:&quot;22&quot;,&quot;title&quot;:&quot;\u00a1Descubre el truco definitivo para ahorrar en tu factura de luz esta Navidad!&quot;,&quot;width&quot;:&quot;0&quot;,&quot;_legend&quot;:&quot;{score}\\\/{best} - ({count} {votes})&quot;,&quot;font_factor&quot;:&quot;1.25&quot;}'>\n            \n<div class=\"kksr-stars\">\n    \n<div class=\"kksr-stars-inactive\">\n            <div class=\"kksr-star\" data-star=\"1\" style=\"padding-right: 5px\">\n            \n\n<div class=\"kksr-icon\" style=\"width: 22px; height: 22px;\"><\/div>\n        <\/div>\n            <div class=\"kksr-star\" data-star=\"2\" style=\"padding-right: 5px\">\n            \n\n<div class=\"kksr-icon\" style=\"width: 22px; height: 22px;\"><\/div>\n        <\/div>\n            <div class=\"kksr-star\" data-star=\"3\" style=\"padding-right: 5px\">\n            \n\n<div class=\"kksr-icon\" style=\"width: 22px; height: 22px;\"><\/div>\n        <\/div>\n            <div class=\"kksr-star\" data-star=\"4\" style=\"padding-right: 5px\">\n            \n\n<div class=\"kksr-icon\" style=\"width: 22px; height: 22px;\"><\/div>\n        <\/div>\n            <div class=\"kksr-star\" data-star=\"5\" style=\"padding-right: 5px\">\n            \n\n<div class=\"kksr-icon\" style=\"width: 22px; height: 22px;\"><\/div>\n        <\/div>\n    <\/div>\n    \n<div class=\"kksr-stars-active\" style=\"width: 0px;\">\n            <div class=\"kksr-star\" style=\"padding-right: 5px\">\n            \n\n<div class=\"kksr-icon\" style=\"width: 22px; height: 22px;\"><\/div>\n        <\/div>\n            <div class=\"kksr-star\" style=\"padding-right: 5px\">\n            \n\n<div class=\"kksr-icon\" style=\"width: 22px; height: 22px;\"><\/div>\n        <\/div>\n            <div class=\"kksr-star\" style=\"padding-right: 5px\">\n            \n\n<div class=\"kksr-icon\" style=\"width: 22px; height: 22px;\"><\/div>\n        <\/div>\n            <div class=\"kksr-star\" style=\"padding-right: 5px\">\n            \n\n<div class=\"kksr-icon\" style=\"width: 22px; height: 22px;\"><\/div>\n        <\/div>\n            <div class=\"kksr-star\" style=\"padding-right: 5px\">\n            \n\n<div class=\"kksr-icon\" style=\"width: 22px; height: 22px;\"><\/div>\n        <\/div>\n    <\/div>\n<\/div>\n                \n\n<div class=\"kksr-legend\" style=\"font-size: 17.6px;\">\n            <span class=\"kksr-muted\">Valora este post<\/span>\n    <\/div>\n    <\/div>\n","protected":false},"excerpt":{"rendered":"<p>Un M\u00e9todo Efectivo para Reducir el Costo de la Electricidad Durante las Festividades Navide\u00f1as Cuando se aproxima la temporada navide\u00f1a, una de las preocupaciones m\u00e1s comunes &#8230; <a title=\"\u00a1Descubre el truco definitivo para ahorrar en tu factura de luz esta Navidad!\" class=\"read-more\" href=\"https:\/\/www.diario21.tv\/noticias\/descubre-el-truco-definitivo-para-ahorrar-en-tu-factura-de-luz-esta-navidad\/\" aria-label=\"Leer m\u00e1s sobre \u00a1Descubre el truco definitivo para ahorrar en tu factura de luz esta Navidad!\">Seguir leyendo &rarr;<\/a><\/p>\n","protected":false},"author":20,"featured_media":5557,"comment_status":"open","ping_status":"open","sticky":false,"template":"","format":"standard","meta":{"footnotes":""},"categories":[13],"tags":[],"class_list":["post-5556","post","type-post","status-publish","format-standard","has-post-thumbnail","hentry","category-portada"],"yoast_head":"<!-- This site is optimized with the Yoast SEO plugin v25.6 - https:\/\/yoast.com\/wordpress\/plugins\/seo\/ -->\n<title>\u00a1Descubre el truco definitivo para ahorrar en tu factura de luz esta Navidad! - Diario 21<\/title>\n<meta name=\"robots\" content=\"index, follow, max-snippet:-1, max-image-preview:large, max-video-preview:-1\" \/>\n<link rel=\"canonical\" href=\"https:\/\/www.diario21.tv\/noticias\/descubre-el-truco-definitivo-para-ahorrar-en-tu-factura-de-luz-esta-navidad\/\" \/>\n<meta property=\"og:locale\" content=\"es_ES\" \/>\n<meta property=\"og:type\" content=\"article\" \/>\n<meta property=\"og:title\" content=\"\u00a1Descubre el truco definitivo para ahorrar en tu factura de luz esta Navidad! - Diario 21\" \/>\n<meta property=\"og:description\" content=\"Un M\u00e9todo Efectivo para Reducir el Costo de la Electricidad Durante las Festividades Navide\u00f1as Cuando se aproxima la temporada navide\u00f1a, una de las preocupaciones m\u00e1s comunes ... Seguir leyendo &rarr;\" \/>\n<meta property=\"og:url\" content=\"https:\/\/www.diario21.tv\/noticias\/descubre-el-truco-definitivo-para-ahorrar-en-tu-factura-de-luz-esta-navidad\/\" \/>\n<meta property=\"og:site_name\" content=\"Diario 21\" \/>\n<meta property=\"article:published_time\" content=\"2025-12-17T09:56:57+00:00\" \/>\n<meta property=\"article:modified_time\" content=\"2025-12-17T09:56:58+00:00\" \/>\n<meta property=\"og:image\" content=\"https:\/\/www.diario21.tv\/noticias\/wp-content\/uploads\/2025\/12\/\u00a1Descubre-el-truco-definitivo-para-ahorrar-en-tu-factura-de.jpg\" \/>\n\t<meta property=\"og:image:width\" content=\"1200\" \/>\n\t<meta property=\"og:image:height\" content=\"840\" \/>\n\t<meta property=\"og:image:type\" content=\"image\/jpeg\" \/>\n<meta name=\"author\" content=\"Juan P\u00e9rez\" \/>\n<meta name=\"twitter:card\" content=\"summary_large_image\" \/>\n<meta name=\"twitter:label1\" content=\"Escrito por\" \/>\n\t<meta name=\"twitter:data1\" content=\"Juan P\u00e9rez\" \/>\n\t<meta name=\"twitter:label2\" content=\"Tiempo de lectura\" \/>\n\t<meta name=\"twitter:data2\" content=\"3 minutos\" \/>\n<script type=\"application\/ld+json\" class=\"yoast-schema-graph\">{\"@context\":\"https:\/\/schema.org\",\"@graph\":[{\"@type\":\"WebPage\",\"@id\":\"https:\/\/www.diario21.tv\/noticias\/descubre-el-truco-definitivo-para-ahorrar-en-tu-factura-de-luz-esta-navidad\/\",\"url\":\"https:\/\/www.diario21.tv\/noticias\/descubre-el-truco-definitivo-para-ahorrar-en-tu-factura-de-luz-esta-navidad\/\",\"name\":\"\u00a1Descubre el truco definitivo para ahorrar en tu factura de luz esta Navidad! - Diario 21\",\"isPartOf\":{\"@id\":\"https:\/\/www.diario21.tv\/noticias\/#website\"},\"primaryImageOfPage\":{\"@id\":\"https:\/\/www.diario21.tv\/noticias\/descubre-el-truco-definitivo-para-ahorrar-en-tu-factura-de-luz-esta-navidad\/#primaryimage\"},\"image\":{\"@id\":\"https:\/\/www.diario21.tv\/noticias\/descubre-el-truco-definitivo-para-ahorrar-en-tu-factura-de-luz-esta-navidad\/#primaryimage\"},\"thumbnailUrl\":\"https:\/\/www.diario21.tv\/noticias\/wp-content\/uploads\/2025\/12\/\u00a1Descubre-el-truco-definitivo-para-ahorrar-en-tu-factura-de.jpg\",\"datePublished\":\"2025-12-17T09:56:57+00:00\",\"dateModified\":\"2025-12-17T09:56:58+00:00\",\"author\":{\"@id\":\"https:\/\/www.diario21.tv\/noticias\/#\/schema\/person\/dfb778f73814d8f09f302618446a526b\"},\"breadcrumb\":{\"@id\":\"https:\/\/www.diario21.tv\/noticias\/descubre-el-truco-definitivo-para-ahorrar-en-tu-factura-de-luz-esta-navidad\/#breadcrumb\"},\"inLanguage\":\"es-AR\",\"potentialAction\":[{\"@type\":\"ReadAction\",\"target\":[\"https:\/\/www.diario21.tv\/noticias\/descubre-el-truco-definitivo-para-ahorrar-en-tu-factura-de-luz-esta-navidad\/\"]}]},{\"@type\":\"ImageObject\",\"inLanguage\":\"es-AR\",\"@id\":\"https:\/\/www.diario21.tv\/noticias\/descubre-el-truco-definitivo-para-ahorrar-en-tu-factura-de-luz-esta-navidad\/#primaryimage\",\"url\":\"https:\/\/www.diario21.tv\/noticias\/wp-content\/uploads\/2025\/12\/\u00a1Descubre-el-truco-definitivo-para-ahorrar-en-tu-factura-de.jpg\",\"contentUrl\":\"https:\/\/www.diario21.tv\/noticias\/wp-content\/uploads\/2025\/12\/\u00a1Descubre-el-truco-definitivo-para-ahorrar-en-tu-factura-de.jpg\",\"width\":1200,\"height\":840,\"caption\":\"Ni apagar las luces ni bajar la calefacci\u00f3n: el truco con el que ahorrar\u00e1s en tu factura de luz en Navidad\"},{\"@type\":\"BreadcrumbList\",\"@id\":\"https:\/\/www.diario21.tv\/noticias\/descubre-el-truco-definitivo-para-ahorrar-en-tu-factura-de-luz-esta-navidad\/#breadcrumb\",\"itemListElement\":[{\"@type\":\"ListItem\",\"position\":1,\"name\":\"Accueil\",\"item\":\"https:\/\/www.diario21.tv\/noticias\/\"},{\"@type\":\"ListItem\",\"position\":2,\"name\":\"\u00a1Descubre el truco definitivo para ahorrar en tu factura de luz esta Navidad!\"}]},{\"@type\":\"WebSite\",\"@id\":\"https:\/\/www.diario21.tv\/noticias\/#website\",\"url\":\"https:\/\/www.diario21.tv\/noticias\/\",\"name\":\"Diario 21\",\"description\":\"\",\"potentialAction\":[{\"@type\":\"SearchAction\",\"target\":{\"@type\":\"EntryPoint\",\"urlTemplate\":\"https:\/\/www.diario21.tv\/noticias\/?s={search_term_string}\"},\"query-input\":{\"@type\":\"PropertyValueSpecification\",\"valueRequired\":true,\"valueName\":\"search_term_string\"}}],\"inLanguage\":\"es-AR\"},{\"@type\":\"Person\",\"@id\":\"https:\/\/www.diario21.tv\/noticias\/#\/schema\/person\/dfb778f73814d8f09f302618446a526b\",\"name\":\"Juan P\u00e9rez\",\"image\":{\"@type\":\"ImageObject\",\"inLanguage\":\"es-AR\",\"@id\":\"https:\/\/www.diario21.tv\/noticias\/#\/schema\/person\/image\/\",\"url\":\"https:\/\/secure.gravatar.com\/avatar\/c478a405bd10621167f4c3167cc770f5?s=96&d=mm&r=g\",\"contentUrl\":\"https:\/\/secure.gravatar.com\/avatar\/c478a405bd10621167f4c3167cc770f5?s=96&d=mm&r=g\",\"caption\":\"Juan P\u00e9rez\"},\"description\":\"Juan P\u00e9rez es el redactor en jefe de Diario 21. Con m\u00e1s de 10 a\u00f1os de experiencia en el periodismo, se especializa en pol\u00edtica nacional y an\u00e1lisis socioecon\u00f3mico. Su enfoque cr\u00edtico y riguroso aporta una perspectiva \u00fanica a cada art\u00edculo.\",\"sameAs\":[\"https:\/\/www.diario21.tv\/noticias\/\"],\"url\":\"https:\/\/www.diario21.tv\/noticias\/author\/juan-perez\/\"}]}<\/script>\n<!-- \/ Yoast SEO plugin. -->","yoast_head_json":{"title":"\u00a1Descubre el truco definitivo para ahorrar en tu factura de luz esta Navidad! - Diario 21","robots":{"index":"index","follow":"follow","max-snippet":"max-snippet:-1","max-image-preview":"max-image-preview:large","max-video-preview":"max-video-preview:-1"},"canonical":"https:\/\/www.diario21.tv\/noticias\/descubre-el-truco-definitivo-para-ahorrar-en-tu-factura-de-luz-esta-navidad\/","og_locale":"es_ES","og_type":"article","og_title":"\u00a1Descubre el truco definitivo para ahorrar en tu factura de luz esta Navidad! - Diario 21","og_description":"Un M\u00e9todo Efectivo para Reducir el Costo de la Electricidad Durante las Festividades Navide\u00f1as Cuando se aproxima la temporada navide\u00f1a, una de las preocupaciones m\u00e1s comunes ... Seguir leyendo &rarr;","og_url":"https:\/\/www.diario21.tv\/noticias\/descubre-el-truco-definitivo-para-ahorrar-en-tu-factura-de-luz-esta-navidad\/","og_site_name":"Diario 21","article_published_time":"2025-12-17T09:56:57+00:00","article_modified_time":"2025-12-17T09:56:58+00:00","og_image":[{"width":1200,"height":840,"url":"https:\/\/www.diario21.tv\/noticias\/wp-content\/uploads\/2025\/12\/\u00a1Descubre-el-truco-definitivo-para-ahorrar-en-tu-factura-de.jpg","type":"image\/jpeg"}],"author":"Juan P\u00e9rez","twitter_card":"summary_large_image","twitter_misc":{"Escrito por":"Juan P\u00e9rez","Tiempo de lectura":"3 minutos"},"schema":{"@context":"https:\/\/schema.org","@graph":[{"@type":"WebPage","@id":"https:\/\/www.diario21.tv\/noticias\/descubre-el-truco-definitivo-para-ahorrar-en-tu-factura-de-luz-esta-navidad\/","url":"https:\/\/www.diario21.tv\/noticias\/descubre-el-truco-definitivo-para-ahorrar-en-tu-factura-de-luz-esta-navidad\/","name":"\u00a1Descubre el truco definitivo para ahorrar en tu factura de luz esta Navidad! - Diario 21","isPartOf":{"@id":"https:\/\/www.diario21.tv\/noticias\/#website"},"primaryImageOfPage":{"@id":"https:\/\/www.diario21.tv\/noticias\/descubre-el-truco-definitivo-para-ahorrar-en-tu-factura-de-luz-esta-navidad\/#primaryimage"},"image":{"@id":"https:\/\/www.diario21.tv\/noticias\/descubre-el-truco-definitivo-para-ahorrar-en-tu-factura-de-luz-esta-navidad\/#primaryimage"},"thumbnailUrl":"https:\/\/www.diario21.tv\/noticias\/wp-content\/uploads\/2025\/12\/\u00a1Descubre-el-truco-definitivo-para-ahorrar-en-tu-factura-de.jpg","datePublished":"2025-12-17T09:56:57+00:00","dateModified":"2025-12-17T09:56:58+00:00","author":{"@id":"https:\/\/www.diario21.tv\/noticias\/#\/schema\/person\/dfb778f73814d8f09f302618446a526b"},"breadcrumb":{"@id":"https:\/\/www.diario21.tv\/noticias\/descubre-el-truco-definitivo-para-ahorrar-en-tu-factura-de-luz-esta-navidad\/#breadcrumb"},"inLanguage":"es-AR","potentialAction":[{"@type":"ReadAction","target":["https:\/\/www.diario21.tv\/noticias\/descubre-el-truco-definitivo-para-ahorrar-en-tu-factura-de-luz-esta-navidad\/"]}]},{"@type":"ImageObject","inLanguage":"es-AR","@id":"https:\/\/www.diario21.tv\/noticias\/descubre-el-truco-definitivo-para-ahorrar-en-tu-factura-de-luz-esta-navidad\/#primaryimage","url":"https:\/\/www.diario21.tv\/noticias\/wp-content\/uploads\/2025\/12\/\u00a1Descubre-el-truco-definitivo-para-ahorrar-en-tu-factura-de.jpg","contentUrl":"https:\/\/www.diario21.tv\/noticias\/wp-content\/uploads\/2025\/12\/\u00a1Descubre-el-truco-definitivo-para-ahorrar-en-tu-factura-de.jpg","width":1200,"height":840,"caption":"Ni apagar las luces ni bajar la calefacci\u00f3n: el truco con el que ahorrar\u00e1s en tu factura de luz en Navidad"},{"@type":"BreadcrumbList","@id":"https:\/\/www.diario21.tv\/noticias\/descubre-el-truco-definitivo-para-ahorrar-en-tu-factura-de-luz-esta-navidad\/#breadcrumb","itemListElement":[{"@type":"ListItem","position":1,"name":"Accueil","item":"https:\/\/www.diario21.tv\/noticias\/"},{"@type":"ListItem","position":2,"name":"\u00a1Descubre el truco definitivo para ahorrar en tu factura de luz esta Navidad!"}]},{"@type":"WebSite","@id":"https:\/\/www.diario21.tv\/noticias\/#website","url":"https:\/\/www.diario21.tv\/noticias\/","name":"Diario 21","description":"","potentialAction":[{"@type":"SearchAction","target":{"@type":"EntryPoint","urlTemplate":"https:\/\/www.diario21.tv\/noticias\/?s={search_term_string}"},"query-input":{"@type":"PropertyValueSpecification","valueRequired":true,"valueName":"search_term_string"}}],"inLanguage":"es-AR"},{"@type":"Person","@id":"https:\/\/www.diario21.tv\/noticias\/#\/schema\/person\/dfb778f73814d8f09f302618446a526b","name":"Juan P\u00e9rez","image":{"@type":"ImageObject","inLanguage":"es-AR","@id":"https:\/\/www.diario21.tv\/noticias\/#\/schema\/person\/image\/","url":"https:\/\/secure.gravatar.com\/avatar\/c478a405bd10621167f4c3167cc770f5?s=96&d=mm&r=g","contentUrl":"https:\/\/secure.gravatar.com\/avatar\/c478a405bd10621167f4c3167cc770f5?s=96&d=mm&r=g","caption":"Juan P\u00e9rez"},"description":"Juan P\u00e9rez es el redactor en jefe de Diario 21. Con m\u00e1s de 10 a\u00f1os de experiencia en el periodismo, se especializa en pol\u00edtica nacional y an\u00e1lisis socioecon\u00f3mico. Su enfoque cr\u00edtico y riguroso aporta una perspectiva \u00fanica a cada art\u00edculo.","sameAs":["https:\/\/www.diario21.tv\/noticias\/"],"url":"https:\/\/www.diario21.tv\/noticias\/author\/juan-perez\/"}]}},"_links":{"self":[{"href":"https:\/\/www.diario21.tv\/noticias\/wp-json\/wp\/v2\/posts\/5556"}],"collection":[{"href":"https:\/\/www.diario21.tv\/noticias\/wp-json\/wp\/v2\/posts"}],"about":[{"href":"https:\/\/www.diario21.tv\/noticias\/wp-json\/wp\/v2\/types\/post"}],"author":[{"embeddable":true,"href":"https:\/\/www.diario21.tv\/noticias\/wp-json\/wp\/v2\/users\/20"}],"replies":[{"embeddable":true,"href":"https:\/\/www.diario21.tv\/noticias\/wp-json\/wp\/v2\/comments?post=5556"}],"version-history":[{"count":1,"href":"https:\/\/www.diario21.tv\/noticias\/wp-json\/wp\/v2\/posts\/5556\/revisions"}],"predecessor-version":[{"id":5558,"href":"https:\/\/www.diario21.tv\/noticias\/wp-json\/wp\/v2\/posts\/5556\/revisions\/5558"}],"wp:featuredmedia":[{"embeddable":true,"href":"https:\/\/www.diario21.tv\/noticias\/wp-json\/wp\/v2\/media\/5557"}],"wp:attachment":[{"href":"https:\/\/www.diario21.tv\/noticias\/wp-json\/wp\/v2\/media?parent=5556"}],"wp:term":[{"taxonomy":"category","embeddable":true,"href":"https:\/\/www.diario21.tv\/noticias\/wp-json\/wp\/v2\/categories?post=5556"},{"taxonomy":"post_tag","embeddable":true,"href":"https:\/\/www.diario21.tv\/noticias\/wp-json\/wp\/v2\/tags?post=5556"}],"curies":[{"name":"wp","href":"https:\/\/api.w.org\/{rel}","templated":true}]}}