{"id":5550,"date":"2025-12-16T21:53:27","date_gmt":"2025-12-16T21:53:27","guid":{"rendered":"https:\/\/www.diario21.tv\/noticias\/revelado-la-estrategia-de-francisco-para-posicionar-a-prevost-en-la-silla-de-san-pedro\/"},"modified":"2025-12-16T21:53:28","modified_gmt":"2025-12-16T21:53:28","slug":"revelado-la-estrategia-de-francisco-para-posicionar-a-prevost-en-la-silla-de-san-pedro","status":"publish","type":"post","link":"https:\/\/www.diario21.tv\/noticias\/revelado-la-estrategia-de-francisco-para-posicionar-a-prevost-en-la-silla-de-san-pedro\/","title":{"rendered":"\u00a1Revelado! La estrategia de Francisco para posicionar a Prevost en la silla de San Pedro"},"content":{"rendered":"<h2>La estrategia de Francisco para la sucesi\u00f3n de Prevost en el papado<\/h2>\n<p>Cuando el Papa Francisco pens\u00f3 en su sucesor para el liderazgo de la Iglesia Cat\u00f3lica, su mirada se pos\u00f3 sobre una figura que podr\u00eda no ser muy conocida en el \u00e1mbito p\u00fablico, pero que pose\u00eda las cualidades necesarias para guiar a la feligres\u00eda. Este personaje no es otro que Prevost, un cl\u00e9rigo que ha demostrado una habilidad \u00fanica para mantener la unidad dentro de la diversidad de la Iglesia.<\/p>\n<h3>La elecci\u00f3n de un sucesor<\/h3>\n<p>La decisi\u00f3n de Francisco no fue repentina ni arbitraria. Se bas\u00f3 en una serie de observaciones y evaluaciones sobre la capacidad de Prevost para manejar los desaf\u00edos que enfrenta la Iglesia en la modernidad. Francisco, conocido por su enfoque reformista y su deseo de adaptar la Iglesia a los tiempos actuales, vio en Prevost a alguien con un pensamiento similar.<\/p>\n<p>Prevost, por su parte, ha estado involucrado en numerosas iniciativas dentro de la Iglesia que buscan promover el di\u00e1logo y el entendimiento entre diferentes sectores de la comunidad cat\u00f3lica. Su capacidad para escuchar y su profundo entendimiento de las doctrinas eclesi\u00e1sticas lo han posicionado como un candidato ideal en la mente de Francisco.<\/p>\n<h3>Maniobras detr\u00e1s del tel\u00f3n<\/h3>\n<p>La maniobra para posicionar a Prevost como su sucesor no fue un proceso p\u00fablico. Francisco trabaj\u00f3 discretamente, consultando con otros l\u00edderes de la Iglesia y asegur\u00e1ndose de que Prevost tuviera oportunidades para demostrar su liderazgo y capacidades. Este enfoque cauteloso ten\u00eda como objetivo asegurar que la transici\u00f3n fuera lo m\u00e1s suave posible, evitando cualquier divisi\u00f3n o controversia innecesaria dentro de la estructura eclesi\u00e1stica.<\/p>\n<p>Adem\u00e1s, Francisco busc\u00f3 fortalecer la imagen de Prevost ante la comunidad internacional, facilit\u00e1ndole roles clave que lo pusieran en el centro de importantes discusiones y decisiones eclesi\u00e1sticas. Esto no solo elev\u00f3 el perfil de Prevost, sino que tambi\u00e9n le proporcion\u00f3 la experiencia necesaria para manejar los complejos desaf\u00edos que enfrenta la Iglesia.<\/p>\n<h3>El futuro de la Iglesia bajo Prevost<\/h3>\n<p>Con Prevost en posici\u00f3n de ser el pr\u00f3ximo Papa, muchos dentro de la Iglesia esperan que contin\u00fae con la l\u00ednea reformista iniciada por Francisco. Su enfoque parece estar igualmente alineado con los tiempos actuales, buscando una Iglesia m\u00e1s inclusiva y adaptativa que pueda responder efectivamente a las necesidades espirituales y sociales de su comunidad global.<\/p>\n<p>La habilidad de Prevost para gestionar la diversidad y su enfoque en el di\u00e1logo y la comprensi\u00f3n lo hacen un sucesor adecuado para Francisco. Aunque solo el tiempo dir\u00e1 c\u00f3mo se desarrollar\u00e1 su papado, las bases est\u00e1n establecidas para que contin\u00fae el legado de su predecesor, llevando a la Iglesia hacia nuevos horizontes en un mundo en constante cambio.<\/p>\n<p>Con estas estrategias, Francisco ha asegurado que su visi\u00f3n de una Iglesia renovada pueda tener continuidad, potencialmente bajo la gu\u00eda de Prevost, cuya carrera y filosof\u00eda parecen prometer una transici\u00f3n fluida y un futuro prometedor para la Iglesia Cat\u00f3lica.<\/p>\n\n\n<div class=\"kk-star-ratings kksr-auto kksr-align-left kksr-valign-bottom\"\n    data-payload='{&quot;align&quot;:&quot;left&quot;,&quot;id&quot;:&quot;5550&quot;,&quot;slug&quot;:&quot;default&quot;,&quot;valign&quot;:&quot;bottom&quot;,&quot;ignore&quot;:&quot;&quot;,&quot;reference&quot;:&quot;auto&quot;,&quot;class&quot;:&quot;&quot;,&quot;count&quot;:&quot;0&quot;,&quot;legendonly&quot;:&quot;&quot;,&quot;readonly&quot;:&quot;&quot;,&quot;score&quot;:&quot;0&quot;,&quot;starsonly&quot;:&quot;&quot;,&quot;best&quot;:&quot;5&quot;,&quot;gap&quot;:&quot;5&quot;,&quot;greet&quot;:&quot;Valora este post&quot;,&quot;legend&quot;:&quot;0\\\/5 - (0 votes)&quot;,&quot;size&quot;:&quot;22&quot;,&quot;title&quot;:&quot;\u00a1Revelado! La estrategia de Francisco para posicionar a Prevost en la silla de San Pedro&quot;,&quot;width&quot;:&quot;0&quot;,&quot;_legend&quot;:&quot;{score}\\\/{best} - ({count} {votes})&quot;,&quot;font_factor&quot;:&quot;1.25&quot;}'>\n            \n<div class=\"kksr-stars\">\n    \n<div class=\"kksr-stars-inactive\">\n            <div class=\"kksr-star\" data-star=\"1\" style=\"padding-right: 5px\">\n            \n\n<div class=\"kksr-icon\" style=\"width: 22px; height: 22px;\"><\/div>\n        <\/div>\n            <div class=\"kksr-star\" data-star=\"2\" style=\"padding-right: 5px\">\n            \n\n<div class=\"kksr-icon\" style=\"width: 22px; height: 22px;\"><\/div>\n        <\/div>\n            <div class=\"kksr-star\" data-star=\"3\" style=\"padding-right: 5px\">\n            \n\n<div class=\"kksr-icon\" style=\"width: 22px; height: 22px;\"><\/div>\n        <\/div>\n            <div class=\"kksr-star\" data-star=\"4\" style=\"padding-right: 5px\">\n            \n\n<div class=\"kksr-icon\" style=\"width: 22px; height: 22px;\"><\/div>\n        <\/div>\n            <div class=\"kksr-star\" data-star=\"5\" style=\"padding-right: 5px\">\n            \n\n<div class=\"kksr-icon\" style=\"width: 22px; height: 22px;\"><\/div>\n        <\/div>\n    <\/div>\n    \n<div class=\"kksr-stars-active\" style=\"width: 0px;\">\n            <div class=\"kksr-star\" style=\"padding-right: 5px\">\n            \n\n<div class=\"kksr-icon\" style=\"width: 22px; height: 22px;\"><\/div>\n        <\/div>\n            <div class=\"kksr-star\" style=\"padding-right: 5px\">\n            \n\n<div class=\"kksr-icon\" style=\"width: 22px; height: 22px;\"><\/div>\n        <\/div>\n            <div class=\"kksr-star\" style=\"padding-right: 5px\">\n            \n\n<div class=\"kksr-icon\" style=\"width: 22px; height: 22px;\"><\/div>\n        <\/div>\n            <div class=\"kksr-star\" style=\"padding-right: 5px\">\n            \n\n<div class=\"kksr-icon\" style=\"width: 22px; height: 22px;\"><\/div>\n        <\/div>\n            <div class=\"kksr-star\" style=\"padding-right: 5px\">\n            \n\n<div class=\"kksr-icon\" style=\"width: 22px; height: 22px;\"><\/div>\n        <\/div>\n    <\/div>\n<\/div>\n                \n\n<div class=\"kksr-legend\" style=\"font-size: 17.6px;\">\n            <span class=\"kksr-muted\">Valora este post<\/span>\n    <\/div>\n    <\/div>\n","protected":false},"excerpt":{"rendered":"<p>La estrategia de Francisco para la sucesi\u00f3n de Prevost en el papado Cuando el Papa Francisco pens\u00f3 en su sucesor para el liderazgo de la Iglesia &#8230; <a title=\"\u00a1Revelado! La estrategia de Francisco para posicionar a Prevost en la silla de San Pedro\" class=\"read-more\" href=\"https:\/\/www.diario21.tv\/noticias\/revelado-la-estrategia-de-francisco-para-posicionar-a-prevost-en-la-silla-de-san-pedro\/\" aria-label=\"Leer m\u00e1s sobre \u00a1Revelado! La estrategia de Francisco para posicionar a Prevost en la silla de San Pedro\">Seguir leyendo &rarr;<\/a><\/p>\n","protected":false},"author":20,"featured_media":5551,"comment_status":"open","ping_status":"open","sticky":false,"template":"","format":"standard","meta":{"footnotes":""},"categories":[13],"tags":[],"class_list":["post-5550","post","type-post","status-publish","format-standard","has-post-thumbnail","hentry","category-portada"],"yoast_head":"<!-- This site is optimized with the Yoast SEO plugin v25.6 - https:\/\/yoast.com\/wordpress\/plugins\/seo\/ -->\n<title>\u00a1Revelado! La estrategia de Francisco para posicionar a Prevost en la silla de San Pedro - Diario 21<\/title>\n<meta name=\"robots\" content=\"index, follow, max-snippet:-1, max-image-preview:large, max-video-preview:-1\" \/>\n<link rel=\"canonical\" href=\"https:\/\/www.diario21.tv\/noticias\/revelado-la-estrategia-de-francisco-para-posicionar-a-prevost-en-la-silla-de-san-pedro\/\" \/>\n<meta property=\"og:locale\" content=\"es_ES\" \/>\n<meta property=\"og:type\" content=\"article\" \/>\n<meta property=\"og:title\" content=\"\u00a1Revelado! La estrategia de Francisco para posicionar a Prevost en la silla de San Pedro - Diario 21\" \/>\n<meta property=\"og:description\" content=\"La estrategia de Francisco para la sucesi\u00f3n de Prevost en el papado Cuando el Papa Francisco pens\u00f3 en su sucesor para el liderazgo de la Iglesia ... Seguir leyendo &rarr;\" \/>\n<meta property=\"og:url\" content=\"https:\/\/www.diario21.tv\/noticias\/revelado-la-estrategia-de-francisco-para-posicionar-a-prevost-en-la-silla-de-san-pedro\/\" \/>\n<meta property=\"og:site_name\" content=\"Diario 21\" \/>\n<meta property=\"article:published_time\" content=\"2025-12-16T21:53:27+00:00\" \/>\n<meta property=\"article:modified_time\" content=\"2025-12-16T21:53:28+00:00\" \/>\n<meta property=\"og:image\" content=\"https:\/\/www.diario21.tv\/noticias\/wp-content\/uploads\/2025\/12\/\u00a1Revelado-La-estrategia-de-Francisco-para-posicionar-a-Prevost-en.jpg\" \/>\n\t<meta property=\"og:image:width\" content=\"1200\" \/>\n\t<meta property=\"og:image:height\" content=\"840\" \/>\n\t<meta property=\"og:image:type\" content=\"image\/jpeg\" \/>\n<meta name=\"author\" content=\"Juan P\u00e9rez\" \/>\n<meta name=\"twitter:card\" content=\"summary_large_image\" \/>\n<meta name=\"twitter:label1\" content=\"Escrito por\" \/>\n\t<meta name=\"twitter:data1\" content=\"Juan P\u00e9rez\" \/>\n\t<meta name=\"twitter:label2\" content=\"Tiempo de lectura\" \/>\n\t<meta name=\"twitter:data2\" content=\"3 minutos\" \/>\n<script type=\"application\/ld+json\" class=\"yoast-schema-graph\">{\"@context\":\"https:\/\/schema.org\",\"@graph\":[{\"@type\":\"WebPage\",\"@id\":\"https:\/\/www.diario21.tv\/noticias\/revelado-la-estrategia-de-francisco-para-posicionar-a-prevost-en-la-silla-de-san-pedro\/\",\"url\":\"https:\/\/www.diario21.tv\/noticias\/revelado-la-estrategia-de-francisco-para-posicionar-a-prevost-en-la-silla-de-san-pedro\/\",\"name\":\"\u00a1Revelado! La estrategia de Francisco para posicionar a Prevost en la silla de San Pedro - Diario 21\",\"isPartOf\":{\"@id\":\"https:\/\/www.diario21.tv\/noticias\/#website\"},\"primaryImageOfPage\":{\"@id\":\"https:\/\/www.diario21.tv\/noticias\/revelado-la-estrategia-de-francisco-para-posicionar-a-prevost-en-la-silla-de-san-pedro\/#primaryimage\"},\"image\":{\"@id\":\"https:\/\/www.diario21.tv\/noticias\/revelado-la-estrategia-de-francisco-para-posicionar-a-prevost-en-la-silla-de-san-pedro\/#primaryimage\"},\"thumbnailUrl\":\"https:\/\/www.diario21.tv\/noticias\/wp-content\/uploads\/2025\/12\/\u00a1Revelado-La-estrategia-de-Francisco-para-posicionar-a-Prevost-en.jpg\",\"datePublished\":\"2025-12-16T21:53:27+00:00\",\"dateModified\":\"2025-12-16T21:53:28+00:00\",\"author\":{\"@id\":\"https:\/\/www.diario21.tv\/noticias\/#\/schema\/person\/dfb778f73814d8f09f302618446a526b\"},\"breadcrumb\":{\"@id\":\"https:\/\/www.diario21.tv\/noticias\/revelado-la-estrategia-de-francisco-para-posicionar-a-prevost-en-la-silla-de-san-pedro\/#breadcrumb\"},\"inLanguage\":\"es-AR\",\"potentialAction\":[{\"@type\":\"ReadAction\",\"target\":[\"https:\/\/www.diario21.tv\/noticias\/revelado-la-estrategia-de-francisco-para-posicionar-a-prevost-en-la-silla-de-san-pedro\/\"]}]},{\"@type\":\"ImageObject\",\"inLanguage\":\"es-AR\",\"@id\":\"https:\/\/www.diario21.tv\/noticias\/revelado-la-estrategia-de-francisco-para-posicionar-a-prevost-en-la-silla-de-san-pedro\/#primaryimage\",\"url\":\"https:\/\/www.diario21.tv\/noticias\/wp-content\/uploads\/2025\/12\/\u00a1Revelado-La-estrategia-de-Francisco-para-posicionar-a-Prevost-en.jpg\",\"contentUrl\":\"https:\/\/www.diario21.tv\/noticias\/wp-content\/uploads\/2025\/12\/\u00a1Revelado-La-estrategia-de-Francisco-para-posicionar-a-Prevost-en.jpg\",\"width\":1200,\"height\":840,\"caption\":\"As\u00ed maniobr\u00f3 Francisco para que Prevost le sucediera en la silla de San Pedro\"},{\"@type\":\"BreadcrumbList\",\"@id\":\"https:\/\/www.diario21.tv\/noticias\/revelado-la-estrategia-de-francisco-para-posicionar-a-prevost-en-la-silla-de-san-pedro\/#breadcrumb\",\"itemListElement\":[{\"@type\":\"ListItem\",\"position\":1,\"name\":\"Accueil\",\"item\":\"https:\/\/www.diario21.tv\/noticias\/\"},{\"@type\":\"ListItem\",\"position\":2,\"name\":\"\u00a1Revelado! La estrategia de Francisco para posicionar a Prevost en la silla de San Pedro\"}]},{\"@type\":\"WebSite\",\"@id\":\"https:\/\/www.diario21.tv\/noticias\/#website\",\"url\":\"https:\/\/www.diario21.tv\/noticias\/\",\"name\":\"Diario 21\",\"description\":\"\",\"potentialAction\":[{\"@type\":\"SearchAction\",\"target\":{\"@type\":\"EntryPoint\",\"urlTemplate\":\"https:\/\/www.diario21.tv\/noticias\/?s={search_term_string}\"},\"query-input\":{\"@type\":\"PropertyValueSpecification\",\"valueRequired\":true,\"valueName\":\"search_term_string\"}}],\"inLanguage\":\"es-AR\"},{\"@type\":\"Person\",\"@id\":\"https:\/\/www.diario21.tv\/noticias\/#\/schema\/person\/dfb778f73814d8f09f302618446a526b\",\"name\":\"Juan P\u00e9rez\",\"image\":{\"@type\":\"ImageObject\",\"inLanguage\":\"es-AR\",\"@id\":\"https:\/\/www.diario21.tv\/noticias\/#\/schema\/person\/image\/\",\"url\":\"https:\/\/secure.gravatar.com\/avatar\/c478a405bd10621167f4c3167cc770f5?s=96&d=mm&r=g\",\"contentUrl\":\"https:\/\/secure.gravatar.com\/avatar\/c478a405bd10621167f4c3167cc770f5?s=96&d=mm&r=g\",\"caption\":\"Juan P\u00e9rez\"},\"description\":\"Juan P\u00e9rez es el redactor en jefe de Diario 21. Con m\u00e1s de 10 a\u00f1os de experiencia en el periodismo, se especializa en pol\u00edtica nacional y an\u00e1lisis socioecon\u00f3mico. Su enfoque cr\u00edtico y riguroso aporta una perspectiva \u00fanica a cada art\u00edculo.\",\"sameAs\":[\"https:\/\/www.diario21.tv\/noticias\/\"],\"url\":\"https:\/\/www.diario21.tv\/noticias\/author\/juan-perez\/\"}]}<\/script>\n<!-- \/ Yoast SEO plugin. -->","yoast_head_json":{"title":"\u00a1Revelado! La estrategia de Francisco para posicionar a Prevost en la silla de San Pedro - Diario 21","robots":{"index":"index","follow":"follow","max-snippet":"max-snippet:-1","max-image-preview":"max-image-preview:large","max-video-preview":"max-video-preview:-1"},"canonical":"https:\/\/www.diario21.tv\/noticias\/revelado-la-estrategia-de-francisco-para-posicionar-a-prevost-en-la-silla-de-san-pedro\/","og_locale":"es_ES","og_type":"article","og_title":"\u00a1Revelado! La estrategia de Francisco para posicionar a Prevost en la silla de San Pedro - Diario 21","og_description":"La estrategia de Francisco para la sucesi\u00f3n de Prevost en el papado Cuando el Papa Francisco pens\u00f3 en su sucesor para el liderazgo de la Iglesia ... Seguir leyendo &rarr;","og_url":"https:\/\/www.diario21.tv\/noticias\/revelado-la-estrategia-de-francisco-para-posicionar-a-prevost-en-la-silla-de-san-pedro\/","og_site_name":"Diario 21","article_published_time":"2025-12-16T21:53:27+00:00","article_modified_time":"2025-12-16T21:53:28+00:00","og_image":[{"width":1200,"height":840,"url":"https:\/\/www.diario21.tv\/noticias\/wp-content\/uploads\/2025\/12\/\u00a1Revelado-La-estrategia-de-Francisco-para-posicionar-a-Prevost-en.jpg","type":"image\/jpeg"}],"author":"Juan P\u00e9rez","twitter_card":"summary_large_image","twitter_misc":{"Escrito por":"Juan P\u00e9rez","Tiempo de lectura":"3 minutos"},"schema":{"@context":"https:\/\/schema.org","@graph":[{"@type":"WebPage","@id":"https:\/\/www.diario21.tv\/noticias\/revelado-la-estrategia-de-francisco-para-posicionar-a-prevost-en-la-silla-de-san-pedro\/","url":"https:\/\/www.diario21.tv\/noticias\/revelado-la-estrategia-de-francisco-para-posicionar-a-prevost-en-la-silla-de-san-pedro\/","name":"\u00a1Revelado! La estrategia de Francisco para posicionar a Prevost en la silla de San Pedro - Diario 21","isPartOf":{"@id":"https:\/\/www.diario21.tv\/noticias\/#website"},"primaryImageOfPage":{"@id":"https:\/\/www.diario21.tv\/noticias\/revelado-la-estrategia-de-francisco-para-posicionar-a-prevost-en-la-silla-de-san-pedro\/#primaryimage"},"image":{"@id":"https:\/\/www.diario21.tv\/noticias\/revelado-la-estrategia-de-francisco-para-posicionar-a-prevost-en-la-silla-de-san-pedro\/#primaryimage"},"thumbnailUrl":"https:\/\/www.diario21.tv\/noticias\/wp-content\/uploads\/2025\/12\/\u00a1Revelado-La-estrategia-de-Francisco-para-posicionar-a-Prevost-en.jpg","datePublished":"2025-12-16T21:53:27+00:00","dateModified":"2025-12-16T21:53:28+00:00","author":{"@id":"https:\/\/www.diario21.tv\/noticias\/#\/schema\/person\/dfb778f73814d8f09f302618446a526b"},"breadcrumb":{"@id":"https:\/\/www.diario21.tv\/noticias\/revelado-la-estrategia-de-francisco-para-posicionar-a-prevost-en-la-silla-de-san-pedro\/#breadcrumb"},"inLanguage":"es-AR","potentialAction":[{"@type":"ReadAction","target":["https:\/\/www.diario21.tv\/noticias\/revelado-la-estrategia-de-francisco-para-posicionar-a-prevost-en-la-silla-de-san-pedro\/"]}]},{"@type":"ImageObject","inLanguage":"es-AR","@id":"https:\/\/www.diario21.tv\/noticias\/revelado-la-estrategia-de-francisco-para-posicionar-a-prevost-en-la-silla-de-san-pedro\/#primaryimage","url":"https:\/\/www.diario21.tv\/noticias\/wp-content\/uploads\/2025\/12\/\u00a1Revelado-La-estrategia-de-Francisco-para-posicionar-a-Prevost-en.jpg","contentUrl":"https:\/\/www.diario21.tv\/noticias\/wp-content\/uploads\/2025\/12\/\u00a1Revelado-La-estrategia-de-Francisco-para-posicionar-a-Prevost-en.jpg","width":1200,"height":840,"caption":"As\u00ed maniobr\u00f3 Francisco para que Prevost le sucediera en la silla de San Pedro"},{"@type":"BreadcrumbList","@id":"https:\/\/www.diario21.tv\/noticias\/revelado-la-estrategia-de-francisco-para-posicionar-a-prevost-en-la-silla-de-san-pedro\/#breadcrumb","itemListElement":[{"@type":"ListItem","position":1,"name":"Accueil","item":"https:\/\/www.diario21.tv\/noticias\/"},{"@type":"ListItem","position":2,"name":"\u00a1Revelado! La estrategia de Francisco para posicionar a Prevost en la silla de San Pedro"}]},{"@type":"WebSite","@id":"https:\/\/www.diario21.tv\/noticias\/#website","url":"https:\/\/www.diario21.tv\/noticias\/","name":"Diario 21","description":"","potentialAction":[{"@type":"SearchAction","target":{"@type":"EntryPoint","urlTemplate":"https:\/\/www.diario21.tv\/noticias\/?s={search_term_string}"},"query-input":{"@type":"PropertyValueSpecification","valueRequired":true,"valueName":"search_term_string"}}],"inLanguage":"es-AR"},{"@type":"Person","@id":"https:\/\/www.diario21.tv\/noticias\/#\/schema\/person\/dfb778f73814d8f09f302618446a526b","name":"Juan P\u00e9rez","image":{"@type":"ImageObject","inLanguage":"es-AR","@id":"https:\/\/www.diario21.tv\/noticias\/#\/schema\/person\/image\/","url":"https:\/\/secure.gravatar.com\/avatar\/c478a405bd10621167f4c3167cc770f5?s=96&d=mm&r=g","contentUrl":"https:\/\/secure.gravatar.com\/avatar\/c478a405bd10621167f4c3167cc770f5?s=96&d=mm&r=g","caption":"Juan P\u00e9rez"},"description":"Juan P\u00e9rez es el redactor en jefe de Diario 21. Con m\u00e1s de 10 a\u00f1os de experiencia en el periodismo, se especializa en pol\u00edtica nacional y an\u00e1lisis socioecon\u00f3mico. Su enfoque cr\u00edtico y riguroso aporta una perspectiva \u00fanica a cada art\u00edculo.","sameAs":["https:\/\/www.diario21.tv\/noticias\/"],"url":"https:\/\/www.diario21.tv\/noticias\/author\/juan-perez\/"}]}},"_links":{"self":[{"href":"https:\/\/www.diario21.tv\/noticias\/wp-json\/wp\/v2\/posts\/5550"}],"collection":[{"href":"https:\/\/www.diario21.tv\/noticias\/wp-json\/wp\/v2\/posts"}],"about":[{"href":"https:\/\/www.diario21.tv\/noticias\/wp-json\/wp\/v2\/types\/post"}],"author":[{"embeddable":true,"href":"https:\/\/www.diario21.tv\/noticias\/wp-json\/wp\/v2\/users\/20"}],"replies":[{"embeddable":true,"href":"https:\/\/www.diario21.tv\/noticias\/wp-json\/wp\/v2\/comments?post=5550"}],"version-history":[{"count":1,"href":"https:\/\/www.diario21.tv\/noticias\/wp-json\/wp\/v2\/posts\/5550\/revisions"}],"predecessor-version":[{"id":5552,"href":"https:\/\/www.diario21.tv\/noticias\/wp-json\/wp\/v2\/posts\/5550\/revisions\/5552"}],"wp:featuredmedia":[{"embeddable":true,"href":"https:\/\/www.diario21.tv\/noticias\/wp-json\/wp\/v2\/media\/5551"}],"wp:attachment":[{"href":"https:\/\/www.diario21.tv\/noticias\/wp-json\/wp\/v2\/media?parent=5550"}],"wp:term":[{"taxonomy":"category","embeddable":true,"href":"https:\/\/www.diario21.tv\/noticias\/wp-json\/wp\/v2\/categories?post=5550"},{"taxonomy":"post_tag","embeddable":true,"href":"https:\/\/www.diario21.tv\/noticias\/wp-json\/wp\/v2\/tags?post=5550"}],"curies":[{"name":"wp","href":"https:\/\/api.w.org\/{rel}","templated":true}]}}