{"id":555,"date":"2024-09-26T10:20:38","date_gmt":"2024-09-26T10:20:38","guid":{"rendered":"https:\/\/www.diario21.tv\/noticias\/urgente-este-lunes-comienza-la-venta-de-viajes-del-imserso-para-la-temporada-2024-25-no-te-lo-puedes-perder\/"},"modified":"2024-10-14T09:42:52","modified_gmt":"2024-10-14T09:42:52","slug":"urgente-este-lunes-comienza-la-venta-de-viajes-del-imserso-para-la-temporada-2024-25-no-te-lo-puedes-perder","status":"publish","type":"post","link":"https:\/\/www.diario21.tv\/noticias\/urgente-este-lunes-comienza-la-venta-de-viajes-del-imserso-para-la-temporada-2024-25-no-te-lo-puedes-perder\/","title":{"rendered":"\u00a1URGENTE! Este lunes comienza la venta de viajes del Imserso para la temporada 2024-25, \u00a1No te lo puedes perder!"},"content":{"rendered":"<p>El lunes inicia la comercializaci\u00f3n de paquetes tur\u00edsticos del Imserso para la campa\u00f1a 2024-25<\/p>\n<h2>Primer d\u00eda de venta de paquetes tur\u00edsticos del Imserso<\/h2>\n<p>Empieza la semana con una gran noticia para los amantes de los viajes: este lunes comienza la comercializaci\u00f3n de los paquetes tur\u00edsticos del Imserso para la temporada 2024-25. Una oportunidad \u00fanica para aquellos que deseen explorar nuevos destinos a precios asequibles.<\/p>\n<h2>La nueva temporada de viajes del Imserso 2024-25<\/h2>\n<p>La nueva temporada de viajes del Imserso 2024-25 est\u00e1 lista para ser lanzada. Este lunes se abre la posibilidad de adquirir estos paquetes de viajes, que ofrecen una variedad de destinos para elegir, todos ellos pensados para proporcionar experiencias inolvidables a los usuarios.<\/p>\n<h2>Comienza la aventura con el Imserso<\/h2>\n<p>La aventura comienza este lunes con el inicio de la venta de los paquetes tur\u00edsticos del Imserso para la temporada 2024-25. Esta es una gran oportunidad para aquellas personas que deseen disfrutar de unas vacaciones completas sin tener que preocuparse por los detalles de la organizaci\u00f3n del viaje. <\/p>\n<h2>Una oportunidad \u00fanica para viajar<\/h2>\n<p>Esta es una oportunidad \u00fanica para los viajeros, ya que la venta de paquetes tur\u00edsticos del Imserso para la temporada 2024-25 ofrece una amplia gama de opciones para todos los gustos y presupuestos. Ya sea que prefieras la playa, la monta\u00f1a, la ciudad o el campo, hay una opci\u00f3n para ti.<\/p>\n<h2>El Imserso y su contribuci\u00f3n al turismo<\/h2>\n<p>El Imserso, con su programa de viajes, contribuye de manera significativa al sector tur\u00edstico en Espa\u00f1a. Con la venta de estos paquetes tur\u00edsticos, se fomenta el turismo interno y se ayuda a mantener activa la industria, especialmente durante la temporada baja.<\/p>\n<p>En resumen, este lunes marca el inicio de la venta de paquetes tur\u00edsticos del Imserso para la temporada 2024-25. No pierdas la oportunidad de planificar tus pr\u00f3ximas vacaciones y explorar nuevos destinos a precios asequibles.<\/p>\n\n\n<div class=\"kk-star-ratings kksr-auto kksr-align-left kksr-valign-bottom\"\n    data-payload='{&quot;align&quot;:&quot;left&quot;,&quot;id&quot;:&quot;555&quot;,&quot;slug&quot;:&quot;default&quot;,&quot;valign&quot;:&quot;bottom&quot;,&quot;ignore&quot;:&quot;&quot;,&quot;reference&quot;:&quot;auto&quot;,&quot;class&quot;:&quot;&quot;,&quot;count&quot;:&quot;0&quot;,&quot;legendonly&quot;:&quot;&quot;,&quot;readonly&quot;:&quot;&quot;,&quot;score&quot;:&quot;0&quot;,&quot;starsonly&quot;:&quot;&quot;,&quot;best&quot;:&quot;5&quot;,&quot;gap&quot;:&quot;5&quot;,&quot;greet&quot;:&quot;Valora este post&quot;,&quot;legend&quot;:&quot;0\\\/5 - (0 votes)&quot;,&quot;size&quot;:&quot;22&quot;,&quot;title&quot;:&quot;\u00a1URGENTE! Este lunes comienza la venta de viajes del Imserso para la temporada 2024-25, \u00a1No te lo puedes perder!&quot;,&quot;width&quot;:&quot;0&quot;,&quot;_legend&quot;:&quot;{score}\\\/{best} - ({count} {votes})&quot;,&quot;font_factor&quot;:&quot;1.25&quot;}'>\n            \n<div class=\"kksr-stars\">\n    \n<div class=\"kksr-stars-inactive\">\n            <div class=\"kksr-star\" data-star=\"1\" style=\"padding-right: 5px\">\n            \n\n<div class=\"kksr-icon\" style=\"width: 22px; height: 22px;\"><\/div>\n        <\/div>\n            <div class=\"kksr-star\" data-star=\"2\" style=\"padding-right: 5px\">\n            \n\n<div class=\"kksr-icon\" style=\"width: 22px; height: 22px;\"><\/div>\n        <\/div>\n            <div class=\"kksr-star\" data-star=\"3\" style=\"padding-right: 5px\">\n            \n\n<div class=\"kksr-icon\" style=\"width: 22px; height: 22px;\"><\/div>\n        <\/div>\n            <div class=\"kksr-star\" data-star=\"4\" style=\"padding-right: 5px\">\n            \n\n<div class=\"kksr-icon\" style=\"width: 22px; height: 22px;\"><\/div>\n        <\/div>\n            <div class=\"kksr-star\" data-star=\"5\" style=\"padding-right: 5px\">\n            \n\n<div class=\"kksr-icon\" style=\"width: 22px; height: 22px;\"><\/div>\n        <\/div>\n    <\/div>\n    \n<div class=\"kksr-stars-active\" style=\"width: 0px;\">\n            <div class=\"kksr-star\" style=\"padding-right: 5px\">\n            \n\n<div class=\"kksr-icon\" style=\"width: 22px; height: 22px;\"><\/div>\n        <\/div>\n            <div class=\"kksr-star\" style=\"padding-right: 5px\">\n            \n\n<div class=\"kksr-icon\" style=\"width: 22px; height: 22px;\"><\/div>\n        <\/div>\n            <div class=\"kksr-star\" style=\"padding-right: 5px\">\n            \n\n<div class=\"kksr-icon\" style=\"width: 22px; height: 22px;\"><\/div>\n        <\/div>\n            <div class=\"kksr-star\" style=\"padding-right: 5px\">\n            \n\n<div class=\"kksr-icon\" style=\"width: 22px; height: 22px;\"><\/div>\n        <\/div>\n            <div class=\"kksr-star\" style=\"padding-right: 5px\">\n            \n\n<div class=\"kksr-icon\" style=\"width: 22px; height: 22px;\"><\/div>\n        <\/div>\n    <\/div>\n<\/div>\n                \n\n<div class=\"kksr-legend\" style=\"font-size: 17.6px;\">\n            <span class=\"kksr-muted\">Valora este post<\/span>\n    <\/div>\n    <\/div>\n","protected":false},"excerpt":{"rendered":"<p>El lunes inicia la comercializaci\u00f3n de paquetes tur\u00edsticos del Imserso para la campa\u00f1a 2024-25 Primer d\u00eda de venta de paquetes tur\u00edsticos del Imserso Empieza la semana &#8230; <a title=\"\u00a1URGENTE! Este lunes comienza la venta de viajes del Imserso para la temporada 2024-25, \u00a1No te lo puedes perder!\" class=\"read-more\" href=\"https:\/\/www.diario21.tv\/noticias\/urgente-este-lunes-comienza-la-venta-de-viajes-del-imserso-para-la-temporada-2024-25-no-te-lo-puedes-perder\/\" aria-label=\"Leer m\u00e1s sobre \u00a1URGENTE! Este lunes comienza la venta de viajes del Imserso para la temporada 2024-25, \u00a1No te lo puedes perder!\">Seguir leyendo &rarr;<\/a><\/p>\n","protected":false},"author":20,"featured_media":556,"comment_status":"open","ping_status":"open","sticky":false,"template":"","format":"standard","meta":{"footnotes":""},"categories":[12],"tags":[],"class_list":["post-555","post","type-post","status-publish","format-standard","has-post-thumbnail","hentry","category-tendencia"],"yoast_head":"<!-- This site is optimized with the Yoast SEO plugin v25.6 - https:\/\/yoast.com\/wordpress\/plugins\/seo\/ -->\n<title>\u00a1URGENTE! Este lunes comienza la venta de viajes del Imserso para la temporada 2024-25, \u00a1No te lo puedes perder! - Diario 21<\/title>\n<meta name=\"robots\" content=\"index, follow, max-snippet:-1, max-image-preview:large, max-video-preview:-1\" \/>\n<link rel=\"canonical\" href=\"https:\/\/www.diario21.tv\/noticias\/urgente-este-lunes-comienza-la-venta-de-viajes-del-imserso-para-la-temporada-2024-25-no-te-lo-puedes-perder\/\" \/>\n<meta property=\"og:locale\" content=\"es_ES\" \/>\n<meta property=\"og:type\" content=\"article\" \/>\n<meta property=\"og:title\" content=\"\u00a1URGENTE! Este lunes comienza la venta de viajes del Imserso para la temporada 2024-25, \u00a1No te lo puedes perder! - Diario 21\" \/>\n<meta property=\"og:description\" content=\"El lunes inicia la comercializaci\u00f3n de paquetes tur\u00edsticos del Imserso para la campa\u00f1a 2024-25 Primer d\u00eda de venta de paquetes tur\u00edsticos del Imserso Empieza la semana ... Seguir leyendo &rarr;\" \/>\n<meta property=\"og:url\" content=\"https:\/\/www.diario21.tv\/noticias\/urgente-este-lunes-comienza-la-venta-de-viajes-del-imserso-para-la-temporada-2024-25-no-te-lo-puedes-perder\/\" \/>\n<meta property=\"og:site_name\" content=\"Diario 21\" \/>\n<meta property=\"article:published_time\" content=\"2024-09-26T10:20:38+00:00\" \/>\n<meta property=\"article:modified_time\" content=\"2024-10-14T09:42:52+00:00\" \/>\n<meta property=\"og:image\" content=\"https:\/\/www.diario21.tv\/noticias\/wp-content\/uploads\/2024\/09\/\u00a1URGENTE-Este-lunes-comienza-la-venta-de-viajes-del-Imserso.jpg\" \/>\n\t<meta property=\"og:image:width\" content=\"1920\" \/>\n\t<meta property=\"og:image:height\" content=\"1080\" \/>\n\t<meta property=\"og:image:type\" content=\"image\/jpeg\" \/>\n<meta name=\"author\" content=\"Juan P\u00e9rez\" \/>\n<meta name=\"twitter:card\" content=\"summary_large_image\" \/>\n<meta name=\"twitter:label1\" content=\"Escrito por\" \/>\n\t<meta name=\"twitter:data1\" content=\"Juan P\u00e9rez\" \/>\n\t<meta name=\"twitter:label2\" content=\"Tiempo de lectura\" \/>\n\t<meta name=\"twitter:data2\" content=\"2 minutos\" \/>\n<script type=\"application\/ld+json\" class=\"yoast-schema-graph\">{\"@context\":\"https:\/\/schema.org\",\"@graph\":[{\"@type\":\"WebPage\",\"@id\":\"https:\/\/www.diario21.tv\/noticias\/urgente-este-lunes-comienza-la-venta-de-viajes-del-imserso-para-la-temporada-2024-25-no-te-lo-puedes-perder\/\",\"url\":\"https:\/\/www.diario21.tv\/noticias\/urgente-este-lunes-comienza-la-venta-de-viajes-del-imserso-para-la-temporada-2024-25-no-te-lo-puedes-perder\/\",\"name\":\"\u00a1URGENTE! Este lunes comienza la venta de viajes del Imserso para la temporada 2024-25, \u00a1No te lo puedes perder! - Diario 21\",\"isPartOf\":{\"@id\":\"https:\/\/www.diario21.tv\/noticias\/#website\"},\"primaryImageOfPage\":{\"@id\":\"https:\/\/www.diario21.tv\/noticias\/urgente-este-lunes-comienza-la-venta-de-viajes-del-imserso-para-la-temporada-2024-25-no-te-lo-puedes-perder\/#primaryimage\"},\"image\":{\"@id\":\"https:\/\/www.diario21.tv\/noticias\/urgente-este-lunes-comienza-la-venta-de-viajes-del-imserso-para-la-temporada-2024-25-no-te-lo-puedes-perder\/#primaryimage\"},\"thumbnailUrl\":\"https:\/\/www.diario21.tv\/noticias\/wp-content\/uploads\/2024\/09\/\u00a1URGENTE-Este-lunes-comienza-la-venta-de-viajes-del-Imserso.jpg\",\"datePublished\":\"2024-09-26T10:20:38+00:00\",\"dateModified\":\"2024-10-14T09:42:52+00:00\",\"author\":{\"@id\":\"https:\/\/www.diario21.tv\/noticias\/#\/schema\/person\/dfb778f73814d8f09f302618446a526b\"},\"breadcrumb\":{\"@id\":\"https:\/\/www.diario21.tv\/noticias\/urgente-este-lunes-comienza-la-venta-de-viajes-del-imserso-para-la-temporada-2024-25-no-te-lo-puedes-perder\/#breadcrumb\"},\"inLanguage\":\"es-AR\",\"potentialAction\":[{\"@type\":\"ReadAction\",\"target\":[\"https:\/\/www.diario21.tv\/noticias\/urgente-este-lunes-comienza-la-venta-de-viajes-del-imserso-para-la-temporada-2024-25-no-te-lo-puedes-perder\/\"]}]},{\"@type\":\"ImageObject\",\"inLanguage\":\"es-AR\",\"@id\":\"https:\/\/www.diario21.tv\/noticias\/urgente-este-lunes-comienza-la-venta-de-viajes-del-imserso-para-la-temporada-2024-25-no-te-lo-puedes-perder\/#primaryimage\",\"url\":\"https:\/\/www.diario21.tv\/noticias\/wp-content\/uploads\/2024\/09\/\u00a1URGENTE-Este-lunes-comienza-la-venta-de-viajes-del-Imserso.jpg\",\"contentUrl\":\"https:\/\/www.diario21.tv\/noticias\/wp-content\/uploads\/2024\/09\/\u00a1URGENTE-Este-lunes-comienza-la-venta-de-viajes-del-Imserso.jpg\",\"width\":1920,\"height\":1080,\"caption\":\"La venta de viajes del Imserso para la temporada 2024-25 comienza este lunes\"},{\"@type\":\"BreadcrumbList\",\"@id\":\"https:\/\/www.diario21.tv\/noticias\/urgente-este-lunes-comienza-la-venta-de-viajes-del-imserso-para-la-temporada-2024-25-no-te-lo-puedes-perder\/#breadcrumb\",\"itemListElement\":[{\"@type\":\"ListItem\",\"position\":1,\"name\":\"Accueil\",\"item\":\"https:\/\/www.diario21.tv\/noticias\/\"},{\"@type\":\"ListItem\",\"position\":2,\"name\":\"\u00a1URGENTE! Este lunes comienza la venta de viajes del Imserso para la temporada 2024-25, \u00a1No te lo puedes perder!\"}]},{\"@type\":\"WebSite\",\"@id\":\"https:\/\/www.diario21.tv\/noticias\/#website\",\"url\":\"https:\/\/www.diario21.tv\/noticias\/\",\"name\":\"Diario 21\",\"description\":\"\",\"potentialAction\":[{\"@type\":\"SearchAction\",\"target\":{\"@type\":\"EntryPoint\",\"urlTemplate\":\"https:\/\/www.diario21.tv\/noticias\/?s={search_term_string}\"},\"query-input\":{\"@type\":\"PropertyValueSpecification\",\"valueRequired\":true,\"valueName\":\"search_term_string\"}}],\"inLanguage\":\"es-AR\"},{\"@type\":\"Person\",\"@id\":\"https:\/\/www.diario21.tv\/noticias\/#\/schema\/person\/dfb778f73814d8f09f302618446a526b\",\"name\":\"Juan P\u00e9rez\",\"image\":{\"@type\":\"ImageObject\",\"inLanguage\":\"es-AR\",\"@id\":\"https:\/\/www.diario21.tv\/noticias\/#\/schema\/person\/image\/\",\"url\":\"https:\/\/secure.gravatar.com\/avatar\/c478a405bd10621167f4c3167cc770f5?s=96&d=mm&r=g\",\"contentUrl\":\"https:\/\/secure.gravatar.com\/avatar\/c478a405bd10621167f4c3167cc770f5?s=96&d=mm&r=g\",\"caption\":\"Juan P\u00e9rez\"},\"description\":\"Juan P\u00e9rez es el redactor en jefe de Diario 21. Con m\u00e1s de 10 a\u00f1os de experiencia en el periodismo, se especializa en pol\u00edtica nacional y an\u00e1lisis socioecon\u00f3mico. Su enfoque cr\u00edtico y riguroso aporta una perspectiva \u00fanica a cada art\u00edculo.\",\"sameAs\":[\"https:\/\/www.diario21.tv\/noticias\/\"],\"url\":\"https:\/\/www.diario21.tv\/noticias\/author\/juan-perez\/\"}]}<\/script>\n<!-- \/ Yoast SEO plugin. -->","yoast_head_json":{"title":"\u00a1URGENTE! Este lunes comienza la venta de viajes del Imserso para la temporada 2024-25, \u00a1No te lo puedes perder! - Diario 21","robots":{"index":"index","follow":"follow","max-snippet":"max-snippet:-1","max-image-preview":"max-image-preview:large","max-video-preview":"max-video-preview:-1"},"canonical":"https:\/\/www.diario21.tv\/noticias\/urgente-este-lunes-comienza-la-venta-de-viajes-del-imserso-para-la-temporada-2024-25-no-te-lo-puedes-perder\/","og_locale":"es_ES","og_type":"article","og_title":"\u00a1URGENTE! Este lunes comienza la venta de viajes del Imserso para la temporada 2024-25, \u00a1No te lo puedes perder! - Diario 21","og_description":"El lunes inicia la comercializaci\u00f3n de paquetes tur\u00edsticos del Imserso para la campa\u00f1a 2024-25 Primer d\u00eda de venta de paquetes tur\u00edsticos del Imserso Empieza la semana ... Seguir leyendo &rarr;","og_url":"https:\/\/www.diario21.tv\/noticias\/urgente-este-lunes-comienza-la-venta-de-viajes-del-imserso-para-la-temporada-2024-25-no-te-lo-puedes-perder\/","og_site_name":"Diario 21","article_published_time":"2024-09-26T10:20:38+00:00","article_modified_time":"2024-10-14T09:42:52+00:00","og_image":[{"width":1920,"height":1080,"url":"https:\/\/www.diario21.tv\/noticias\/wp-content\/uploads\/2024\/09\/\u00a1URGENTE-Este-lunes-comienza-la-venta-de-viajes-del-Imserso.jpg","type":"image\/jpeg"}],"author":"Juan P\u00e9rez","twitter_card":"summary_large_image","twitter_misc":{"Escrito por":"Juan P\u00e9rez","Tiempo de lectura":"2 minutos"},"schema":{"@context":"https:\/\/schema.org","@graph":[{"@type":"WebPage","@id":"https:\/\/www.diario21.tv\/noticias\/urgente-este-lunes-comienza-la-venta-de-viajes-del-imserso-para-la-temporada-2024-25-no-te-lo-puedes-perder\/","url":"https:\/\/www.diario21.tv\/noticias\/urgente-este-lunes-comienza-la-venta-de-viajes-del-imserso-para-la-temporada-2024-25-no-te-lo-puedes-perder\/","name":"\u00a1URGENTE! Este lunes comienza la venta de viajes del Imserso para la temporada 2024-25, \u00a1No te lo puedes perder! - Diario 21","isPartOf":{"@id":"https:\/\/www.diario21.tv\/noticias\/#website"},"primaryImageOfPage":{"@id":"https:\/\/www.diario21.tv\/noticias\/urgente-este-lunes-comienza-la-venta-de-viajes-del-imserso-para-la-temporada-2024-25-no-te-lo-puedes-perder\/#primaryimage"},"image":{"@id":"https:\/\/www.diario21.tv\/noticias\/urgente-este-lunes-comienza-la-venta-de-viajes-del-imserso-para-la-temporada-2024-25-no-te-lo-puedes-perder\/#primaryimage"},"thumbnailUrl":"https:\/\/www.diario21.tv\/noticias\/wp-content\/uploads\/2024\/09\/\u00a1URGENTE-Este-lunes-comienza-la-venta-de-viajes-del-Imserso.jpg","datePublished":"2024-09-26T10:20:38+00:00","dateModified":"2024-10-14T09:42:52+00:00","author":{"@id":"https:\/\/www.diario21.tv\/noticias\/#\/schema\/person\/dfb778f73814d8f09f302618446a526b"},"breadcrumb":{"@id":"https:\/\/www.diario21.tv\/noticias\/urgente-este-lunes-comienza-la-venta-de-viajes-del-imserso-para-la-temporada-2024-25-no-te-lo-puedes-perder\/#breadcrumb"},"inLanguage":"es-AR","potentialAction":[{"@type":"ReadAction","target":["https:\/\/www.diario21.tv\/noticias\/urgente-este-lunes-comienza-la-venta-de-viajes-del-imserso-para-la-temporada-2024-25-no-te-lo-puedes-perder\/"]}]},{"@type":"ImageObject","inLanguage":"es-AR","@id":"https:\/\/www.diario21.tv\/noticias\/urgente-este-lunes-comienza-la-venta-de-viajes-del-imserso-para-la-temporada-2024-25-no-te-lo-puedes-perder\/#primaryimage","url":"https:\/\/www.diario21.tv\/noticias\/wp-content\/uploads\/2024\/09\/\u00a1URGENTE-Este-lunes-comienza-la-venta-de-viajes-del-Imserso.jpg","contentUrl":"https:\/\/www.diario21.tv\/noticias\/wp-content\/uploads\/2024\/09\/\u00a1URGENTE-Este-lunes-comienza-la-venta-de-viajes-del-Imserso.jpg","width":1920,"height":1080,"caption":"La venta de viajes del Imserso para la temporada 2024-25 comienza este lunes"},{"@type":"BreadcrumbList","@id":"https:\/\/www.diario21.tv\/noticias\/urgente-este-lunes-comienza-la-venta-de-viajes-del-imserso-para-la-temporada-2024-25-no-te-lo-puedes-perder\/#breadcrumb","itemListElement":[{"@type":"ListItem","position":1,"name":"Accueil","item":"https:\/\/www.diario21.tv\/noticias\/"},{"@type":"ListItem","position":2,"name":"\u00a1URGENTE! Este lunes comienza la venta de viajes del Imserso para la temporada 2024-25, \u00a1No te lo puedes perder!"}]},{"@type":"WebSite","@id":"https:\/\/www.diario21.tv\/noticias\/#website","url":"https:\/\/www.diario21.tv\/noticias\/","name":"Diario 21","description":"","potentialAction":[{"@type":"SearchAction","target":{"@type":"EntryPoint","urlTemplate":"https:\/\/www.diario21.tv\/noticias\/?s={search_term_string}"},"query-input":{"@type":"PropertyValueSpecification","valueRequired":true,"valueName":"search_term_string"}}],"inLanguage":"es-AR"},{"@type":"Person","@id":"https:\/\/www.diario21.tv\/noticias\/#\/schema\/person\/dfb778f73814d8f09f302618446a526b","name":"Juan P\u00e9rez","image":{"@type":"ImageObject","inLanguage":"es-AR","@id":"https:\/\/www.diario21.tv\/noticias\/#\/schema\/person\/image\/","url":"https:\/\/secure.gravatar.com\/avatar\/c478a405bd10621167f4c3167cc770f5?s=96&d=mm&r=g","contentUrl":"https:\/\/secure.gravatar.com\/avatar\/c478a405bd10621167f4c3167cc770f5?s=96&d=mm&r=g","caption":"Juan P\u00e9rez"},"description":"Juan P\u00e9rez es el redactor en jefe de Diario 21. Con m\u00e1s de 10 a\u00f1os de experiencia en el periodismo, se especializa en pol\u00edtica nacional y an\u00e1lisis socioecon\u00f3mico. Su enfoque cr\u00edtico y riguroso aporta una perspectiva \u00fanica a cada art\u00edculo.","sameAs":["https:\/\/www.diario21.tv\/noticias\/"],"url":"https:\/\/www.diario21.tv\/noticias\/author\/juan-perez\/"}]}},"_links":{"self":[{"href":"https:\/\/www.diario21.tv\/noticias\/wp-json\/wp\/v2\/posts\/555"}],"collection":[{"href":"https:\/\/www.diario21.tv\/noticias\/wp-json\/wp\/v2\/posts"}],"about":[{"href":"https:\/\/www.diario21.tv\/noticias\/wp-json\/wp\/v2\/types\/post"}],"author":[{"embeddable":true,"href":"https:\/\/www.diario21.tv\/noticias\/wp-json\/wp\/v2\/users\/20"}],"replies":[{"embeddable":true,"href":"https:\/\/www.diario21.tv\/noticias\/wp-json\/wp\/v2\/comments?post=555"}],"version-history":[{"count":1,"href":"https:\/\/www.diario21.tv\/noticias\/wp-json\/wp\/v2\/posts\/555\/revisions"}],"predecessor-version":[{"id":557,"href":"https:\/\/www.diario21.tv\/noticias\/wp-json\/wp\/v2\/posts\/555\/revisions\/557"}],"wp:featuredmedia":[{"embeddable":true,"href":"https:\/\/www.diario21.tv\/noticias\/wp-json\/wp\/v2\/media\/556"}],"wp:attachment":[{"href":"https:\/\/www.diario21.tv\/noticias\/wp-json\/wp\/v2\/media?parent=555"}],"wp:term":[{"taxonomy":"category","embeddable":true,"href":"https:\/\/www.diario21.tv\/noticias\/wp-json\/wp\/v2\/categories?post=555"},{"taxonomy":"post_tag","embeddable":true,"href":"https:\/\/www.diario21.tv\/noticias\/wp-json\/wp\/v2\/tags?post=555"}],"curies":[{"name":"wp","href":"https:\/\/api.w.org\/{rel}","templated":true}]}}