{"id":5508,"date":"2025-12-13T03:25:48","date_gmt":"2025-12-13T03:25:48","guid":{"rendered":"https:\/\/www.diario21.tv\/noticias\/impactante-hombre-sufre-derrame-cerebral-tras-consumir-8-latas-de-bebida-energetica-al-dia\/"},"modified":"2025-12-13T03:25:50","modified_gmt":"2025-12-13T03:25:50","slug":"impactante-hombre-sufre-derrame-cerebral-tras-consumir-8-latas-de-bebida-energetica-al-dia","status":"publish","type":"post","link":"https:\/\/www.diario21.tv\/noticias\/impactante-hombre-sufre-derrame-cerebral-tras-consumir-8-latas-de-bebida-energetica-al-dia\/","title":{"rendered":"\u00a1Impactante! Hombre sufre derrame cerebral tras consumir 8 latas de bebida energ\u00e9tica al d\u00eda"},"content":{"rendered":"<h2>Un var\u00f3n en buen estado de salud sufre un accidente cerebrovascular tras consumir ocho latas de energizante al d\u00eda<\/h2>\n<p>Un individuo previamente sano experiment\u00f3 un grave accidente cerebrovascular despu\u00e9s de consumir diariamente ocho latas de una bebida energ\u00e9tica. Este caso pone en relieve los riesgos potenciales que el consumo excesivo de estas bebidas puede tener para la salud.<\/p>\n<h3>Evento inesperado tras alto consumo de bebidas energ\u00e9ticas<\/h3>\n<p>El hombre, cuya rutina inclu\u00eda la ingesti\u00f3n regular de ocho latas de un popular energizante, empez\u00f3 a presentar s\u00edntomas severos de un derrame cerebral. Los m\u00e9dicos que lo atendieron confirmaron que el alto consumo de estas bebidas estaba directamente relacionado con su estado actual. El incidente sorprendi\u00f3 tanto a familiares como a profesionales de la salud, dado que el individuo no presentaba historial previo de problemas de salud significativos.<\/p>\n<h3>Ingredientes controversiales y sus efectos en la salud<\/h3>\n<p>Las bebidas energ\u00e9ticas, conocidas por su capacidad para aumentar temporalmente la energ\u00eda y la alerta, contienen varios ingredientes que podr\u00edan ser perjudiciales en grandes cantidades. Entre estos se incluyen altos niveles de cafe\u00edna y az\u00facar, adem\u00e1s de otras sustancias como taurina y guaran\u00e1. Estos componentes pueden tener efectos estimulantes en el sistema cardiovascular y nervioso.<\/p>\n<p>Los especialistas advierten sobre el riesgo de consumir estas bebidas en exceso, particularmente entre aquellos individuos que no tienen conocimiento de sus condiciones de salud subyacentes o que ya est\u00e1n en riesgo de enfermedades cardiovasculares. La combinaci\u00f3n de ingredientes en las bebidas energ\u00e9ticas puede llevar a un aumento de la presi\u00f3n arterial, arritmias card\u00edacas o, como en este tr\u00e1gico caso, un derrame cerebral.<\/p>\n<h3>Recomendaciones para el consumo responsable<\/h3>\n<p>Ante este suceso, los expertos en salud recomiendan moderaci\u00f3n en el consumo de bebidas energ\u00e9ticas, especialmente para aquellos que no est\u00e1n familiarizados con sus efectos. Aconsejan limitar la ingesta de estos productos y consultar a un m\u00e9dico antes de comenzar un consumo regular, especialmente si se tienen condiciones preexistentes o un estilo de vida que podr\u00eda incrementar los riesgos asociados.<\/p>\n<p>Este caso subraya la necesidad de una mayor conciencia sobre los efectos potenciales de las bebidas energ\u00e9ticas y la importancia de consumirlas de manera responsable. La salud debe ser siempre la prioridad ante la b\u00fasqueda de un aumento temporal de energ\u00eda.<\/p>\n\n\n<div class=\"kk-star-ratings kksr-auto kksr-align-left kksr-valign-bottom\"\n    data-payload='{&quot;align&quot;:&quot;left&quot;,&quot;id&quot;:&quot;5508&quot;,&quot;slug&quot;:&quot;default&quot;,&quot;valign&quot;:&quot;bottom&quot;,&quot;ignore&quot;:&quot;&quot;,&quot;reference&quot;:&quot;auto&quot;,&quot;class&quot;:&quot;&quot;,&quot;count&quot;:&quot;0&quot;,&quot;legendonly&quot;:&quot;&quot;,&quot;readonly&quot;:&quot;&quot;,&quot;score&quot;:&quot;0&quot;,&quot;starsonly&quot;:&quot;&quot;,&quot;best&quot;:&quot;5&quot;,&quot;gap&quot;:&quot;5&quot;,&quot;greet&quot;:&quot;Valora este post&quot;,&quot;legend&quot;:&quot;0\\\/5 - (0 votes)&quot;,&quot;size&quot;:&quot;22&quot;,&quot;title&quot;:&quot;\u00a1Impactante! Hombre sufre derrame cerebral tras consumir 8 latas de bebida energ\u00e9tica al d\u00eda&quot;,&quot;width&quot;:&quot;0&quot;,&quot;_legend&quot;:&quot;{score}\\\/{best} - ({count} {votes})&quot;,&quot;font_factor&quot;:&quot;1.25&quot;}'>\n            \n<div class=\"kksr-stars\">\n    \n<div class=\"kksr-stars-inactive\">\n            <div class=\"kksr-star\" data-star=\"1\" style=\"padding-right: 5px\">\n            \n\n<div class=\"kksr-icon\" style=\"width: 22px; height: 22px;\"><\/div>\n        <\/div>\n            <div class=\"kksr-star\" data-star=\"2\" style=\"padding-right: 5px\">\n            \n\n<div class=\"kksr-icon\" style=\"width: 22px; height: 22px;\"><\/div>\n        <\/div>\n            <div class=\"kksr-star\" data-star=\"3\" style=\"padding-right: 5px\">\n            \n\n<div class=\"kksr-icon\" style=\"width: 22px; height: 22px;\"><\/div>\n        <\/div>\n            <div class=\"kksr-star\" data-star=\"4\" style=\"padding-right: 5px\">\n            \n\n<div class=\"kksr-icon\" style=\"width: 22px; height: 22px;\"><\/div>\n        <\/div>\n            <div class=\"kksr-star\" data-star=\"5\" style=\"padding-right: 5px\">\n            \n\n<div class=\"kksr-icon\" style=\"width: 22px; height: 22px;\"><\/div>\n        <\/div>\n    <\/div>\n    \n<div class=\"kksr-stars-active\" style=\"width: 0px;\">\n            <div class=\"kksr-star\" style=\"padding-right: 5px\">\n            \n\n<div class=\"kksr-icon\" style=\"width: 22px; height: 22px;\"><\/div>\n        <\/div>\n            <div class=\"kksr-star\" style=\"padding-right: 5px\">\n            \n\n<div class=\"kksr-icon\" style=\"width: 22px; height: 22px;\"><\/div>\n        <\/div>\n            <div class=\"kksr-star\" style=\"padding-right: 5px\">\n            \n\n<div class=\"kksr-icon\" style=\"width: 22px; height: 22px;\"><\/div>\n        <\/div>\n            <div class=\"kksr-star\" style=\"padding-right: 5px\">\n            \n\n<div class=\"kksr-icon\" style=\"width: 22px; height: 22px;\"><\/div>\n        <\/div>\n            <div class=\"kksr-star\" style=\"padding-right: 5px\">\n            \n\n<div class=\"kksr-icon\" style=\"width: 22px; height: 22px;\"><\/div>\n        <\/div>\n    <\/div>\n<\/div>\n                \n\n<div class=\"kksr-legend\" style=\"font-size: 17.6px;\">\n            <span class=\"kksr-muted\">Valora este post<\/span>\n    <\/div>\n    <\/div>\n","protected":false},"excerpt":{"rendered":"<p>Un var\u00f3n en buen estado de salud sufre un accidente cerebrovascular tras consumir ocho latas de energizante al d\u00eda Un individuo previamente sano experiment\u00f3 un grave &#8230; <a title=\"\u00a1Impactante! Hombre sufre derrame cerebral tras consumir 8 latas de bebida energ\u00e9tica al d\u00eda\" class=\"read-more\" href=\"https:\/\/www.diario21.tv\/noticias\/impactante-hombre-sufre-derrame-cerebral-tras-consumir-8-latas-de-bebida-energetica-al-dia\/\" aria-label=\"Leer m\u00e1s sobre \u00a1Impactante! Hombre sufre derrame cerebral tras consumir 8 latas de bebida energ\u00e9tica al d\u00eda\">Seguir leyendo &rarr;<\/a><\/p>\n","protected":false},"author":20,"featured_media":5509,"comment_status":"open","ping_status":"open","sticky":false,"template":"","format":"standard","meta":{"footnotes":""},"categories":[13],"tags":[],"class_list":["post-5508","post","type-post","status-publish","format-standard","has-post-thumbnail","hentry","category-portada"],"yoast_head":"<!-- This site is optimized with the Yoast SEO plugin v25.6 - https:\/\/yoast.com\/wordpress\/plugins\/seo\/ -->\n<title>\u00a1Impactante! Hombre sufre derrame cerebral tras consumir 8 latas de bebida energ\u00e9tica al d\u00eda - Diario 21<\/title>\n<meta name=\"robots\" content=\"index, follow, max-snippet:-1, max-image-preview:large, max-video-preview:-1\" \/>\n<link rel=\"canonical\" href=\"https:\/\/www.diario21.tv\/noticias\/impactante-hombre-sufre-derrame-cerebral-tras-consumir-8-latas-de-bebida-energetica-al-dia\/\" \/>\n<meta property=\"og:locale\" content=\"es_ES\" \/>\n<meta property=\"og:type\" content=\"article\" \/>\n<meta property=\"og:title\" content=\"\u00a1Impactante! Hombre sufre derrame cerebral tras consumir 8 latas de bebida energ\u00e9tica al d\u00eda - Diario 21\" \/>\n<meta property=\"og:description\" content=\"Un var\u00f3n en buen estado de salud sufre un accidente cerebrovascular tras consumir ocho latas de energizante al d\u00eda Un individuo previamente sano experiment\u00f3 un grave ... Seguir leyendo &rarr;\" \/>\n<meta property=\"og:url\" content=\"https:\/\/www.diario21.tv\/noticias\/impactante-hombre-sufre-derrame-cerebral-tras-consumir-8-latas-de-bebida-energetica-al-dia\/\" \/>\n<meta property=\"og:site_name\" content=\"Diario 21\" \/>\n<meta property=\"article:published_time\" content=\"2025-12-13T03:25:48+00:00\" \/>\n<meta property=\"article:modified_time\" content=\"2025-12-13T03:25:50+00:00\" \/>\n<meta property=\"og:image\" content=\"https:\/\/www.diario21.tv\/noticias\/wp-content\/uploads\/2025\/12\/\u00a1Impactante-Hombre-sufre-derrame-cerebral-tras-consumir-8-latas-de.jpg\" \/>\n\t<meta property=\"og:image:width\" content=\"1200\" \/>\n\t<meta property=\"og:image:height\" content=\"840\" \/>\n\t<meta property=\"og:image:type\" content=\"image\/jpeg\" \/>\n<meta name=\"author\" content=\"Juan P\u00e9rez\" \/>\n<meta name=\"twitter:card\" content=\"summary_large_image\" \/>\n<meta name=\"twitter:label1\" content=\"Escrito por\" \/>\n\t<meta name=\"twitter:data1\" content=\"Juan P\u00e9rez\" \/>\n\t<meta name=\"twitter:label2\" content=\"Tiempo de lectura\" \/>\n\t<meta name=\"twitter:data2\" content=\"2 minutos\" \/>\n<script type=\"application\/ld+json\" class=\"yoast-schema-graph\">{\"@context\":\"https:\/\/schema.org\",\"@graph\":[{\"@type\":\"WebPage\",\"@id\":\"https:\/\/www.diario21.tv\/noticias\/impactante-hombre-sufre-derrame-cerebral-tras-consumir-8-latas-de-bebida-energetica-al-dia\/\",\"url\":\"https:\/\/www.diario21.tv\/noticias\/impactante-hombre-sufre-derrame-cerebral-tras-consumir-8-latas-de-bebida-energetica-al-dia\/\",\"name\":\"\u00a1Impactante! Hombre sufre derrame cerebral tras consumir 8 latas de bebida energ\u00e9tica al d\u00eda - Diario 21\",\"isPartOf\":{\"@id\":\"https:\/\/www.diario21.tv\/noticias\/#website\"},\"primaryImageOfPage\":{\"@id\":\"https:\/\/www.diario21.tv\/noticias\/impactante-hombre-sufre-derrame-cerebral-tras-consumir-8-latas-de-bebida-energetica-al-dia\/#primaryimage\"},\"image\":{\"@id\":\"https:\/\/www.diario21.tv\/noticias\/impactante-hombre-sufre-derrame-cerebral-tras-consumir-8-latas-de-bebida-energetica-al-dia\/#primaryimage\"},\"thumbnailUrl\":\"https:\/\/www.diario21.tv\/noticias\/wp-content\/uploads\/2025\/12\/\u00a1Impactante-Hombre-sufre-derrame-cerebral-tras-consumir-8-latas-de.jpg\",\"datePublished\":\"2025-12-13T03:25:48+00:00\",\"dateModified\":\"2025-12-13T03:25:50+00:00\",\"author\":{\"@id\":\"https:\/\/www.diario21.tv\/noticias\/#\/schema\/person\/dfb778f73814d8f09f302618446a526b\"},\"breadcrumb\":{\"@id\":\"https:\/\/www.diario21.tv\/noticias\/impactante-hombre-sufre-derrame-cerebral-tras-consumir-8-latas-de-bebida-energetica-al-dia\/#breadcrumb\"},\"inLanguage\":\"es-AR\",\"potentialAction\":[{\"@type\":\"ReadAction\",\"target\":[\"https:\/\/www.diario21.tv\/noticias\/impactante-hombre-sufre-derrame-cerebral-tras-consumir-8-latas-de-bebida-energetica-al-dia\/\"]}]},{\"@type\":\"ImageObject\",\"inLanguage\":\"es-AR\",\"@id\":\"https:\/\/www.diario21.tv\/noticias\/impactante-hombre-sufre-derrame-cerebral-tras-consumir-8-latas-de-bebida-energetica-al-dia\/#primaryimage\",\"url\":\"https:\/\/www.diario21.tv\/noticias\/wp-content\/uploads\/2025\/12\/\u00a1Impactante-Hombre-sufre-derrame-cerebral-tras-consumir-8-latas-de.jpg\",\"contentUrl\":\"https:\/\/www.diario21.tv\/noticias\/wp-content\/uploads\/2025\/12\/\u00a1Impactante-Hombre-sufre-derrame-cerebral-tras-consumir-8-latas-de.jpg\",\"width\":1200,\"height\":840,\"caption\":\"Un hombre sano que beb\u00eda ocho latas diarias de bebida energ\u00e9tica sufre un derrame cerebral\"},{\"@type\":\"BreadcrumbList\",\"@id\":\"https:\/\/www.diario21.tv\/noticias\/impactante-hombre-sufre-derrame-cerebral-tras-consumir-8-latas-de-bebida-energetica-al-dia\/#breadcrumb\",\"itemListElement\":[{\"@type\":\"ListItem\",\"position\":1,\"name\":\"Accueil\",\"item\":\"https:\/\/www.diario21.tv\/noticias\/\"},{\"@type\":\"ListItem\",\"position\":2,\"name\":\"\u00a1Impactante! Hombre sufre derrame cerebral tras consumir 8 latas de bebida energ\u00e9tica al d\u00eda\"}]},{\"@type\":\"WebSite\",\"@id\":\"https:\/\/www.diario21.tv\/noticias\/#website\",\"url\":\"https:\/\/www.diario21.tv\/noticias\/\",\"name\":\"Diario 21\",\"description\":\"\",\"potentialAction\":[{\"@type\":\"SearchAction\",\"target\":{\"@type\":\"EntryPoint\",\"urlTemplate\":\"https:\/\/www.diario21.tv\/noticias\/?s={search_term_string}\"},\"query-input\":{\"@type\":\"PropertyValueSpecification\",\"valueRequired\":true,\"valueName\":\"search_term_string\"}}],\"inLanguage\":\"es-AR\"},{\"@type\":\"Person\",\"@id\":\"https:\/\/www.diario21.tv\/noticias\/#\/schema\/person\/dfb778f73814d8f09f302618446a526b\",\"name\":\"Juan P\u00e9rez\",\"image\":{\"@type\":\"ImageObject\",\"inLanguage\":\"es-AR\",\"@id\":\"https:\/\/www.diario21.tv\/noticias\/#\/schema\/person\/image\/\",\"url\":\"https:\/\/secure.gravatar.com\/avatar\/c478a405bd10621167f4c3167cc770f5?s=96&d=mm&r=g\",\"contentUrl\":\"https:\/\/secure.gravatar.com\/avatar\/c478a405bd10621167f4c3167cc770f5?s=96&d=mm&r=g\",\"caption\":\"Juan P\u00e9rez\"},\"description\":\"Juan P\u00e9rez es el redactor en jefe de Diario 21. Con m\u00e1s de 10 a\u00f1os de experiencia en el periodismo, se especializa en pol\u00edtica nacional y an\u00e1lisis socioecon\u00f3mico. Su enfoque cr\u00edtico y riguroso aporta una perspectiva \u00fanica a cada art\u00edculo.\",\"sameAs\":[\"https:\/\/www.diario21.tv\/noticias\/\"],\"url\":\"https:\/\/www.diario21.tv\/noticias\/author\/juan-perez\/\"}]}<\/script>\n<!-- \/ Yoast SEO plugin. -->","yoast_head_json":{"title":"\u00a1Impactante! Hombre sufre derrame cerebral tras consumir 8 latas de bebida energ\u00e9tica al d\u00eda - Diario 21","robots":{"index":"index","follow":"follow","max-snippet":"max-snippet:-1","max-image-preview":"max-image-preview:large","max-video-preview":"max-video-preview:-1"},"canonical":"https:\/\/www.diario21.tv\/noticias\/impactante-hombre-sufre-derrame-cerebral-tras-consumir-8-latas-de-bebida-energetica-al-dia\/","og_locale":"es_ES","og_type":"article","og_title":"\u00a1Impactante! Hombre sufre derrame cerebral tras consumir 8 latas de bebida energ\u00e9tica al d\u00eda - Diario 21","og_description":"Un var\u00f3n en buen estado de salud sufre un accidente cerebrovascular tras consumir ocho latas de energizante al d\u00eda Un individuo previamente sano experiment\u00f3 un grave ... Seguir leyendo &rarr;","og_url":"https:\/\/www.diario21.tv\/noticias\/impactante-hombre-sufre-derrame-cerebral-tras-consumir-8-latas-de-bebida-energetica-al-dia\/","og_site_name":"Diario 21","article_published_time":"2025-12-13T03:25:48+00:00","article_modified_time":"2025-12-13T03:25:50+00:00","og_image":[{"width":1200,"height":840,"url":"https:\/\/www.diario21.tv\/noticias\/wp-content\/uploads\/2025\/12\/\u00a1Impactante-Hombre-sufre-derrame-cerebral-tras-consumir-8-latas-de.jpg","type":"image\/jpeg"}],"author":"Juan P\u00e9rez","twitter_card":"summary_large_image","twitter_misc":{"Escrito por":"Juan P\u00e9rez","Tiempo de lectura":"2 minutos"},"schema":{"@context":"https:\/\/schema.org","@graph":[{"@type":"WebPage","@id":"https:\/\/www.diario21.tv\/noticias\/impactante-hombre-sufre-derrame-cerebral-tras-consumir-8-latas-de-bebida-energetica-al-dia\/","url":"https:\/\/www.diario21.tv\/noticias\/impactante-hombre-sufre-derrame-cerebral-tras-consumir-8-latas-de-bebida-energetica-al-dia\/","name":"\u00a1Impactante! Hombre sufre derrame cerebral tras consumir 8 latas de bebida energ\u00e9tica al d\u00eda - Diario 21","isPartOf":{"@id":"https:\/\/www.diario21.tv\/noticias\/#website"},"primaryImageOfPage":{"@id":"https:\/\/www.diario21.tv\/noticias\/impactante-hombre-sufre-derrame-cerebral-tras-consumir-8-latas-de-bebida-energetica-al-dia\/#primaryimage"},"image":{"@id":"https:\/\/www.diario21.tv\/noticias\/impactante-hombre-sufre-derrame-cerebral-tras-consumir-8-latas-de-bebida-energetica-al-dia\/#primaryimage"},"thumbnailUrl":"https:\/\/www.diario21.tv\/noticias\/wp-content\/uploads\/2025\/12\/\u00a1Impactante-Hombre-sufre-derrame-cerebral-tras-consumir-8-latas-de.jpg","datePublished":"2025-12-13T03:25:48+00:00","dateModified":"2025-12-13T03:25:50+00:00","author":{"@id":"https:\/\/www.diario21.tv\/noticias\/#\/schema\/person\/dfb778f73814d8f09f302618446a526b"},"breadcrumb":{"@id":"https:\/\/www.diario21.tv\/noticias\/impactante-hombre-sufre-derrame-cerebral-tras-consumir-8-latas-de-bebida-energetica-al-dia\/#breadcrumb"},"inLanguage":"es-AR","potentialAction":[{"@type":"ReadAction","target":["https:\/\/www.diario21.tv\/noticias\/impactante-hombre-sufre-derrame-cerebral-tras-consumir-8-latas-de-bebida-energetica-al-dia\/"]}]},{"@type":"ImageObject","inLanguage":"es-AR","@id":"https:\/\/www.diario21.tv\/noticias\/impactante-hombre-sufre-derrame-cerebral-tras-consumir-8-latas-de-bebida-energetica-al-dia\/#primaryimage","url":"https:\/\/www.diario21.tv\/noticias\/wp-content\/uploads\/2025\/12\/\u00a1Impactante-Hombre-sufre-derrame-cerebral-tras-consumir-8-latas-de.jpg","contentUrl":"https:\/\/www.diario21.tv\/noticias\/wp-content\/uploads\/2025\/12\/\u00a1Impactante-Hombre-sufre-derrame-cerebral-tras-consumir-8-latas-de.jpg","width":1200,"height":840,"caption":"Un hombre sano que beb\u00eda ocho latas diarias de bebida energ\u00e9tica sufre un derrame cerebral"},{"@type":"BreadcrumbList","@id":"https:\/\/www.diario21.tv\/noticias\/impactante-hombre-sufre-derrame-cerebral-tras-consumir-8-latas-de-bebida-energetica-al-dia\/#breadcrumb","itemListElement":[{"@type":"ListItem","position":1,"name":"Accueil","item":"https:\/\/www.diario21.tv\/noticias\/"},{"@type":"ListItem","position":2,"name":"\u00a1Impactante! Hombre sufre derrame cerebral tras consumir 8 latas de bebida energ\u00e9tica al d\u00eda"}]},{"@type":"WebSite","@id":"https:\/\/www.diario21.tv\/noticias\/#website","url":"https:\/\/www.diario21.tv\/noticias\/","name":"Diario 21","description":"","potentialAction":[{"@type":"SearchAction","target":{"@type":"EntryPoint","urlTemplate":"https:\/\/www.diario21.tv\/noticias\/?s={search_term_string}"},"query-input":{"@type":"PropertyValueSpecification","valueRequired":true,"valueName":"search_term_string"}}],"inLanguage":"es-AR"},{"@type":"Person","@id":"https:\/\/www.diario21.tv\/noticias\/#\/schema\/person\/dfb778f73814d8f09f302618446a526b","name":"Juan P\u00e9rez","image":{"@type":"ImageObject","inLanguage":"es-AR","@id":"https:\/\/www.diario21.tv\/noticias\/#\/schema\/person\/image\/","url":"https:\/\/secure.gravatar.com\/avatar\/c478a405bd10621167f4c3167cc770f5?s=96&d=mm&r=g","contentUrl":"https:\/\/secure.gravatar.com\/avatar\/c478a405bd10621167f4c3167cc770f5?s=96&d=mm&r=g","caption":"Juan P\u00e9rez"},"description":"Juan P\u00e9rez es el redactor en jefe de Diario 21. Con m\u00e1s de 10 a\u00f1os de experiencia en el periodismo, se especializa en pol\u00edtica nacional y an\u00e1lisis socioecon\u00f3mico. Su enfoque cr\u00edtico y riguroso aporta una perspectiva \u00fanica a cada art\u00edculo.","sameAs":["https:\/\/www.diario21.tv\/noticias\/"],"url":"https:\/\/www.diario21.tv\/noticias\/author\/juan-perez\/"}]}},"_links":{"self":[{"href":"https:\/\/www.diario21.tv\/noticias\/wp-json\/wp\/v2\/posts\/5508"}],"collection":[{"href":"https:\/\/www.diario21.tv\/noticias\/wp-json\/wp\/v2\/posts"}],"about":[{"href":"https:\/\/www.diario21.tv\/noticias\/wp-json\/wp\/v2\/types\/post"}],"author":[{"embeddable":true,"href":"https:\/\/www.diario21.tv\/noticias\/wp-json\/wp\/v2\/users\/20"}],"replies":[{"embeddable":true,"href":"https:\/\/www.diario21.tv\/noticias\/wp-json\/wp\/v2\/comments?post=5508"}],"version-history":[{"count":1,"href":"https:\/\/www.diario21.tv\/noticias\/wp-json\/wp\/v2\/posts\/5508\/revisions"}],"predecessor-version":[{"id":5510,"href":"https:\/\/www.diario21.tv\/noticias\/wp-json\/wp\/v2\/posts\/5508\/revisions\/5510"}],"wp:featuredmedia":[{"embeddable":true,"href":"https:\/\/www.diario21.tv\/noticias\/wp-json\/wp\/v2\/media\/5509"}],"wp:attachment":[{"href":"https:\/\/www.diario21.tv\/noticias\/wp-json\/wp\/v2\/media?parent=5508"}],"wp:term":[{"taxonomy":"category","embeddable":true,"href":"https:\/\/www.diario21.tv\/noticias\/wp-json\/wp\/v2\/categories?post=5508"},{"taxonomy":"post_tag","embeddable":true,"href":"https:\/\/www.diario21.tv\/noticias\/wp-json\/wp\/v2\/tags?post=5508"}],"curies":[{"name":"wp","href":"https:\/\/api.w.org\/{rel}","templated":true}]}}