{"id":5499,"date":"2025-12-12T09:11:50","date_gmt":"2025-12-12T09:11:50","guid":{"rendered":"https:\/\/www.diario21.tv\/noticias\/fallece-mujer-tras-brutal-agresion-de-su-pareja-en-catarroja-tres-dias-luchando-en-la-uci\/"},"modified":"2025-12-12T09:11:52","modified_gmt":"2025-12-12T09:11:52","slug":"fallece-mujer-tras-brutal-agresion-de-su-pareja-en-catarroja-tres-dias-luchando-en-la-uci","status":"publish","type":"post","link":"https:\/\/www.diario21.tv\/noticias\/fallece-mujer-tras-brutal-agresion-de-su-pareja-en-catarroja-tres-dias-luchando-en-la-uci\/","title":{"rendered":"Fallece mujer tras brutal agresi\u00f3n de su pareja en Catarroja: tres d\u00edas luchando en la UCI"},"content":{"rendered":"<h2>Fallece Mujer en Catarroja Tras Ser Agredida por su Pareja<\/h2>\n<p>Una tr\u00e1gica noticia ha sacudido a la localidad de Catarroja, donde una mujer ha perdido la vida despu\u00e9s de sufrir una severa agresi\u00f3n a manos de su pareja. La v\u00edctima, que fue ingresada en la Unidad de Cuidados Intensivos (UCI), luch\u00f3 por su vida durante tres d\u00edas antes de sucumbir a las graves lesiones.<\/p>\n<h3>Detalles del Lamentable Suceso<\/h3>\n<p>El incidente ocurri\u00f3 en el domicilio que la pareja compart\u00eda en Catarroja. Tras una violenta discusi\u00f3n, la mujer fue brutalmente golpeada, lo que la dej\u00f3 con heridas cr\u00edticas. Alertados por la situaci\u00f3n, los servicios de emergencia acudieron al lugar y trasladaron a la v\u00edctima al hospital m\u00e1s cercano.<\/p>\n<p>A pesar del esfuerzo de los m\u00e9dicos por salvarla, las lesiones que presentaba eran de tal gravedad que, despu\u00e9s de tres d\u00edas de intensa lucha en la UCI, la mujer falleci\u00f3. Este hecho ha provocado una profunda conmoci\u00f3n en la comunidad y ha reavivado el debate sobre la violencia de g\u00e9nero en la sociedad.<\/p>\n<h3>Reacciones y Consecuencias<\/h3>\n<p>La noticia del fallecimiento ha causado una gran consternaci\u00f3n entre los vecinos de Catarroja y m\u00e1s all\u00e1. Instituciones y organizaciones de defensa de los derechos de las mujeres han expresado su repudio y preocupaci\u00f3n por este tipo de actos de violencia. Muchos han llamado a una acci\u00f3n m\u00e1s firme y medidas preventivas m\u00e1s efectivas por parte de las autoridades para proteger a las v\u00edctimas.<\/p>\n<p>Por su parte, las fuerzas de seguridad han detenido al agresor, quien ahora enfrenta cargos por homicidio. El caso sigue bajo investigaci\u00f3n, mientras la justicia prepara el proceso que determinar\u00e1 las responsabilidades correspondientes en este lamentable suceso.<\/p>\n<p>Este tr\u00e1gico evento ha subrayado la urgente necesidad de abordar la violencia de g\u00e9nero con m\u00e1s recursos y estrategias efectivas, destacando la importancia de la intervenci\u00f3n temprana y el apoyo continuado a las v\u00edctimas de estos delitos.<\/p>\n\n\n<div class=\"kk-star-ratings kksr-auto kksr-align-left kksr-valign-bottom\"\n    data-payload='{&quot;align&quot;:&quot;left&quot;,&quot;id&quot;:&quot;5499&quot;,&quot;slug&quot;:&quot;default&quot;,&quot;valign&quot;:&quot;bottom&quot;,&quot;ignore&quot;:&quot;&quot;,&quot;reference&quot;:&quot;auto&quot;,&quot;class&quot;:&quot;&quot;,&quot;count&quot;:&quot;0&quot;,&quot;legendonly&quot;:&quot;&quot;,&quot;readonly&quot;:&quot;&quot;,&quot;score&quot;:&quot;0&quot;,&quot;starsonly&quot;:&quot;&quot;,&quot;best&quot;:&quot;5&quot;,&quot;gap&quot;:&quot;5&quot;,&quot;greet&quot;:&quot;Valora este post&quot;,&quot;legend&quot;:&quot;0\\\/5 - (0 votes)&quot;,&quot;size&quot;:&quot;22&quot;,&quot;title&quot;:&quot;Fallece mujer tras brutal agresi\u00f3n de su pareja en Catarroja: tres d\u00edas luchando en la UCI&quot;,&quot;width&quot;:&quot;0&quot;,&quot;_legend&quot;:&quot;{score}\\\/{best} - ({count} {votes})&quot;,&quot;font_factor&quot;:&quot;1.25&quot;}'>\n            \n<div class=\"kksr-stars\">\n    \n<div class=\"kksr-stars-inactive\">\n            <div class=\"kksr-star\" data-star=\"1\" style=\"padding-right: 5px\">\n            \n\n<div class=\"kksr-icon\" style=\"width: 22px; height: 22px;\"><\/div>\n        <\/div>\n            <div class=\"kksr-star\" data-star=\"2\" style=\"padding-right: 5px\">\n            \n\n<div class=\"kksr-icon\" style=\"width: 22px; height: 22px;\"><\/div>\n        <\/div>\n            <div class=\"kksr-star\" data-star=\"3\" style=\"padding-right: 5px\">\n            \n\n<div class=\"kksr-icon\" style=\"width: 22px; height: 22px;\"><\/div>\n        <\/div>\n            <div class=\"kksr-star\" data-star=\"4\" style=\"padding-right: 5px\">\n            \n\n<div class=\"kksr-icon\" style=\"width: 22px; height: 22px;\"><\/div>\n        <\/div>\n            <div class=\"kksr-star\" data-star=\"5\" style=\"padding-right: 5px\">\n            \n\n<div class=\"kksr-icon\" style=\"width: 22px; height: 22px;\"><\/div>\n        <\/div>\n    <\/div>\n    \n<div class=\"kksr-stars-active\" style=\"width: 0px;\">\n            <div class=\"kksr-star\" style=\"padding-right: 5px\">\n            \n\n<div class=\"kksr-icon\" style=\"width: 22px; height: 22px;\"><\/div>\n        <\/div>\n            <div class=\"kksr-star\" style=\"padding-right: 5px\">\n            \n\n<div class=\"kksr-icon\" style=\"width: 22px; height: 22px;\"><\/div>\n        <\/div>\n            <div class=\"kksr-star\" style=\"padding-right: 5px\">\n            \n\n<div class=\"kksr-icon\" style=\"width: 22px; height: 22px;\"><\/div>\n        <\/div>\n            <div class=\"kksr-star\" style=\"padding-right: 5px\">\n            \n\n<div class=\"kksr-icon\" style=\"width: 22px; height: 22px;\"><\/div>\n        <\/div>\n            <div class=\"kksr-star\" style=\"padding-right: 5px\">\n            \n\n<div class=\"kksr-icon\" style=\"width: 22px; height: 22px;\"><\/div>\n        <\/div>\n    <\/div>\n<\/div>\n                \n\n<div class=\"kksr-legend\" style=\"font-size: 17.6px;\">\n            <span class=\"kksr-muted\">Valora este post<\/span>\n    <\/div>\n    <\/div>\n","protected":false},"excerpt":{"rendered":"<p>Fallece Mujer en Catarroja Tras Ser Agredida por su Pareja Una tr\u00e1gica noticia ha sacudido a la localidad de Catarroja, donde una mujer ha perdido la &#8230; <a title=\"Fallece mujer tras brutal agresi\u00f3n de su pareja en Catarroja: tres d\u00edas luchando en la UCI\" class=\"read-more\" href=\"https:\/\/www.diario21.tv\/noticias\/fallece-mujer-tras-brutal-agresion-de-su-pareja-en-catarroja-tres-dias-luchando-en-la-uci\/\" aria-label=\"Leer m\u00e1s sobre Fallece mujer tras brutal agresi\u00f3n de su pareja en Catarroja: tres d\u00edas luchando en la UCI\">Seguir leyendo &rarr;<\/a><\/p>\n","protected":false},"author":20,"featured_media":5500,"comment_status":"open","ping_status":"open","sticky":false,"template":"","format":"standard","meta":{"footnotes":""},"categories":[13],"tags":[],"class_list":["post-5499","post","type-post","status-publish","format-standard","has-post-thumbnail","hentry","category-portada"],"yoast_head":"<!-- This site is optimized with the Yoast SEO plugin v25.6 - https:\/\/yoast.com\/wordpress\/plugins\/seo\/ -->\n<title>Fallece mujer tras brutal agresi\u00f3n de su pareja en Catarroja: tres d\u00edas luchando en la UCI - Diario 21<\/title>\n<meta name=\"robots\" content=\"index, follow, max-snippet:-1, max-image-preview:large, max-video-preview:-1\" \/>\n<link rel=\"canonical\" href=\"https:\/\/www.diario21.tv\/noticias\/fallece-mujer-tras-brutal-agresion-de-su-pareja-en-catarroja-tres-dias-luchando-en-la-uci\/\" \/>\n<meta property=\"og:locale\" content=\"es_ES\" \/>\n<meta property=\"og:type\" content=\"article\" \/>\n<meta property=\"og:title\" content=\"Fallece mujer tras brutal agresi\u00f3n de su pareja en Catarroja: tres d\u00edas luchando en la UCI - Diario 21\" \/>\n<meta property=\"og:description\" content=\"Fallece Mujer en Catarroja Tras Ser Agredida por su Pareja Una tr\u00e1gica noticia ha sacudido a la localidad de Catarroja, donde una mujer ha perdido la ... Seguir leyendo &rarr;\" \/>\n<meta property=\"og:url\" content=\"https:\/\/www.diario21.tv\/noticias\/fallece-mujer-tras-brutal-agresion-de-su-pareja-en-catarroja-tres-dias-luchando-en-la-uci\/\" \/>\n<meta property=\"og:site_name\" content=\"Diario 21\" \/>\n<meta property=\"article:published_time\" content=\"2025-12-12T09:11:50+00:00\" \/>\n<meta property=\"article:modified_time\" content=\"2025-12-12T09:11:52+00:00\" \/>\n<meta property=\"og:image\" content=\"https:\/\/www.diario21.tv\/noticias\/wp-content\/uploads\/2025\/12\/Fallece-mujer-tras-brutal-agresion-de-su-pareja-en-Catarroja.png\" \/>\n\t<meta property=\"og:image:width\" content=\"1200\" \/>\n\t<meta property=\"og:image:height\" content=\"840\" \/>\n\t<meta property=\"og:image:type\" content=\"image\/png\" \/>\n<meta name=\"author\" content=\"Juan P\u00e9rez\" \/>\n<meta name=\"twitter:card\" content=\"summary_large_image\" \/>\n<meta name=\"twitter:label1\" content=\"Escrito por\" \/>\n\t<meta name=\"twitter:data1\" content=\"Juan P\u00e9rez\" \/>\n\t<meta name=\"twitter:label2\" content=\"Tiempo de lectura\" \/>\n\t<meta name=\"twitter:data2\" content=\"2 minutos\" \/>\n<script type=\"application\/ld+json\" class=\"yoast-schema-graph\">{\"@context\":\"https:\/\/schema.org\",\"@graph\":[{\"@type\":\"WebPage\",\"@id\":\"https:\/\/www.diario21.tv\/noticias\/fallece-mujer-tras-brutal-agresion-de-su-pareja-en-catarroja-tres-dias-luchando-en-la-uci\/\",\"url\":\"https:\/\/www.diario21.tv\/noticias\/fallece-mujer-tras-brutal-agresion-de-su-pareja-en-catarroja-tres-dias-luchando-en-la-uci\/\",\"name\":\"Fallece mujer tras brutal agresi\u00f3n de su pareja en Catarroja: tres d\u00edas luchando en la UCI - Diario 21\",\"isPartOf\":{\"@id\":\"https:\/\/www.diario21.tv\/noticias\/#website\"},\"primaryImageOfPage\":{\"@id\":\"https:\/\/www.diario21.tv\/noticias\/fallece-mujer-tras-brutal-agresion-de-su-pareja-en-catarroja-tres-dias-luchando-en-la-uci\/#primaryimage\"},\"image\":{\"@id\":\"https:\/\/www.diario21.tv\/noticias\/fallece-mujer-tras-brutal-agresion-de-su-pareja-en-catarroja-tres-dias-luchando-en-la-uci\/#primaryimage\"},\"thumbnailUrl\":\"https:\/\/www.diario21.tv\/noticias\/wp-content\/uploads\/2025\/12\/Fallece-mujer-tras-brutal-agresion-de-su-pareja-en-Catarroja.png\",\"datePublished\":\"2025-12-12T09:11:50+00:00\",\"dateModified\":\"2025-12-12T09:11:52+00:00\",\"author\":{\"@id\":\"https:\/\/www.diario21.tv\/noticias\/#\/schema\/person\/dfb778f73814d8f09f302618446a526b\"},\"breadcrumb\":{\"@id\":\"https:\/\/www.diario21.tv\/noticias\/fallece-mujer-tras-brutal-agresion-de-su-pareja-en-catarroja-tres-dias-luchando-en-la-uci\/#breadcrumb\"},\"inLanguage\":\"es-AR\",\"potentialAction\":[{\"@type\":\"ReadAction\",\"target\":[\"https:\/\/www.diario21.tv\/noticias\/fallece-mujer-tras-brutal-agresion-de-su-pareja-en-catarroja-tres-dias-luchando-en-la-uci\/\"]}]},{\"@type\":\"ImageObject\",\"inLanguage\":\"es-AR\",\"@id\":\"https:\/\/www.diario21.tv\/noticias\/fallece-mujer-tras-brutal-agresion-de-su-pareja-en-catarroja-tres-dias-luchando-en-la-uci\/#primaryimage\",\"url\":\"https:\/\/www.diario21.tv\/noticias\/wp-content\/uploads\/2025\/12\/Fallece-mujer-tras-brutal-agresion-de-su-pareja-en-Catarroja.png\",\"contentUrl\":\"https:\/\/www.diario21.tv\/noticias\/wp-content\/uploads\/2025\/12\/Fallece-mujer-tras-brutal-agresion-de-su-pareja-en-Catarroja.png\",\"width\":1200,\"height\":840,\"caption\":\"Muere una mujer de una brutal paliza de su pareja tras tres d\u00edas en la UCI en Catarroja\"},{\"@type\":\"BreadcrumbList\",\"@id\":\"https:\/\/www.diario21.tv\/noticias\/fallece-mujer-tras-brutal-agresion-de-su-pareja-en-catarroja-tres-dias-luchando-en-la-uci\/#breadcrumb\",\"itemListElement\":[{\"@type\":\"ListItem\",\"position\":1,\"name\":\"Accueil\",\"item\":\"https:\/\/www.diario21.tv\/noticias\/\"},{\"@type\":\"ListItem\",\"position\":2,\"name\":\"Fallece mujer tras brutal agresi\u00f3n de su pareja en Catarroja: tres d\u00edas luchando en la UCI\"}]},{\"@type\":\"WebSite\",\"@id\":\"https:\/\/www.diario21.tv\/noticias\/#website\",\"url\":\"https:\/\/www.diario21.tv\/noticias\/\",\"name\":\"Diario 21\",\"description\":\"\",\"potentialAction\":[{\"@type\":\"SearchAction\",\"target\":{\"@type\":\"EntryPoint\",\"urlTemplate\":\"https:\/\/www.diario21.tv\/noticias\/?s={search_term_string}\"},\"query-input\":{\"@type\":\"PropertyValueSpecification\",\"valueRequired\":true,\"valueName\":\"search_term_string\"}}],\"inLanguage\":\"es-AR\"},{\"@type\":\"Person\",\"@id\":\"https:\/\/www.diario21.tv\/noticias\/#\/schema\/person\/dfb778f73814d8f09f302618446a526b\",\"name\":\"Juan P\u00e9rez\",\"image\":{\"@type\":\"ImageObject\",\"inLanguage\":\"es-AR\",\"@id\":\"https:\/\/www.diario21.tv\/noticias\/#\/schema\/person\/image\/\",\"url\":\"https:\/\/secure.gravatar.com\/avatar\/c478a405bd10621167f4c3167cc770f5?s=96&d=mm&r=g\",\"contentUrl\":\"https:\/\/secure.gravatar.com\/avatar\/c478a405bd10621167f4c3167cc770f5?s=96&d=mm&r=g\",\"caption\":\"Juan P\u00e9rez\"},\"description\":\"Juan P\u00e9rez es el redactor en jefe de Diario 21. Con m\u00e1s de 10 a\u00f1os de experiencia en el periodismo, se especializa en pol\u00edtica nacional y an\u00e1lisis socioecon\u00f3mico. Su enfoque cr\u00edtico y riguroso aporta una perspectiva \u00fanica a cada art\u00edculo.\",\"sameAs\":[\"https:\/\/www.diario21.tv\/noticias\/\"],\"url\":\"https:\/\/www.diario21.tv\/noticias\/author\/juan-perez\/\"}]}<\/script>\n<!-- \/ Yoast SEO plugin. -->","yoast_head_json":{"title":"Fallece mujer tras brutal agresi\u00f3n de su pareja en Catarroja: tres d\u00edas luchando en la UCI - Diario 21","robots":{"index":"index","follow":"follow","max-snippet":"max-snippet:-1","max-image-preview":"max-image-preview:large","max-video-preview":"max-video-preview:-1"},"canonical":"https:\/\/www.diario21.tv\/noticias\/fallece-mujer-tras-brutal-agresion-de-su-pareja-en-catarroja-tres-dias-luchando-en-la-uci\/","og_locale":"es_ES","og_type":"article","og_title":"Fallece mujer tras brutal agresi\u00f3n de su pareja en Catarroja: tres d\u00edas luchando en la UCI - Diario 21","og_description":"Fallece Mujer en Catarroja Tras Ser Agredida por su Pareja Una tr\u00e1gica noticia ha sacudido a la localidad de Catarroja, donde una mujer ha perdido la ... Seguir leyendo &rarr;","og_url":"https:\/\/www.diario21.tv\/noticias\/fallece-mujer-tras-brutal-agresion-de-su-pareja-en-catarroja-tres-dias-luchando-en-la-uci\/","og_site_name":"Diario 21","article_published_time":"2025-12-12T09:11:50+00:00","article_modified_time":"2025-12-12T09:11:52+00:00","og_image":[{"width":1200,"height":840,"url":"https:\/\/www.diario21.tv\/noticias\/wp-content\/uploads\/2025\/12\/Fallece-mujer-tras-brutal-agresion-de-su-pareja-en-Catarroja.png","type":"image\/png"}],"author":"Juan P\u00e9rez","twitter_card":"summary_large_image","twitter_misc":{"Escrito por":"Juan P\u00e9rez","Tiempo de lectura":"2 minutos"},"schema":{"@context":"https:\/\/schema.org","@graph":[{"@type":"WebPage","@id":"https:\/\/www.diario21.tv\/noticias\/fallece-mujer-tras-brutal-agresion-de-su-pareja-en-catarroja-tres-dias-luchando-en-la-uci\/","url":"https:\/\/www.diario21.tv\/noticias\/fallece-mujer-tras-brutal-agresion-de-su-pareja-en-catarroja-tres-dias-luchando-en-la-uci\/","name":"Fallece mujer tras brutal agresi\u00f3n de su pareja en Catarroja: tres d\u00edas luchando en la UCI - Diario 21","isPartOf":{"@id":"https:\/\/www.diario21.tv\/noticias\/#website"},"primaryImageOfPage":{"@id":"https:\/\/www.diario21.tv\/noticias\/fallece-mujer-tras-brutal-agresion-de-su-pareja-en-catarroja-tres-dias-luchando-en-la-uci\/#primaryimage"},"image":{"@id":"https:\/\/www.diario21.tv\/noticias\/fallece-mujer-tras-brutal-agresion-de-su-pareja-en-catarroja-tres-dias-luchando-en-la-uci\/#primaryimage"},"thumbnailUrl":"https:\/\/www.diario21.tv\/noticias\/wp-content\/uploads\/2025\/12\/Fallece-mujer-tras-brutal-agresion-de-su-pareja-en-Catarroja.png","datePublished":"2025-12-12T09:11:50+00:00","dateModified":"2025-12-12T09:11:52+00:00","author":{"@id":"https:\/\/www.diario21.tv\/noticias\/#\/schema\/person\/dfb778f73814d8f09f302618446a526b"},"breadcrumb":{"@id":"https:\/\/www.diario21.tv\/noticias\/fallece-mujer-tras-brutal-agresion-de-su-pareja-en-catarroja-tres-dias-luchando-en-la-uci\/#breadcrumb"},"inLanguage":"es-AR","potentialAction":[{"@type":"ReadAction","target":["https:\/\/www.diario21.tv\/noticias\/fallece-mujer-tras-brutal-agresion-de-su-pareja-en-catarroja-tres-dias-luchando-en-la-uci\/"]}]},{"@type":"ImageObject","inLanguage":"es-AR","@id":"https:\/\/www.diario21.tv\/noticias\/fallece-mujer-tras-brutal-agresion-de-su-pareja-en-catarroja-tres-dias-luchando-en-la-uci\/#primaryimage","url":"https:\/\/www.diario21.tv\/noticias\/wp-content\/uploads\/2025\/12\/Fallece-mujer-tras-brutal-agresion-de-su-pareja-en-Catarroja.png","contentUrl":"https:\/\/www.diario21.tv\/noticias\/wp-content\/uploads\/2025\/12\/Fallece-mujer-tras-brutal-agresion-de-su-pareja-en-Catarroja.png","width":1200,"height":840,"caption":"Muere una mujer de una brutal paliza de su pareja tras tres d\u00edas en la UCI en Catarroja"},{"@type":"BreadcrumbList","@id":"https:\/\/www.diario21.tv\/noticias\/fallece-mujer-tras-brutal-agresion-de-su-pareja-en-catarroja-tres-dias-luchando-en-la-uci\/#breadcrumb","itemListElement":[{"@type":"ListItem","position":1,"name":"Accueil","item":"https:\/\/www.diario21.tv\/noticias\/"},{"@type":"ListItem","position":2,"name":"Fallece mujer tras brutal agresi\u00f3n de su pareja en Catarroja: tres d\u00edas luchando en la UCI"}]},{"@type":"WebSite","@id":"https:\/\/www.diario21.tv\/noticias\/#website","url":"https:\/\/www.diario21.tv\/noticias\/","name":"Diario 21","description":"","potentialAction":[{"@type":"SearchAction","target":{"@type":"EntryPoint","urlTemplate":"https:\/\/www.diario21.tv\/noticias\/?s={search_term_string}"},"query-input":{"@type":"PropertyValueSpecification","valueRequired":true,"valueName":"search_term_string"}}],"inLanguage":"es-AR"},{"@type":"Person","@id":"https:\/\/www.diario21.tv\/noticias\/#\/schema\/person\/dfb778f73814d8f09f302618446a526b","name":"Juan P\u00e9rez","image":{"@type":"ImageObject","inLanguage":"es-AR","@id":"https:\/\/www.diario21.tv\/noticias\/#\/schema\/person\/image\/","url":"https:\/\/secure.gravatar.com\/avatar\/c478a405bd10621167f4c3167cc770f5?s=96&d=mm&r=g","contentUrl":"https:\/\/secure.gravatar.com\/avatar\/c478a405bd10621167f4c3167cc770f5?s=96&d=mm&r=g","caption":"Juan P\u00e9rez"},"description":"Juan P\u00e9rez es el redactor en jefe de Diario 21. Con m\u00e1s de 10 a\u00f1os de experiencia en el periodismo, se especializa en pol\u00edtica nacional y an\u00e1lisis socioecon\u00f3mico. Su enfoque cr\u00edtico y riguroso aporta una perspectiva \u00fanica a cada art\u00edculo.","sameAs":["https:\/\/www.diario21.tv\/noticias\/"],"url":"https:\/\/www.diario21.tv\/noticias\/author\/juan-perez\/"}]}},"_links":{"self":[{"href":"https:\/\/www.diario21.tv\/noticias\/wp-json\/wp\/v2\/posts\/5499"}],"collection":[{"href":"https:\/\/www.diario21.tv\/noticias\/wp-json\/wp\/v2\/posts"}],"about":[{"href":"https:\/\/www.diario21.tv\/noticias\/wp-json\/wp\/v2\/types\/post"}],"author":[{"embeddable":true,"href":"https:\/\/www.diario21.tv\/noticias\/wp-json\/wp\/v2\/users\/20"}],"replies":[{"embeddable":true,"href":"https:\/\/www.diario21.tv\/noticias\/wp-json\/wp\/v2\/comments?post=5499"}],"version-history":[{"count":1,"href":"https:\/\/www.diario21.tv\/noticias\/wp-json\/wp\/v2\/posts\/5499\/revisions"}],"predecessor-version":[{"id":5501,"href":"https:\/\/www.diario21.tv\/noticias\/wp-json\/wp\/v2\/posts\/5499\/revisions\/5501"}],"wp:featuredmedia":[{"embeddable":true,"href":"https:\/\/www.diario21.tv\/noticias\/wp-json\/wp\/v2\/media\/5500"}],"wp:attachment":[{"href":"https:\/\/www.diario21.tv\/noticias\/wp-json\/wp\/v2\/media?parent=5499"}],"wp:term":[{"taxonomy":"category","embeddable":true,"href":"https:\/\/www.diario21.tv\/noticias\/wp-json\/wp\/v2\/categories?post=5499"},{"taxonomy":"post_tag","embeddable":true,"href":"https:\/\/www.diario21.tv\/noticias\/wp-json\/wp\/v2\/tags?post=5499"}],"curies":[{"name":"wp","href":"https:\/\/api.w.org\/{rel}","templated":true}]}}