{"id":5493,"date":"2025-12-11T21:09:48","date_gmt":"2025-12-11T21:09:48","guid":{"rendered":"https:\/\/www.diario21.tv\/noticias\/alerta-en-alzira-nuevo-caso-de-complicaciones-en-nino-sedado-por-anestesista-acusado-de-homicidio\/"},"modified":"2025-12-11T21:09:50","modified_gmt":"2025-12-11T21:09:50","slug":"alerta-en-alzira-nuevo-caso-de-complicaciones-en-nino-sedado-por-anestesista-acusado-de-homicidio","status":"publish","type":"post","link":"https:\/\/www.diario21.tv\/noticias\/alerta-en-alzira-nuevo-caso-de-complicaciones-en-nino-sedado-por-anestesista-acusado-de-homicidio\/","title":{"rendered":"\u00a1Alerta en Alzira! Nuevo caso de complicaciones en ni\u00f1o sedado por anestesista acusado de homicidio."},"content":{"rendered":"<h2>Un Nuevo Caso de Complicaciones en un Ni\u00f1o Sedado por el Anestesista de Alzira Implicado en Acusaciones de Homicidio<\/h2>\n<p>En un giro reciente de los acontecimientos en Alzira, un anestesista actualmente enfrentando cargos de homicidio ha sido vinculado a otro incidente preocupante. Este nuevo caso involucra a un ni\u00f1o que experiment\u00f3 serias complicaciones despu\u00e9s de recibir sedaci\u00f3n durante un procedimiento m\u00e9dico. Este hecho aumenta las preocupaciones sobre las pr\u00e1cticas del profesional de la salud y el bienestar de los pacientes bajo su cuidado.<\/p>\n<h3>Detalles del Incidente Reciente<\/h3>\n<p>El \u00faltimo incidente sali\u00f3 a la luz cuando un menor, cuya identidad se mantiene en reserva por razones de privacidad, enfrent\u00f3 complicaciones inesperadas despu\u00e9s de ser sedado en el transcurso de un tratamiento rutinario. Aunque los detalles espec\u00edficos del procedimiento no han sido ampliamente divulgados, se sabe que el ni\u00f1o requiri\u00f3 atenci\u00f3n m\u00e9dica adicional debido a las reacciones adversas que present\u00f3, las cuales podr\u00edan haber comprometido seriamente su salud.<\/p>\n<h3>Antecedentes del Anestesista Implicado<\/h3>\n<p>El anestesista, cuyo nombre no ha sido revelado al p\u00fablico, ha estado bajo escrutinio despu\u00e9s de que se presentaran cargos de homicidio en su contra. Estos cargos est\u00e1n relacionados con otro caso anterior, donde se alega que su intervenci\u00f3n result\u00f3 en la muerte de un paciente. El profesional de la salud ha negado todas las acusaciones y est\u00e1 a la espera de juicio.<\/p>\n<h3>Reacciones de la Comunidad y Medidas Tomadas<\/h3>\n<p>La comunidad m\u00e9dica y los residentes de Alzira han expresado su preocupaci\u00f3n y alarma ante estos desarrollos. Las autoridades sanitarias est\u00e1n revisando los procedimientos y protocolos asociados al anestesista, y se est\u00e1n tomando medidas para asegurar que la seguridad del paciente sea la prioridad en todos los tratamientos administrados bajo su supervisi\u00f3n.<\/p>\n<h3>Iniciativas para la Seguridad del Paciente<\/h3>\n<p>En respuesta a estos incidentes, hospitales y cl\u00ednicas en la regi\u00f3n est\u00e1n reforzando sus protocolos de seguridad en anestesia. Esto incluye la revisi\u00f3n de las calificaciones y antecedentes de todo el personal m\u00e9dico involucrado en la administraci\u00f3n de sedativos y anestesia, as\u00ed como la implementaci\u00f3n de medidas de seguimiento m\u00e1s estrictas para monitorizar la respuesta del paciente durante y despu\u00e9s de la sedaci\u00f3n.<\/p>\n<h3>Conclusi\u00f3n<\/h3>\n<p>Este nuevo caso de complicaciones en un ni\u00f1o ha intensificado las preocupaciones sobre la pr\u00e1ctica m\u00e9dica del anestesista acusado. Mientras la comunidad espera respuestas y la justicia toma su curso, la prioridad contin\u00faa siendo la seguridad y el bienestar de los pacientes. Todos los ojos est\u00e1n puestos en las acciones que tomar\u00e1n las autoridades sanitarias para prevenir futuras incidencias y garantizar que tales eventos no se repitan.<\/p>\n\n\n<div class=\"kk-star-ratings kksr-auto kksr-align-left kksr-valign-bottom\"\n    data-payload='{&quot;align&quot;:&quot;left&quot;,&quot;id&quot;:&quot;5493&quot;,&quot;slug&quot;:&quot;default&quot;,&quot;valign&quot;:&quot;bottom&quot;,&quot;ignore&quot;:&quot;&quot;,&quot;reference&quot;:&quot;auto&quot;,&quot;class&quot;:&quot;&quot;,&quot;count&quot;:&quot;0&quot;,&quot;legendonly&quot;:&quot;&quot;,&quot;readonly&quot;:&quot;&quot;,&quot;score&quot;:&quot;0&quot;,&quot;starsonly&quot;:&quot;&quot;,&quot;best&quot;:&quot;5&quot;,&quot;gap&quot;:&quot;5&quot;,&quot;greet&quot;:&quot;Valora este post&quot;,&quot;legend&quot;:&quot;0\\\/5 - (0 votes)&quot;,&quot;size&quot;:&quot;22&quot;,&quot;title&quot;:&quot;\u00a1Alerta en Alzira! Nuevo caso de complicaciones en ni\u00f1o sedado por anestesista acusado de homicidio.&quot;,&quot;width&quot;:&quot;0&quot;,&quot;_legend&quot;:&quot;{score}\\\/{best} - ({count} {votes})&quot;,&quot;font_factor&quot;:&quot;1.25&quot;}'>\n            \n<div class=\"kksr-stars\">\n    \n<div class=\"kksr-stars-inactive\">\n            <div class=\"kksr-star\" data-star=\"1\" style=\"padding-right: 5px\">\n            \n\n<div class=\"kksr-icon\" style=\"width: 22px; height: 22px;\"><\/div>\n        <\/div>\n            <div class=\"kksr-star\" data-star=\"2\" style=\"padding-right: 5px\">\n            \n\n<div class=\"kksr-icon\" style=\"width: 22px; height: 22px;\"><\/div>\n        <\/div>\n            <div class=\"kksr-star\" data-star=\"3\" style=\"padding-right: 5px\">\n            \n\n<div class=\"kksr-icon\" style=\"width: 22px; height: 22px;\"><\/div>\n        <\/div>\n            <div class=\"kksr-star\" data-star=\"4\" style=\"padding-right: 5px\">\n            \n\n<div class=\"kksr-icon\" style=\"width: 22px; height: 22px;\"><\/div>\n        <\/div>\n            <div class=\"kksr-star\" data-star=\"5\" style=\"padding-right: 5px\">\n            \n\n<div class=\"kksr-icon\" style=\"width: 22px; height: 22px;\"><\/div>\n        <\/div>\n    <\/div>\n    \n<div class=\"kksr-stars-active\" style=\"width: 0px;\">\n            <div class=\"kksr-star\" style=\"padding-right: 5px\">\n            \n\n<div class=\"kksr-icon\" style=\"width: 22px; height: 22px;\"><\/div>\n        <\/div>\n            <div class=\"kksr-star\" style=\"padding-right: 5px\">\n            \n\n<div class=\"kksr-icon\" style=\"width: 22px; height: 22px;\"><\/div>\n        <\/div>\n            <div class=\"kksr-star\" style=\"padding-right: 5px\">\n            \n\n<div class=\"kksr-icon\" style=\"width: 22px; height: 22px;\"><\/div>\n        <\/div>\n            <div class=\"kksr-star\" style=\"padding-right: 5px\">\n            \n\n<div class=\"kksr-icon\" style=\"width: 22px; height: 22px;\"><\/div>\n        <\/div>\n            <div class=\"kksr-star\" style=\"padding-right: 5px\">\n            \n\n<div class=\"kksr-icon\" style=\"width: 22px; height: 22px;\"><\/div>\n        <\/div>\n    <\/div>\n<\/div>\n                \n\n<div class=\"kksr-legend\" style=\"font-size: 17.6px;\">\n            <span class=\"kksr-muted\">Valora este post<\/span>\n    <\/div>\n    <\/div>\n","protected":false},"excerpt":{"rendered":"<p>Un Nuevo Caso de Complicaciones en un Ni\u00f1o Sedado por el Anestesista de Alzira Implicado en Acusaciones de Homicidio En un giro reciente de los acontecimientos &#8230; <a title=\"\u00a1Alerta en Alzira! Nuevo caso de complicaciones en ni\u00f1o sedado por anestesista acusado de homicidio.\" class=\"read-more\" href=\"https:\/\/www.diario21.tv\/noticias\/alerta-en-alzira-nuevo-caso-de-complicaciones-en-nino-sedado-por-anestesista-acusado-de-homicidio\/\" aria-label=\"Leer m\u00e1s sobre \u00a1Alerta en Alzira! Nuevo caso de complicaciones en ni\u00f1o sedado por anestesista acusado de homicidio.\">Seguir leyendo &rarr;<\/a><\/p>\n","protected":false},"author":20,"featured_media":5494,"comment_status":"open","ping_status":"open","sticky":false,"template":"","format":"standard","meta":{"footnotes":""},"categories":[13],"tags":[],"class_list":["post-5493","post","type-post","status-publish","format-standard","has-post-thumbnail","hentry","category-portada"],"yoast_head":"<!-- This site is optimized with the Yoast SEO plugin v25.6 - https:\/\/yoast.com\/wordpress\/plugins\/seo\/ -->\n<title>\u00a1Alerta en Alzira! Nuevo caso de complicaciones en ni\u00f1o sedado por anestesista acusado de homicidio. - Diario 21<\/title>\n<meta name=\"robots\" content=\"index, follow, max-snippet:-1, max-image-preview:large, max-video-preview:-1\" \/>\n<link rel=\"canonical\" href=\"https:\/\/www.diario21.tv\/noticias\/alerta-en-alzira-nuevo-caso-de-complicaciones-en-nino-sedado-por-anestesista-acusado-de-homicidio\/\" \/>\n<meta property=\"og:locale\" content=\"es_ES\" \/>\n<meta property=\"og:type\" content=\"article\" \/>\n<meta property=\"og:title\" content=\"\u00a1Alerta en Alzira! Nuevo caso de complicaciones en ni\u00f1o sedado por anestesista acusado de homicidio. - Diario 21\" \/>\n<meta property=\"og:description\" content=\"Un Nuevo Caso de Complicaciones en un Ni\u00f1o Sedado por el Anestesista de Alzira Implicado en Acusaciones de Homicidio En un giro reciente de los acontecimientos ... Seguir leyendo &rarr;\" \/>\n<meta property=\"og:url\" content=\"https:\/\/www.diario21.tv\/noticias\/alerta-en-alzira-nuevo-caso-de-complicaciones-en-nino-sedado-por-anestesista-acusado-de-homicidio\/\" \/>\n<meta property=\"og:site_name\" content=\"Diario 21\" \/>\n<meta property=\"article:published_time\" content=\"2025-12-11T21:09:48+00:00\" \/>\n<meta property=\"article:modified_time\" content=\"2025-12-11T21:09:50+00:00\" \/>\n<meta property=\"og:image\" content=\"https:\/\/www.diario21.tv\/noticias\/wp-content\/uploads\/2025\/12\/\u00a1Alerta-en-Alzira-Nuevo-caso-de-complicaciones-en-nino-sedado.png\" \/>\n\t<meta property=\"og:image:width\" content=\"1200\" \/>\n\t<meta property=\"og:image:height\" content=\"840\" \/>\n\t<meta property=\"og:image:type\" content=\"image\/png\" \/>\n<meta name=\"author\" content=\"Juan P\u00e9rez\" \/>\n<meta name=\"twitter:card\" content=\"summary_large_image\" \/>\n<meta name=\"twitter:label1\" content=\"Escrito por\" \/>\n\t<meta name=\"twitter:data1\" content=\"Juan P\u00e9rez\" \/>\n\t<meta name=\"twitter:label2\" content=\"Tiempo de lectura\" \/>\n\t<meta name=\"twitter:data2\" content=\"2 minutos\" \/>\n<script type=\"application\/ld+json\" class=\"yoast-schema-graph\">{\"@context\":\"https:\/\/schema.org\",\"@graph\":[{\"@type\":\"WebPage\",\"@id\":\"https:\/\/www.diario21.tv\/noticias\/alerta-en-alzira-nuevo-caso-de-complicaciones-en-nino-sedado-por-anestesista-acusado-de-homicidio\/\",\"url\":\"https:\/\/www.diario21.tv\/noticias\/alerta-en-alzira-nuevo-caso-de-complicaciones-en-nino-sedado-por-anestesista-acusado-de-homicidio\/\",\"name\":\"\u00a1Alerta en Alzira! Nuevo caso de complicaciones en ni\u00f1o sedado por anestesista acusado de homicidio. - Diario 21\",\"isPartOf\":{\"@id\":\"https:\/\/www.diario21.tv\/noticias\/#website\"},\"primaryImageOfPage\":{\"@id\":\"https:\/\/www.diario21.tv\/noticias\/alerta-en-alzira-nuevo-caso-de-complicaciones-en-nino-sedado-por-anestesista-acusado-de-homicidio\/#primaryimage\"},\"image\":{\"@id\":\"https:\/\/www.diario21.tv\/noticias\/alerta-en-alzira-nuevo-caso-de-complicaciones-en-nino-sedado-por-anestesista-acusado-de-homicidio\/#primaryimage\"},\"thumbnailUrl\":\"https:\/\/www.diario21.tv\/noticias\/wp-content\/uploads\/2025\/12\/\u00a1Alerta-en-Alzira-Nuevo-caso-de-complicaciones-en-nino-sedado.png\",\"datePublished\":\"2025-12-11T21:09:48+00:00\",\"dateModified\":\"2025-12-11T21:09:50+00:00\",\"author\":{\"@id\":\"https:\/\/www.diario21.tv\/noticias\/#\/schema\/person\/dfb778f73814d8f09f302618446a526b\"},\"breadcrumb\":{\"@id\":\"https:\/\/www.diario21.tv\/noticias\/alerta-en-alzira-nuevo-caso-de-complicaciones-en-nino-sedado-por-anestesista-acusado-de-homicidio\/#breadcrumb\"},\"inLanguage\":\"es-AR\",\"potentialAction\":[{\"@type\":\"ReadAction\",\"target\":[\"https:\/\/www.diario21.tv\/noticias\/alerta-en-alzira-nuevo-caso-de-complicaciones-en-nino-sedado-por-anestesista-acusado-de-homicidio\/\"]}]},{\"@type\":\"ImageObject\",\"inLanguage\":\"es-AR\",\"@id\":\"https:\/\/www.diario21.tv\/noticias\/alerta-en-alzira-nuevo-caso-de-complicaciones-en-nino-sedado-por-anestesista-acusado-de-homicidio\/#primaryimage\",\"url\":\"https:\/\/www.diario21.tv\/noticias\/wp-content\/uploads\/2025\/12\/\u00a1Alerta-en-Alzira-Nuevo-caso-de-complicaciones-en-nino-sedado.png\",\"contentUrl\":\"https:\/\/www.diario21.tv\/noticias\/wp-content\/uploads\/2025\/12\/\u00a1Alerta-en-Alzira-Nuevo-caso-de-complicaciones-en-nino-sedado.png\",\"width\":1200,\"height\":840,\"caption\":\"Otro ni\u00f1o sufri\u00f3 complicaciones tras ser sedado por el anestesista de Alzira acusado de homicidio\"},{\"@type\":\"BreadcrumbList\",\"@id\":\"https:\/\/www.diario21.tv\/noticias\/alerta-en-alzira-nuevo-caso-de-complicaciones-en-nino-sedado-por-anestesista-acusado-de-homicidio\/#breadcrumb\",\"itemListElement\":[{\"@type\":\"ListItem\",\"position\":1,\"name\":\"Accueil\",\"item\":\"https:\/\/www.diario21.tv\/noticias\/\"},{\"@type\":\"ListItem\",\"position\":2,\"name\":\"\u00a1Alerta en Alzira! Nuevo caso de complicaciones en ni\u00f1o sedado por anestesista acusado de homicidio.\"}]},{\"@type\":\"WebSite\",\"@id\":\"https:\/\/www.diario21.tv\/noticias\/#website\",\"url\":\"https:\/\/www.diario21.tv\/noticias\/\",\"name\":\"Diario 21\",\"description\":\"\",\"potentialAction\":[{\"@type\":\"SearchAction\",\"target\":{\"@type\":\"EntryPoint\",\"urlTemplate\":\"https:\/\/www.diario21.tv\/noticias\/?s={search_term_string}\"},\"query-input\":{\"@type\":\"PropertyValueSpecification\",\"valueRequired\":true,\"valueName\":\"search_term_string\"}}],\"inLanguage\":\"es-AR\"},{\"@type\":\"Person\",\"@id\":\"https:\/\/www.diario21.tv\/noticias\/#\/schema\/person\/dfb778f73814d8f09f302618446a526b\",\"name\":\"Juan P\u00e9rez\",\"image\":{\"@type\":\"ImageObject\",\"inLanguage\":\"es-AR\",\"@id\":\"https:\/\/www.diario21.tv\/noticias\/#\/schema\/person\/image\/\",\"url\":\"https:\/\/secure.gravatar.com\/avatar\/c478a405bd10621167f4c3167cc770f5?s=96&d=mm&r=g\",\"contentUrl\":\"https:\/\/secure.gravatar.com\/avatar\/c478a405bd10621167f4c3167cc770f5?s=96&d=mm&r=g\",\"caption\":\"Juan P\u00e9rez\"},\"description\":\"Juan P\u00e9rez es el redactor en jefe de Diario 21. Con m\u00e1s de 10 a\u00f1os de experiencia en el periodismo, se especializa en pol\u00edtica nacional y an\u00e1lisis socioecon\u00f3mico. Su enfoque cr\u00edtico y riguroso aporta una perspectiva \u00fanica a cada art\u00edculo.\",\"sameAs\":[\"https:\/\/www.diario21.tv\/noticias\/\"],\"url\":\"https:\/\/www.diario21.tv\/noticias\/author\/juan-perez\/\"}]}<\/script>\n<!-- \/ Yoast SEO plugin. -->","yoast_head_json":{"title":"\u00a1Alerta en Alzira! Nuevo caso de complicaciones en ni\u00f1o sedado por anestesista acusado de homicidio. - Diario 21","robots":{"index":"index","follow":"follow","max-snippet":"max-snippet:-1","max-image-preview":"max-image-preview:large","max-video-preview":"max-video-preview:-1"},"canonical":"https:\/\/www.diario21.tv\/noticias\/alerta-en-alzira-nuevo-caso-de-complicaciones-en-nino-sedado-por-anestesista-acusado-de-homicidio\/","og_locale":"es_ES","og_type":"article","og_title":"\u00a1Alerta en Alzira! Nuevo caso de complicaciones en ni\u00f1o sedado por anestesista acusado de homicidio. - Diario 21","og_description":"Un Nuevo Caso de Complicaciones en un Ni\u00f1o Sedado por el Anestesista de Alzira Implicado en Acusaciones de Homicidio En un giro reciente de los acontecimientos ... Seguir leyendo &rarr;","og_url":"https:\/\/www.diario21.tv\/noticias\/alerta-en-alzira-nuevo-caso-de-complicaciones-en-nino-sedado-por-anestesista-acusado-de-homicidio\/","og_site_name":"Diario 21","article_published_time":"2025-12-11T21:09:48+00:00","article_modified_time":"2025-12-11T21:09:50+00:00","og_image":[{"width":1200,"height":840,"url":"https:\/\/www.diario21.tv\/noticias\/wp-content\/uploads\/2025\/12\/\u00a1Alerta-en-Alzira-Nuevo-caso-de-complicaciones-en-nino-sedado.png","type":"image\/png"}],"author":"Juan P\u00e9rez","twitter_card":"summary_large_image","twitter_misc":{"Escrito por":"Juan P\u00e9rez","Tiempo de lectura":"2 minutos"},"schema":{"@context":"https:\/\/schema.org","@graph":[{"@type":"WebPage","@id":"https:\/\/www.diario21.tv\/noticias\/alerta-en-alzira-nuevo-caso-de-complicaciones-en-nino-sedado-por-anestesista-acusado-de-homicidio\/","url":"https:\/\/www.diario21.tv\/noticias\/alerta-en-alzira-nuevo-caso-de-complicaciones-en-nino-sedado-por-anestesista-acusado-de-homicidio\/","name":"\u00a1Alerta en Alzira! Nuevo caso de complicaciones en ni\u00f1o sedado por anestesista acusado de homicidio. - Diario 21","isPartOf":{"@id":"https:\/\/www.diario21.tv\/noticias\/#website"},"primaryImageOfPage":{"@id":"https:\/\/www.diario21.tv\/noticias\/alerta-en-alzira-nuevo-caso-de-complicaciones-en-nino-sedado-por-anestesista-acusado-de-homicidio\/#primaryimage"},"image":{"@id":"https:\/\/www.diario21.tv\/noticias\/alerta-en-alzira-nuevo-caso-de-complicaciones-en-nino-sedado-por-anestesista-acusado-de-homicidio\/#primaryimage"},"thumbnailUrl":"https:\/\/www.diario21.tv\/noticias\/wp-content\/uploads\/2025\/12\/\u00a1Alerta-en-Alzira-Nuevo-caso-de-complicaciones-en-nino-sedado.png","datePublished":"2025-12-11T21:09:48+00:00","dateModified":"2025-12-11T21:09:50+00:00","author":{"@id":"https:\/\/www.diario21.tv\/noticias\/#\/schema\/person\/dfb778f73814d8f09f302618446a526b"},"breadcrumb":{"@id":"https:\/\/www.diario21.tv\/noticias\/alerta-en-alzira-nuevo-caso-de-complicaciones-en-nino-sedado-por-anestesista-acusado-de-homicidio\/#breadcrumb"},"inLanguage":"es-AR","potentialAction":[{"@type":"ReadAction","target":["https:\/\/www.diario21.tv\/noticias\/alerta-en-alzira-nuevo-caso-de-complicaciones-en-nino-sedado-por-anestesista-acusado-de-homicidio\/"]}]},{"@type":"ImageObject","inLanguage":"es-AR","@id":"https:\/\/www.diario21.tv\/noticias\/alerta-en-alzira-nuevo-caso-de-complicaciones-en-nino-sedado-por-anestesista-acusado-de-homicidio\/#primaryimage","url":"https:\/\/www.diario21.tv\/noticias\/wp-content\/uploads\/2025\/12\/\u00a1Alerta-en-Alzira-Nuevo-caso-de-complicaciones-en-nino-sedado.png","contentUrl":"https:\/\/www.diario21.tv\/noticias\/wp-content\/uploads\/2025\/12\/\u00a1Alerta-en-Alzira-Nuevo-caso-de-complicaciones-en-nino-sedado.png","width":1200,"height":840,"caption":"Otro ni\u00f1o sufri\u00f3 complicaciones tras ser sedado por el anestesista de Alzira acusado de homicidio"},{"@type":"BreadcrumbList","@id":"https:\/\/www.diario21.tv\/noticias\/alerta-en-alzira-nuevo-caso-de-complicaciones-en-nino-sedado-por-anestesista-acusado-de-homicidio\/#breadcrumb","itemListElement":[{"@type":"ListItem","position":1,"name":"Accueil","item":"https:\/\/www.diario21.tv\/noticias\/"},{"@type":"ListItem","position":2,"name":"\u00a1Alerta en Alzira! Nuevo caso de complicaciones en ni\u00f1o sedado por anestesista acusado de homicidio."}]},{"@type":"WebSite","@id":"https:\/\/www.diario21.tv\/noticias\/#website","url":"https:\/\/www.diario21.tv\/noticias\/","name":"Diario 21","description":"","potentialAction":[{"@type":"SearchAction","target":{"@type":"EntryPoint","urlTemplate":"https:\/\/www.diario21.tv\/noticias\/?s={search_term_string}"},"query-input":{"@type":"PropertyValueSpecification","valueRequired":true,"valueName":"search_term_string"}}],"inLanguage":"es-AR"},{"@type":"Person","@id":"https:\/\/www.diario21.tv\/noticias\/#\/schema\/person\/dfb778f73814d8f09f302618446a526b","name":"Juan P\u00e9rez","image":{"@type":"ImageObject","inLanguage":"es-AR","@id":"https:\/\/www.diario21.tv\/noticias\/#\/schema\/person\/image\/","url":"https:\/\/secure.gravatar.com\/avatar\/c478a405bd10621167f4c3167cc770f5?s=96&d=mm&r=g","contentUrl":"https:\/\/secure.gravatar.com\/avatar\/c478a405bd10621167f4c3167cc770f5?s=96&d=mm&r=g","caption":"Juan P\u00e9rez"},"description":"Juan P\u00e9rez es el redactor en jefe de Diario 21. Con m\u00e1s de 10 a\u00f1os de experiencia en el periodismo, se especializa en pol\u00edtica nacional y an\u00e1lisis socioecon\u00f3mico. Su enfoque cr\u00edtico y riguroso aporta una perspectiva \u00fanica a cada art\u00edculo.","sameAs":["https:\/\/www.diario21.tv\/noticias\/"],"url":"https:\/\/www.diario21.tv\/noticias\/author\/juan-perez\/"}]}},"_links":{"self":[{"href":"https:\/\/www.diario21.tv\/noticias\/wp-json\/wp\/v2\/posts\/5493"}],"collection":[{"href":"https:\/\/www.diario21.tv\/noticias\/wp-json\/wp\/v2\/posts"}],"about":[{"href":"https:\/\/www.diario21.tv\/noticias\/wp-json\/wp\/v2\/types\/post"}],"author":[{"embeddable":true,"href":"https:\/\/www.diario21.tv\/noticias\/wp-json\/wp\/v2\/users\/20"}],"replies":[{"embeddable":true,"href":"https:\/\/www.diario21.tv\/noticias\/wp-json\/wp\/v2\/comments?post=5493"}],"version-history":[{"count":1,"href":"https:\/\/www.diario21.tv\/noticias\/wp-json\/wp\/v2\/posts\/5493\/revisions"}],"predecessor-version":[{"id":5495,"href":"https:\/\/www.diario21.tv\/noticias\/wp-json\/wp\/v2\/posts\/5493\/revisions\/5495"}],"wp:featuredmedia":[{"embeddable":true,"href":"https:\/\/www.diario21.tv\/noticias\/wp-json\/wp\/v2\/media\/5494"}],"wp:attachment":[{"href":"https:\/\/www.diario21.tv\/noticias\/wp-json\/wp\/v2\/media?parent=5493"}],"wp:term":[{"taxonomy":"category","embeddable":true,"href":"https:\/\/www.diario21.tv\/noticias\/wp-json\/wp\/v2\/categories?post=5493"},{"taxonomy":"post_tag","embeddable":true,"href":"https:\/\/www.diario21.tv\/noticias\/wp-json\/wp\/v2\/tags?post=5493"}],"curies":[{"name":"wp","href":"https:\/\/api.w.org\/{rel}","templated":true}]}}