{"id":5490,"date":"2025-12-11T15:09:13","date_gmt":"2025-12-11T15:09:13","guid":{"rendered":"https:\/\/www.diario21.tv\/noticias\/impactante-asalto-en-benalmadena-madre-e-hija-maniatadas-por-encapuchados-en-su-propio-hogar\/"},"modified":"2025-12-11T15:09:15","modified_gmt":"2025-12-11T15:09:15","slug":"impactante-asalto-en-benalmadena-madre-e-hija-maniatadas-por-encapuchados-en-su-propio-hogar","status":"publish","type":"post","link":"https:\/\/www.diario21.tv\/noticias\/impactante-asalto-en-benalmadena-madre-e-hija-maniatadas-por-encapuchados-en-su-propio-hogar\/","title":{"rendered":"\u00a1Impactante asalto en Benalm\u00e1dena! Madre e hija maniatadas por encapuchados en su propio hogar"},"content":{"rendered":"<h2>Asalto en Domicilio de Benalm\u00e1dena: Madre e Hija Atadas por Asaltantes Encapuchados<\/h2>\n<p>En un inquietante suceso ocurrido recientemente en Benalm\u00e1dena, una localidad en la provincia de M\u00e1laga, una mujer y su hija fueron v\u00edctimas de un violento robo en su propio hogar. Seg\u00fan informes preliminares, varios individuos encapuchados irrumpieron en la residencia durante las primeras horas de la ma\u00f1ana, momento en el que las v\u00edctimas fueron sorprendidas y subyugadas.<\/p>\n<h3>Detalles del Incidente<\/h3>\n<p>El asalto se llev\u00f3 a cabo espec\u00edficamente en una tranquila zona residencial de Benalm\u00e1dena, conocida por su habitual serenidad. Los delincuentes, tras asegurarse de que nadie m\u00e1s estaba presente, procedieron a maniatar a la mujer y a su hija, asegur\u00e1ndose de que no pudieran resistirse ni pedir ayuda. La eficacia y rapidez con la que actuaron sugiere que podr\u00eda tratarse de criminales experimentados y posiblemente informados sobre la situaci\u00f3n de la casa y sus ocupantes.<\/p>\n<h3>Investigaci\u00f3n en Curso<\/h3>\n<p>Las autoridades fueron alertadas poco despu\u00e9s del incidente, cuando una de las v\u00edctimas logr\u00f3 liberarse y contactar a la polic\u00eda. Inmediatamente, se desplegaron unidades al lugar del suceso para recabar evidencias y testimonios que puedan llevar a la captura de los asaltantes. La polic\u00eda est\u00e1 actualmente revisando las grabaciones de c\u00e1maras de seguridad de la zona y realizando entrevistas a posibles testigos que pudieran haber visto algo sospechoso durante la hora del asalto.<\/p>\n<h3>Reacciones de la Comunidad<\/h3>\n<p>La comunidad de Benalm\u00e1dena ha reaccionado con alarma y preocupaci\u00f3n ante este audaz y aterrador acto. Vecinos y asociaciones locales han expresado su solidaridad con las v\u00edctimas y han llamado a un aumento de las medidas de seguridad en la zona. Adem\u00e1s, se ha propuesto la organizaci\u00f3n de reuniones comunitarias para discutir estrategias de prevenci\u00f3n de delitos y mejorar la vigilancia vecinal.<\/p>\n<h3>Medidas de Seguridad Recomendadas<\/h3>\n<p>Las autoridades, junto con expertos en seguridad, recomiendan a los residentes de la zona mantenerse vigilantes y reforzar las medidas de seguridad en sus hogares. Esto incluye la instalaci\u00f3n de sistemas de alarma, c\u00e1maras de seguridad y la utilizaci\u00f3n de cerraduras de alta seguridad. Tambi\u00e9n se aconseja verificar la identidad de cualquier visitante antes de permitir el acceso a las viviendas y reportar cualquier actividad sospechosa inmediatamente a las autoridades.<\/p>\n<p>Este lamentable suceso ha dejado una marca de inquietud en la comunidad de Benalm\u00e1dena. Mientras la investigaci\u00f3n contin\u00faa, la esperanza es que los responsables sean pronto capturados y llevados ante la justicia, restaurando as\u00ed la tranquilidad en esta pac\u00edfica localidad.<\/p>\n\n\n<div class=\"kk-star-ratings kksr-auto kksr-align-left kksr-valign-bottom\"\n    data-payload='{&quot;align&quot;:&quot;left&quot;,&quot;id&quot;:&quot;5490&quot;,&quot;slug&quot;:&quot;default&quot;,&quot;valign&quot;:&quot;bottom&quot;,&quot;ignore&quot;:&quot;&quot;,&quot;reference&quot;:&quot;auto&quot;,&quot;class&quot;:&quot;&quot;,&quot;count&quot;:&quot;0&quot;,&quot;legendonly&quot;:&quot;&quot;,&quot;readonly&quot;:&quot;&quot;,&quot;score&quot;:&quot;0&quot;,&quot;starsonly&quot;:&quot;&quot;,&quot;best&quot;:&quot;5&quot;,&quot;gap&quot;:&quot;5&quot;,&quot;greet&quot;:&quot;Valora este post&quot;,&quot;legend&quot;:&quot;0\\\/5 - (0 votes)&quot;,&quot;size&quot;:&quot;22&quot;,&quot;title&quot;:&quot;\u00a1Impactante asalto en Benalm\u00e1dena! Madre e hija maniatadas por encapuchados en su propio hogar&quot;,&quot;width&quot;:&quot;0&quot;,&quot;_legend&quot;:&quot;{score}\\\/{best} - ({count} {votes})&quot;,&quot;font_factor&quot;:&quot;1.25&quot;}'>\n            \n<div class=\"kksr-stars\">\n    \n<div class=\"kksr-stars-inactive\">\n            <div class=\"kksr-star\" data-star=\"1\" style=\"padding-right: 5px\">\n            \n\n<div class=\"kksr-icon\" style=\"width: 22px; height: 22px;\"><\/div>\n        <\/div>\n            <div class=\"kksr-star\" data-star=\"2\" style=\"padding-right: 5px\">\n            \n\n<div class=\"kksr-icon\" style=\"width: 22px; height: 22px;\"><\/div>\n        <\/div>\n            <div class=\"kksr-star\" data-star=\"3\" style=\"padding-right: 5px\">\n            \n\n<div class=\"kksr-icon\" style=\"width: 22px; height: 22px;\"><\/div>\n        <\/div>\n            <div class=\"kksr-star\" data-star=\"4\" style=\"padding-right: 5px\">\n            \n\n<div class=\"kksr-icon\" style=\"width: 22px; height: 22px;\"><\/div>\n        <\/div>\n            <div class=\"kksr-star\" data-star=\"5\" style=\"padding-right: 5px\">\n            \n\n<div class=\"kksr-icon\" style=\"width: 22px; height: 22px;\"><\/div>\n        <\/div>\n    <\/div>\n    \n<div class=\"kksr-stars-active\" style=\"width: 0px;\">\n            <div class=\"kksr-star\" style=\"padding-right: 5px\">\n            \n\n<div class=\"kksr-icon\" style=\"width: 22px; height: 22px;\"><\/div>\n        <\/div>\n            <div class=\"kksr-star\" style=\"padding-right: 5px\">\n            \n\n<div class=\"kksr-icon\" style=\"width: 22px; height: 22px;\"><\/div>\n        <\/div>\n            <div class=\"kksr-star\" style=\"padding-right: 5px\">\n            \n\n<div class=\"kksr-icon\" style=\"width: 22px; height: 22px;\"><\/div>\n        <\/div>\n            <div class=\"kksr-star\" style=\"padding-right: 5px\">\n            \n\n<div class=\"kksr-icon\" style=\"width: 22px; height: 22px;\"><\/div>\n        <\/div>\n            <div class=\"kksr-star\" style=\"padding-right: 5px\">\n            \n\n<div class=\"kksr-icon\" style=\"width: 22px; height: 22px;\"><\/div>\n        <\/div>\n    <\/div>\n<\/div>\n                \n\n<div class=\"kksr-legend\" style=\"font-size: 17.6px;\">\n            <span class=\"kksr-muted\">Valora este post<\/span>\n    <\/div>\n    <\/div>\n","protected":false},"excerpt":{"rendered":"<p>Asalto en Domicilio de Benalm\u00e1dena: Madre e Hija Atadas por Asaltantes Encapuchados En un inquietante suceso ocurrido recientemente en Benalm\u00e1dena, una localidad en la provincia de &#8230; <a title=\"\u00a1Impactante asalto en Benalm\u00e1dena! Madre e hija maniatadas por encapuchados en su propio hogar\" class=\"read-more\" href=\"https:\/\/www.diario21.tv\/noticias\/impactante-asalto-en-benalmadena-madre-e-hija-maniatadas-por-encapuchados-en-su-propio-hogar\/\" aria-label=\"Leer m\u00e1s sobre \u00a1Impactante asalto en Benalm\u00e1dena! Madre e hija maniatadas por encapuchados en su propio hogar\">Seguir leyendo &rarr;<\/a><\/p>\n","protected":false},"author":20,"featured_media":5491,"comment_status":"open","ping_status":"open","sticky":false,"template":"","format":"standard","meta":{"footnotes":""},"categories":[13],"tags":[],"class_list":["post-5490","post","type-post","status-publish","format-standard","has-post-thumbnail","hentry","category-portada"],"yoast_head":"<!-- This site is optimized with the Yoast SEO plugin v25.6 - https:\/\/yoast.com\/wordpress\/plugins\/seo\/ -->\n<title>\u00a1Impactante asalto en Benalm\u00e1dena! Madre e hija maniatadas por encapuchados en su propio hogar - Diario 21<\/title>\n<meta name=\"robots\" content=\"index, follow, max-snippet:-1, max-image-preview:large, max-video-preview:-1\" \/>\n<link rel=\"canonical\" href=\"https:\/\/www.diario21.tv\/noticias\/impactante-asalto-en-benalmadena-madre-e-hija-maniatadas-por-encapuchados-en-su-propio-hogar\/\" \/>\n<meta property=\"og:locale\" content=\"es_ES\" \/>\n<meta property=\"og:type\" content=\"article\" \/>\n<meta property=\"og:title\" content=\"\u00a1Impactante asalto en Benalm\u00e1dena! Madre e hija maniatadas por encapuchados en su propio hogar - Diario 21\" \/>\n<meta property=\"og:description\" content=\"Asalto en Domicilio de Benalm\u00e1dena: Madre e Hija Atadas por Asaltantes Encapuchados En un inquietante suceso ocurrido recientemente en Benalm\u00e1dena, una localidad en la provincia de ... Seguir leyendo &rarr;\" \/>\n<meta property=\"og:url\" content=\"https:\/\/www.diario21.tv\/noticias\/impactante-asalto-en-benalmadena-madre-e-hija-maniatadas-por-encapuchados-en-su-propio-hogar\/\" \/>\n<meta property=\"og:site_name\" content=\"Diario 21\" \/>\n<meta property=\"article:published_time\" content=\"2025-12-11T15:09:13+00:00\" \/>\n<meta property=\"article:modified_time\" content=\"2025-12-11T15:09:15+00:00\" \/>\n<meta property=\"og:image\" content=\"https:\/\/www.diario21.tv\/noticias\/wp-content\/uploads\/2025\/12\/\u00a1Impactante-asalto-en-Benalmadena-Madre-e-hija-maniatadas-por-encapuchados.png\" \/>\n\t<meta property=\"og:image:width\" content=\"1200\" \/>\n\t<meta property=\"og:image:height\" content=\"840\" \/>\n\t<meta property=\"og:image:type\" content=\"image\/png\" \/>\n<meta name=\"author\" content=\"Juan P\u00e9rez\" \/>\n<meta name=\"twitter:card\" content=\"summary_large_image\" \/>\n<meta name=\"twitter:label1\" content=\"Escrito por\" \/>\n\t<meta name=\"twitter:data1\" content=\"Juan P\u00e9rez\" \/>\n\t<meta name=\"twitter:label2\" content=\"Tiempo de lectura\" \/>\n\t<meta name=\"twitter:data2\" content=\"2 minutos\" \/>\n<script type=\"application\/ld+json\" class=\"yoast-schema-graph\">{\"@context\":\"https:\/\/schema.org\",\"@graph\":[{\"@type\":\"WebPage\",\"@id\":\"https:\/\/www.diario21.tv\/noticias\/impactante-asalto-en-benalmadena-madre-e-hija-maniatadas-por-encapuchados-en-su-propio-hogar\/\",\"url\":\"https:\/\/www.diario21.tv\/noticias\/impactante-asalto-en-benalmadena-madre-e-hija-maniatadas-por-encapuchados-en-su-propio-hogar\/\",\"name\":\"\u00a1Impactante asalto en Benalm\u00e1dena! Madre e hija maniatadas por encapuchados en su propio hogar - Diario 21\",\"isPartOf\":{\"@id\":\"https:\/\/www.diario21.tv\/noticias\/#website\"},\"primaryImageOfPage\":{\"@id\":\"https:\/\/www.diario21.tv\/noticias\/impactante-asalto-en-benalmadena-madre-e-hija-maniatadas-por-encapuchados-en-su-propio-hogar\/#primaryimage\"},\"image\":{\"@id\":\"https:\/\/www.diario21.tv\/noticias\/impactante-asalto-en-benalmadena-madre-e-hija-maniatadas-por-encapuchados-en-su-propio-hogar\/#primaryimage\"},\"thumbnailUrl\":\"https:\/\/www.diario21.tv\/noticias\/wp-content\/uploads\/2025\/12\/\u00a1Impactante-asalto-en-Benalmadena-Madre-e-hija-maniatadas-por-encapuchados.png\",\"datePublished\":\"2025-12-11T15:09:13+00:00\",\"dateModified\":\"2025-12-11T15:09:15+00:00\",\"author\":{\"@id\":\"https:\/\/www.diario21.tv\/noticias\/#\/schema\/person\/dfb778f73814d8f09f302618446a526b\"},\"breadcrumb\":{\"@id\":\"https:\/\/www.diario21.tv\/noticias\/impactante-asalto-en-benalmadena-madre-e-hija-maniatadas-por-encapuchados-en-su-propio-hogar\/#breadcrumb\"},\"inLanguage\":\"es-AR\",\"potentialAction\":[{\"@type\":\"ReadAction\",\"target\":[\"https:\/\/www.diario21.tv\/noticias\/impactante-asalto-en-benalmadena-madre-e-hija-maniatadas-por-encapuchados-en-su-propio-hogar\/\"]}]},{\"@type\":\"ImageObject\",\"inLanguage\":\"es-AR\",\"@id\":\"https:\/\/www.diario21.tv\/noticias\/impactante-asalto-en-benalmadena-madre-e-hija-maniatadas-por-encapuchados-en-su-propio-hogar\/#primaryimage\",\"url\":\"https:\/\/www.diario21.tv\/noticias\/wp-content\/uploads\/2025\/12\/\u00a1Impactante-asalto-en-Benalmadena-Madre-e-hija-maniatadas-por-encapuchados.png\",\"contentUrl\":\"https:\/\/www.diario21.tv\/noticias\/wp-content\/uploads\/2025\/12\/\u00a1Impactante-asalto-en-Benalmadena-Madre-e-hija-maniatadas-por-encapuchados.png\",\"width\":1200,\"height\":840,\"caption\":\"Encapuchados maniatan a una mujer y a su hija en el asalto a su casa en Benalm\u00e1dena\"},{\"@type\":\"BreadcrumbList\",\"@id\":\"https:\/\/www.diario21.tv\/noticias\/impactante-asalto-en-benalmadena-madre-e-hija-maniatadas-por-encapuchados-en-su-propio-hogar\/#breadcrumb\",\"itemListElement\":[{\"@type\":\"ListItem\",\"position\":1,\"name\":\"Accueil\",\"item\":\"https:\/\/www.diario21.tv\/noticias\/\"},{\"@type\":\"ListItem\",\"position\":2,\"name\":\"\u00a1Impactante asalto en Benalm\u00e1dena! Madre e hija maniatadas por encapuchados en su propio hogar\"}]},{\"@type\":\"WebSite\",\"@id\":\"https:\/\/www.diario21.tv\/noticias\/#website\",\"url\":\"https:\/\/www.diario21.tv\/noticias\/\",\"name\":\"Diario 21\",\"description\":\"\",\"potentialAction\":[{\"@type\":\"SearchAction\",\"target\":{\"@type\":\"EntryPoint\",\"urlTemplate\":\"https:\/\/www.diario21.tv\/noticias\/?s={search_term_string}\"},\"query-input\":{\"@type\":\"PropertyValueSpecification\",\"valueRequired\":true,\"valueName\":\"search_term_string\"}}],\"inLanguage\":\"es-AR\"},{\"@type\":\"Person\",\"@id\":\"https:\/\/www.diario21.tv\/noticias\/#\/schema\/person\/dfb778f73814d8f09f302618446a526b\",\"name\":\"Juan P\u00e9rez\",\"image\":{\"@type\":\"ImageObject\",\"inLanguage\":\"es-AR\",\"@id\":\"https:\/\/www.diario21.tv\/noticias\/#\/schema\/person\/image\/\",\"url\":\"https:\/\/secure.gravatar.com\/avatar\/c478a405bd10621167f4c3167cc770f5?s=96&d=mm&r=g\",\"contentUrl\":\"https:\/\/secure.gravatar.com\/avatar\/c478a405bd10621167f4c3167cc770f5?s=96&d=mm&r=g\",\"caption\":\"Juan P\u00e9rez\"},\"description\":\"Juan P\u00e9rez es el redactor en jefe de Diario 21. Con m\u00e1s de 10 a\u00f1os de experiencia en el periodismo, se especializa en pol\u00edtica nacional y an\u00e1lisis socioecon\u00f3mico. Su enfoque cr\u00edtico y riguroso aporta una perspectiva \u00fanica a cada art\u00edculo.\",\"sameAs\":[\"https:\/\/www.diario21.tv\/noticias\/\"],\"url\":\"https:\/\/www.diario21.tv\/noticias\/author\/juan-perez\/\"}]}<\/script>\n<!-- \/ Yoast SEO plugin. -->","yoast_head_json":{"title":"\u00a1Impactante asalto en Benalm\u00e1dena! Madre e hija maniatadas por encapuchados en su propio hogar - Diario 21","robots":{"index":"index","follow":"follow","max-snippet":"max-snippet:-1","max-image-preview":"max-image-preview:large","max-video-preview":"max-video-preview:-1"},"canonical":"https:\/\/www.diario21.tv\/noticias\/impactante-asalto-en-benalmadena-madre-e-hija-maniatadas-por-encapuchados-en-su-propio-hogar\/","og_locale":"es_ES","og_type":"article","og_title":"\u00a1Impactante asalto en Benalm\u00e1dena! Madre e hija maniatadas por encapuchados en su propio hogar - Diario 21","og_description":"Asalto en Domicilio de Benalm\u00e1dena: Madre e Hija Atadas por Asaltantes Encapuchados En un inquietante suceso ocurrido recientemente en Benalm\u00e1dena, una localidad en la provincia de ... Seguir leyendo &rarr;","og_url":"https:\/\/www.diario21.tv\/noticias\/impactante-asalto-en-benalmadena-madre-e-hija-maniatadas-por-encapuchados-en-su-propio-hogar\/","og_site_name":"Diario 21","article_published_time":"2025-12-11T15:09:13+00:00","article_modified_time":"2025-12-11T15:09:15+00:00","og_image":[{"width":1200,"height":840,"url":"https:\/\/www.diario21.tv\/noticias\/wp-content\/uploads\/2025\/12\/\u00a1Impactante-asalto-en-Benalmadena-Madre-e-hija-maniatadas-por-encapuchados.png","type":"image\/png"}],"author":"Juan P\u00e9rez","twitter_card":"summary_large_image","twitter_misc":{"Escrito por":"Juan P\u00e9rez","Tiempo de lectura":"2 minutos"},"schema":{"@context":"https:\/\/schema.org","@graph":[{"@type":"WebPage","@id":"https:\/\/www.diario21.tv\/noticias\/impactante-asalto-en-benalmadena-madre-e-hija-maniatadas-por-encapuchados-en-su-propio-hogar\/","url":"https:\/\/www.diario21.tv\/noticias\/impactante-asalto-en-benalmadena-madre-e-hija-maniatadas-por-encapuchados-en-su-propio-hogar\/","name":"\u00a1Impactante asalto en Benalm\u00e1dena! Madre e hija maniatadas por encapuchados en su propio hogar - Diario 21","isPartOf":{"@id":"https:\/\/www.diario21.tv\/noticias\/#website"},"primaryImageOfPage":{"@id":"https:\/\/www.diario21.tv\/noticias\/impactante-asalto-en-benalmadena-madre-e-hija-maniatadas-por-encapuchados-en-su-propio-hogar\/#primaryimage"},"image":{"@id":"https:\/\/www.diario21.tv\/noticias\/impactante-asalto-en-benalmadena-madre-e-hija-maniatadas-por-encapuchados-en-su-propio-hogar\/#primaryimage"},"thumbnailUrl":"https:\/\/www.diario21.tv\/noticias\/wp-content\/uploads\/2025\/12\/\u00a1Impactante-asalto-en-Benalmadena-Madre-e-hija-maniatadas-por-encapuchados.png","datePublished":"2025-12-11T15:09:13+00:00","dateModified":"2025-12-11T15:09:15+00:00","author":{"@id":"https:\/\/www.diario21.tv\/noticias\/#\/schema\/person\/dfb778f73814d8f09f302618446a526b"},"breadcrumb":{"@id":"https:\/\/www.diario21.tv\/noticias\/impactante-asalto-en-benalmadena-madre-e-hija-maniatadas-por-encapuchados-en-su-propio-hogar\/#breadcrumb"},"inLanguage":"es-AR","potentialAction":[{"@type":"ReadAction","target":["https:\/\/www.diario21.tv\/noticias\/impactante-asalto-en-benalmadena-madre-e-hija-maniatadas-por-encapuchados-en-su-propio-hogar\/"]}]},{"@type":"ImageObject","inLanguage":"es-AR","@id":"https:\/\/www.diario21.tv\/noticias\/impactante-asalto-en-benalmadena-madre-e-hija-maniatadas-por-encapuchados-en-su-propio-hogar\/#primaryimage","url":"https:\/\/www.diario21.tv\/noticias\/wp-content\/uploads\/2025\/12\/\u00a1Impactante-asalto-en-Benalmadena-Madre-e-hija-maniatadas-por-encapuchados.png","contentUrl":"https:\/\/www.diario21.tv\/noticias\/wp-content\/uploads\/2025\/12\/\u00a1Impactante-asalto-en-Benalmadena-Madre-e-hija-maniatadas-por-encapuchados.png","width":1200,"height":840,"caption":"Encapuchados maniatan a una mujer y a su hija en el asalto a su casa en Benalm\u00e1dena"},{"@type":"BreadcrumbList","@id":"https:\/\/www.diario21.tv\/noticias\/impactante-asalto-en-benalmadena-madre-e-hija-maniatadas-por-encapuchados-en-su-propio-hogar\/#breadcrumb","itemListElement":[{"@type":"ListItem","position":1,"name":"Accueil","item":"https:\/\/www.diario21.tv\/noticias\/"},{"@type":"ListItem","position":2,"name":"\u00a1Impactante asalto en Benalm\u00e1dena! Madre e hija maniatadas por encapuchados en su propio hogar"}]},{"@type":"WebSite","@id":"https:\/\/www.diario21.tv\/noticias\/#website","url":"https:\/\/www.diario21.tv\/noticias\/","name":"Diario 21","description":"","potentialAction":[{"@type":"SearchAction","target":{"@type":"EntryPoint","urlTemplate":"https:\/\/www.diario21.tv\/noticias\/?s={search_term_string}"},"query-input":{"@type":"PropertyValueSpecification","valueRequired":true,"valueName":"search_term_string"}}],"inLanguage":"es-AR"},{"@type":"Person","@id":"https:\/\/www.diario21.tv\/noticias\/#\/schema\/person\/dfb778f73814d8f09f302618446a526b","name":"Juan P\u00e9rez","image":{"@type":"ImageObject","inLanguage":"es-AR","@id":"https:\/\/www.diario21.tv\/noticias\/#\/schema\/person\/image\/","url":"https:\/\/secure.gravatar.com\/avatar\/c478a405bd10621167f4c3167cc770f5?s=96&d=mm&r=g","contentUrl":"https:\/\/secure.gravatar.com\/avatar\/c478a405bd10621167f4c3167cc770f5?s=96&d=mm&r=g","caption":"Juan P\u00e9rez"},"description":"Juan P\u00e9rez es el redactor en jefe de Diario 21. Con m\u00e1s de 10 a\u00f1os de experiencia en el periodismo, se especializa en pol\u00edtica nacional y an\u00e1lisis socioecon\u00f3mico. Su enfoque cr\u00edtico y riguroso aporta una perspectiva \u00fanica a cada art\u00edculo.","sameAs":["https:\/\/www.diario21.tv\/noticias\/"],"url":"https:\/\/www.diario21.tv\/noticias\/author\/juan-perez\/"}]}},"_links":{"self":[{"href":"https:\/\/www.diario21.tv\/noticias\/wp-json\/wp\/v2\/posts\/5490"}],"collection":[{"href":"https:\/\/www.diario21.tv\/noticias\/wp-json\/wp\/v2\/posts"}],"about":[{"href":"https:\/\/www.diario21.tv\/noticias\/wp-json\/wp\/v2\/types\/post"}],"author":[{"embeddable":true,"href":"https:\/\/www.diario21.tv\/noticias\/wp-json\/wp\/v2\/users\/20"}],"replies":[{"embeddable":true,"href":"https:\/\/www.diario21.tv\/noticias\/wp-json\/wp\/v2\/comments?post=5490"}],"version-history":[{"count":1,"href":"https:\/\/www.diario21.tv\/noticias\/wp-json\/wp\/v2\/posts\/5490\/revisions"}],"predecessor-version":[{"id":5492,"href":"https:\/\/www.diario21.tv\/noticias\/wp-json\/wp\/v2\/posts\/5490\/revisions\/5492"}],"wp:featuredmedia":[{"embeddable":true,"href":"https:\/\/www.diario21.tv\/noticias\/wp-json\/wp\/v2\/media\/5491"}],"wp:attachment":[{"href":"https:\/\/www.diario21.tv\/noticias\/wp-json\/wp\/v2\/media?parent=5490"}],"wp:term":[{"taxonomy":"category","embeddable":true,"href":"https:\/\/www.diario21.tv\/noticias\/wp-json\/wp\/v2\/categories?post=5490"},{"taxonomy":"post_tag","embeddable":true,"href":"https:\/\/www.diario21.tv\/noticias\/wp-json\/wp\/v2\/tags?post=5490"}],"curies":[{"name":"wp","href":"https:\/\/api.w.org\/{rel}","templated":true}]}}