{"id":5481,"date":"2025-12-10T14:58:01","date_gmt":"2025-12-10T14:58:01","guid":{"rendered":"https:\/\/www.diario21.tv\/noticias\/investigacion-de-feminicidio-en-sevilla-muerte-de-mujer-bajo-sospecha-de-violencia-machista\/"},"modified":"2025-12-10T14:58:03","modified_gmt":"2025-12-10T14:58:03","slug":"investigacion-de-feminicidio-en-sevilla-muerte-de-mujer-bajo-sospecha-de-violencia-machista","status":"publish","type":"post","link":"https:\/\/www.diario21.tv\/noticias\/investigacion-de-feminicidio-en-sevilla-muerte-de-mujer-bajo-sospecha-de-violencia-machista\/","title":{"rendered":"Investigaci\u00f3n de feminicidio en Sevilla: Muerte de mujer bajo sospecha de violencia machista"},"content":{"rendered":"<h2>Indagaciones en torno a un posible caso de feminicidio tras el fallecimiento de una mujer en Sevilla<\/h2>\n<p>Las autoridades espa\u00f1olas est\u00e1n investigando la reciente muerte de una mujer en Sevilla como un potencial caso de violencia de g\u00e9nero. Este suceso ha conmocionado a la comunidad local y ha reavivado el debate sobre la violencia machista en el pa\u00eds.<\/p>\n<h3>Detalles del incidente<\/h3>\n<p>La v\u00edctima fue encontrada sin vida en su domicilio ubicado en la capital andaluza. Las primeras investigaciones apuntan a que la mujer podr\u00eda haber sido asesinada. La polic\u00eda ha iniciado una detallada investigaci\u00f3n para esclarecer las circunstancias de la muerte y determinar si el incidente est\u00e1 relacionado con un acto de violencia machista.<\/p>\n<h3>Reacci\u00f3n de las autoridades<\/h3>\n<p>Ante este tr\u00e1gico evento, las autoridades locales y nacionales han expresado su firme rechazo a cualquier forma de violencia de g\u00e9nero y han reiterado su compromiso con la lucha contra este grave problema social. Se est\u00e1n tomando todas las medidas necesarias para asegurar una investigaci\u00f3n exhaustiva y justa que permita esclarecer los hechos y, en caso de confirmarse que se trata de un feminicidio, llevar al responsable ante la justicia.<\/p>\n<h3>Impacto en la comunidad<\/h3>\n<p>La noticia ha causado una profunda conmoci\u00f3n en la comunidad sevillana y m\u00e1s all\u00e1. Diversas organizaciones feministas y colectivos sociales han convocado actos de protesta y vigilia en memoria de la v\u00edctima y como forma de denunciar la persistencia de la violencia machista en Espa\u00f1a. Estos grupos exigen medidas m\u00e1s efectivas y una acci\u00f3n decidida por parte del gobierno para proteger a las mujeres y erradicar esta forma de violencia.<\/p>\n<h3>Llamados a la acci\u00f3n<\/h3>\n<p>El caso ha reactivado las demandas por pol\u00edticas m\u00e1s firmes y efectivas en materia de prevenci\u00f3n de la violencia de g\u00e9nero. Expertos en la materia y activistas sociales est\u00e1n instando a las autoridades a revisar y reforzar los mecanismos de protecci\u00f3n para las mujeres, as\u00ed como a implementar programas educativos que fomenten la igualdad y el respeto mutuo desde edades tempranas.<\/p>\n<p>Mientras la investigaci\u00f3n sigue su curso, la sociedad espa\u00f1ola se encuentra a la espera de respuestas y soluciones concretas que puedan prevenir futuras tragedias y asegurar un entorno seguro para todas las mujeres. La lucha contra la violencia machista contin\u00faa siendo un desaf\u00edo urgente y prioritario en la agenda social y pol\u00edtica del pa\u00eds.<\/p>\n\n\n<div class=\"kk-star-ratings kksr-auto kksr-align-left kksr-valign-bottom\"\n    data-payload='{&quot;align&quot;:&quot;left&quot;,&quot;id&quot;:&quot;5481&quot;,&quot;slug&quot;:&quot;default&quot;,&quot;valign&quot;:&quot;bottom&quot;,&quot;ignore&quot;:&quot;&quot;,&quot;reference&quot;:&quot;auto&quot;,&quot;class&quot;:&quot;&quot;,&quot;count&quot;:&quot;0&quot;,&quot;legendonly&quot;:&quot;&quot;,&quot;readonly&quot;:&quot;&quot;,&quot;score&quot;:&quot;0&quot;,&quot;starsonly&quot;:&quot;&quot;,&quot;best&quot;:&quot;5&quot;,&quot;gap&quot;:&quot;5&quot;,&quot;greet&quot;:&quot;Valora este post&quot;,&quot;legend&quot;:&quot;0\\\/5 - (0 votes)&quot;,&quot;size&quot;:&quot;22&quot;,&quot;title&quot;:&quot;Investigaci\u00f3n de feminicidio en Sevilla: Muerte de mujer bajo sospecha de violencia machista&quot;,&quot;width&quot;:&quot;0&quot;,&quot;_legend&quot;:&quot;{score}\\\/{best} - ({count} {votes})&quot;,&quot;font_factor&quot;:&quot;1.25&quot;}'>\n            \n<div class=\"kksr-stars\">\n    \n<div class=\"kksr-stars-inactive\">\n            <div class=\"kksr-star\" data-star=\"1\" style=\"padding-right: 5px\">\n            \n\n<div class=\"kksr-icon\" style=\"width: 22px; height: 22px;\"><\/div>\n        <\/div>\n            <div class=\"kksr-star\" data-star=\"2\" style=\"padding-right: 5px\">\n            \n\n<div class=\"kksr-icon\" style=\"width: 22px; height: 22px;\"><\/div>\n        <\/div>\n            <div class=\"kksr-star\" data-star=\"3\" style=\"padding-right: 5px\">\n            \n\n<div class=\"kksr-icon\" style=\"width: 22px; height: 22px;\"><\/div>\n        <\/div>\n            <div class=\"kksr-star\" data-star=\"4\" style=\"padding-right: 5px\">\n            \n\n<div class=\"kksr-icon\" style=\"width: 22px; height: 22px;\"><\/div>\n        <\/div>\n            <div class=\"kksr-star\" data-star=\"5\" style=\"padding-right: 5px\">\n            \n\n<div class=\"kksr-icon\" style=\"width: 22px; height: 22px;\"><\/div>\n        <\/div>\n    <\/div>\n    \n<div class=\"kksr-stars-active\" style=\"width: 0px;\">\n            <div class=\"kksr-star\" style=\"padding-right: 5px\">\n            \n\n<div class=\"kksr-icon\" style=\"width: 22px; height: 22px;\"><\/div>\n        <\/div>\n            <div class=\"kksr-star\" style=\"padding-right: 5px\">\n            \n\n<div class=\"kksr-icon\" style=\"width: 22px; height: 22px;\"><\/div>\n        <\/div>\n            <div class=\"kksr-star\" style=\"padding-right: 5px\">\n            \n\n<div class=\"kksr-icon\" style=\"width: 22px; height: 22px;\"><\/div>\n        <\/div>\n            <div class=\"kksr-star\" style=\"padding-right: 5px\">\n            \n\n<div class=\"kksr-icon\" style=\"width: 22px; height: 22px;\"><\/div>\n        <\/div>\n            <div class=\"kksr-star\" style=\"padding-right: 5px\">\n            \n\n<div class=\"kksr-icon\" style=\"width: 22px; height: 22px;\"><\/div>\n        <\/div>\n    <\/div>\n<\/div>\n                \n\n<div class=\"kksr-legend\" style=\"font-size: 17.6px;\">\n            <span class=\"kksr-muted\">Valora este post<\/span>\n    <\/div>\n    <\/div>\n","protected":false},"excerpt":{"rendered":"<p>Indagaciones en torno a un posible caso de feminicidio tras el fallecimiento de una mujer en Sevilla Las autoridades espa\u00f1olas est\u00e1n investigando la reciente muerte de &#8230; <a title=\"Investigaci\u00f3n de feminicidio en Sevilla: Muerte de mujer bajo sospecha de violencia machista\" class=\"read-more\" href=\"https:\/\/www.diario21.tv\/noticias\/investigacion-de-feminicidio-en-sevilla-muerte-de-mujer-bajo-sospecha-de-violencia-machista\/\" aria-label=\"Leer m\u00e1s sobre Investigaci\u00f3n de feminicidio en Sevilla: Muerte de mujer bajo sospecha de violencia machista\">Seguir leyendo &rarr;<\/a><\/p>\n","protected":false},"author":20,"featured_media":5482,"comment_status":"open","ping_status":"open","sticky":false,"template":"","format":"standard","meta":{"footnotes":""},"categories":[13],"tags":[],"class_list":["post-5481","post","type-post","status-publish","format-standard","has-post-thumbnail","hentry","category-portada"],"yoast_head":"<!-- This site is optimized with the Yoast SEO plugin v25.6 - https:\/\/yoast.com\/wordpress\/plugins\/seo\/ -->\n<title>Investigaci\u00f3n de feminicidio en Sevilla: Muerte de mujer bajo sospecha de violencia machista - Diario 21<\/title>\n<meta name=\"robots\" content=\"index, follow, max-snippet:-1, max-image-preview:large, max-video-preview:-1\" \/>\n<link rel=\"canonical\" href=\"https:\/\/www.diario21.tv\/noticias\/investigacion-de-feminicidio-en-sevilla-muerte-de-mujer-bajo-sospecha-de-violencia-machista\/\" \/>\n<meta property=\"og:locale\" content=\"es_ES\" \/>\n<meta property=\"og:type\" content=\"article\" \/>\n<meta property=\"og:title\" content=\"Investigaci\u00f3n de feminicidio en Sevilla: Muerte de mujer bajo sospecha de violencia machista - Diario 21\" \/>\n<meta property=\"og:description\" content=\"Indagaciones en torno a un posible caso de feminicidio tras el fallecimiento de una mujer en Sevilla Las autoridades espa\u00f1olas est\u00e1n investigando la reciente muerte de ... Seguir leyendo &rarr;\" \/>\n<meta property=\"og:url\" content=\"https:\/\/www.diario21.tv\/noticias\/investigacion-de-feminicidio-en-sevilla-muerte-de-mujer-bajo-sospecha-de-violencia-machista\/\" \/>\n<meta property=\"og:site_name\" content=\"Diario 21\" \/>\n<meta property=\"article:published_time\" content=\"2025-12-10T14:58:01+00:00\" \/>\n<meta property=\"article:modified_time\" content=\"2025-12-10T14:58:03+00:00\" \/>\n<meta property=\"og:image\" content=\"https:\/\/www.diario21.tv\/noticias\/wp-content\/uploads\/2025\/12\/Investigacion-de-feminicidio-en-Sevilla-Muerte-de-mujer-bajo-sospecha.png\" \/>\n\t<meta property=\"og:image:width\" content=\"800\" \/>\n\t<meta property=\"og:image:height\" content=\"560\" \/>\n\t<meta property=\"og:image:type\" content=\"image\/png\" \/>\n<meta name=\"author\" content=\"Juan P\u00e9rez\" \/>\n<meta name=\"twitter:card\" content=\"summary_large_image\" \/>\n<meta name=\"twitter:label1\" content=\"Escrito por\" \/>\n\t<meta name=\"twitter:data1\" content=\"Juan P\u00e9rez\" \/>\n\t<meta name=\"twitter:label2\" content=\"Tiempo de lectura\" \/>\n\t<meta name=\"twitter:data2\" content=\"2 minutos\" \/>\n<script type=\"application\/ld+json\" class=\"yoast-schema-graph\">{\"@context\":\"https:\/\/schema.org\",\"@graph\":[{\"@type\":\"WebPage\",\"@id\":\"https:\/\/www.diario21.tv\/noticias\/investigacion-de-feminicidio-en-sevilla-muerte-de-mujer-bajo-sospecha-de-violencia-machista\/\",\"url\":\"https:\/\/www.diario21.tv\/noticias\/investigacion-de-feminicidio-en-sevilla-muerte-de-mujer-bajo-sospecha-de-violencia-machista\/\",\"name\":\"Investigaci\u00f3n de feminicidio en Sevilla: Muerte de mujer bajo sospecha de violencia machista - Diario 21\",\"isPartOf\":{\"@id\":\"https:\/\/www.diario21.tv\/noticias\/#website\"},\"primaryImageOfPage\":{\"@id\":\"https:\/\/www.diario21.tv\/noticias\/investigacion-de-feminicidio-en-sevilla-muerte-de-mujer-bajo-sospecha-de-violencia-machista\/#primaryimage\"},\"image\":{\"@id\":\"https:\/\/www.diario21.tv\/noticias\/investigacion-de-feminicidio-en-sevilla-muerte-de-mujer-bajo-sospecha-de-violencia-machista\/#primaryimage\"},\"thumbnailUrl\":\"https:\/\/www.diario21.tv\/noticias\/wp-content\/uploads\/2025\/12\/Investigacion-de-feminicidio-en-Sevilla-Muerte-de-mujer-bajo-sospecha.png\",\"datePublished\":\"2025-12-10T14:58:01+00:00\",\"dateModified\":\"2025-12-10T14:58:03+00:00\",\"author\":{\"@id\":\"https:\/\/www.diario21.tv\/noticias\/#\/schema\/person\/dfb778f73814d8f09f302618446a526b\"},\"breadcrumb\":{\"@id\":\"https:\/\/www.diario21.tv\/noticias\/investigacion-de-feminicidio-en-sevilla-muerte-de-mujer-bajo-sospecha-de-violencia-machista\/#breadcrumb\"},\"inLanguage\":\"es-AR\",\"potentialAction\":[{\"@type\":\"ReadAction\",\"target\":[\"https:\/\/www.diario21.tv\/noticias\/investigacion-de-feminicidio-en-sevilla-muerte-de-mujer-bajo-sospecha-de-violencia-machista\/\"]}]},{\"@type\":\"ImageObject\",\"inLanguage\":\"es-AR\",\"@id\":\"https:\/\/www.diario21.tv\/noticias\/investigacion-de-feminicidio-en-sevilla-muerte-de-mujer-bajo-sospecha-de-violencia-machista\/#primaryimage\",\"url\":\"https:\/\/www.diario21.tv\/noticias\/wp-content\/uploads\/2025\/12\/Investigacion-de-feminicidio-en-Sevilla-Muerte-de-mujer-bajo-sospecha.png\",\"contentUrl\":\"https:\/\/www.diario21.tv\/noticias\/wp-content\/uploads\/2025\/12\/Investigacion-de-feminicidio-en-Sevilla-Muerte-de-mujer-bajo-sospecha.png\",\"width\":800,\"height\":560,\"caption\":\"Investigan como violencia machista la muerte de una mujer en Sevilla\"},{\"@type\":\"BreadcrumbList\",\"@id\":\"https:\/\/www.diario21.tv\/noticias\/investigacion-de-feminicidio-en-sevilla-muerte-de-mujer-bajo-sospecha-de-violencia-machista\/#breadcrumb\",\"itemListElement\":[{\"@type\":\"ListItem\",\"position\":1,\"name\":\"Accueil\",\"item\":\"https:\/\/www.diario21.tv\/noticias\/\"},{\"@type\":\"ListItem\",\"position\":2,\"name\":\"Investigaci\u00f3n de feminicidio en Sevilla: Muerte de mujer bajo sospecha de violencia machista\"}]},{\"@type\":\"WebSite\",\"@id\":\"https:\/\/www.diario21.tv\/noticias\/#website\",\"url\":\"https:\/\/www.diario21.tv\/noticias\/\",\"name\":\"Diario 21\",\"description\":\"\",\"potentialAction\":[{\"@type\":\"SearchAction\",\"target\":{\"@type\":\"EntryPoint\",\"urlTemplate\":\"https:\/\/www.diario21.tv\/noticias\/?s={search_term_string}\"},\"query-input\":{\"@type\":\"PropertyValueSpecification\",\"valueRequired\":true,\"valueName\":\"search_term_string\"}}],\"inLanguage\":\"es-AR\"},{\"@type\":\"Person\",\"@id\":\"https:\/\/www.diario21.tv\/noticias\/#\/schema\/person\/dfb778f73814d8f09f302618446a526b\",\"name\":\"Juan P\u00e9rez\",\"image\":{\"@type\":\"ImageObject\",\"inLanguage\":\"es-AR\",\"@id\":\"https:\/\/www.diario21.tv\/noticias\/#\/schema\/person\/image\/\",\"url\":\"https:\/\/secure.gravatar.com\/avatar\/c478a405bd10621167f4c3167cc770f5?s=96&d=mm&r=g\",\"contentUrl\":\"https:\/\/secure.gravatar.com\/avatar\/c478a405bd10621167f4c3167cc770f5?s=96&d=mm&r=g\",\"caption\":\"Juan P\u00e9rez\"},\"description\":\"Juan P\u00e9rez es el redactor en jefe de Diario 21. Con m\u00e1s de 10 a\u00f1os de experiencia en el periodismo, se especializa en pol\u00edtica nacional y an\u00e1lisis socioecon\u00f3mico. Su enfoque cr\u00edtico y riguroso aporta una perspectiva \u00fanica a cada art\u00edculo.\",\"sameAs\":[\"https:\/\/www.diario21.tv\/noticias\/\"],\"url\":\"https:\/\/www.diario21.tv\/noticias\/author\/juan-perez\/\"}]}<\/script>\n<!-- \/ Yoast SEO plugin. -->","yoast_head_json":{"title":"Investigaci\u00f3n de feminicidio en Sevilla: Muerte de mujer bajo sospecha de violencia machista - Diario 21","robots":{"index":"index","follow":"follow","max-snippet":"max-snippet:-1","max-image-preview":"max-image-preview:large","max-video-preview":"max-video-preview:-1"},"canonical":"https:\/\/www.diario21.tv\/noticias\/investigacion-de-feminicidio-en-sevilla-muerte-de-mujer-bajo-sospecha-de-violencia-machista\/","og_locale":"es_ES","og_type":"article","og_title":"Investigaci\u00f3n de feminicidio en Sevilla: Muerte de mujer bajo sospecha de violencia machista - Diario 21","og_description":"Indagaciones en torno a un posible caso de feminicidio tras el fallecimiento de una mujer en Sevilla Las autoridades espa\u00f1olas est\u00e1n investigando la reciente muerte de ... Seguir leyendo &rarr;","og_url":"https:\/\/www.diario21.tv\/noticias\/investigacion-de-feminicidio-en-sevilla-muerte-de-mujer-bajo-sospecha-de-violencia-machista\/","og_site_name":"Diario 21","article_published_time":"2025-12-10T14:58:01+00:00","article_modified_time":"2025-12-10T14:58:03+00:00","og_image":[{"width":800,"height":560,"url":"https:\/\/www.diario21.tv\/noticias\/wp-content\/uploads\/2025\/12\/Investigacion-de-feminicidio-en-Sevilla-Muerte-de-mujer-bajo-sospecha.png","type":"image\/png"}],"author":"Juan P\u00e9rez","twitter_card":"summary_large_image","twitter_misc":{"Escrito por":"Juan P\u00e9rez","Tiempo de lectura":"2 minutos"},"schema":{"@context":"https:\/\/schema.org","@graph":[{"@type":"WebPage","@id":"https:\/\/www.diario21.tv\/noticias\/investigacion-de-feminicidio-en-sevilla-muerte-de-mujer-bajo-sospecha-de-violencia-machista\/","url":"https:\/\/www.diario21.tv\/noticias\/investigacion-de-feminicidio-en-sevilla-muerte-de-mujer-bajo-sospecha-de-violencia-machista\/","name":"Investigaci\u00f3n de feminicidio en Sevilla: Muerte de mujer bajo sospecha de violencia machista - Diario 21","isPartOf":{"@id":"https:\/\/www.diario21.tv\/noticias\/#website"},"primaryImageOfPage":{"@id":"https:\/\/www.diario21.tv\/noticias\/investigacion-de-feminicidio-en-sevilla-muerte-de-mujer-bajo-sospecha-de-violencia-machista\/#primaryimage"},"image":{"@id":"https:\/\/www.diario21.tv\/noticias\/investigacion-de-feminicidio-en-sevilla-muerte-de-mujer-bajo-sospecha-de-violencia-machista\/#primaryimage"},"thumbnailUrl":"https:\/\/www.diario21.tv\/noticias\/wp-content\/uploads\/2025\/12\/Investigacion-de-feminicidio-en-Sevilla-Muerte-de-mujer-bajo-sospecha.png","datePublished":"2025-12-10T14:58:01+00:00","dateModified":"2025-12-10T14:58:03+00:00","author":{"@id":"https:\/\/www.diario21.tv\/noticias\/#\/schema\/person\/dfb778f73814d8f09f302618446a526b"},"breadcrumb":{"@id":"https:\/\/www.diario21.tv\/noticias\/investigacion-de-feminicidio-en-sevilla-muerte-de-mujer-bajo-sospecha-de-violencia-machista\/#breadcrumb"},"inLanguage":"es-AR","potentialAction":[{"@type":"ReadAction","target":["https:\/\/www.diario21.tv\/noticias\/investigacion-de-feminicidio-en-sevilla-muerte-de-mujer-bajo-sospecha-de-violencia-machista\/"]}]},{"@type":"ImageObject","inLanguage":"es-AR","@id":"https:\/\/www.diario21.tv\/noticias\/investigacion-de-feminicidio-en-sevilla-muerte-de-mujer-bajo-sospecha-de-violencia-machista\/#primaryimage","url":"https:\/\/www.diario21.tv\/noticias\/wp-content\/uploads\/2025\/12\/Investigacion-de-feminicidio-en-Sevilla-Muerte-de-mujer-bajo-sospecha.png","contentUrl":"https:\/\/www.diario21.tv\/noticias\/wp-content\/uploads\/2025\/12\/Investigacion-de-feminicidio-en-Sevilla-Muerte-de-mujer-bajo-sospecha.png","width":800,"height":560,"caption":"Investigan como violencia machista la muerte de una mujer en Sevilla"},{"@type":"BreadcrumbList","@id":"https:\/\/www.diario21.tv\/noticias\/investigacion-de-feminicidio-en-sevilla-muerte-de-mujer-bajo-sospecha-de-violencia-machista\/#breadcrumb","itemListElement":[{"@type":"ListItem","position":1,"name":"Accueil","item":"https:\/\/www.diario21.tv\/noticias\/"},{"@type":"ListItem","position":2,"name":"Investigaci\u00f3n de feminicidio en Sevilla: Muerte de mujer bajo sospecha de violencia machista"}]},{"@type":"WebSite","@id":"https:\/\/www.diario21.tv\/noticias\/#website","url":"https:\/\/www.diario21.tv\/noticias\/","name":"Diario 21","description":"","potentialAction":[{"@type":"SearchAction","target":{"@type":"EntryPoint","urlTemplate":"https:\/\/www.diario21.tv\/noticias\/?s={search_term_string}"},"query-input":{"@type":"PropertyValueSpecification","valueRequired":true,"valueName":"search_term_string"}}],"inLanguage":"es-AR"},{"@type":"Person","@id":"https:\/\/www.diario21.tv\/noticias\/#\/schema\/person\/dfb778f73814d8f09f302618446a526b","name":"Juan P\u00e9rez","image":{"@type":"ImageObject","inLanguage":"es-AR","@id":"https:\/\/www.diario21.tv\/noticias\/#\/schema\/person\/image\/","url":"https:\/\/secure.gravatar.com\/avatar\/c478a405bd10621167f4c3167cc770f5?s=96&d=mm&r=g","contentUrl":"https:\/\/secure.gravatar.com\/avatar\/c478a405bd10621167f4c3167cc770f5?s=96&d=mm&r=g","caption":"Juan P\u00e9rez"},"description":"Juan P\u00e9rez es el redactor en jefe de Diario 21. Con m\u00e1s de 10 a\u00f1os de experiencia en el periodismo, se especializa en pol\u00edtica nacional y an\u00e1lisis socioecon\u00f3mico. Su enfoque cr\u00edtico y riguroso aporta una perspectiva \u00fanica a cada art\u00edculo.","sameAs":["https:\/\/www.diario21.tv\/noticias\/"],"url":"https:\/\/www.diario21.tv\/noticias\/author\/juan-perez\/"}]}},"_links":{"self":[{"href":"https:\/\/www.diario21.tv\/noticias\/wp-json\/wp\/v2\/posts\/5481"}],"collection":[{"href":"https:\/\/www.diario21.tv\/noticias\/wp-json\/wp\/v2\/posts"}],"about":[{"href":"https:\/\/www.diario21.tv\/noticias\/wp-json\/wp\/v2\/types\/post"}],"author":[{"embeddable":true,"href":"https:\/\/www.diario21.tv\/noticias\/wp-json\/wp\/v2\/users\/20"}],"replies":[{"embeddable":true,"href":"https:\/\/www.diario21.tv\/noticias\/wp-json\/wp\/v2\/comments?post=5481"}],"version-history":[{"count":1,"href":"https:\/\/www.diario21.tv\/noticias\/wp-json\/wp\/v2\/posts\/5481\/revisions"}],"predecessor-version":[{"id":5483,"href":"https:\/\/www.diario21.tv\/noticias\/wp-json\/wp\/v2\/posts\/5481\/revisions\/5483"}],"wp:featuredmedia":[{"embeddable":true,"href":"https:\/\/www.diario21.tv\/noticias\/wp-json\/wp\/v2\/media\/5482"}],"wp:attachment":[{"href":"https:\/\/www.diario21.tv\/noticias\/wp-json\/wp\/v2\/media?parent=5481"}],"wp:term":[{"taxonomy":"category","embeddable":true,"href":"https:\/\/www.diario21.tv\/noticias\/wp-json\/wp\/v2\/categories?post=5481"},{"taxonomy":"post_tag","embeddable":true,"href":"https:\/\/www.diario21.tv\/noticias\/wp-json\/wp\/v2\/tags?post=5481"}],"curies":[{"name":"wp","href":"https:\/\/api.w.org\/{rel}","templated":true}]}}