{"id":5439,"date":"2025-12-06T20:36:45","date_gmt":"2025-12-06T20:36:45","guid":{"rendered":"https:\/\/www.diario21.tv\/noticias\/nina-de-4-anos-sale-del-hospital-tras-incidente-en-clinica-dental-de-valencia-bajo-investigacion\/"},"modified":"2025-12-06T20:36:46","modified_gmt":"2025-12-06T20:36:46","slug":"nina-de-4-anos-sale-del-hospital-tras-incidente-en-clinica-dental-de-valencia-bajo-investigacion","status":"publish","type":"post","link":"https:\/\/www.diario21.tv\/noticias\/nina-de-4-anos-sale-del-hospital-tras-incidente-en-clinica-dental-de-valencia-bajo-investigacion\/","title":{"rendered":"Ni\u00f1a de 4 a\u00f1os sale del hospital tras incidente en cl\u00ednica dental de Valencia bajo investigaci\u00f3n."},"content":{"rendered":"<h2>La peque\u00f1a de cuatro a\u00f1os es dada de alta tras su estancia en el hospital<\/h2>\n<p>Una ni\u00f1a de cuatro a\u00f1os, que hab\u00eda sido ingresada en un hospital tras recibir tratamiento en una cl\u00ednica dental de Valencia que est\u00e1 siendo investigada debido a un fallecimiento, ha sido dada de alta recientemente. La menor hab\u00eda estado bajo cuidados m\u00e9dicos intensivos para tratar las complicaciones derivadas de un procedimiento dental.<\/p>\n<h2>Investigaci\u00f3n en curso en la cl\u00ednica dental<\/h2>\n<p>La cl\u00ednica dental donde fue tratada la ni\u00f1a se encuentra actualmente bajo investigaci\u00f3n por un caso de muerte que podr\u00eda estar relacionado con las pr\u00e1cticas del establecimiento. Autoridades sanitarias y policiales est\u00e1n llevando a cabo investigaciones para determinar la causa del fallecimiento y evaluar la seguridad de los procedimientos aplicados en la cl\u00ednica.<\/p>\n<h2>La comunidad reacciona<\/h2>\n<p>La noticia del alta hospitalaria de la ni\u00f1a ha sido recibida con alivio por parte de la comunidad local, mientras que la investigaci\u00f3n sobre la cl\u00ednica dental ha generado preocupaci\u00f3n entre los residentes de Valencia. Muchos ciudadanos est\u00e1n pidiendo m\u00e1s regulaci\u00f3n y supervisi\u00f3n en las cl\u00ednicas dentales para asegurar que tales incidentes no se repitan.<\/p>\n<h2>Implicaciones para la cl\u00ednica dental<\/h2>\n<p>Dependiendo de los resultados de la investigaci\u00f3n, la cl\u00ednica podr\u00eda enfrentarse a sanciones legales, incluyendo la posibilidad de cierre si se demuestra negligencia o malas pr\u00e1cticas. Este caso ha puesto de relieve la importancia de adherirse a los est\u00e1ndares m\u00e9dicos y de tener personal calificado y bien entrenado en todas las instalaciones de salud.<\/p>\n<h2>Seguridad en los tratamientos dentales<\/h2>\n<p>Este incidente ha suscitado un debate sobre la seguridad en los tratamientos dentales y la necesidad de garantizar que todos los procedimientos se realicen conforme a las normativas de salud vigentes. Adem\u00e1s, ha destacado la importancia de que los padres est\u00e9n bien informados sobre los tratamientos que recibir\u00e1n sus hijos.<\/p>\n<h2>Conclusi\u00f3n<\/h2>\n<p>La salida de la ni\u00f1a del hospital marca un momento de alivio para su familia, pero tambi\u00e9n subraya la necesidad de continuar con las investigaciones para asegurar la integridad de las pr\u00e1cticas dentales en la regi\u00f3n. La comunidad espera que este caso sirva para mejorar los controles y la seguridad en las cl\u00ednicas dentales para proteger a otros pacientes en el futuro.<\/p>\n\n\n<div class=\"kk-star-ratings kksr-auto kksr-align-left kksr-valign-bottom\"\n    data-payload='{&quot;align&quot;:&quot;left&quot;,&quot;id&quot;:&quot;5439&quot;,&quot;slug&quot;:&quot;default&quot;,&quot;valign&quot;:&quot;bottom&quot;,&quot;ignore&quot;:&quot;&quot;,&quot;reference&quot;:&quot;auto&quot;,&quot;class&quot;:&quot;&quot;,&quot;count&quot;:&quot;0&quot;,&quot;legendonly&quot;:&quot;&quot;,&quot;readonly&quot;:&quot;&quot;,&quot;score&quot;:&quot;0&quot;,&quot;starsonly&quot;:&quot;&quot;,&quot;best&quot;:&quot;5&quot;,&quot;gap&quot;:&quot;5&quot;,&quot;greet&quot;:&quot;Valora este post&quot;,&quot;legend&quot;:&quot;0\\\/5 - (0 votes)&quot;,&quot;size&quot;:&quot;22&quot;,&quot;title&quot;:&quot;Ni\u00f1a de 4 a\u00f1os sale del hospital tras incidente en cl\u00ednica dental de Valencia bajo investigaci\u00f3n.&quot;,&quot;width&quot;:&quot;0&quot;,&quot;_legend&quot;:&quot;{score}\\\/{best} - ({count} {votes})&quot;,&quot;font_factor&quot;:&quot;1.25&quot;}'>\n            \n<div class=\"kksr-stars\">\n    \n<div class=\"kksr-stars-inactive\">\n            <div class=\"kksr-star\" data-star=\"1\" style=\"padding-right: 5px\">\n            \n\n<div class=\"kksr-icon\" style=\"width: 22px; height: 22px;\"><\/div>\n        <\/div>\n            <div class=\"kksr-star\" data-star=\"2\" style=\"padding-right: 5px\">\n            \n\n<div class=\"kksr-icon\" style=\"width: 22px; height: 22px;\"><\/div>\n        <\/div>\n            <div class=\"kksr-star\" data-star=\"3\" style=\"padding-right: 5px\">\n            \n\n<div class=\"kksr-icon\" style=\"width: 22px; height: 22px;\"><\/div>\n        <\/div>\n            <div class=\"kksr-star\" data-star=\"4\" style=\"padding-right: 5px\">\n            \n\n<div class=\"kksr-icon\" style=\"width: 22px; height: 22px;\"><\/div>\n        <\/div>\n            <div class=\"kksr-star\" data-star=\"5\" style=\"padding-right: 5px\">\n            \n\n<div class=\"kksr-icon\" style=\"width: 22px; height: 22px;\"><\/div>\n        <\/div>\n    <\/div>\n    \n<div class=\"kksr-stars-active\" style=\"width: 0px;\">\n            <div class=\"kksr-star\" style=\"padding-right: 5px\">\n            \n\n<div class=\"kksr-icon\" style=\"width: 22px; height: 22px;\"><\/div>\n        <\/div>\n            <div class=\"kksr-star\" style=\"padding-right: 5px\">\n            \n\n<div class=\"kksr-icon\" style=\"width: 22px; height: 22px;\"><\/div>\n        <\/div>\n            <div class=\"kksr-star\" style=\"padding-right: 5px\">\n            \n\n<div class=\"kksr-icon\" style=\"width: 22px; height: 22px;\"><\/div>\n        <\/div>\n            <div class=\"kksr-star\" style=\"padding-right: 5px\">\n            \n\n<div class=\"kksr-icon\" style=\"width: 22px; height: 22px;\"><\/div>\n        <\/div>\n            <div class=\"kksr-star\" style=\"padding-right: 5px\">\n            \n\n<div class=\"kksr-icon\" style=\"width: 22px; height: 22px;\"><\/div>\n        <\/div>\n    <\/div>\n<\/div>\n                \n\n<div class=\"kksr-legend\" style=\"font-size: 17.6px;\">\n            <span class=\"kksr-muted\">Valora este post<\/span>\n    <\/div>\n    <\/div>\n","protected":false},"excerpt":{"rendered":"<p>La peque\u00f1a de cuatro a\u00f1os es dada de alta tras su estancia en el hospital Una ni\u00f1a de cuatro a\u00f1os, que hab\u00eda sido ingresada en un &#8230; <a title=\"Ni\u00f1a de 4 a\u00f1os sale del hospital tras incidente en cl\u00ednica dental de Valencia bajo investigaci\u00f3n.\" class=\"read-more\" href=\"https:\/\/www.diario21.tv\/noticias\/nina-de-4-anos-sale-del-hospital-tras-incidente-en-clinica-dental-de-valencia-bajo-investigacion\/\" aria-label=\"Leer m\u00e1s sobre Ni\u00f1a de 4 a\u00f1os sale del hospital tras incidente en cl\u00ednica dental de Valencia bajo investigaci\u00f3n.\">Seguir leyendo &rarr;<\/a><\/p>\n","protected":false},"author":20,"featured_media":5440,"comment_status":"open","ping_status":"open","sticky":false,"template":"","format":"standard","meta":{"footnotes":""},"categories":[13],"tags":[],"class_list":["post-5439","post","type-post","status-publish","format-standard","has-post-thumbnail","hentry","category-portada"],"yoast_head":"<!-- This site is optimized with the Yoast SEO plugin v25.6 - https:\/\/yoast.com\/wordpress\/plugins\/seo\/ -->\n<title>Ni\u00f1a de 4 a\u00f1os sale del hospital tras incidente en cl\u00ednica dental de Valencia bajo investigaci\u00f3n. - Diario 21<\/title>\n<meta name=\"robots\" content=\"index, follow, max-snippet:-1, max-image-preview:large, max-video-preview:-1\" \/>\n<link rel=\"canonical\" href=\"https:\/\/www.diario21.tv\/noticias\/nina-de-4-anos-sale-del-hospital-tras-incidente-en-clinica-dental-de-valencia-bajo-investigacion\/\" \/>\n<meta property=\"og:locale\" content=\"es_ES\" \/>\n<meta property=\"og:type\" content=\"article\" \/>\n<meta property=\"og:title\" content=\"Ni\u00f1a de 4 a\u00f1os sale del hospital tras incidente en cl\u00ednica dental de Valencia bajo investigaci\u00f3n. - Diario 21\" \/>\n<meta property=\"og:description\" content=\"La peque\u00f1a de cuatro a\u00f1os es dada de alta tras su estancia en el hospital Una ni\u00f1a de cuatro a\u00f1os, que hab\u00eda sido ingresada en un ... Seguir leyendo &rarr;\" \/>\n<meta property=\"og:url\" content=\"https:\/\/www.diario21.tv\/noticias\/nina-de-4-anos-sale-del-hospital-tras-incidente-en-clinica-dental-de-valencia-bajo-investigacion\/\" \/>\n<meta property=\"og:site_name\" content=\"Diario 21\" \/>\n<meta property=\"article:published_time\" content=\"2025-12-06T20:36:45+00:00\" \/>\n<meta property=\"article:modified_time\" content=\"2025-12-06T20:36:46+00:00\" \/>\n<meta property=\"og:image\" content=\"https:\/\/www.diario21.tv\/noticias\/wp-content\/uploads\/2025\/12\/Nina-de-4-anos-sale-del-hospital-tras-incidente-en.jpg\" \/>\n\t<meta property=\"og:image:width\" content=\"1200\" \/>\n\t<meta property=\"og:image:height\" content=\"840\" \/>\n\t<meta property=\"og:image:type\" content=\"image\/jpeg\" \/>\n<meta name=\"author\" content=\"Juan P\u00e9rez\" \/>\n<meta name=\"twitter:card\" content=\"summary_large_image\" \/>\n<meta name=\"twitter:label1\" content=\"Escrito por\" \/>\n\t<meta name=\"twitter:data1\" content=\"Juan P\u00e9rez\" \/>\n\t<meta name=\"twitter:label2\" content=\"Tiempo de lectura\" \/>\n\t<meta name=\"twitter:data2\" content=\"2 minutos\" \/>\n<script type=\"application\/ld+json\" class=\"yoast-schema-graph\">{\"@context\":\"https:\/\/schema.org\",\"@graph\":[{\"@type\":\"WebPage\",\"@id\":\"https:\/\/www.diario21.tv\/noticias\/nina-de-4-anos-sale-del-hospital-tras-incidente-en-clinica-dental-de-valencia-bajo-investigacion\/\",\"url\":\"https:\/\/www.diario21.tv\/noticias\/nina-de-4-anos-sale-del-hospital-tras-incidente-en-clinica-dental-de-valencia-bajo-investigacion\/\",\"name\":\"Ni\u00f1a de 4 a\u00f1os sale del hospital tras incidente en cl\u00ednica dental de Valencia bajo investigaci\u00f3n. - Diario 21\",\"isPartOf\":{\"@id\":\"https:\/\/www.diario21.tv\/noticias\/#website\"},\"primaryImageOfPage\":{\"@id\":\"https:\/\/www.diario21.tv\/noticias\/nina-de-4-anos-sale-del-hospital-tras-incidente-en-clinica-dental-de-valencia-bajo-investigacion\/#primaryimage\"},\"image\":{\"@id\":\"https:\/\/www.diario21.tv\/noticias\/nina-de-4-anos-sale-del-hospital-tras-incidente-en-clinica-dental-de-valencia-bajo-investigacion\/#primaryimage\"},\"thumbnailUrl\":\"https:\/\/www.diario21.tv\/noticias\/wp-content\/uploads\/2025\/12\/Nina-de-4-anos-sale-del-hospital-tras-incidente-en.jpg\",\"datePublished\":\"2025-12-06T20:36:45+00:00\",\"dateModified\":\"2025-12-06T20:36:46+00:00\",\"author\":{\"@id\":\"https:\/\/www.diario21.tv\/noticias\/#\/schema\/person\/dfb778f73814d8f09f302618446a526b\"},\"breadcrumb\":{\"@id\":\"https:\/\/www.diario21.tv\/noticias\/nina-de-4-anos-sale-del-hospital-tras-incidente-en-clinica-dental-de-valencia-bajo-investigacion\/#breadcrumb\"},\"inLanguage\":\"es-AR\",\"potentialAction\":[{\"@type\":\"ReadAction\",\"target\":[\"https:\/\/www.diario21.tv\/noticias\/nina-de-4-anos-sale-del-hospital-tras-incidente-en-clinica-dental-de-valencia-bajo-investigacion\/\"]}]},{\"@type\":\"ImageObject\",\"inLanguage\":\"es-AR\",\"@id\":\"https:\/\/www.diario21.tv\/noticias\/nina-de-4-anos-sale-del-hospital-tras-incidente-en-clinica-dental-de-valencia-bajo-investigacion\/#primaryimage\",\"url\":\"https:\/\/www.diario21.tv\/noticias\/wp-content\/uploads\/2025\/12\/Nina-de-4-anos-sale-del-hospital-tras-incidente-en.jpg\",\"contentUrl\":\"https:\/\/www.diario21.tv\/noticias\/wp-content\/uploads\/2025\/12\/Nina-de-4-anos-sale-del-hospital-tras-incidente-en.jpg\",\"width\":1200,\"height\":840,\"caption\":\"Sale del hospital la ni\u00f1a de cuatro a\u00f1os atendida en la cl\u00ednica dental de Valencia investigada por una muerte\"},{\"@type\":\"BreadcrumbList\",\"@id\":\"https:\/\/www.diario21.tv\/noticias\/nina-de-4-anos-sale-del-hospital-tras-incidente-en-clinica-dental-de-valencia-bajo-investigacion\/#breadcrumb\",\"itemListElement\":[{\"@type\":\"ListItem\",\"position\":1,\"name\":\"Accueil\",\"item\":\"https:\/\/www.diario21.tv\/noticias\/\"},{\"@type\":\"ListItem\",\"position\":2,\"name\":\"Ni\u00f1a de 4 a\u00f1os sale del hospital tras incidente en cl\u00ednica dental de Valencia bajo investigaci\u00f3n.\"}]},{\"@type\":\"WebSite\",\"@id\":\"https:\/\/www.diario21.tv\/noticias\/#website\",\"url\":\"https:\/\/www.diario21.tv\/noticias\/\",\"name\":\"Diario 21\",\"description\":\"\",\"potentialAction\":[{\"@type\":\"SearchAction\",\"target\":{\"@type\":\"EntryPoint\",\"urlTemplate\":\"https:\/\/www.diario21.tv\/noticias\/?s={search_term_string}\"},\"query-input\":{\"@type\":\"PropertyValueSpecification\",\"valueRequired\":true,\"valueName\":\"search_term_string\"}}],\"inLanguage\":\"es-AR\"},{\"@type\":\"Person\",\"@id\":\"https:\/\/www.diario21.tv\/noticias\/#\/schema\/person\/dfb778f73814d8f09f302618446a526b\",\"name\":\"Juan P\u00e9rez\",\"image\":{\"@type\":\"ImageObject\",\"inLanguage\":\"es-AR\",\"@id\":\"https:\/\/www.diario21.tv\/noticias\/#\/schema\/person\/image\/\",\"url\":\"https:\/\/secure.gravatar.com\/avatar\/c478a405bd10621167f4c3167cc770f5?s=96&d=mm&r=g\",\"contentUrl\":\"https:\/\/secure.gravatar.com\/avatar\/c478a405bd10621167f4c3167cc770f5?s=96&d=mm&r=g\",\"caption\":\"Juan P\u00e9rez\"},\"description\":\"Juan P\u00e9rez es el redactor en jefe de Diario 21. Con m\u00e1s de 10 a\u00f1os de experiencia en el periodismo, se especializa en pol\u00edtica nacional y an\u00e1lisis socioecon\u00f3mico. Su enfoque cr\u00edtico y riguroso aporta una perspectiva \u00fanica a cada art\u00edculo.\",\"sameAs\":[\"https:\/\/www.diario21.tv\/noticias\/\"],\"url\":\"https:\/\/www.diario21.tv\/noticias\/author\/juan-perez\/\"}]}<\/script>\n<!-- \/ Yoast SEO plugin. -->","yoast_head_json":{"title":"Ni\u00f1a de 4 a\u00f1os sale del hospital tras incidente en cl\u00ednica dental de Valencia bajo investigaci\u00f3n. - Diario 21","robots":{"index":"index","follow":"follow","max-snippet":"max-snippet:-1","max-image-preview":"max-image-preview:large","max-video-preview":"max-video-preview:-1"},"canonical":"https:\/\/www.diario21.tv\/noticias\/nina-de-4-anos-sale-del-hospital-tras-incidente-en-clinica-dental-de-valencia-bajo-investigacion\/","og_locale":"es_ES","og_type":"article","og_title":"Ni\u00f1a de 4 a\u00f1os sale del hospital tras incidente en cl\u00ednica dental de Valencia bajo investigaci\u00f3n. - Diario 21","og_description":"La peque\u00f1a de cuatro a\u00f1os es dada de alta tras su estancia en el hospital Una ni\u00f1a de cuatro a\u00f1os, que hab\u00eda sido ingresada en un ... Seguir leyendo &rarr;","og_url":"https:\/\/www.diario21.tv\/noticias\/nina-de-4-anos-sale-del-hospital-tras-incidente-en-clinica-dental-de-valencia-bajo-investigacion\/","og_site_name":"Diario 21","article_published_time":"2025-12-06T20:36:45+00:00","article_modified_time":"2025-12-06T20:36:46+00:00","og_image":[{"width":1200,"height":840,"url":"https:\/\/www.diario21.tv\/noticias\/wp-content\/uploads\/2025\/12\/Nina-de-4-anos-sale-del-hospital-tras-incidente-en.jpg","type":"image\/jpeg"}],"author":"Juan P\u00e9rez","twitter_card":"summary_large_image","twitter_misc":{"Escrito por":"Juan P\u00e9rez","Tiempo de lectura":"2 minutos"},"schema":{"@context":"https:\/\/schema.org","@graph":[{"@type":"WebPage","@id":"https:\/\/www.diario21.tv\/noticias\/nina-de-4-anos-sale-del-hospital-tras-incidente-en-clinica-dental-de-valencia-bajo-investigacion\/","url":"https:\/\/www.diario21.tv\/noticias\/nina-de-4-anos-sale-del-hospital-tras-incidente-en-clinica-dental-de-valencia-bajo-investigacion\/","name":"Ni\u00f1a de 4 a\u00f1os sale del hospital tras incidente en cl\u00ednica dental de Valencia bajo investigaci\u00f3n. - Diario 21","isPartOf":{"@id":"https:\/\/www.diario21.tv\/noticias\/#website"},"primaryImageOfPage":{"@id":"https:\/\/www.diario21.tv\/noticias\/nina-de-4-anos-sale-del-hospital-tras-incidente-en-clinica-dental-de-valencia-bajo-investigacion\/#primaryimage"},"image":{"@id":"https:\/\/www.diario21.tv\/noticias\/nina-de-4-anos-sale-del-hospital-tras-incidente-en-clinica-dental-de-valencia-bajo-investigacion\/#primaryimage"},"thumbnailUrl":"https:\/\/www.diario21.tv\/noticias\/wp-content\/uploads\/2025\/12\/Nina-de-4-anos-sale-del-hospital-tras-incidente-en.jpg","datePublished":"2025-12-06T20:36:45+00:00","dateModified":"2025-12-06T20:36:46+00:00","author":{"@id":"https:\/\/www.diario21.tv\/noticias\/#\/schema\/person\/dfb778f73814d8f09f302618446a526b"},"breadcrumb":{"@id":"https:\/\/www.diario21.tv\/noticias\/nina-de-4-anos-sale-del-hospital-tras-incidente-en-clinica-dental-de-valencia-bajo-investigacion\/#breadcrumb"},"inLanguage":"es-AR","potentialAction":[{"@type":"ReadAction","target":["https:\/\/www.diario21.tv\/noticias\/nina-de-4-anos-sale-del-hospital-tras-incidente-en-clinica-dental-de-valencia-bajo-investigacion\/"]}]},{"@type":"ImageObject","inLanguage":"es-AR","@id":"https:\/\/www.diario21.tv\/noticias\/nina-de-4-anos-sale-del-hospital-tras-incidente-en-clinica-dental-de-valencia-bajo-investigacion\/#primaryimage","url":"https:\/\/www.diario21.tv\/noticias\/wp-content\/uploads\/2025\/12\/Nina-de-4-anos-sale-del-hospital-tras-incidente-en.jpg","contentUrl":"https:\/\/www.diario21.tv\/noticias\/wp-content\/uploads\/2025\/12\/Nina-de-4-anos-sale-del-hospital-tras-incidente-en.jpg","width":1200,"height":840,"caption":"Sale del hospital la ni\u00f1a de cuatro a\u00f1os atendida en la cl\u00ednica dental de Valencia investigada por una muerte"},{"@type":"BreadcrumbList","@id":"https:\/\/www.diario21.tv\/noticias\/nina-de-4-anos-sale-del-hospital-tras-incidente-en-clinica-dental-de-valencia-bajo-investigacion\/#breadcrumb","itemListElement":[{"@type":"ListItem","position":1,"name":"Accueil","item":"https:\/\/www.diario21.tv\/noticias\/"},{"@type":"ListItem","position":2,"name":"Ni\u00f1a de 4 a\u00f1os sale del hospital tras incidente en cl\u00ednica dental de Valencia bajo investigaci\u00f3n."}]},{"@type":"WebSite","@id":"https:\/\/www.diario21.tv\/noticias\/#website","url":"https:\/\/www.diario21.tv\/noticias\/","name":"Diario 21","description":"","potentialAction":[{"@type":"SearchAction","target":{"@type":"EntryPoint","urlTemplate":"https:\/\/www.diario21.tv\/noticias\/?s={search_term_string}"},"query-input":{"@type":"PropertyValueSpecification","valueRequired":true,"valueName":"search_term_string"}}],"inLanguage":"es-AR"},{"@type":"Person","@id":"https:\/\/www.diario21.tv\/noticias\/#\/schema\/person\/dfb778f73814d8f09f302618446a526b","name":"Juan P\u00e9rez","image":{"@type":"ImageObject","inLanguage":"es-AR","@id":"https:\/\/www.diario21.tv\/noticias\/#\/schema\/person\/image\/","url":"https:\/\/secure.gravatar.com\/avatar\/c478a405bd10621167f4c3167cc770f5?s=96&d=mm&r=g","contentUrl":"https:\/\/secure.gravatar.com\/avatar\/c478a405bd10621167f4c3167cc770f5?s=96&d=mm&r=g","caption":"Juan P\u00e9rez"},"description":"Juan P\u00e9rez es el redactor en jefe de Diario 21. Con m\u00e1s de 10 a\u00f1os de experiencia en el periodismo, se especializa en pol\u00edtica nacional y an\u00e1lisis socioecon\u00f3mico. Su enfoque cr\u00edtico y riguroso aporta una perspectiva \u00fanica a cada art\u00edculo.","sameAs":["https:\/\/www.diario21.tv\/noticias\/"],"url":"https:\/\/www.diario21.tv\/noticias\/author\/juan-perez\/"}]}},"_links":{"self":[{"href":"https:\/\/www.diario21.tv\/noticias\/wp-json\/wp\/v2\/posts\/5439"}],"collection":[{"href":"https:\/\/www.diario21.tv\/noticias\/wp-json\/wp\/v2\/posts"}],"about":[{"href":"https:\/\/www.diario21.tv\/noticias\/wp-json\/wp\/v2\/types\/post"}],"author":[{"embeddable":true,"href":"https:\/\/www.diario21.tv\/noticias\/wp-json\/wp\/v2\/users\/20"}],"replies":[{"embeddable":true,"href":"https:\/\/www.diario21.tv\/noticias\/wp-json\/wp\/v2\/comments?post=5439"}],"version-history":[{"count":1,"href":"https:\/\/www.diario21.tv\/noticias\/wp-json\/wp\/v2\/posts\/5439\/revisions"}],"predecessor-version":[{"id":5441,"href":"https:\/\/www.diario21.tv\/noticias\/wp-json\/wp\/v2\/posts\/5439\/revisions\/5441"}],"wp:featuredmedia":[{"embeddable":true,"href":"https:\/\/www.diario21.tv\/noticias\/wp-json\/wp\/v2\/media\/5440"}],"wp:attachment":[{"href":"https:\/\/www.diario21.tv\/noticias\/wp-json\/wp\/v2\/media?parent=5439"}],"wp:term":[{"taxonomy":"category","embeddable":true,"href":"https:\/\/www.diario21.tv\/noticias\/wp-json\/wp\/v2\/categories?post=5439"},{"taxonomy":"post_tag","embeddable":true,"href":"https:\/\/www.diario21.tv\/noticias\/wp-json\/wp\/v2\/tags?post=5439"}],"curies":[{"name":"wp","href":"https:\/\/api.w.org\/{rel}","templated":true}]}}