{"id":5436,"date":"2025-12-06T14:36:07","date_gmt":"2025-12-06T14:36:07","guid":{"rendered":"https:\/\/www.diario21.tv\/noticias\/alerta-en-toledo-ocho-personas-heridas-por-humo-tras-incendio-devastador\/"},"modified":"2025-12-06T14:36:08","modified_gmt":"2025-12-06T14:36:08","slug":"alerta-en-toledo-ocho-personas-heridas-por-humo-tras-incendio-devastador","status":"publish","type":"post","link":"https:\/\/www.diario21.tv\/noticias\/alerta-en-toledo-ocho-personas-heridas-por-humo-tras-incendio-devastador\/","title":{"rendered":"\u00a1Alerta en Toledo! Ocho personas heridas por humo tras incendio devastador"},"content":{"rendered":"<h2>Incidente de Incendio en Toledo Afecta a Ocho Personas por Inhalaci\u00f3n de Humo<\/h2>\n<p>En un reciente suceso ocurrido en Toledo, un incendio ha provocado lesiones leves a ocho individuos, quienes sufrieron inhalaci\u00f3n de humo. Este evento alarmante tuvo lugar en un edificio y gener\u00f3 una r\u00e1pida respuesta de los equipos de emergencia y servicios de salud.<\/p>\n<h3>Detalles del Incendio<\/h3>\n<p>El fuego se desat\u00f3 en una fecha reciente, y aunque las causas exactas a\u00fan est\u00e1n bajo investigaci\u00f3n, los primeros informes sugieren que pudo haber comenzado de manera accidental. Las llamas se propagaron r\u00e1pidamente, lo que atrap\u00f3 a varios residentes dentro del edificio.<\/p>\n<p>Los bomberos de Toledo llegaron prontamente al lugar, donde trabajaron arduamente para controlar y finalmente extinguir el fuego. Adem\u00e1s de los bomberos, equipos de param\u00e9dicos y polic\u00eda local tambi\u00e9n estuvieron presentes para asistir en la situaci\u00f3n y asegurar el \u00e1rea.<\/p>\n<h3>Respuesta M\u00e9dica y Estado de los Afectados<\/h3>\n<p>Los ocho afectados, tras ser rescatados, recibieron atenci\u00f3n inmediata en el lugar por inhalaci\u00f3n de humo antes de ser trasladados a un hospital cercano para una evaluaci\u00f3n m\u00e1s profunda. Afortunadamente, todos ellos est\u00e1n estables y se espera que se recuperen completamente sin sufrir efectos adversos a largo plazo.<\/p>\n<p>El hospital ha activado su protocolo de emergencia para garantizar que reciben el mejor cuidado posible y para manejar eficientemente el incremento temporal en pacientes.<\/p>\n<h3>Investigaci\u00f3n y Medidas de Seguridad<\/h3>\n<p>Las autoridades competentes han iniciado una investigaci\u00f3n completa para determinar la causa exacta del incendio y para identificar cualquier posible fallo en medidas de seguridad que pudiera haber contribuido al incidente. Este an\u00e1lisis ayudar\u00e1 a prevenir incidentes similares en el futuro y a mejorar los protocolos de seguridad en edificaciones similares.<\/p>\n<p>Adem\u00e1s, se est\u00e1 realizando una revisi\u00f3n de las normativas de seguridad contra incendios en el \u00e1rea para asegurar que todos los edificios cumplan con los est\u00e1ndares actuales y proporcionen un entorno seguro para sus ocupantes.<\/p>\n<p>Este incidente sirve como un recordatorio cr\u00edtico sobre la importancia de mantener y revisar regularmente los sistemas de seguridad y detecci\u00f3n de incendios en los hogares y lugares de trabajo. Tambi\u00e9n resalta la valent\u00eda y la importancia de los servicios de emergencia, cuya r\u00e1pida respuesta y profesionalismo salvaguardaron vidas y propiedades.<\/p>\n\n\n<div class=\"kk-star-ratings kksr-auto kksr-align-left kksr-valign-bottom\"\n    data-payload='{&quot;align&quot;:&quot;left&quot;,&quot;id&quot;:&quot;5436&quot;,&quot;slug&quot;:&quot;default&quot;,&quot;valign&quot;:&quot;bottom&quot;,&quot;ignore&quot;:&quot;&quot;,&quot;reference&quot;:&quot;auto&quot;,&quot;class&quot;:&quot;&quot;,&quot;count&quot;:&quot;0&quot;,&quot;legendonly&quot;:&quot;&quot;,&quot;readonly&quot;:&quot;&quot;,&quot;score&quot;:&quot;0&quot;,&quot;starsonly&quot;:&quot;&quot;,&quot;best&quot;:&quot;5&quot;,&quot;gap&quot;:&quot;5&quot;,&quot;greet&quot;:&quot;Valora este post&quot;,&quot;legend&quot;:&quot;0\\\/5 - (0 votes)&quot;,&quot;size&quot;:&quot;22&quot;,&quot;title&quot;:&quot;\u00a1Alerta en Toledo! Ocho personas heridas por humo tras incendio devastador&quot;,&quot;width&quot;:&quot;0&quot;,&quot;_legend&quot;:&quot;{score}\\\/{best} - ({count} {votes})&quot;,&quot;font_factor&quot;:&quot;1.25&quot;}'>\n            \n<div class=\"kksr-stars\">\n    \n<div class=\"kksr-stars-inactive\">\n            <div class=\"kksr-star\" data-star=\"1\" style=\"padding-right: 5px\">\n            \n\n<div class=\"kksr-icon\" style=\"width: 22px; height: 22px;\"><\/div>\n        <\/div>\n            <div class=\"kksr-star\" data-star=\"2\" style=\"padding-right: 5px\">\n            \n\n<div class=\"kksr-icon\" style=\"width: 22px; height: 22px;\"><\/div>\n        <\/div>\n            <div class=\"kksr-star\" data-star=\"3\" style=\"padding-right: 5px\">\n            \n\n<div class=\"kksr-icon\" style=\"width: 22px; height: 22px;\"><\/div>\n        <\/div>\n            <div class=\"kksr-star\" data-star=\"4\" style=\"padding-right: 5px\">\n            \n\n<div class=\"kksr-icon\" style=\"width: 22px; height: 22px;\"><\/div>\n        <\/div>\n            <div class=\"kksr-star\" data-star=\"5\" style=\"padding-right: 5px\">\n            \n\n<div class=\"kksr-icon\" style=\"width: 22px; height: 22px;\"><\/div>\n        <\/div>\n    <\/div>\n    \n<div class=\"kksr-stars-active\" style=\"width: 0px;\">\n            <div class=\"kksr-star\" style=\"padding-right: 5px\">\n            \n\n<div class=\"kksr-icon\" style=\"width: 22px; height: 22px;\"><\/div>\n        <\/div>\n            <div class=\"kksr-star\" style=\"padding-right: 5px\">\n            \n\n<div class=\"kksr-icon\" style=\"width: 22px; height: 22px;\"><\/div>\n        <\/div>\n            <div class=\"kksr-star\" style=\"padding-right: 5px\">\n            \n\n<div class=\"kksr-icon\" style=\"width: 22px; height: 22px;\"><\/div>\n        <\/div>\n            <div class=\"kksr-star\" style=\"padding-right: 5px\">\n            \n\n<div class=\"kksr-icon\" style=\"width: 22px; height: 22px;\"><\/div>\n        <\/div>\n            <div class=\"kksr-star\" style=\"padding-right: 5px\">\n            \n\n<div class=\"kksr-icon\" style=\"width: 22px; height: 22px;\"><\/div>\n        <\/div>\n    <\/div>\n<\/div>\n                \n\n<div class=\"kksr-legend\" style=\"font-size: 17.6px;\">\n            <span class=\"kksr-muted\">Valora este post<\/span>\n    <\/div>\n    <\/div>\n","protected":false},"excerpt":{"rendered":"<p>Incidente de Incendio en Toledo Afecta a Ocho Personas por Inhalaci\u00f3n de Humo En un reciente suceso ocurrido en Toledo, un incendio ha provocado lesiones leves &#8230; <a title=\"\u00a1Alerta en Toledo! Ocho personas heridas por humo tras incendio devastador\" class=\"read-more\" href=\"https:\/\/www.diario21.tv\/noticias\/alerta-en-toledo-ocho-personas-heridas-por-humo-tras-incendio-devastador\/\" aria-label=\"Leer m\u00e1s sobre \u00a1Alerta en Toledo! Ocho personas heridas por humo tras incendio devastador\">Seguir leyendo &rarr;<\/a><\/p>\n","protected":false},"author":20,"featured_media":5437,"comment_status":"open","ping_status":"open","sticky":false,"template":"","format":"standard","meta":{"footnotes":""},"categories":[13],"tags":[],"class_list":["post-5436","post","type-post","status-publish","format-standard","has-post-thumbnail","hentry","category-portada"],"yoast_head":"<!-- This site is optimized with the Yoast SEO plugin v25.6 - https:\/\/yoast.com\/wordpress\/plugins\/seo\/ -->\n<title>\u00a1Alerta en Toledo! Ocho personas heridas por humo tras incendio devastador - Diario 21<\/title>\n<meta name=\"robots\" content=\"index, follow, max-snippet:-1, max-image-preview:large, max-video-preview:-1\" \/>\n<link rel=\"canonical\" href=\"https:\/\/www.diario21.tv\/noticias\/alerta-en-toledo-ocho-personas-heridas-por-humo-tras-incendio-devastador\/\" \/>\n<meta property=\"og:locale\" content=\"es_ES\" \/>\n<meta property=\"og:type\" content=\"article\" \/>\n<meta property=\"og:title\" content=\"\u00a1Alerta en Toledo! Ocho personas heridas por humo tras incendio devastador - Diario 21\" \/>\n<meta property=\"og:description\" content=\"Incidente de Incendio en Toledo Afecta a Ocho Personas por Inhalaci\u00f3n de Humo En un reciente suceso ocurrido en Toledo, un incendio ha provocado lesiones leves ... Seguir leyendo &rarr;\" \/>\n<meta property=\"og:url\" content=\"https:\/\/www.diario21.tv\/noticias\/alerta-en-toledo-ocho-personas-heridas-por-humo-tras-incendio-devastador\/\" \/>\n<meta property=\"og:site_name\" content=\"Diario 21\" \/>\n<meta property=\"article:published_time\" content=\"2025-12-06T14:36:07+00:00\" \/>\n<meta property=\"article:modified_time\" content=\"2025-12-06T14:36:08+00:00\" \/>\n<meta property=\"og:image\" content=\"https:\/\/www.diario21.tv\/noticias\/wp-content\/uploads\/2025\/12\/\u00a1Alerta-en-Toledo-Ocho-personas-heridas-por-humo-tras-incendio.jpg\" \/>\n\t<meta property=\"og:image:width\" content=\"1200\" \/>\n\t<meta property=\"og:image:height\" content=\"840\" \/>\n\t<meta property=\"og:image:type\" content=\"image\/jpeg\" \/>\n<meta name=\"author\" content=\"Juan P\u00e9rez\" \/>\n<meta name=\"twitter:card\" content=\"summary_large_image\" \/>\n<meta name=\"twitter:label1\" content=\"Escrito por\" \/>\n\t<meta name=\"twitter:data1\" content=\"Juan P\u00e9rez\" \/>\n\t<meta name=\"twitter:label2\" content=\"Tiempo de lectura\" \/>\n\t<meta name=\"twitter:data2\" content=\"2 minutos\" \/>\n<script type=\"application\/ld+json\" class=\"yoast-schema-graph\">{\"@context\":\"https:\/\/schema.org\",\"@graph\":[{\"@type\":\"WebPage\",\"@id\":\"https:\/\/www.diario21.tv\/noticias\/alerta-en-toledo-ocho-personas-heridas-por-humo-tras-incendio-devastador\/\",\"url\":\"https:\/\/www.diario21.tv\/noticias\/alerta-en-toledo-ocho-personas-heridas-por-humo-tras-incendio-devastador\/\",\"name\":\"\u00a1Alerta en Toledo! Ocho personas heridas por humo tras incendio devastador - Diario 21\",\"isPartOf\":{\"@id\":\"https:\/\/www.diario21.tv\/noticias\/#website\"},\"primaryImageOfPage\":{\"@id\":\"https:\/\/www.diario21.tv\/noticias\/alerta-en-toledo-ocho-personas-heridas-por-humo-tras-incendio-devastador\/#primaryimage\"},\"image\":{\"@id\":\"https:\/\/www.diario21.tv\/noticias\/alerta-en-toledo-ocho-personas-heridas-por-humo-tras-incendio-devastador\/#primaryimage\"},\"thumbnailUrl\":\"https:\/\/www.diario21.tv\/noticias\/wp-content\/uploads\/2025\/12\/\u00a1Alerta-en-Toledo-Ocho-personas-heridas-por-humo-tras-incendio.jpg\",\"datePublished\":\"2025-12-06T14:36:07+00:00\",\"dateModified\":\"2025-12-06T14:36:08+00:00\",\"author\":{\"@id\":\"https:\/\/www.diario21.tv\/noticias\/#\/schema\/person\/dfb778f73814d8f09f302618446a526b\"},\"breadcrumb\":{\"@id\":\"https:\/\/www.diario21.tv\/noticias\/alerta-en-toledo-ocho-personas-heridas-por-humo-tras-incendio-devastador\/#breadcrumb\"},\"inLanguage\":\"es-AR\",\"potentialAction\":[{\"@type\":\"ReadAction\",\"target\":[\"https:\/\/www.diario21.tv\/noticias\/alerta-en-toledo-ocho-personas-heridas-por-humo-tras-incendio-devastador\/\"]}]},{\"@type\":\"ImageObject\",\"inLanguage\":\"es-AR\",\"@id\":\"https:\/\/www.diario21.tv\/noticias\/alerta-en-toledo-ocho-personas-heridas-por-humo-tras-incendio-devastador\/#primaryimage\",\"url\":\"https:\/\/www.diario21.tv\/noticias\/wp-content\/uploads\/2025\/12\/\u00a1Alerta-en-Toledo-Ocho-personas-heridas-por-humo-tras-incendio.jpg\",\"contentUrl\":\"https:\/\/www.diario21.tv\/noticias\/wp-content\/uploads\/2025\/12\/\u00a1Alerta-en-Toledo-Ocho-personas-heridas-por-humo-tras-incendio.jpg\",\"width\":1200,\"height\":840,\"caption\":\"Ocho heridos por inhalaci\u00f3n de humo en un incendio en Toledo\"},{\"@type\":\"BreadcrumbList\",\"@id\":\"https:\/\/www.diario21.tv\/noticias\/alerta-en-toledo-ocho-personas-heridas-por-humo-tras-incendio-devastador\/#breadcrumb\",\"itemListElement\":[{\"@type\":\"ListItem\",\"position\":1,\"name\":\"Accueil\",\"item\":\"https:\/\/www.diario21.tv\/noticias\/\"},{\"@type\":\"ListItem\",\"position\":2,\"name\":\"\u00a1Alerta en Toledo! Ocho personas heridas por humo tras incendio devastador\"}]},{\"@type\":\"WebSite\",\"@id\":\"https:\/\/www.diario21.tv\/noticias\/#website\",\"url\":\"https:\/\/www.diario21.tv\/noticias\/\",\"name\":\"Diario 21\",\"description\":\"\",\"potentialAction\":[{\"@type\":\"SearchAction\",\"target\":{\"@type\":\"EntryPoint\",\"urlTemplate\":\"https:\/\/www.diario21.tv\/noticias\/?s={search_term_string}\"},\"query-input\":{\"@type\":\"PropertyValueSpecification\",\"valueRequired\":true,\"valueName\":\"search_term_string\"}}],\"inLanguage\":\"es-AR\"},{\"@type\":\"Person\",\"@id\":\"https:\/\/www.diario21.tv\/noticias\/#\/schema\/person\/dfb778f73814d8f09f302618446a526b\",\"name\":\"Juan P\u00e9rez\",\"image\":{\"@type\":\"ImageObject\",\"inLanguage\":\"es-AR\",\"@id\":\"https:\/\/www.diario21.tv\/noticias\/#\/schema\/person\/image\/\",\"url\":\"https:\/\/secure.gravatar.com\/avatar\/c478a405bd10621167f4c3167cc770f5?s=96&d=mm&r=g\",\"contentUrl\":\"https:\/\/secure.gravatar.com\/avatar\/c478a405bd10621167f4c3167cc770f5?s=96&d=mm&r=g\",\"caption\":\"Juan P\u00e9rez\"},\"description\":\"Juan P\u00e9rez es el redactor en jefe de Diario 21. Con m\u00e1s de 10 a\u00f1os de experiencia en el periodismo, se especializa en pol\u00edtica nacional y an\u00e1lisis socioecon\u00f3mico. Su enfoque cr\u00edtico y riguroso aporta una perspectiva \u00fanica a cada art\u00edculo.\",\"sameAs\":[\"https:\/\/www.diario21.tv\/noticias\/\"],\"url\":\"https:\/\/www.diario21.tv\/noticias\/author\/juan-perez\/\"}]}<\/script>\n<!-- \/ Yoast SEO plugin. -->","yoast_head_json":{"title":"\u00a1Alerta en Toledo! Ocho personas heridas por humo tras incendio devastador - Diario 21","robots":{"index":"index","follow":"follow","max-snippet":"max-snippet:-1","max-image-preview":"max-image-preview:large","max-video-preview":"max-video-preview:-1"},"canonical":"https:\/\/www.diario21.tv\/noticias\/alerta-en-toledo-ocho-personas-heridas-por-humo-tras-incendio-devastador\/","og_locale":"es_ES","og_type":"article","og_title":"\u00a1Alerta en Toledo! Ocho personas heridas por humo tras incendio devastador - Diario 21","og_description":"Incidente de Incendio en Toledo Afecta a Ocho Personas por Inhalaci\u00f3n de Humo En un reciente suceso ocurrido en Toledo, un incendio ha provocado lesiones leves ... Seguir leyendo &rarr;","og_url":"https:\/\/www.diario21.tv\/noticias\/alerta-en-toledo-ocho-personas-heridas-por-humo-tras-incendio-devastador\/","og_site_name":"Diario 21","article_published_time":"2025-12-06T14:36:07+00:00","article_modified_time":"2025-12-06T14:36:08+00:00","og_image":[{"width":1200,"height":840,"url":"https:\/\/www.diario21.tv\/noticias\/wp-content\/uploads\/2025\/12\/\u00a1Alerta-en-Toledo-Ocho-personas-heridas-por-humo-tras-incendio.jpg","type":"image\/jpeg"}],"author":"Juan P\u00e9rez","twitter_card":"summary_large_image","twitter_misc":{"Escrito por":"Juan P\u00e9rez","Tiempo de lectura":"2 minutos"},"schema":{"@context":"https:\/\/schema.org","@graph":[{"@type":"WebPage","@id":"https:\/\/www.diario21.tv\/noticias\/alerta-en-toledo-ocho-personas-heridas-por-humo-tras-incendio-devastador\/","url":"https:\/\/www.diario21.tv\/noticias\/alerta-en-toledo-ocho-personas-heridas-por-humo-tras-incendio-devastador\/","name":"\u00a1Alerta en Toledo! Ocho personas heridas por humo tras incendio devastador - Diario 21","isPartOf":{"@id":"https:\/\/www.diario21.tv\/noticias\/#website"},"primaryImageOfPage":{"@id":"https:\/\/www.diario21.tv\/noticias\/alerta-en-toledo-ocho-personas-heridas-por-humo-tras-incendio-devastador\/#primaryimage"},"image":{"@id":"https:\/\/www.diario21.tv\/noticias\/alerta-en-toledo-ocho-personas-heridas-por-humo-tras-incendio-devastador\/#primaryimage"},"thumbnailUrl":"https:\/\/www.diario21.tv\/noticias\/wp-content\/uploads\/2025\/12\/\u00a1Alerta-en-Toledo-Ocho-personas-heridas-por-humo-tras-incendio.jpg","datePublished":"2025-12-06T14:36:07+00:00","dateModified":"2025-12-06T14:36:08+00:00","author":{"@id":"https:\/\/www.diario21.tv\/noticias\/#\/schema\/person\/dfb778f73814d8f09f302618446a526b"},"breadcrumb":{"@id":"https:\/\/www.diario21.tv\/noticias\/alerta-en-toledo-ocho-personas-heridas-por-humo-tras-incendio-devastador\/#breadcrumb"},"inLanguage":"es-AR","potentialAction":[{"@type":"ReadAction","target":["https:\/\/www.diario21.tv\/noticias\/alerta-en-toledo-ocho-personas-heridas-por-humo-tras-incendio-devastador\/"]}]},{"@type":"ImageObject","inLanguage":"es-AR","@id":"https:\/\/www.diario21.tv\/noticias\/alerta-en-toledo-ocho-personas-heridas-por-humo-tras-incendio-devastador\/#primaryimage","url":"https:\/\/www.diario21.tv\/noticias\/wp-content\/uploads\/2025\/12\/\u00a1Alerta-en-Toledo-Ocho-personas-heridas-por-humo-tras-incendio.jpg","contentUrl":"https:\/\/www.diario21.tv\/noticias\/wp-content\/uploads\/2025\/12\/\u00a1Alerta-en-Toledo-Ocho-personas-heridas-por-humo-tras-incendio.jpg","width":1200,"height":840,"caption":"Ocho heridos por inhalaci\u00f3n de humo en un incendio en Toledo"},{"@type":"BreadcrumbList","@id":"https:\/\/www.diario21.tv\/noticias\/alerta-en-toledo-ocho-personas-heridas-por-humo-tras-incendio-devastador\/#breadcrumb","itemListElement":[{"@type":"ListItem","position":1,"name":"Accueil","item":"https:\/\/www.diario21.tv\/noticias\/"},{"@type":"ListItem","position":2,"name":"\u00a1Alerta en Toledo! Ocho personas heridas por humo tras incendio devastador"}]},{"@type":"WebSite","@id":"https:\/\/www.diario21.tv\/noticias\/#website","url":"https:\/\/www.diario21.tv\/noticias\/","name":"Diario 21","description":"","potentialAction":[{"@type":"SearchAction","target":{"@type":"EntryPoint","urlTemplate":"https:\/\/www.diario21.tv\/noticias\/?s={search_term_string}"},"query-input":{"@type":"PropertyValueSpecification","valueRequired":true,"valueName":"search_term_string"}}],"inLanguage":"es-AR"},{"@type":"Person","@id":"https:\/\/www.diario21.tv\/noticias\/#\/schema\/person\/dfb778f73814d8f09f302618446a526b","name":"Juan P\u00e9rez","image":{"@type":"ImageObject","inLanguage":"es-AR","@id":"https:\/\/www.diario21.tv\/noticias\/#\/schema\/person\/image\/","url":"https:\/\/secure.gravatar.com\/avatar\/c478a405bd10621167f4c3167cc770f5?s=96&d=mm&r=g","contentUrl":"https:\/\/secure.gravatar.com\/avatar\/c478a405bd10621167f4c3167cc770f5?s=96&d=mm&r=g","caption":"Juan P\u00e9rez"},"description":"Juan P\u00e9rez es el redactor en jefe de Diario 21. Con m\u00e1s de 10 a\u00f1os de experiencia en el periodismo, se especializa en pol\u00edtica nacional y an\u00e1lisis socioecon\u00f3mico. Su enfoque cr\u00edtico y riguroso aporta una perspectiva \u00fanica a cada art\u00edculo.","sameAs":["https:\/\/www.diario21.tv\/noticias\/"],"url":"https:\/\/www.diario21.tv\/noticias\/author\/juan-perez\/"}]}},"_links":{"self":[{"href":"https:\/\/www.diario21.tv\/noticias\/wp-json\/wp\/v2\/posts\/5436"}],"collection":[{"href":"https:\/\/www.diario21.tv\/noticias\/wp-json\/wp\/v2\/posts"}],"about":[{"href":"https:\/\/www.diario21.tv\/noticias\/wp-json\/wp\/v2\/types\/post"}],"author":[{"embeddable":true,"href":"https:\/\/www.diario21.tv\/noticias\/wp-json\/wp\/v2\/users\/20"}],"replies":[{"embeddable":true,"href":"https:\/\/www.diario21.tv\/noticias\/wp-json\/wp\/v2\/comments?post=5436"}],"version-history":[{"count":1,"href":"https:\/\/www.diario21.tv\/noticias\/wp-json\/wp\/v2\/posts\/5436\/revisions"}],"predecessor-version":[{"id":5438,"href":"https:\/\/www.diario21.tv\/noticias\/wp-json\/wp\/v2\/posts\/5436\/revisions\/5438"}],"wp:featuredmedia":[{"embeddable":true,"href":"https:\/\/www.diario21.tv\/noticias\/wp-json\/wp\/v2\/media\/5437"}],"wp:attachment":[{"href":"https:\/\/www.diario21.tv\/noticias\/wp-json\/wp\/v2\/media?parent=5436"}],"wp:term":[{"taxonomy":"category","embeddable":true,"href":"https:\/\/www.diario21.tv\/noticias\/wp-json\/wp\/v2\/categories?post=5436"},{"taxonomy":"post_tag","embeddable":true,"href":"https:\/\/www.diario21.tv\/noticias\/wp-json\/wp\/v2\/tags?post=5436"}],"curies":[{"name":"wp","href":"https:\/\/api.w.org\/{rel}","templated":true}]}}