{"id":5427,"date":"2025-12-05T20:22:50","date_gmt":"2025-12-05T20:22:50","guid":{"rendered":"https:\/\/www.diario21.tv\/noticias\/espana-en-el-top-5-de-igualdad-de-genero-en-europa-descubre-mas\/"},"modified":"2025-12-05T20:22:51","modified_gmt":"2025-12-05T20:22:51","slug":"espana-en-el-top-5-de-igualdad-de-genero-en-europa-descubre-mas","status":"publish","type":"post","link":"https:\/\/www.diario21.tv\/noticias\/espana-en-el-top-5-de-igualdad-de-genero-en-europa-descubre-mas\/","title":{"rendered":"Espa\u00f1a en el top 5 de igualdad de g\u00e9nero en Europa \u00a1Descubre m\u00e1s!"},"content":{"rendered":"<h2>Posici\u00f3n de Espa\u00f1a en el \u00cdndice Europeo de Igualdad de G\u00e9nero<\/h2>\n<p>Espa\u00f1a ha alcanzado la cuarta posici\u00f3n en el reciente \u00edndice europeo que mide la igualdad de g\u00e9nero, destac\u00e1ndose como uno de los pa\u00edses l\u00edderes en esta \u00e1rea dentro del continente. Este \u00edndice eval\u00faa m\u00faltiples aspectos como la educaci\u00f3n, el empleo, la salud, el poder y la inclusi\u00f3n social para determinar c\u00f3mo los diferentes pa\u00edses est\u00e1n promoviendo la igualdad de g\u00e9nero.<\/p>\n<h3>Detalles del \u00cdndice de Igualdad de G\u00e9nero<\/h3>\n<p>El \u00edndice es elaborado anualmente y busca proporcionar una mirada detallada sobre la situaci\u00f3n de la igualdad de g\u00e9nero en Europa. Analiza varios indicadores que incluyen la participaci\u00f3n de las mujeres en el mercado laboral, su representaci\u00f3n en puestos de decisi\u00f3n pol\u00edtica y econ\u00f3mica, el acceso a la educaci\u00f3n y servicios de salud, y la protecci\u00f3n contra la violencia de g\u00e9nero.<\/p>\n<h3>Factores Clave en el Avance de Espa\u00f1a<\/h3>\n<p>Uno de los factores determinantes para que Espa\u00f1a haya escalado hasta el cuarto lugar ha sido su constante mejora en la participaci\u00f3n laboral de las mujeres, as\u00ed como en la reducci\u00f3n de la brecha salarial de g\u00e9nero. Adem\u00e1s, Espa\u00f1a ha hecho significativos avances en incrementar la presencia femenina en puestos pol\u00edticos y de liderazgo empresarial.<\/p>\n<h3>Desaf\u00edos Persisten<\/h3>\n<p>A pesar de sus logros, Espa\u00f1a a\u00fan enfrenta desaf\u00edos importantes en el camino hacia la igualdad de g\u00e9nero. La violencia de g\u00e9nero sigue siendo una preocupaci\u00f3n crucial, y las medidas para proteger a las mujeres y promover su bienestar son fundamentales. Adem\u00e1s, la igualdad de acceso a oportunidades de educaci\u00f3n superior y la conciliaci\u00f3n de la vida laboral con la personal son \u00e1reas que requieren atenci\u00f3n continua.<\/p>\n<h3>Comparaci\u00f3n con Otros Pa\u00edses Europeos<\/h3>\n<p>Mientras que Espa\u00f1a ocupa un lugar destacado, pa\u00edses como Suecia, Finlandia y Dinamarca siguen liderando el \u00edndice, gracias a sus pol\u00edticas progresistas y efectivas en materia de igualdad de g\u00e9nero. Estos pa\u00edses han establecido est\u00e1ndares altos en cuanto a la equidad de g\u00e9nero, especialmente en aspectos como el empoderamiento econ\u00f3mico y pol\u00edtico de las mujeres.<\/p>\n<h3>Conclusi\u00f3n<\/h3>\n<p>La posici\u00f3n de Espa\u00f1a en el \u00edndice europeo de igualdad de g\u00e9nero es un testimonio de los esfuerzos realizados y los progresos alcanzados. Sin embargo, el camino hacia la igualdad de g\u00e9nero es continuo y requiere de la implementaci\u00f3n constante de pol\u00edticas inclusivas y efectivas. La experiencia de otros l\u00edderes europeos en este campo puede servir de gu\u00eda y motivaci\u00f3n para seguir avanzando hacia una sociedad m\u00e1s equitativa.<\/p>\n\n\n<div class=\"kk-star-ratings kksr-auto kksr-align-left kksr-valign-bottom\"\n    data-payload='{&quot;align&quot;:&quot;left&quot;,&quot;id&quot;:&quot;5427&quot;,&quot;slug&quot;:&quot;default&quot;,&quot;valign&quot;:&quot;bottom&quot;,&quot;ignore&quot;:&quot;&quot;,&quot;reference&quot;:&quot;auto&quot;,&quot;class&quot;:&quot;&quot;,&quot;count&quot;:&quot;0&quot;,&quot;legendonly&quot;:&quot;&quot;,&quot;readonly&quot;:&quot;&quot;,&quot;score&quot;:&quot;0&quot;,&quot;starsonly&quot;:&quot;&quot;,&quot;best&quot;:&quot;5&quot;,&quot;gap&quot;:&quot;5&quot;,&quot;greet&quot;:&quot;Valora este post&quot;,&quot;legend&quot;:&quot;0\\\/5 - (0 votes)&quot;,&quot;size&quot;:&quot;22&quot;,&quot;title&quot;:&quot;Espa\u00f1a en el top 5 de igualdad de g\u00e9nero en Europa \u00a1Descubre m\u00e1s!&quot;,&quot;width&quot;:&quot;0&quot;,&quot;_legend&quot;:&quot;{score}\\\/{best} - ({count} {votes})&quot;,&quot;font_factor&quot;:&quot;1.25&quot;}'>\n            \n<div class=\"kksr-stars\">\n    \n<div class=\"kksr-stars-inactive\">\n            <div class=\"kksr-star\" data-star=\"1\" style=\"padding-right: 5px\">\n            \n\n<div class=\"kksr-icon\" style=\"width: 22px; height: 22px;\"><\/div>\n        <\/div>\n            <div class=\"kksr-star\" data-star=\"2\" style=\"padding-right: 5px\">\n            \n\n<div class=\"kksr-icon\" style=\"width: 22px; height: 22px;\"><\/div>\n        <\/div>\n            <div class=\"kksr-star\" data-star=\"3\" style=\"padding-right: 5px\">\n            \n\n<div class=\"kksr-icon\" style=\"width: 22px; height: 22px;\"><\/div>\n        <\/div>\n            <div class=\"kksr-star\" data-star=\"4\" style=\"padding-right: 5px\">\n            \n\n<div class=\"kksr-icon\" style=\"width: 22px; height: 22px;\"><\/div>\n        <\/div>\n            <div class=\"kksr-star\" data-star=\"5\" style=\"padding-right: 5px\">\n            \n\n<div class=\"kksr-icon\" style=\"width: 22px; height: 22px;\"><\/div>\n        <\/div>\n    <\/div>\n    \n<div class=\"kksr-stars-active\" style=\"width: 0px;\">\n            <div class=\"kksr-star\" style=\"padding-right: 5px\">\n            \n\n<div class=\"kksr-icon\" style=\"width: 22px; height: 22px;\"><\/div>\n        <\/div>\n            <div class=\"kksr-star\" style=\"padding-right: 5px\">\n            \n\n<div class=\"kksr-icon\" style=\"width: 22px; height: 22px;\"><\/div>\n        <\/div>\n            <div class=\"kksr-star\" style=\"padding-right: 5px\">\n            \n\n<div class=\"kksr-icon\" style=\"width: 22px; height: 22px;\"><\/div>\n        <\/div>\n            <div class=\"kksr-star\" style=\"padding-right: 5px\">\n            \n\n<div class=\"kksr-icon\" style=\"width: 22px; height: 22px;\"><\/div>\n        <\/div>\n            <div class=\"kksr-star\" style=\"padding-right: 5px\">\n            \n\n<div class=\"kksr-icon\" style=\"width: 22px; height: 22px;\"><\/div>\n        <\/div>\n    <\/div>\n<\/div>\n                \n\n<div class=\"kksr-legend\" style=\"font-size: 17.6px;\">\n            <span class=\"kksr-muted\">Valora este post<\/span>\n    <\/div>\n    <\/div>\n","protected":false},"excerpt":{"rendered":"<p>Posici\u00f3n de Espa\u00f1a en el \u00cdndice Europeo de Igualdad de G\u00e9nero Espa\u00f1a ha alcanzado la cuarta posici\u00f3n en el reciente \u00edndice europeo que mide la igualdad &#8230; <a title=\"Espa\u00f1a en el top 5 de igualdad de g\u00e9nero en Europa \u00a1Descubre m\u00e1s!\" class=\"read-more\" href=\"https:\/\/www.diario21.tv\/noticias\/espana-en-el-top-5-de-igualdad-de-genero-en-europa-descubre-mas\/\" aria-label=\"Leer m\u00e1s sobre Espa\u00f1a en el top 5 de igualdad de g\u00e9nero en Europa \u00a1Descubre m\u00e1s!\">Seguir leyendo &rarr;<\/a><\/p>\n","protected":false},"author":20,"featured_media":5428,"comment_status":"open","ping_status":"open","sticky":false,"template":"","format":"standard","meta":{"footnotes":""},"categories":[13],"tags":[],"class_list":["post-5427","post","type-post","status-publish","format-standard","has-post-thumbnail","hentry","category-portada"],"yoast_head":"<!-- This site is optimized with the Yoast SEO plugin v25.6 - https:\/\/yoast.com\/wordpress\/plugins\/seo\/ -->\n<title>Espa\u00f1a en el top 5 de igualdad de g\u00e9nero en Europa \u00a1Descubre m\u00e1s! - Diario 21<\/title>\n<meta name=\"robots\" content=\"index, follow, max-snippet:-1, max-image-preview:large, max-video-preview:-1\" \/>\n<link rel=\"canonical\" href=\"https:\/\/www.diario21.tv\/noticias\/espana-en-el-top-5-de-igualdad-de-genero-en-europa-descubre-mas\/\" \/>\n<meta property=\"og:locale\" content=\"es_ES\" \/>\n<meta property=\"og:type\" content=\"article\" \/>\n<meta property=\"og:title\" content=\"Espa\u00f1a en el top 5 de igualdad de g\u00e9nero en Europa \u00a1Descubre m\u00e1s! - Diario 21\" \/>\n<meta property=\"og:description\" content=\"Posici\u00f3n de Espa\u00f1a en el \u00cdndice Europeo de Igualdad de G\u00e9nero Espa\u00f1a ha alcanzado la cuarta posici\u00f3n en el reciente \u00edndice europeo que mide la igualdad ... Seguir leyendo &rarr;\" \/>\n<meta property=\"og:url\" content=\"https:\/\/www.diario21.tv\/noticias\/espana-en-el-top-5-de-igualdad-de-genero-en-europa-descubre-mas\/\" \/>\n<meta property=\"og:site_name\" content=\"Diario 21\" \/>\n<meta property=\"article:published_time\" content=\"2025-12-05T20:22:50+00:00\" \/>\n<meta property=\"article:modified_time\" content=\"2025-12-05T20:22:51+00:00\" \/>\n<meta property=\"og:image\" content=\"https:\/\/www.diario21.tv\/noticias\/wp-content\/uploads\/2025\/12\/Espana-en-el-top-5-de-igualdad-de-genero-en.JPG\" \/>\n\t<meta property=\"og:image:width\" content=\"1200\" \/>\n\t<meta property=\"og:image:height\" content=\"840\" \/>\n\t<meta property=\"og:image:type\" content=\"image\/jpeg\" \/>\n<meta name=\"author\" content=\"Juan P\u00e9rez\" \/>\n<meta name=\"twitter:card\" content=\"summary_large_image\" \/>\n<meta name=\"twitter:label1\" content=\"Escrito por\" \/>\n\t<meta name=\"twitter:data1\" content=\"Juan P\u00e9rez\" \/>\n\t<meta name=\"twitter:label2\" content=\"Tiempo de lectura\" \/>\n\t<meta name=\"twitter:data2\" content=\"2 minutos\" \/>\n<script type=\"application\/ld+json\" class=\"yoast-schema-graph\">{\"@context\":\"https:\/\/schema.org\",\"@graph\":[{\"@type\":\"WebPage\",\"@id\":\"https:\/\/www.diario21.tv\/noticias\/espana-en-el-top-5-de-igualdad-de-genero-en-europa-descubre-mas\/\",\"url\":\"https:\/\/www.diario21.tv\/noticias\/espana-en-el-top-5-de-igualdad-de-genero-en-europa-descubre-mas\/\",\"name\":\"Espa\u00f1a en el top 5 de igualdad de g\u00e9nero en Europa \u00a1Descubre m\u00e1s! - Diario 21\",\"isPartOf\":{\"@id\":\"https:\/\/www.diario21.tv\/noticias\/#website\"},\"primaryImageOfPage\":{\"@id\":\"https:\/\/www.diario21.tv\/noticias\/espana-en-el-top-5-de-igualdad-de-genero-en-europa-descubre-mas\/#primaryimage\"},\"image\":{\"@id\":\"https:\/\/www.diario21.tv\/noticias\/espana-en-el-top-5-de-igualdad-de-genero-en-europa-descubre-mas\/#primaryimage\"},\"thumbnailUrl\":\"https:\/\/www.diario21.tv\/noticias\/wp-content\/uploads\/2025\/12\/Espana-en-el-top-5-de-igualdad-de-genero-en.JPG\",\"datePublished\":\"2025-12-05T20:22:50+00:00\",\"dateModified\":\"2025-12-05T20:22:51+00:00\",\"author\":{\"@id\":\"https:\/\/www.diario21.tv\/noticias\/#\/schema\/person\/dfb778f73814d8f09f302618446a526b\"},\"breadcrumb\":{\"@id\":\"https:\/\/www.diario21.tv\/noticias\/espana-en-el-top-5-de-igualdad-de-genero-en-europa-descubre-mas\/#breadcrumb\"},\"inLanguage\":\"es-AR\",\"potentialAction\":[{\"@type\":\"ReadAction\",\"target\":[\"https:\/\/www.diario21.tv\/noticias\/espana-en-el-top-5-de-igualdad-de-genero-en-europa-descubre-mas\/\"]}]},{\"@type\":\"ImageObject\",\"inLanguage\":\"es-AR\",\"@id\":\"https:\/\/www.diario21.tv\/noticias\/espana-en-el-top-5-de-igualdad-de-genero-en-europa-descubre-mas\/#primaryimage\",\"url\":\"https:\/\/www.diario21.tv\/noticias\/wp-content\/uploads\/2025\/12\/Espana-en-el-top-5-de-igualdad-de-genero-en.JPG\",\"contentUrl\":\"https:\/\/www.diario21.tv\/noticias\/wp-content\/uploads\/2025\/12\/Espana-en-el-top-5-de-igualdad-de-genero-en.JPG\",\"width\":1200,\"height\":840,\"caption\":\"Espa\u00f1a ocupa el cuarto puesto del \u00edndice europeo de igualdad de genero\"},{\"@type\":\"BreadcrumbList\",\"@id\":\"https:\/\/www.diario21.tv\/noticias\/espana-en-el-top-5-de-igualdad-de-genero-en-europa-descubre-mas\/#breadcrumb\",\"itemListElement\":[{\"@type\":\"ListItem\",\"position\":1,\"name\":\"Accueil\",\"item\":\"https:\/\/www.diario21.tv\/noticias\/\"},{\"@type\":\"ListItem\",\"position\":2,\"name\":\"Espa\u00f1a en el top 5 de igualdad de g\u00e9nero en Europa \u00a1Descubre m\u00e1s!\"}]},{\"@type\":\"WebSite\",\"@id\":\"https:\/\/www.diario21.tv\/noticias\/#website\",\"url\":\"https:\/\/www.diario21.tv\/noticias\/\",\"name\":\"Diario 21\",\"description\":\"\",\"potentialAction\":[{\"@type\":\"SearchAction\",\"target\":{\"@type\":\"EntryPoint\",\"urlTemplate\":\"https:\/\/www.diario21.tv\/noticias\/?s={search_term_string}\"},\"query-input\":{\"@type\":\"PropertyValueSpecification\",\"valueRequired\":true,\"valueName\":\"search_term_string\"}}],\"inLanguage\":\"es-AR\"},{\"@type\":\"Person\",\"@id\":\"https:\/\/www.diario21.tv\/noticias\/#\/schema\/person\/dfb778f73814d8f09f302618446a526b\",\"name\":\"Juan P\u00e9rez\",\"image\":{\"@type\":\"ImageObject\",\"inLanguage\":\"es-AR\",\"@id\":\"https:\/\/www.diario21.tv\/noticias\/#\/schema\/person\/image\/\",\"url\":\"https:\/\/secure.gravatar.com\/avatar\/c478a405bd10621167f4c3167cc770f5?s=96&d=mm&r=g\",\"contentUrl\":\"https:\/\/secure.gravatar.com\/avatar\/c478a405bd10621167f4c3167cc770f5?s=96&d=mm&r=g\",\"caption\":\"Juan P\u00e9rez\"},\"description\":\"Juan P\u00e9rez es el redactor en jefe de Diario 21. Con m\u00e1s de 10 a\u00f1os de experiencia en el periodismo, se especializa en pol\u00edtica nacional y an\u00e1lisis socioecon\u00f3mico. Su enfoque cr\u00edtico y riguroso aporta una perspectiva \u00fanica a cada art\u00edculo.\",\"sameAs\":[\"https:\/\/www.diario21.tv\/noticias\/\"],\"url\":\"https:\/\/www.diario21.tv\/noticias\/author\/juan-perez\/\"}]}<\/script>\n<!-- \/ Yoast SEO plugin. -->","yoast_head_json":{"title":"Espa\u00f1a en el top 5 de igualdad de g\u00e9nero en Europa \u00a1Descubre m\u00e1s! - Diario 21","robots":{"index":"index","follow":"follow","max-snippet":"max-snippet:-1","max-image-preview":"max-image-preview:large","max-video-preview":"max-video-preview:-1"},"canonical":"https:\/\/www.diario21.tv\/noticias\/espana-en-el-top-5-de-igualdad-de-genero-en-europa-descubre-mas\/","og_locale":"es_ES","og_type":"article","og_title":"Espa\u00f1a en el top 5 de igualdad de g\u00e9nero en Europa \u00a1Descubre m\u00e1s! - Diario 21","og_description":"Posici\u00f3n de Espa\u00f1a en el \u00cdndice Europeo de Igualdad de G\u00e9nero Espa\u00f1a ha alcanzado la cuarta posici\u00f3n en el reciente \u00edndice europeo que mide la igualdad ... Seguir leyendo &rarr;","og_url":"https:\/\/www.diario21.tv\/noticias\/espana-en-el-top-5-de-igualdad-de-genero-en-europa-descubre-mas\/","og_site_name":"Diario 21","article_published_time":"2025-12-05T20:22:50+00:00","article_modified_time":"2025-12-05T20:22:51+00:00","og_image":[{"width":1200,"height":840,"url":"https:\/\/www.diario21.tv\/noticias\/wp-content\/uploads\/2025\/12\/Espana-en-el-top-5-de-igualdad-de-genero-en.JPG","type":"image\/jpeg"}],"author":"Juan P\u00e9rez","twitter_card":"summary_large_image","twitter_misc":{"Escrito por":"Juan P\u00e9rez","Tiempo de lectura":"2 minutos"},"schema":{"@context":"https:\/\/schema.org","@graph":[{"@type":"WebPage","@id":"https:\/\/www.diario21.tv\/noticias\/espana-en-el-top-5-de-igualdad-de-genero-en-europa-descubre-mas\/","url":"https:\/\/www.diario21.tv\/noticias\/espana-en-el-top-5-de-igualdad-de-genero-en-europa-descubre-mas\/","name":"Espa\u00f1a en el top 5 de igualdad de g\u00e9nero en Europa \u00a1Descubre m\u00e1s! - Diario 21","isPartOf":{"@id":"https:\/\/www.diario21.tv\/noticias\/#website"},"primaryImageOfPage":{"@id":"https:\/\/www.diario21.tv\/noticias\/espana-en-el-top-5-de-igualdad-de-genero-en-europa-descubre-mas\/#primaryimage"},"image":{"@id":"https:\/\/www.diario21.tv\/noticias\/espana-en-el-top-5-de-igualdad-de-genero-en-europa-descubre-mas\/#primaryimage"},"thumbnailUrl":"https:\/\/www.diario21.tv\/noticias\/wp-content\/uploads\/2025\/12\/Espana-en-el-top-5-de-igualdad-de-genero-en.JPG","datePublished":"2025-12-05T20:22:50+00:00","dateModified":"2025-12-05T20:22:51+00:00","author":{"@id":"https:\/\/www.diario21.tv\/noticias\/#\/schema\/person\/dfb778f73814d8f09f302618446a526b"},"breadcrumb":{"@id":"https:\/\/www.diario21.tv\/noticias\/espana-en-el-top-5-de-igualdad-de-genero-en-europa-descubre-mas\/#breadcrumb"},"inLanguage":"es-AR","potentialAction":[{"@type":"ReadAction","target":["https:\/\/www.diario21.tv\/noticias\/espana-en-el-top-5-de-igualdad-de-genero-en-europa-descubre-mas\/"]}]},{"@type":"ImageObject","inLanguage":"es-AR","@id":"https:\/\/www.diario21.tv\/noticias\/espana-en-el-top-5-de-igualdad-de-genero-en-europa-descubre-mas\/#primaryimage","url":"https:\/\/www.diario21.tv\/noticias\/wp-content\/uploads\/2025\/12\/Espana-en-el-top-5-de-igualdad-de-genero-en.JPG","contentUrl":"https:\/\/www.diario21.tv\/noticias\/wp-content\/uploads\/2025\/12\/Espana-en-el-top-5-de-igualdad-de-genero-en.JPG","width":1200,"height":840,"caption":"Espa\u00f1a ocupa el cuarto puesto del \u00edndice europeo de igualdad de genero"},{"@type":"BreadcrumbList","@id":"https:\/\/www.diario21.tv\/noticias\/espana-en-el-top-5-de-igualdad-de-genero-en-europa-descubre-mas\/#breadcrumb","itemListElement":[{"@type":"ListItem","position":1,"name":"Accueil","item":"https:\/\/www.diario21.tv\/noticias\/"},{"@type":"ListItem","position":2,"name":"Espa\u00f1a en el top 5 de igualdad de g\u00e9nero en Europa \u00a1Descubre m\u00e1s!"}]},{"@type":"WebSite","@id":"https:\/\/www.diario21.tv\/noticias\/#website","url":"https:\/\/www.diario21.tv\/noticias\/","name":"Diario 21","description":"","potentialAction":[{"@type":"SearchAction","target":{"@type":"EntryPoint","urlTemplate":"https:\/\/www.diario21.tv\/noticias\/?s={search_term_string}"},"query-input":{"@type":"PropertyValueSpecification","valueRequired":true,"valueName":"search_term_string"}}],"inLanguage":"es-AR"},{"@type":"Person","@id":"https:\/\/www.diario21.tv\/noticias\/#\/schema\/person\/dfb778f73814d8f09f302618446a526b","name":"Juan P\u00e9rez","image":{"@type":"ImageObject","inLanguage":"es-AR","@id":"https:\/\/www.diario21.tv\/noticias\/#\/schema\/person\/image\/","url":"https:\/\/secure.gravatar.com\/avatar\/c478a405bd10621167f4c3167cc770f5?s=96&d=mm&r=g","contentUrl":"https:\/\/secure.gravatar.com\/avatar\/c478a405bd10621167f4c3167cc770f5?s=96&d=mm&r=g","caption":"Juan P\u00e9rez"},"description":"Juan P\u00e9rez es el redactor en jefe de Diario 21. Con m\u00e1s de 10 a\u00f1os de experiencia en el periodismo, se especializa en pol\u00edtica nacional y an\u00e1lisis socioecon\u00f3mico. Su enfoque cr\u00edtico y riguroso aporta una perspectiva \u00fanica a cada art\u00edculo.","sameAs":["https:\/\/www.diario21.tv\/noticias\/"],"url":"https:\/\/www.diario21.tv\/noticias\/author\/juan-perez\/"}]}},"_links":{"self":[{"href":"https:\/\/www.diario21.tv\/noticias\/wp-json\/wp\/v2\/posts\/5427"}],"collection":[{"href":"https:\/\/www.diario21.tv\/noticias\/wp-json\/wp\/v2\/posts"}],"about":[{"href":"https:\/\/www.diario21.tv\/noticias\/wp-json\/wp\/v2\/types\/post"}],"author":[{"embeddable":true,"href":"https:\/\/www.diario21.tv\/noticias\/wp-json\/wp\/v2\/users\/20"}],"replies":[{"embeddable":true,"href":"https:\/\/www.diario21.tv\/noticias\/wp-json\/wp\/v2\/comments?post=5427"}],"version-history":[{"count":1,"href":"https:\/\/www.diario21.tv\/noticias\/wp-json\/wp\/v2\/posts\/5427\/revisions"}],"predecessor-version":[{"id":5429,"href":"https:\/\/www.diario21.tv\/noticias\/wp-json\/wp\/v2\/posts\/5427\/revisions\/5429"}],"wp:featuredmedia":[{"embeddable":true,"href":"https:\/\/www.diario21.tv\/noticias\/wp-json\/wp\/v2\/media\/5428"}],"wp:attachment":[{"href":"https:\/\/www.diario21.tv\/noticias\/wp-json\/wp\/v2\/media?parent=5427"}],"wp:term":[{"taxonomy":"category","embeddable":true,"href":"https:\/\/www.diario21.tv\/noticias\/wp-json\/wp\/v2\/categories?post=5427"},{"taxonomy":"post_tag","embeddable":true,"href":"https:\/\/www.diario21.tv\/noticias\/wp-json\/wp\/v2\/tags?post=5427"}],"curies":[{"name":"wp","href":"https:\/\/api.w.org\/{rel}","templated":true}]}}