{"id":5424,"date":"2025-12-05T14:22:02","date_gmt":"2025-12-05T14:22:02","guid":{"rendered":"https:\/\/www.diario21.tv\/noticias\/increible-error-joven-encarcelado-70-dias-confundido-por-la-policia-con-fugitivo-marroqui\/"},"modified":"2025-12-05T14:22:04","modified_gmt":"2025-12-05T14:22:04","slug":"increible-error-joven-encarcelado-70-dias-confundido-por-la-policia-con-fugitivo-marroqui","status":"publish","type":"post","link":"https:\/\/www.diario21.tv\/noticias\/increible-error-joven-encarcelado-70-dias-confundido-por-la-policia-con-fugitivo-marroqui\/","title":{"rendered":"\u00a1Incre\u00edble error! Joven encarcelado 70 d\u00edas, confundido por la Polic\u00eda con fugitivo marroqu\u00ed"},"content":{"rendered":"<h2>Un error policial mantiene a un joven en prisi\u00f3n por m\u00e1s de dos meses<\/h2>\n<p>Un joven ha estado en prisi\u00f3n durante 70 d\u00edas tras una confusi\u00f3n de identidad por parte de las autoridades, quienes lo identificaron err\u00f3neamente como un fugitivo originario de Marruecos. El afectado, cuya identidad no ha sido revelada, ha enfrentado un calvario legal debido a este equ\u00edvoco.<\/p>\n<h3>Detenci\u00f3n basada en un supuesto error de identidad<\/h3>\n<p>El caso comenz\u00f3 cuando la polic\u00eda detuvo al joven bajo la creencia de que era un criminal buscado que hab\u00eda escapado de las autoridades marroqu\u00edes. Seg\u00fan los informes, el error se origin\u00f3 a partir de una coincidencia en las caracter\u00edsticas f\u00edsicas y algunos detalles biogr\u00e1ficos entre el joven detenido y el fugitivo real.<\/p>\n<p>Desde su arresto, el joven ha tratado de demostrar su inocencia y desvincularse del delincuente marroqu\u00ed. No obstante, su proceso ha sido lento y burocr\u00e1ticamente complicado, lo que ha prolongado su tiempo en detenci\u00f3n sin una resoluci\u00f3n clara hasta la fecha.<\/p>\n<h3>Implicaciones legales y personales<\/h3>\n<p>Este incidente ha levantado cuestionamientos sobre los procedimientos utilizados por la polic\u00eda para la identificaci\u00f3n y detenci\u00f3n de sospechosos. Expertos en derecho penal han criticado el manejo del caso, se\u00f1alando la falta de medidas adecuadas para verificar la identidad del joven antes de proceder con una detenci\u00f3n prolongada.<\/p>\n<p>La familia del joven y varias organizaciones de derechos humanos han expresado su preocupaci\u00f3n y descontento frente a la situaci\u00f3n. Han apelado a las autoridades para que revisen el caso con urgencia y liberen al joven si se confirma que su detenci\u00f3n fue un error.<\/p>\n<h3>Esperando justicia<\/h3>\n<p>Mientras tanto, el joven sigue detenido, a la espera de que se esclarezca su situaci\u00f3n y se corrija el presunto error que lo ha mantenido tras las rejas. Este caso subraya la importancia de los procedimientos legales justos y la verificaci\u00f3n exhaustiva de la informaci\u00f3n antes de tomar medidas que puedan afectar gravemente la vida de las personas.<\/p>\n<p>La resoluci\u00f3n de este caso ser\u00e1 crucial no solo para el joven afectado y su familia, sino tambi\u00e9n para restaurar la confianza en el sistema de justicia penal, particularmente en lo que respecta a la identificaci\u00f3n y tratamiento de los detenidos.<\/p>\n\n\n<div class=\"kk-star-ratings kksr-auto kksr-align-left kksr-valign-bottom\"\n    data-payload='{&quot;align&quot;:&quot;left&quot;,&quot;id&quot;:&quot;5424&quot;,&quot;slug&quot;:&quot;default&quot;,&quot;valign&quot;:&quot;bottom&quot;,&quot;ignore&quot;:&quot;&quot;,&quot;reference&quot;:&quot;auto&quot;,&quot;class&quot;:&quot;&quot;,&quot;count&quot;:&quot;0&quot;,&quot;legendonly&quot;:&quot;&quot;,&quot;readonly&quot;:&quot;&quot;,&quot;score&quot;:&quot;0&quot;,&quot;starsonly&quot;:&quot;&quot;,&quot;best&quot;:&quot;5&quot;,&quot;gap&quot;:&quot;5&quot;,&quot;greet&quot;:&quot;Valora este post&quot;,&quot;legend&quot;:&quot;0\\\/5 - (0 votes)&quot;,&quot;size&quot;:&quot;22&quot;,&quot;title&quot;:&quot;\u00a1Incre\u00edble error! Joven encarcelado 70 d\u00edas, confundido por la Polic\u00eda con fugitivo marroqu\u00ed&quot;,&quot;width&quot;:&quot;0&quot;,&quot;_legend&quot;:&quot;{score}\\\/{best} - ({count} {votes})&quot;,&quot;font_factor&quot;:&quot;1.25&quot;}'>\n            \n<div class=\"kksr-stars\">\n    \n<div class=\"kksr-stars-inactive\">\n            <div class=\"kksr-star\" data-star=\"1\" style=\"padding-right: 5px\">\n            \n\n<div class=\"kksr-icon\" style=\"width: 22px; height: 22px;\"><\/div>\n        <\/div>\n            <div class=\"kksr-star\" data-star=\"2\" style=\"padding-right: 5px\">\n            \n\n<div class=\"kksr-icon\" style=\"width: 22px; height: 22px;\"><\/div>\n        <\/div>\n            <div class=\"kksr-star\" data-star=\"3\" style=\"padding-right: 5px\">\n            \n\n<div class=\"kksr-icon\" style=\"width: 22px; height: 22px;\"><\/div>\n        <\/div>\n            <div class=\"kksr-star\" data-star=\"4\" style=\"padding-right: 5px\">\n            \n\n<div class=\"kksr-icon\" style=\"width: 22px; height: 22px;\"><\/div>\n        <\/div>\n            <div class=\"kksr-star\" data-star=\"5\" style=\"padding-right: 5px\">\n            \n\n<div class=\"kksr-icon\" style=\"width: 22px; height: 22px;\"><\/div>\n        <\/div>\n    <\/div>\n    \n<div class=\"kksr-stars-active\" style=\"width: 0px;\">\n            <div class=\"kksr-star\" style=\"padding-right: 5px\">\n            \n\n<div class=\"kksr-icon\" style=\"width: 22px; height: 22px;\"><\/div>\n        <\/div>\n            <div class=\"kksr-star\" style=\"padding-right: 5px\">\n            \n\n<div class=\"kksr-icon\" style=\"width: 22px; height: 22px;\"><\/div>\n        <\/div>\n            <div class=\"kksr-star\" style=\"padding-right: 5px\">\n            \n\n<div class=\"kksr-icon\" style=\"width: 22px; height: 22px;\"><\/div>\n        <\/div>\n            <div class=\"kksr-star\" style=\"padding-right: 5px\">\n            \n\n<div class=\"kksr-icon\" style=\"width: 22px; height: 22px;\"><\/div>\n        <\/div>\n            <div class=\"kksr-star\" style=\"padding-right: 5px\">\n            \n\n<div class=\"kksr-icon\" style=\"width: 22px; height: 22px;\"><\/div>\n        <\/div>\n    <\/div>\n<\/div>\n                \n\n<div class=\"kksr-legend\" style=\"font-size: 17.6px;\">\n            <span class=\"kksr-muted\">Valora este post<\/span>\n    <\/div>\n    <\/div>\n","protected":false},"excerpt":{"rendered":"<p>Un error policial mantiene a un joven en prisi\u00f3n por m\u00e1s de dos meses Un joven ha estado en prisi\u00f3n durante 70 d\u00edas tras una confusi\u00f3n &#8230; <a title=\"\u00a1Incre\u00edble error! Joven encarcelado 70 d\u00edas, confundido por la Polic\u00eda con fugitivo marroqu\u00ed\" class=\"read-more\" href=\"https:\/\/www.diario21.tv\/noticias\/increible-error-joven-encarcelado-70-dias-confundido-por-la-policia-con-fugitivo-marroqui\/\" aria-label=\"Leer m\u00e1s sobre \u00a1Incre\u00edble error! Joven encarcelado 70 d\u00edas, confundido por la Polic\u00eda con fugitivo marroqu\u00ed\">Seguir leyendo &rarr;<\/a><\/p>\n","protected":false},"author":20,"featured_media":5425,"comment_status":"open","ping_status":"open","sticky":false,"template":"","format":"standard","meta":{"footnotes":""},"categories":[13],"tags":[],"class_list":["post-5424","post","type-post","status-publish","format-standard","has-post-thumbnail","hentry","category-portada"],"yoast_head":"<!-- This site is optimized with the Yoast SEO plugin v25.6 - https:\/\/yoast.com\/wordpress\/plugins\/seo\/ -->\n<title>\u00a1Incre\u00edble error! Joven encarcelado 70 d\u00edas, confundido por la Polic\u00eda con fugitivo marroqu\u00ed - Diario 21<\/title>\n<meta name=\"robots\" content=\"index, follow, max-snippet:-1, max-image-preview:large, max-video-preview:-1\" \/>\n<link rel=\"canonical\" href=\"https:\/\/www.diario21.tv\/noticias\/increible-error-joven-encarcelado-70-dias-confundido-por-la-policia-con-fugitivo-marroqui\/\" \/>\n<meta property=\"og:locale\" content=\"es_ES\" \/>\n<meta property=\"og:type\" content=\"article\" \/>\n<meta property=\"og:title\" content=\"\u00a1Incre\u00edble error! Joven encarcelado 70 d\u00edas, confundido por la Polic\u00eda con fugitivo marroqu\u00ed - Diario 21\" \/>\n<meta property=\"og:description\" content=\"Un error policial mantiene a un joven en prisi\u00f3n por m\u00e1s de dos meses Un joven ha estado en prisi\u00f3n durante 70 d\u00edas tras una confusi\u00f3n ... Seguir leyendo &rarr;\" \/>\n<meta property=\"og:url\" content=\"https:\/\/www.diario21.tv\/noticias\/increible-error-joven-encarcelado-70-dias-confundido-por-la-policia-con-fugitivo-marroqui\/\" \/>\n<meta property=\"og:site_name\" content=\"Diario 21\" \/>\n<meta property=\"article:published_time\" content=\"2025-12-05T14:22:02+00:00\" \/>\n<meta property=\"article:modified_time\" content=\"2025-12-05T14:22:04+00:00\" \/>\n<meta property=\"og:image\" content=\"https:\/\/www.diario21.tv\/noticias\/wp-content\/uploads\/2025\/12\/\u00a1Increible-error-Joven-encarcelado-70-dias-confundido-por-la-Policia.jpg\" \/>\n\t<meta property=\"og:image:width\" content=\"1200\" \/>\n\t<meta property=\"og:image:height\" content=\"840\" \/>\n\t<meta property=\"og:image:type\" content=\"image\/jpeg\" \/>\n<meta name=\"author\" content=\"Juan P\u00e9rez\" \/>\n<meta name=\"twitter:card\" content=\"summary_large_image\" \/>\n<meta name=\"twitter:label1\" content=\"Escrito por\" \/>\n\t<meta name=\"twitter:data1\" content=\"Juan P\u00e9rez\" \/>\n\t<meta name=\"twitter:label2\" content=\"Tiempo de lectura\" \/>\n\t<meta name=\"twitter:data2\" content=\"2 minutos\" \/>\n<script type=\"application\/ld+json\" class=\"yoast-schema-graph\">{\"@context\":\"https:\/\/schema.org\",\"@graph\":[{\"@type\":\"WebPage\",\"@id\":\"https:\/\/www.diario21.tv\/noticias\/increible-error-joven-encarcelado-70-dias-confundido-por-la-policia-con-fugitivo-marroqui\/\",\"url\":\"https:\/\/www.diario21.tv\/noticias\/increible-error-joven-encarcelado-70-dias-confundido-por-la-policia-con-fugitivo-marroqui\/\",\"name\":\"\u00a1Incre\u00edble error! Joven encarcelado 70 d\u00edas, confundido por la Polic\u00eda con fugitivo marroqu\u00ed - Diario 21\",\"isPartOf\":{\"@id\":\"https:\/\/www.diario21.tv\/noticias\/#website\"},\"primaryImageOfPage\":{\"@id\":\"https:\/\/www.diario21.tv\/noticias\/increible-error-joven-encarcelado-70-dias-confundido-por-la-policia-con-fugitivo-marroqui\/#primaryimage\"},\"image\":{\"@id\":\"https:\/\/www.diario21.tv\/noticias\/increible-error-joven-encarcelado-70-dias-confundido-por-la-policia-con-fugitivo-marroqui\/#primaryimage\"},\"thumbnailUrl\":\"https:\/\/www.diario21.tv\/noticias\/wp-content\/uploads\/2025\/12\/\u00a1Increible-error-Joven-encarcelado-70-dias-confundido-por-la-Policia.jpg\",\"datePublished\":\"2025-12-05T14:22:02+00:00\",\"dateModified\":\"2025-12-05T14:22:04+00:00\",\"author\":{\"@id\":\"https:\/\/www.diario21.tv\/noticias\/#\/schema\/person\/dfb778f73814d8f09f302618446a526b\"},\"breadcrumb\":{\"@id\":\"https:\/\/www.diario21.tv\/noticias\/increible-error-joven-encarcelado-70-dias-confundido-por-la-policia-con-fugitivo-marroqui\/#breadcrumb\"},\"inLanguage\":\"es-AR\",\"potentialAction\":[{\"@type\":\"ReadAction\",\"target\":[\"https:\/\/www.diario21.tv\/noticias\/increible-error-joven-encarcelado-70-dias-confundido-por-la-policia-con-fugitivo-marroqui\/\"]}]},{\"@type\":\"ImageObject\",\"inLanguage\":\"es-AR\",\"@id\":\"https:\/\/www.diario21.tv\/noticias\/increible-error-joven-encarcelado-70-dias-confundido-por-la-policia-con-fugitivo-marroqui\/#primaryimage\",\"url\":\"https:\/\/www.diario21.tv\/noticias\/wp-content\/uploads\/2025\/12\/\u00a1Increible-error-Joven-encarcelado-70-dias-confundido-por-la-Policia.jpg\",\"contentUrl\":\"https:\/\/www.diario21.tv\/noticias\/wp-content\/uploads\/2025\/12\/\u00a1Increible-error-Joven-encarcelado-70-dias-confundido-por-la-Policia.jpg\",\"width\":1200,\"height\":840,\"caption\":\"Un joven que lleva 70 d\u00edas encarcelado alega que la Polic\u00eda lo confunde con un fugitivo marroqu\u00ed\"},{\"@type\":\"BreadcrumbList\",\"@id\":\"https:\/\/www.diario21.tv\/noticias\/increible-error-joven-encarcelado-70-dias-confundido-por-la-policia-con-fugitivo-marroqui\/#breadcrumb\",\"itemListElement\":[{\"@type\":\"ListItem\",\"position\":1,\"name\":\"Accueil\",\"item\":\"https:\/\/www.diario21.tv\/noticias\/\"},{\"@type\":\"ListItem\",\"position\":2,\"name\":\"\u00a1Incre\u00edble error! Joven encarcelado 70 d\u00edas, confundido por la Polic\u00eda con fugitivo marroqu\u00ed\"}]},{\"@type\":\"WebSite\",\"@id\":\"https:\/\/www.diario21.tv\/noticias\/#website\",\"url\":\"https:\/\/www.diario21.tv\/noticias\/\",\"name\":\"Diario 21\",\"description\":\"\",\"potentialAction\":[{\"@type\":\"SearchAction\",\"target\":{\"@type\":\"EntryPoint\",\"urlTemplate\":\"https:\/\/www.diario21.tv\/noticias\/?s={search_term_string}\"},\"query-input\":{\"@type\":\"PropertyValueSpecification\",\"valueRequired\":true,\"valueName\":\"search_term_string\"}}],\"inLanguage\":\"es-AR\"},{\"@type\":\"Person\",\"@id\":\"https:\/\/www.diario21.tv\/noticias\/#\/schema\/person\/dfb778f73814d8f09f302618446a526b\",\"name\":\"Juan P\u00e9rez\",\"image\":{\"@type\":\"ImageObject\",\"inLanguage\":\"es-AR\",\"@id\":\"https:\/\/www.diario21.tv\/noticias\/#\/schema\/person\/image\/\",\"url\":\"https:\/\/secure.gravatar.com\/avatar\/c478a405bd10621167f4c3167cc770f5?s=96&d=mm&r=g\",\"contentUrl\":\"https:\/\/secure.gravatar.com\/avatar\/c478a405bd10621167f4c3167cc770f5?s=96&d=mm&r=g\",\"caption\":\"Juan P\u00e9rez\"},\"description\":\"Juan P\u00e9rez es el redactor en jefe de Diario 21. Con m\u00e1s de 10 a\u00f1os de experiencia en el periodismo, se especializa en pol\u00edtica nacional y an\u00e1lisis socioecon\u00f3mico. Su enfoque cr\u00edtico y riguroso aporta una perspectiva \u00fanica a cada art\u00edculo.\",\"sameAs\":[\"https:\/\/www.diario21.tv\/noticias\/\"],\"url\":\"https:\/\/www.diario21.tv\/noticias\/author\/juan-perez\/\"}]}<\/script>\n<!-- \/ Yoast SEO plugin. -->","yoast_head_json":{"title":"\u00a1Incre\u00edble error! Joven encarcelado 70 d\u00edas, confundido por la Polic\u00eda con fugitivo marroqu\u00ed - Diario 21","robots":{"index":"index","follow":"follow","max-snippet":"max-snippet:-1","max-image-preview":"max-image-preview:large","max-video-preview":"max-video-preview:-1"},"canonical":"https:\/\/www.diario21.tv\/noticias\/increible-error-joven-encarcelado-70-dias-confundido-por-la-policia-con-fugitivo-marroqui\/","og_locale":"es_ES","og_type":"article","og_title":"\u00a1Incre\u00edble error! Joven encarcelado 70 d\u00edas, confundido por la Polic\u00eda con fugitivo marroqu\u00ed - Diario 21","og_description":"Un error policial mantiene a un joven en prisi\u00f3n por m\u00e1s de dos meses Un joven ha estado en prisi\u00f3n durante 70 d\u00edas tras una confusi\u00f3n ... Seguir leyendo &rarr;","og_url":"https:\/\/www.diario21.tv\/noticias\/increible-error-joven-encarcelado-70-dias-confundido-por-la-policia-con-fugitivo-marroqui\/","og_site_name":"Diario 21","article_published_time":"2025-12-05T14:22:02+00:00","article_modified_time":"2025-12-05T14:22:04+00:00","og_image":[{"width":1200,"height":840,"url":"https:\/\/www.diario21.tv\/noticias\/wp-content\/uploads\/2025\/12\/\u00a1Increible-error-Joven-encarcelado-70-dias-confundido-por-la-Policia.jpg","type":"image\/jpeg"}],"author":"Juan P\u00e9rez","twitter_card":"summary_large_image","twitter_misc":{"Escrito por":"Juan P\u00e9rez","Tiempo de lectura":"2 minutos"},"schema":{"@context":"https:\/\/schema.org","@graph":[{"@type":"WebPage","@id":"https:\/\/www.diario21.tv\/noticias\/increible-error-joven-encarcelado-70-dias-confundido-por-la-policia-con-fugitivo-marroqui\/","url":"https:\/\/www.diario21.tv\/noticias\/increible-error-joven-encarcelado-70-dias-confundido-por-la-policia-con-fugitivo-marroqui\/","name":"\u00a1Incre\u00edble error! Joven encarcelado 70 d\u00edas, confundido por la Polic\u00eda con fugitivo marroqu\u00ed - Diario 21","isPartOf":{"@id":"https:\/\/www.diario21.tv\/noticias\/#website"},"primaryImageOfPage":{"@id":"https:\/\/www.diario21.tv\/noticias\/increible-error-joven-encarcelado-70-dias-confundido-por-la-policia-con-fugitivo-marroqui\/#primaryimage"},"image":{"@id":"https:\/\/www.diario21.tv\/noticias\/increible-error-joven-encarcelado-70-dias-confundido-por-la-policia-con-fugitivo-marroqui\/#primaryimage"},"thumbnailUrl":"https:\/\/www.diario21.tv\/noticias\/wp-content\/uploads\/2025\/12\/\u00a1Increible-error-Joven-encarcelado-70-dias-confundido-por-la-Policia.jpg","datePublished":"2025-12-05T14:22:02+00:00","dateModified":"2025-12-05T14:22:04+00:00","author":{"@id":"https:\/\/www.diario21.tv\/noticias\/#\/schema\/person\/dfb778f73814d8f09f302618446a526b"},"breadcrumb":{"@id":"https:\/\/www.diario21.tv\/noticias\/increible-error-joven-encarcelado-70-dias-confundido-por-la-policia-con-fugitivo-marroqui\/#breadcrumb"},"inLanguage":"es-AR","potentialAction":[{"@type":"ReadAction","target":["https:\/\/www.diario21.tv\/noticias\/increible-error-joven-encarcelado-70-dias-confundido-por-la-policia-con-fugitivo-marroqui\/"]}]},{"@type":"ImageObject","inLanguage":"es-AR","@id":"https:\/\/www.diario21.tv\/noticias\/increible-error-joven-encarcelado-70-dias-confundido-por-la-policia-con-fugitivo-marroqui\/#primaryimage","url":"https:\/\/www.diario21.tv\/noticias\/wp-content\/uploads\/2025\/12\/\u00a1Increible-error-Joven-encarcelado-70-dias-confundido-por-la-Policia.jpg","contentUrl":"https:\/\/www.diario21.tv\/noticias\/wp-content\/uploads\/2025\/12\/\u00a1Increible-error-Joven-encarcelado-70-dias-confundido-por-la-Policia.jpg","width":1200,"height":840,"caption":"Un joven que lleva 70 d\u00edas encarcelado alega que la Polic\u00eda lo confunde con un fugitivo marroqu\u00ed"},{"@type":"BreadcrumbList","@id":"https:\/\/www.diario21.tv\/noticias\/increible-error-joven-encarcelado-70-dias-confundido-por-la-policia-con-fugitivo-marroqui\/#breadcrumb","itemListElement":[{"@type":"ListItem","position":1,"name":"Accueil","item":"https:\/\/www.diario21.tv\/noticias\/"},{"@type":"ListItem","position":2,"name":"\u00a1Incre\u00edble error! Joven encarcelado 70 d\u00edas, confundido por la Polic\u00eda con fugitivo marroqu\u00ed"}]},{"@type":"WebSite","@id":"https:\/\/www.diario21.tv\/noticias\/#website","url":"https:\/\/www.diario21.tv\/noticias\/","name":"Diario 21","description":"","potentialAction":[{"@type":"SearchAction","target":{"@type":"EntryPoint","urlTemplate":"https:\/\/www.diario21.tv\/noticias\/?s={search_term_string}"},"query-input":{"@type":"PropertyValueSpecification","valueRequired":true,"valueName":"search_term_string"}}],"inLanguage":"es-AR"},{"@type":"Person","@id":"https:\/\/www.diario21.tv\/noticias\/#\/schema\/person\/dfb778f73814d8f09f302618446a526b","name":"Juan P\u00e9rez","image":{"@type":"ImageObject","inLanguage":"es-AR","@id":"https:\/\/www.diario21.tv\/noticias\/#\/schema\/person\/image\/","url":"https:\/\/secure.gravatar.com\/avatar\/c478a405bd10621167f4c3167cc770f5?s=96&d=mm&r=g","contentUrl":"https:\/\/secure.gravatar.com\/avatar\/c478a405bd10621167f4c3167cc770f5?s=96&d=mm&r=g","caption":"Juan P\u00e9rez"},"description":"Juan P\u00e9rez es el redactor en jefe de Diario 21. Con m\u00e1s de 10 a\u00f1os de experiencia en el periodismo, se especializa en pol\u00edtica nacional y an\u00e1lisis socioecon\u00f3mico. Su enfoque cr\u00edtico y riguroso aporta una perspectiva \u00fanica a cada art\u00edculo.","sameAs":["https:\/\/www.diario21.tv\/noticias\/"],"url":"https:\/\/www.diario21.tv\/noticias\/author\/juan-perez\/"}]}},"_links":{"self":[{"href":"https:\/\/www.diario21.tv\/noticias\/wp-json\/wp\/v2\/posts\/5424"}],"collection":[{"href":"https:\/\/www.diario21.tv\/noticias\/wp-json\/wp\/v2\/posts"}],"about":[{"href":"https:\/\/www.diario21.tv\/noticias\/wp-json\/wp\/v2\/types\/post"}],"author":[{"embeddable":true,"href":"https:\/\/www.diario21.tv\/noticias\/wp-json\/wp\/v2\/users\/20"}],"replies":[{"embeddable":true,"href":"https:\/\/www.diario21.tv\/noticias\/wp-json\/wp\/v2\/comments?post=5424"}],"version-history":[{"count":1,"href":"https:\/\/www.diario21.tv\/noticias\/wp-json\/wp\/v2\/posts\/5424\/revisions"}],"predecessor-version":[{"id":5426,"href":"https:\/\/www.diario21.tv\/noticias\/wp-json\/wp\/v2\/posts\/5424\/revisions\/5426"}],"wp:featuredmedia":[{"embeddable":true,"href":"https:\/\/www.diario21.tv\/noticias\/wp-json\/wp\/v2\/media\/5425"}],"wp:attachment":[{"href":"https:\/\/www.diario21.tv\/noticias\/wp-json\/wp\/v2\/media?parent=5424"}],"wp:term":[{"taxonomy":"category","embeddable":true,"href":"https:\/\/www.diario21.tv\/noticias\/wp-json\/wp\/v2\/categories?post=5424"},{"taxonomy":"post_tag","embeddable":true,"href":"https:\/\/www.diario21.tv\/noticias\/wp-json\/wp\/v2\/tags?post=5424"}],"curies":[{"name":"wp","href":"https:\/\/api.w.org\/{rel}","templated":true}]}}