{"id":5421,"date":"2025-12-05T08:17:20","date_gmt":"2025-12-05T08:17:20","guid":{"rendered":"https:\/\/www.diario21.tv\/noticias\/impactante-dos-arrestados-por-violacion-grupal-con-sumision-quimica-en-malaga\/"},"modified":"2025-12-05T08:17:21","modified_gmt":"2025-12-05T08:17:21","slug":"impactante-dos-arrestados-por-violacion-grupal-con-sumision-quimica-en-malaga","status":"publish","type":"post","link":"https:\/\/www.diario21.tv\/noticias\/impactante-dos-arrestados-por-violacion-grupal-con-sumision-quimica-en-malaga\/","title":{"rendered":"\u00a1Impactante! Dos arrestados por violaci\u00f3n grupal con sumisi\u00f3n qu\u00edmica en M\u00e1laga"},"content":{"rendered":"<h2>Arresto de Dos Individuos por Agresi\u00f3n Sexual a una Joven en M\u00e1laga<\/h2>\n<p>En un reciente y preocupante suceso en M\u00e1laga, dos hombres han sido detenidos tras ser acusados de agredir sexualmente a una joven utilizando sustancias qu\u00edmicas para incapacitarla. Este grave incidente tuvo lugar durante un ataque grupal, sumando a\u00fan m\u00e1s severidad al caso.<\/p>\n<h3>Detalles del Incidente<\/h3>\n<p>La v\u00edctima, una joven cuya identidad se ha mantenido en reserva para proteger su privacidad, fue presuntamente drogada sin su consentimiento, lo que la dej\u00f3 en estado de vulnerabilidad. Seg\u00fan los informes de las autoridades, los agresores aprovecharon esta condici\u00f3n para cometer el acto de violencia sexual. El evento ha causado gran consternaci\u00f3n en la comunidad local y ha puesto de relieve los peligros asociados con la sumisi\u00f3n qu\u00edmica, una t\u00e1ctica cobarde y criminal que impide que las v\u00edctimas se defiendan o eviten un ataque.<\/p>\n<h3>Respuesta de las Autoridades<\/h3>\n<p>Tras la denuncia, la polic\u00eda actu\u00f3 con rapidez para investigar el suceso. La colaboraci\u00f3n ciudadana y las c\u00e1maras de seguridad fueron fundamentales para identificar a los sospechosos. Una vez recopilada la evidencia necesaria, los oficiales procedieron con la detenci\u00f3n de los dos hombres implicados.<\/p>\n<p>Los detenidos est\u00e1n ahora a la espera de juicio, enfrentando cargos serios que podr\u00edan resultar en condenas significativas dada la naturaleza del delito. Las autoridades han reiterado su compromiso con la seguridad de los ciudadanos y han instado a cualquier persona que haya sido v\u00edctima de un delito similar a presentarse y denunciar.<\/p>\n<h3>Impacto en la Comunidad y Medidas de Prevenci\u00f3n<\/h3>\n<p>Este incidente ha generado una ola de preocupaci\u00f3n entre los habitantes de M\u00e1laga, quienes exigen medidas m\u00e1s estrictas para prevenir tales cr\u00edmenes en el futuro. La polic\u00eda ha incrementado su presencia en \u00e1reas clave y est\u00e1 trabajando en colaboraci\u00f3n con locales nocturnos y bares para implementar estrategias que protejan a los ciudadanos de amenazas similares.<\/p>\n<p>Adem\u00e1s, se est\u00e1n llevando a cabo campa\u00f1as de concienciaci\u00f3n sobre los peligros de la sumisi\u00f3n qu\u00edmica y c\u00f3mo protegerse de ella. Estas iniciativas buscan educar al p\u00fablico sobre la importancia de vigilar sus bebidas y permanecer en grupos, especialmente durante la noche.<\/p>\n<p>Este tr\u00e1gico evento sirve como un recordatorio sombr\u00edo de los peligros que pueden acechar en situaciones sociales y la importancia de mantenerse alerta y protegido. La comunidad de M\u00e1laga, aunque sacudida por este acto de violencia, se une en solidaridad para apoyar a la v\u00edctima y a otras posibles v\u00edctimas, reforzando el mensaje de que tales actos no tienen lugar en una sociedad respetuosa y consciente.<\/p>\n\n\n<div class=\"kk-star-ratings kksr-auto kksr-align-left kksr-valign-bottom\"\n    data-payload='{&quot;align&quot;:&quot;left&quot;,&quot;id&quot;:&quot;5421&quot;,&quot;slug&quot;:&quot;default&quot;,&quot;valign&quot;:&quot;bottom&quot;,&quot;ignore&quot;:&quot;&quot;,&quot;reference&quot;:&quot;auto&quot;,&quot;class&quot;:&quot;&quot;,&quot;count&quot;:&quot;0&quot;,&quot;legendonly&quot;:&quot;&quot;,&quot;readonly&quot;:&quot;&quot;,&quot;score&quot;:&quot;0&quot;,&quot;starsonly&quot;:&quot;&quot;,&quot;best&quot;:&quot;5&quot;,&quot;gap&quot;:&quot;5&quot;,&quot;greet&quot;:&quot;Valora este post&quot;,&quot;legend&quot;:&quot;0\\\/5 - (0 votes)&quot;,&quot;size&quot;:&quot;22&quot;,&quot;title&quot;:&quot;\u00a1Impactante! Dos arrestados por violaci\u00f3n grupal con sumisi\u00f3n qu\u00edmica en M\u00e1laga&quot;,&quot;width&quot;:&quot;0&quot;,&quot;_legend&quot;:&quot;{score}\\\/{best} - ({count} {votes})&quot;,&quot;font_factor&quot;:&quot;1.25&quot;}'>\n            \n<div class=\"kksr-stars\">\n    \n<div class=\"kksr-stars-inactive\">\n            <div class=\"kksr-star\" data-star=\"1\" style=\"padding-right: 5px\">\n            \n\n<div class=\"kksr-icon\" style=\"width: 22px; height: 22px;\"><\/div>\n        <\/div>\n            <div class=\"kksr-star\" data-star=\"2\" style=\"padding-right: 5px\">\n            \n\n<div class=\"kksr-icon\" style=\"width: 22px; height: 22px;\"><\/div>\n        <\/div>\n            <div class=\"kksr-star\" data-star=\"3\" style=\"padding-right: 5px\">\n            \n\n<div class=\"kksr-icon\" style=\"width: 22px; height: 22px;\"><\/div>\n        <\/div>\n            <div class=\"kksr-star\" data-star=\"4\" style=\"padding-right: 5px\">\n            \n\n<div class=\"kksr-icon\" style=\"width: 22px; height: 22px;\"><\/div>\n        <\/div>\n            <div class=\"kksr-star\" data-star=\"5\" style=\"padding-right: 5px\">\n            \n\n<div class=\"kksr-icon\" style=\"width: 22px; height: 22px;\"><\/div>\n        <\/div>\n    <\/div>\n    \n<div class=\"kksr-stars-active\" style=\"width: 0px;\">\n            <div class=\"kksr-star\" style=\"padding-right: 5px\">\n            \n\n<div class=\"kksr-icon\" style=\"width: 22px; height: 22px;\"><\/div>\n        <\/div>\n            <div class=\"kksr-star\" style=\"padding-right: 5px\">\n            \n\n<div class=\"kksr-icon\" style=\"width: 22px; height: 22px;\"><\/div>\n        <\/div>\n            <div class=\"kksr-star\" style=\"padding-right: 5px\">\n            \n\n<div class=\"kksr-icon\" style=\"width: 22px; height: 22px;\"><\/div>\n        <\/div>\n            <div class=\"kksr-star\" style=\"padding-right: 5px\">\n            \n\n<div class=\"kksr-icon\" style=\"width: 22px; height: 22px;\"><\/div>\n        <\/div>\n            <div class=\"kksr-star\" style=\"padding-right: 5px\">\n            \n\n<div class=\"kksr-icon\" style=\"width: 22px; height: 22px;\"><\/div>\n        <\/div>\n    <\/div>\n<\/div>\n                \n\n<div class=\"kksr-legend\" style=\"font-size: 17.6px;\">\n            <span class=\"kksr-muted\">Valora este post<\/span>\n    <\/div>\n    <\/div>\n","protected":false},"excerpt":{"rendered":"<p>Arresto de Dos Individuos por Agresi\u00f3n Sexual a una Joven en M\u00e1laga En un reciente y preocupante suceso en M\u00e1laga, dos hombres han sido detenidos tras &#8230; <a title=\"\u00a1Impactante! Dos arrestados por violaci\u00f3n grupal con sumisi\u00f3n qu\u00edmica en M\u00e1laga\" class=\"read-more\" href=\"https:\/\/www.diario21.tv\/noticias\/impactante-dos-arrestados-por-violacion-grupal-con-sumision-quimica-en-malaga\/\" aria-label=\"Leer m\u00e1s sobre \u00a1Impactante! Dos arrestados por violaci\u00f3n grupal con sumisi\u00f3n qu\u00edmica en M\u00e1laga\">Seguir leyendo &rarr;<\/a><\/p>\n","protected":false},"author":20,"featured_media":5422,"comment_status":"open","ping_status":"open","sticky":false,"template":"","format":"standard","meta":{"footnotes":""},"categories":[13],"tags":[],"class_list":["post-5421","post","type-post","status-publish","format-standard","has-post-thumbnail","hentry","category-portada"],"yoast_head":"<!-- This site is optimized with the Yoast SEO plugin v25.6 - https:\/\/yoast.com\/wordpress\/plugins\/seo\/ -->\n<title>\u00a1Impactante! Dos arrestados por violaci\u00f3n grupal con sumisi\u00f3n qu\u00edmica en M\u00e1laga - Diario 21<\/title>\n<meta name=\"robots\" content=\"index, follow, max-snippet:-1, max-image-preview:large, max-video-preview:-1\" \/>\n<link rel=\"canonical\" href=\"https:\/\/www.diario21.tv\/noticias\/impactante-dos-arrestados-por-violacion-grupal-con-sumision-quimica-en-malaga\/\" \/>\n<meta property=\"og:locale\" content=\"es_ES\" \/>\n<meta property=\"og:type\" content=\"article\" \/>\n<meta property=\"og:title\" content=\"\u00a1Impactante! Dos arrestados por violaci\u00f3n grupal con sumisi\u00f3n qu\u00edmica en M\u00e1laga - Diario 21\" \/>\n<meta property=\"og:description\" content=\"Arresto de Dos Individuos por Agresi\u00f3n Sexual a una Joven en M\u00e1laga En un reciente y preocupante suceso en M\u00e1laga, dos hombres han sido detenidos tras ... Seguir leyendo &rarr;\" \/>\n<meta property=\"og:url\" content=\"https:\/\/www.diario21.tv\/noticias\/impactante-dos-arrestados-por-violacion-grupal-con-sumision-quimica-en-malaga\/\" \/>\n<meta property=\"og:site_name\" content=\"Diario 21\" \/>\n<meta property=\"article:published_time\" content=\"2025-12-05T08:17:20+00:00\" \/>\n<meta property=\"article:modified_time\" content=\"2025-12-05T08:17:21+00:00\" \/>\n<meta property=\"og:image\" content=\"https:\/\/www.diario21.tv\/noticias\/wp-content\/uploads\/2025\/12\/\u00a1Impactante-Dos-arrestados-por-violacion-grupal-con-sumision-quimica-en.jpg\" \/>\n\t<meta property=\"og:image:width\" content=\"1200\" \/>\n\t<meta property=\"og:image:height\" content=\"840\" \/>\n\t<meta property=\"og:image:type\" content=\"image\/jpeg\" \/>\n<meta name=\"author\" content=\"Juan P\u00e9rez\" \/>\n<meta name=\"twitter:card\" content=\"summary_large_image\" \/>\n<meta name=\"twitter:label1\" content=\"Escrito por\" \/>\n\t<meta name=\"twitter:data1\" content=\"Juan P\u00e9rez\" \/>\n\t<meta name=\"twitter:label2\" content=\"Tiempo de lectura\" \/>\n\t<meta name=\"twitter:data2\" content=\"2 minutos\" \/>\n<script type=\"application\/ld+json\" class=\"yoast-schema-graph\">{\"@context\":\"https:\/\/schema.org\",\"@graph\":[{\"@type\":\"WebPage\",\"@id\":\"https:\/\/www.diario21.tv\/noticias\/impactante-dos-arrestados-por-violacion-grupal-con-sumision-quimica-en-malaga\/\",\"url\":\"https:\/\/www.diario21.tv\/noticias\/impactante-dos-arrestados-por-violacion-grupal-con-sumision-quimica-en-malaga\/\",\"name\":\"\u00a1Impactante! Dos arrestados por violaci\u00f3n grupal con sumisi\u00f3n qu\u00edmica en M\u00e1laga - Diario 21\",\"isPartOf\":{\"@id\":\"https:\/\/www.diario21.tv\/noticias\/#website\"},\"primaryImageOfPage\":{\"@id\":\"https:\/\/www.diario21.tv\/noticias\/impactante-dos-arrestados-por-violacion-grupal-con-sumision-quimica-en-malaga\/#primaryimage\"},\"image\":{\"@id\":\"https:\/\/www.diario21.tv\/noticias\/impactante-dos-arrestados-por-violacion-grupal-con-sumision-quimica-en-malaga\/#primaryimage\"},\"thumbnailUrl\":\"https:\/\/www.diario21.tv\/noticias\/wp-content\/uploads\/2025\/12\/\u00a1Impactante-Dos-arrestados-por-violacion-grupal-con-sumision-quimica-en.jpg\",\"datePublished\":\"2025-12-05T08:17:20+00:00\",\"dateModified\":\"2025-12-05T08:17:21+00:00\",\"author\":{\"@id\":\"https:\/\/www.diario21.tv\/noticias\/#\/schema\/person\/dfb778f73814d8f09f302618446a526b\"},\"breadcrumb\":{\"@id\":\"https:\/\/www.diario21.tv\/noticias\/impactante-dos-arrestados-por-violacion-grupal-con-sumision-quimica-en-malaga\/#breadcrumb\"},\"inLanguage\":\"es-AR\",\"potentialAction\":[{\"@type\":\"ReadAction\",\"target\":[\"https:\/\/www.diario21.tv\/noticias\/impactante-dos-arrestados-por-violacion-grupal-con-sumision-quimica-en-malaga\/\"]}]},{\"@type\":\"ImageObject\",\"inLanguage\":\"es-AR\",\"@id\":\"https:\/\/www.diario21.tv\/noticias\/impactante-dos-arrestados-por-violacion-grupal-con-sumision-quimica-en-malaga\/#primaryimage\",\"url\":\"https:\/\/www.diario21.tv\/noticias\/wp-content\/uploads\/2025\/12\/\u00a1Impactante-Dos-arrestados-por-violacion-grupal-con-sumision-quimica-en.jpg\",\"contentUrl\":\"https:\/\/www.diario21.tv\/noticias\/wp-content\/uploads\/2025\/12\/\u00a1Impactante-Dos-arrestados-por-violacion-grupal-con-sumision-quimica-en.jpg\",\"width\":1200,\"height\":840,\"caption\":\"Dos detenidos por violar a una chica mediante sumisi\u00f3n qu\u00edmica en una agresi\u00f3n sexual grupal en M\u00e1laga\"},{\"@type\":\"BreadcrumbList\",\"@id\":\"https:\/\/www.diario21.tv\/noticias\/impactante-dos-arrestados-por-violacion-grupal-con-sumision-quimica-en-malaga\/#breadcrumb\",\"itemListElement\":[{\"@type\":\"ListItem\",\"position\":1,\"name\":\"Accueil\",\"item\":\"https:\/\/www.diario21.tv\/noticias\/\"},{\"@type\":\"ListItem\",\"position\":2,\"name\":\"\u00a1Impactante! Dos arrestados por violaci\u00f3n grupal con sumisi\u00f3n qu\u00edmica en M\u00e1laga\"}]},{\"@type\":\"WebSite\",\"@id\":\"https:\/\/www.diario21.tv\/noticias\/#website\",\"url\":\"https:\/\/www.diario21.tv\/noticias\/\",\"name\":\"Diario 21\",\"description\":\"\",\"potentialAction\":[{\"@type\":\"SearchAction\",\"target\":{\"@type\":\"EntryPoint\",\"urlTemplate\":\"https:\/\/www.diario21.tv\/noticias\/?s={search_term_string}\"},\"query-input\":{\"@type\":\"PropertyValueSpecification\",\"valueRequired\":true,\"valueName\":\"search_term_string\"}}],\"inLanguage\":\"es-AR\"},{\"@type\":\"Person\",\"@id\":\"https:\/\/www.diario21.tv\/noticias\/#\/schema\/person\/dfb778f73814d8f09f302618446a526b\",\"name\":\"Juan P\u00e9rez\",\"image\":{\"@type\":\"ImageObject\",\"inLanguage\":\"es-AR\",\"@id\":\"https:\/\/www.diario21.tv\/noticias\/#\/schema\/person\/image\/\",\"url\":\"https:\/\/secure.gravatar.com\/avatar\/c478a405bd10621167f4c3167cc770f5?s=96&d=mm&r=g\",\"contentUrl\":\"https:\/\/secure.gravatar.com\/avatar\/c478a405bd10621167f4c3167cc770f5?s=96&d=mm&r=g\",\"caption\":\"Juan P\u00e9rez\"},\"description\":\"Juan P\u00e9rez es el redactor en jefe de Diario 21. Con m\u00e1s de 10 a\u00f1os de experiencia en el periodismo, se especializa en pol\u00edtica nacional y an\u00e1lisis socioecon\u00f3mico. Su enfoque cr\u00edtico y riguroso aporta una perspectiva \u00fanica a cada art\u00edculo.\",\"sameAs\":[\"https:\/\/www.diario21.tv\/noticias\/\"],\"url\":\"https:\/\/www.diario21.tv\/noticias\/author\/juan-perez\/\"}]}<\/script>\n<!-- \/ Yoast SEO plugin. -->","yoast_head_json":{"title":"\u00a1Impactante! Dos arrestados por violaci\u00f3n grupal con sumisi\u00f3n qu\u00edmica en M\u00e1laga - Diario 21","robots":{"index":"index","follow":"follow","max-snippet":"max-snippet:-1","max-image-preview":"max-image-preview:large","max-video-preview":"max-video-preview:-1"},"canonical":"https:\/\/www.diario21.tv\/noticias\/impactante-dos-arrestados-por-violacion-grupal-con-sumision-quimica-en-malaga\/","og_locale":"es_ES","og_type":"article","og_title":"\u00a1Impactante! Dos arrestados por violaci\u00f3n grupal con sumisi\u00f3n qu\u00edmica en M\u00e1laga - Diario 21","og_description":"Arresto de Dos Individuos por Agresi\u00f3n Sexual a una Joven en M\u00e1laga En un reciente y preocupante suceso en M\u00e1laga, dos hombres han sido detenidos tras ... Seguir leyendo &rarr;","og_url":"https:\/\/www.diario21.tv\/noticias\/impactante-dos-arrestados-por-violacion-grupal-con-sumision-quimica-en-malaga\/","og_site_name":"Diario 21","article_published_time":"2025-12-05T08:17:20+00:00","article_modified_time":"2025-12-05T08:17:21+00:00","og_image":[{"width":1200,"height":840,"url":"https:\/\/www.diario21.tv\/noticias\/wp-content\/uploads\/2025\/12\/\u00a1Impactante-Dos-arrestados-por-violacion-grupal-con-sumision-quimica-en.jpg","type":"image\/jpeg"}],"author":"Juan P\u00e9rez","twitter_card":"summary_large_image","twitter_misc":{"Escrito por":"Juan P\u00e9rez","Tiempo de lectura":"2 minutos"},"schema":{"@context":"https:\/\/schema.org","@graph":[{"@type":"WebPage","@id":"https:\/\/www.diario21.tv\/noticias\/impactante-dos-arrestados-por-violacion-grupal-con-sumision-quimica-en-malaga\/","url":"https:\/\/www.diario21.tv\/noticias\/impactante-dos-arrestados-por-violacion-grupal-con-sumision-quimica-en-malaga\/","name":"\u00a1Impactante! Dos arrestados por violaci\u00f3n grupal con sumisi\u00f3n qu\u00edmica en M\u00e1laga - Diario 21","isPartOf":{"@id":"https:\/\/www.diario21.tv\/noticias\/#website"},"primaryImageOfPage":{"@id":"https:\/\/www.diario21.tv\/noticias\/impactante-dos-arrestados-por-violacion-grupal-con-sumision-quimica-en-malaga\/#primaryimage"},"image":{"@id":"https:\/\/www.diario21.tv\/noticias\/impactante-dos-arrestados-por-violacion-grupal-con-sumision-quimica-en-malaga\/#primaryimage"},"thumbnailUrl":"https:\/\/www.diario21.tv\/noticias\/wp-content\/uploads\/2025\/12\/\u00a1Impactante-Dos-arrestados-por-violacion-grupal-con-sumision-quimica-en.jpg","datePublished":"2025-12-05T08:17:20+00:00","dateModified":"2025-12-05T08:17:21+00:00","author":{"@id":"https:\/\/www.diario21.tv\/noticias\/#\/schema\/person\/dfb778f73814d8f09f302618446a526b"},"breadcrumb":{"@id":"https:\/\/www.diario21.tv\/noticias\/impactante-dos-arrestados-por-violacion-grupal-con-sumision-quimica-en-malaga\/#breadcrumb"},"inLanguage":"es-AR","potentialAction":[{"@type":"ReadAction","target":["https:\/\/www.diario21.tv\/noticias\/impactante-dos-arrestados-por-violacion-grupal-con-sumision-quimica-en-malaga\/"]}]},{"@type":"ImageObject","inLanguage":"es-AR","@id":"https:\/\/www.diario21.tv\/noticias\/impactante-dos-arrestados-por-violacion-grupal-con-sumision-quimica-en-malaga\/#primaryimage","url":"https:\/\/www.diario21.tv\/noticias\/wp-content\/uploads\/2025\/12\/\u00a1Impactante-Dos-arrestados-por-violacion-grupal-con-sumision-quimica-en.jpg","contentUrl":"https:\/\/www.diario21.tv\/noticias\/wp-content\/uploads\/2025\/12\/\u00a1Impactante-Dos-arrestados-por-violacion-grupal-con-sumision-quimica-en.jpg","width":1200,"height":840,"caption":"Dos detenidos por violar a una chica mediante sumisi\u00f3n qu\u00edmica en una agresi\u00f3n sexual grupal en M\u00e1laga"},{"@type":"BreadcrumbList","@id":"https:\/\/www.diario21.tv\/noticias\/impactante-dos-arrestados-por-violacion-grupal-con-sumision-quimica-en-malaga\/#breadcrumb","itemListElement":[{"@type":"ListItem","position":1,"name":"Accueil","item":"https:\/\/www.diario21.tv\/noticias\/"},{"@type":"ListItem","position":2,"name":"\u00a1Impactante! Dos arrestados por violaci\u00f3n grupal con sumisi\u00f3n qu\u00edmica en M\u00e1laga"}]},{"@type":"WebSite","@id":"https:\/\/www.diario21.tv\/noticias\/#website","url":"https:\/\/www.diario21.tv\/noticias\/","name":"Diario 21","description":"","potentialAction":[{"@type":"SearchAction","target":{"@type":"EntryPoint","urlTemplate":"https:\/\/www.diario21.tv\/noticias\/?s={search_term_string}"},"query-input":{"@type":"PropertyValueSpecification","valueRequired":true,"valueName":"search_term_string"}}],"inLanguage":"es-AR"},{"@type":"Person","@id":"https:\/\/www.diario21.tv\/noticias\/#\/schema\/person\/dfb778f73814d8f09f302618446a526b","name":"Juan P\u00e9rez","image":{"@type":"ImageObject","inLanguage":"es-AR","@id":"https:\/\/www.diario21.tv\/noticias\/#\/schema\/person\/image\/","url":"https:\/\/secure.gravatar.com\/avatar\/c478a405bd10621167f4c3167cc770f5?s=96&d=mm&r=g","contentUrl":"https:\/\/secure.gravatar.com\/avatar\/c478a405bd10621167f4c3167cc770f5?s=96&d=mm&r=g","caption":"Juan P\u00e9rez"},"description":"Juan P\u00e9rez es el redactor en jefe de Diario 21. Con m\u00e1s de 10 a\u00f1os de experiencia en el periodismo, se especializa en pol\u00edtica nacional y an\u00e1lisis socioecon\u00f3mico. Su enfoque cr\u00edtico y riguroso aporta una perspectiva \u00fanica a cada art\u00edculo.","sameAs":["https:\/\/www.diario21.tv\/noticias\/"],"url":"https:\/\/www.diario21.tv\/noticias\/author\/juan-perez\/"}]}},"_links":{"self":[{"href":"https:\/\/www.diario21.tv\/noticias\/wp-json\/wp\/v2\/posts\/5421"}],"collection":[{"href":"https:\/\/www.diario21.tv\/noticias\/wp-json\/wp\/v2\/posts"}],"about":[{"href":"https:\/\/www.diario21.tv\/noticias\/wp-json\/wp\/v2\/types\/post"}],"author":[{"embeddable":true,"href":"https:\/\/www.diario21.tv\/noticias\/wp-json\/wp\/v2\/users\/20"}],"replies":[{"embeddable":true,"href":"https:\/\/www.diario21.tv\/noticias\/wp-json\/wp\/v2\/comments?post=5421"}],"version-history":[{"count":1,"href":"https:\/\/www.diario21.tv\/noticias\/wp-json\/wp\/v2\/posts\/5421\/revisions"}],"predecessor-version":[{"id":5423,"href":"https:\/\/www.diario21.tv\/noticias\/wp-json\/wp\/v2\/posts\/5421\/revisions\/5423"}],"wp:featuredmedia":[{"embeddable":true,"href":"https:\/\/www.diario21.tv\/noticias\/wp-json\/wp\/v2\/media\/5422"}],"wp:attachment":[{"href":"https:\/\/www.diario21.tv\/noticias\/wp-json\/wp\/v2\/media?parent=5421"}],"wp:term":[{"taxonomy":"category","embeddable":true,"href":"https:\/\/www.diario21.tv\/noticias\/wp-json\/wp\/v2\/categories?post=5421"},{"taxonomy":"post_tag","embeddable":true,"href":"https:\/\/www.diario21.tv\/noticias\/wp-json\/wp\/v2\/tags?post=5421"}],"curies":[{"name":"wp","href":"https:\/\/api.w.org\/{rel}","templated":true}]}}