{"id":5376,"date":"2025-12-01T07:40:15","date_gmt":"2025-12-01T07:40:15","guid":{"rendered":"https:\/\/www.diario21.tv\/noticias\/tragedia-en-a-coruna-un-muerto-y-otro-en-estado-critico-tras-incendio-en-edificio\/"},"modified":"2025-12-01T07:40:17","modified_gmt":"2025-12-01T07:40:17","slug":"tragedia-en-a-coruna-un-muerto-y-otro-en-estado-critico-tras-incendio-en-edificio","status":"publish","type":"post","link":"https:\/\/www.diario21.tv\/noticias\/tragedia-en-a-coruna-un-muerto-y-otro-en-estado-critico-tras-incendio-en-edificio\/","title":{"rendered":"Tragedia en A Coru\u00f1a: Un muerto y otro en estado cr\u00edtico tras incendio en edificio"},"content":{"rendered":"<h2>Tr\u00e1gico incendio en A Coru\u00f1a deja un muerto y otro en estado cr\u00edtico<\/h2>\n<p>En un lamentable suceso en A Coru\u00f1a, un incendio que se desat\u00f3 en una parte de un edificio result\u00f3 en la muerte de un hombre y dej\u00f3 a otro en condici\u00f3n cr\u00edtica debido a la inhalaci\u00f3n de humo. Las autoridades est\u00e1n investigando las causas del siniestro que ha conmocionado a la comunidad local.<\/p>\n<h3>Detalles del incidente<\/h3>\n<p>El fuego comenz\u00f3 en horas de la ma\u00f1ana en un edificio situado en la ciudad de A Coru\u00f1a. Los bomberos fueron alertados y r\u00e1pidamente se dirigieron al lugar del incidente. A pesar de los esfuerzos por controlar las llamas, el humo se extendi\u00f3 r\u00e1pidamente por la estructura, afectando gravemente a varios de los ocupantes.<\/p>\n<p>Uno de los hombres afectados fue encontrado sin signos vitales cuando los equipos de rescate lograron entrar en la zona donde se origin\u00f3 el fuego. El otro hombre fue rescatado en estado cr\u00edtico y de inmediato fue trasladado a un hospital cercano para recibir atenci\u00f3n m\u00e9dica especializada. Su estado se reporta como grave debido a la cantidad significativa de humo inhalado.<\/p>\n<h3>Investigaci\u00f3n en curso<\/h3>\n<p>Las autoridades han iniciado una investigaci\u00f3n para determinar las causas exactas del incendio. Primeros informes indican que el fuego podr\u00eda haber comenzado accidentalmente, pero no se descartan otras posibilidades hasta que la investigaci\u00f3n est\u00e9 m\u00e1s avanzada.<\/p>\n<h3>Reacciones de la comunidad<\/h3>\n<p>La comunidad de A Coru\u00f1a ha mostrado una profunda tristeza y consternaci\u00f3n tras el tr\u00e1gico evento. Vecinos y conocidos de las v\u00edctimas se han congregado para ofrecer apoyo y solidaridad a las familias afectadas. La alcald\u00eda ha anunciado que se tomar\u00e1n medidas para revisar y mejorar las normas de seguridad contra incendios en los edificios de la localidad para prevenir futuros incidentes de esta naturaleza.<\/p>\n<p>Este tr\u00e1gico suceso ha recordado a muchos la importancia de mantener y respetar las medidas de seguridad y prevenci\u00f3n de incendios en todos los edificios, tanto residenciales como comerciales.<\/p>\n\n\n<div class=\"kk-star-ratings kksr-auto kksr-align-left kksr-valign-bottom\"\n    data-payload='{&quot;align&quot;:&quot;left&quot;,&quot;id&quot;:&quot;5376&quot;,&quot;slug&quot;:&quot;default&quot;,&quot;valign&quot;:&quot;bottom&quot;,&quot;ignore&quot;:&quot;&quot;,&quot;reference&quot;:&quot;auto&quot;,&quot;class&quot;:&quot;&quot;,&quot;count&quot;:&quot;0&quot;,&quot;legendonly&quot;:&quot;&quot;,&quot;readonly&quot;:&quot;&quot;,&quot;score&quot;:&quot;0&quot;,&quot;starsonly&quot;:&quot;&quot;,&quot;best&quot;:&quot;5&quot;,&quot;gap&quot;:&quot;5&quot;,&quot;greet&quot;:&quot;Valora este post&quot;,&quot;legend&quot;:&quot;0\\\/5 - (0 votes)&quot;,&quot;size&quot;:&quot;22&quot;,&quot;title&quot;:&quot;Tragedia en A Coru\u00f1a: Un muerto y otro en estado cr\u00edtico tras incendio en edificio&quot;,&quot;width&quot;:&quot;0&quot;,&quot;_legend&quot;:&quot;{score}\\\/{best} - ({count} {votes})&quot;,&quot;font_factor&quot;:&quot;1.25&quot;}'>\n            \n<div class=\"kksr-stars\">\n    \n<div class=\"kksr-stars-inactive\">\n            <div class=\"kksr-star\" data-star=\"1\" style=\"padding-right: 5px\">\n            \n\n<div class=\"kksr-icon\" style=\"width: 22px; height: 22px;\"><\/div>\n        <\/div>\n            <div class=\"kksr-star\" data-star=\"2\" style=\"padding-right: 5px\">\n            \n\n<div class=\"kksr-icon\" style=\"width: 22px; height: 22px;\"><\/div>\n        <\/div>\n            <div class=\"kksr-star\" data-star=\"3\" style=\"padding-right: 5px\">\n            \n\n<div class=\"kksr-icon\" style=\"width: 22px; height: 22px;\"><\/div>\n        <\/div>\n            <div class=\"kksr-star\" data-star=\"4\" style=\"padding-right: 5px\">\n            \n\n<div class=\"kksr-icon\" style=\"width: 22px; height: 22px;\"><\/div>\n        <\/div>\n            <div class=\"kksr-star\" data-star=\"5\" style=\"padding-right: 5px\">\n            \n\n<div class=\"kksr-icon\" style=\"width: 22px; height: 22px;\"><\/div>\n        <\/div>\n    <\/div>\n    \n<div class=\"kksr-stars-active\" style=\"width: 0px;\">\n            <div class=\"kksr-star\" style=\"padding-right: 5px\">\n            \n\n<div class=\"kksr-icon\" style=\"width: 22px; height: 22px;\"><\/div>\n        <\/div>\n            <div class=\"kksr-star\" style=\"padding-right: 5px\">\n            \n\n<div class=\"kksr-icon\" style=\"width: 22px; height: 22px;\"><\/div>\n        <\/div>\n            <div class=\"kksr-star\" style=\"padding-right: 5px\">\n            \n\n<div class=\"kksr-icon\" style=\"width: 22px; height: 22px;\"><\/div>\n        <\/div>\n            <div class=\"kksr-star\" style=\"padding-right: 5px\">\n            \n\n<div class=\"kksr-icon\" style=\"width: 22px; height: 22px;\"><\/div>\n        <\/div>\n            <div class=\"kksr-star\" style=\"padding-right: 5px\">\n            \n\n<div class=\"kksr-icon\" style=\"width: 22px; height: 22px;\"><\/div>\n        <\/div>\n    <\/div>\n<\/div>\n                \n\n<div class=\"kksr-legend\" style=\"font-size: 17.6px;\">\n            <span class=\"kksr-muted\">Valora este post<\/span>\n    <\/div>\n    <\/div>\n","protected":false},"excerpt":{"rendered":"<p>Tr\u00e1gico incendio en A Coru\u00f1a deja un muerto y otro en estado cr\u00edtico En un lamentable suceso en A Coru\u00f1a, un incendio que se desat\u00f3 en &#8230; <a title=\"Tragedia en A Coru\u00f1a: Un muerto y otro en estado cr\u00edtico tras incendio en edificio\" class=\"read-more\" href=\"https:\/\/www.diario21.tv\/noticias\/tragedia-en-a-coruna-un-muerto-y-otro-en-estado-critico-tras-incendio-en-edificio\/\" aria-label=\"Leer m\u00e1s sobre Tragedia en A Coru\u00f1a: Un muerto y otro en estado cr\u00edtico tras incendio en edificio\">Seguir leyendo &rarr;<\/a><\/p>\n","protected":false},"author":20,"featured_media":5377,"comment_status":"open","ping_status":"open","sticky":false,"template":"","format":"standard","meta":{"footnotes":""},"categories":[13],"tags":[],"class_list":["post-5376","post","type-post","status-publish","format-standard","has-post-thumbnail","hentry","category-portada"],"yoast_head":"<!-- This site is optimized with the Yoast SEO plugin v25.6 - https:\/\/yoast.com\/wordpress\/plugins\/seo\/ -->\n<title>Tragedia en A Coru\u00f1a: Un muerto y otro en estado cr\u00edtico tras incendio en edificio - Diario 21<\/title>\n<meta name=\"robots\" content=\"index, follow, max-snippet:-1, max-image-preview:large, max-video-preview:-1\" \/>\n<link rel=\"canonical\" href=\"https:\/\/www.diario21.tv\/noticias\/tragedia-en-a-coruna-un-muerto-y-otro-en-estado-critico-tras-incendio-en-edificio\/\" \/>\n<meta property=\"og:locale\" content=\"es_ES\" \/>\n<meta property=\"og:type\" content=\"article\" \/>\n<meta property=\"og:title\" content=\"Tragedia en A Coru\u00f1a: Un muerto y otro en estado cr\u00edtico tras incendio en edificio - Diario 21\" \/>\n<meta property=\"og:description\" content=\"Tr\u00e1gico incendio en A Coru\u00f1a deja un muerto y otro en estado cr\u00edtico En un lamentable suceso en A Coru\u00f1a, un incendio que se desat\u00f3 en ... Seguir leyendo &rarr;\" \/>\n<meta property=\"og:url\" content=\"https:\/\/www.diario21.tv\/noticias\/tragedia-en-a-coruna-un-muerto-y-otro-en-estado-critico-tras-incendio-en-edificio\/\" \/>\n<meta property=\"og:site_name\" content=\"Diario 21\" \/>\n<meta property=\"article:published_time\" content=\"2025-12-01T07:40:15+00:00\" \/>\n<meta property=\"article:modified_time\" content=\"2025-12-01T07:40:17+00:00\" \/>\n<meta property=\"og:image\" content=\"https:\/\/www.diario21.tv\/noticias\/wp-content\/uploads\/2025\/12\/Tragedia-en-A-Coruna-Un-muerto-y-otro-en-estado.jpg\" \/>\n\t<meta property=\"og:image:width\" content=\"1200\" \/>\n\t<meta property=\"og:image:height\" content=\"840\" \/>\n\t<meta property=\"og:image:type\" content=\"image\/jpeg\" \/>\n<meta name=\"author\" content=\"Juan P\u00e9rez\" \/>\n<meta name=\"twitter:card\" content=\"summary_large_image\" \/>\n<meta name=\"twitter:label1\" content=\"Escrito por\" \/>\n\t<meta name=\"twitter:data1\" content=\"Juan P\u00e9rez\" \/>\n\t<meta name=\"twitter:label2\" content=\"Tiempo de lectura\" \/>\n\t<meta name=\"twitter:data2\" content=\"2 minutos\" \/>\n<script type=\"application\/ld+json\" class=\"yoast-schema-graph\">{\"@context\":\"https:\/\/schema.org\",\"@graph\":[{\"@type\":\"WebPage\",\"@id\":\"https:\/\/www.diario21.tv\/noticias\/tragedia-en-a-coruna-un-muerto-y-otro-en-estado-critico-tras-incendio-en-edificio\/\",\"url\":\"https:\/\/www.diario21.tv\/noticias\/tragedia-en-a-coruna-un-muerto-y-otro-en-estado-critico-tras-incendio-en-edificio\/\",\"name\":\"Tragedia en A Coru\u00f1a: Un muerto y otro en estado cr\u00edtico tras incendio en edificio - Diario 21\",\"isPartOf\":{\"@id\":\"https:\/\/www.diario21.tv\/noticias\/#website\"},\"primaryImageOfPage\":{\"@id\":\"https:\/\/www.diario21.tv\/noticias\/tragedia-en-a-coruna-un-muerto-y-otro-en-estado-critico-tras-incendio-en-edificio\/#primaryimage\"},\"image\":{\"@id\":\"https:\/\/www.diario21.tv\/noticias\/tragedia-en-a-coruna-un-muerto-y-otro-en-estado-critico-tras-incendio-en-edificio\/#primaryimage\"},\"thumbnailUrl\":\"https:\/\/www.diario21.tv\/noticias\/wp-content\/uploads\/2025\/12\/Tragedia-en-A-Coruna-Un-muerto-y-otro-en-estado.jpg\",\"datePublished\":\"2025-12-01T07:40:15+00:00\",\"dateModified\":\"2025-12-01T07:40:17+00:00\",\"author\":{\"@id\":\"https:\/\/www.diario21.tv\/noticias\/#\/schema\/person\/dfb778f73814d8f09f302618446a526b\"},\"breadcrumb\":{\"@id\":\"https:\/\/www.diario21.tv\/noticias\/tragedia-en-a-coruna-un-muerto-y-otro-en-estado-critico-tras-incendio-en-edificio\/#breadcrumb\"},\"inLanguage\":\"es-AR\",\"potentialAction\":[{\"@type\":\"ReadAction\",\"target\":[\"https:\/\/www.diario21.tv\/noticias\/tragedia-en-a-coruna-un-muerto-y-otro-en-estado-critico-tras-incendio-en-edificio\/\"]}]},{\"@type\":\"ImageObject\",\"inLanguage\":\"es-AR\",\"@id\":\"https:\/\/www.diario21.tv\/noticias\/tragedia-en-a-coruna-un-muerto-y-otro-en-estado-critico-tras-incendio-en-edificio\/#primaryimage\",\"url\":\"https:\/\/www.diario21.tv\/noticias\/wp-content\/uploads\/2025\/12\/Tragedia-en-A-Coruna-Un-muerto-y-otro-en-estado.jpg\",\"contentUrl\":\"https:\/\/www.diario21.tv\/noticias\/wp-content\/uploads\/2025\/12\/Tragedia-en-A-Coruna-Un-muerto-y-otro-en-estado.jpg\",\"width\":1200,\"height\":840,\"caption\":\"Un hombre muerto y otro cr\u00edtico por inhalar humo al incendiarse parte de un edificio en A Coru\u00f1a\"},{\"@type\":\"BreadcrumbList\",\"@id\":\"https:\/\/www.diario21.tv\/noticias\/tragedia-en-a-coruna-un-muerto-y-otro-en-estado-critico-tras-incendio-en-edificio\/#breadcrumb\",\"itemListElement\":[{\"@type\":\"ListItem\",\"position\":1,\"name\":\"Accueil\",\"item\":\"https:\/\/www.diario21.tv\/noticias\/\"},{\"@type\":\"ListItem\",\"position\":2,\"name\":\"Tragedia en A Coru\u00f1a: Un muerto y otro en estado cr\u00edtico tras incendio en edificio\"}]},{\"@type\":\"WebSite\",\"@id\":\"https:\/\/www.diario21.tv\/noticias\/#website\",\"url\":\"https:\/\/www.diario21.tv\/noticias\/\",\"name\":\"Diario 21\",\"description\":\"\",\"potentialAction\":[{\"@type\":\"SearchAction\",\"target\":{\"@type\":\"EntryPoint\",\"urlTemplate\":\"https:\/\/www.diario21.tv\/noticias\/?s={search_term_string}\"},\"query-input\":{\"@type\":\"PropertyValueSpecification\",\"valueRequired\":true,\"valueName\":\"search_term_string\"}}],\"inLanguage\":\"es-AR\"},{\"@type\":\"Person\",\"@id\":\"https:\/\/www.diario21.tv\/noticias\/#\/schema\/person\/dfb778f73814d8f09f302618446a526b\",\"name\":\"Juan P\u00e9rez\",\"image\":{\"@type\":\"ImageObject\",\"inLanguage\":\"es-AR\",\"@id\":\"https:\/\/www.diario21.tv\/noticias\/#\/schema\/person\/image\/\",\"url\":\"https:\/\/secure.gravatar.com\/avatar\/c478a405bd10621167f4c3167cc770f5?s=96&d=mm&r=g\",\"contentUrl\":\"https:\/\/secure.gravatar.com\/avatar\/c478a405bd10621167f4c3167cc770f5?s=96&d=mm&r=g\",\"caption\":\"Juan P\u00e9rez\"},\"description\":\"Juan P\u00e9rez es el redactor en jefe de Diario 21. Con m\u00e1s de 10 a\u00f1os de experiencia en el periodismo, se especializa en pol\u00edtica nacional y an\u00e1lisis socioecon\u00f3mico. Su enfoque cr\u00edtico y riguroso aporta una perspectiva \u00fanica a cada art\u00edculo.\",\"sameAs\":[\"https:\/\/www.diario21.tv\/noticias\/\"],\"url\":\"https:\/\/www.diario21.tv\/noticias\/author\/juan-perez\/\"}]}<\/script>\n<!-- \/ Yoast SEO plugin. -->","yoast_head_json":{"title":"Tragedia en A Coru\u00f1a: Un muerto y otro en estado cr\u00edtico tras incendio en edificio - Diario 21","robots":{"index":"index","follow":"follow","max-snippet":"max-snippet:-1","max-image-preview":"max-image-preview:large","max-video-preview":"max-video-preview:-1"},"canonical":"https:\/\/www.diario21.tv\/noticias\/tragedia-en-a-coruna-un-muerto-y-otro-en-estado-critico-tras-incendio-en-edificio\/","og_locale":"es_ES","og_type":"article","og_title":"Tragedia en A Coru\u00f1a: Un muerto y otro en estado cr\u00edtico tras incendio en edificio - Diario 21","og_description":"Tr\u00e1gico incendio en A Coru\u00f1a deja un muerto y otro en estado cr\u00edtico En un lamentable suceso en A Coru\u00f1a, un incendio que se desat\u00f3 en ... Seguir leyendo &rarr;","og_url":"https:\/\/www.diario21.tv\/noticias\/tragedia-en-a-coruna-un-muerto-y-otro-en-estado-critico-tras-incendio-en-edificio\/","og_site_name":"Diario 21","article_published_time":"2025-12-01T07:40:15+00:00","article_modified_time":"2025-12-01T07:40:17+00:00","og_image":[{"width":1200,"height":840,"url":"https:\/\/www.diario21.tv\/noticias\/wp-content\/uploads\/2025\/12\/Tragedia-en-A-Coruna-Un-muerto-y-otro-en-estado.jpg","type":"image\/jpeg"}],"author":"Juan P\u00e9rez","twitter_card":"summary_large_image","twitter_misc":{"Escrito por":"Juan P\u00e9rez","Tiempo de lectura":"2 minutos"},"schema":{"@context":"https:\/\/schema.org","@graph":[{"@type":"WebPage","@id":"https:\/\/www.diario21.tv\/noticias\/tragedia-en-a-coruna-un-muerto-y-otro-en-estado-critico-tras-incendio-en-edificio\/","url":"https:\/\/www.diario21.tv\/noticias\/tragedia-en-a-coruna-un-muerto-y-otro-en-estado-critico-tras-incendio-en-edificio\/","name":"Tragedia en A Coru\u00f1a: Un muerto y otro en estado cr\u00edtico tras incendio en edificio - Diario 21","isPartOf":{"@id":"https:\/\/www.diario21.tv\/noticias\/#website"},"primaryImageOfPage":{"@id":"https:\/\/www.diario21.tv\/noticias\/tragedia-en-a-coruna-un-muerto-y-otro-en-estado-critico-tras-incendio-en-edificio\/#primaryimage"},"image":{"@id":"https:\/\/www.diario21.tv\/noticias\/tragedia-en-a-coruna-un-muerto-y-otro-en-estado-critico-tras-incendio-en-edificio\/#primaryimage"},"thumbnailUrl":"https:\/\/www.diario21.tv\/noticias\/wp-content\/uploads\/2025\/12\/Tragedia-en-A-Coruna-Un-muerto-y-otro-en-estado.jpg","datePublished":"2025-12-01T07:40:15+00:00","dateModified":"2025-12-01T07:40:17+00:00","author":{"@id":"https:\/\/www.diario21.tv\/noticias\/#\/schema\/person\/dfb778f73814d8f09f302618446a526b"},"breadcrumb":{"@id":"https:\/\/www.diario21.tv\/noticias\/tragedia-en-a-coruna-un-muerto-y-otro-en-estado-critico-tras-incendio-en-edificio\/#breadcrumb"},"inLanguage":"es-AR","potentialAction":[{"@type":"ReadAction","target":["https:\/\/www.diario21.tv\/noticias\/tragedia-en-a-coruna-un-muerto-y-otro-en-estado-critico-tras-incendio-en-edificio\/"]}]},{"@type":"ImageObject","inLanguage":"es-AR","@id":"https:\/\/www.diario21.tv\/noticias\/tragedia-en-a-coruna-un-muerto-y-otro-en-estado-critico-tras-incendio-en-edificio\/#primaryimage","url":"https:\/\/www.diario21.tv\/noticias\/wp-content\/uploads\/2025\/12\/Tragedia-en-A-Coruna-Un-muerto-y-otro-en-estado.jpg","contentUrl":"https:\/\/www.diario21.tv\/noticias\/wp-content\/uploads\/2025\/12\/Tragedia-en-A-Coruna-Un-muerto-y-otro-en-estado.jpg","width":1200,"height":840,"caption":"Un hombre muerto y otro cr\u00edtico por inhalar humo al incendiarse parte de un edificio en A Coru\u00f1a"},{"@type":"BreadcrumbList","@id":"https:\/\/www.diario21.tv\/noticias\/tragedia-en-a-coruna-un-muerto-y-otro-en-estado-critico-tras-incendio-en-edificio\/#breadcrumb","itemListElement":[{"@type":"ListItem","position":1,"name":"Accueil","item":"https:\/\/www.diario21.tv\/noticias\/"},{"@type":"ListItem","position":2,"name":"Tragedia en A Coru\u00f1a: Un muerto y otro en estado cr\u00edtico tras incendio en edificio"}]},{"@type":"WebSite","@id":"https:\/\/www.diario21.tv\/noticias\/#website","url":"https:\/\/www.diario21.tv\/noticias\/","name":"Diario 21","description":"","potentialAction":[{"@type":"SearchAction","target":{"@type":"EntryPoint","urlTemplate":"https:\/\/www.diario21.tv\/noticias\/?s={search_term_string}"},"query-input":{"@type":"PropertyValueSpecification","valueRequired":true,"valueName":"search_term_string"}}],"inLanguage":"es-AR"},{"@type":"Person","@id":"https:\/\/www.diario21.tv\/noticias\/#\/schema\/person\/dfb778f73814d8f09f302618446a526b","name":"Juan P\u00e9rez","image":{"@type":"ImageObject","inLanguage":"es-AR","@id":"https:\/\/www.diario21.tv\/noticias\/#\/schema\/person\/image\/","url":"https:\/\/secure.gravatar.com\/avatar\/c478a405bd10621167f4c3167cc770f5?s=96&d=mm&r=g","contentUrl":"https:\/\/secure.gravatar.com\/avatar\/c478a405bd10621167f4c3167cc770f5?s=96&d=mm&r=g","caption":"Juan P\u00e9rez"},"description":"Juan P\u00e9rez es el redactor en jefe de Diario 21. Con m\u00e1s de 10 a\u00f1os de experiencia en el periodismo, se especializa en pol\u00edtica nacional y an\u00e1lisis socioecon\u00f3mico. Su enfoque cr\u00edtico y riguroso aporta una perspectiva \u00fanica a cada art\u00edculo.","sameAs":["https:\/\/www.diario21.tv\/noticias\/"],"url":"https:\/\/www.diario21.tv\/noticias\/author\/juan-perez\/"}]}},"_links":{"self":[{"href":"https:\/\/www.diario21.tv\/noticias\/wp-json\/wp\/v2\/posts\/5376"}],"collection":[{"href":"https:\/\/www.diario21.tv\/noticias\/wp-json\/wp\/v2\/posts"}],"about":[{"href":"https:\/\/www.diario21.tv\/noticias\/wp-json\/wp\/v2\/types\/post"}],"author":[{"embeddable":true,"href":"https:\/\/www.diario21.tv\/noticias\/wp-json\/wp\/v2\/users\/20"}],"replies":[{"embeddable":true,"href":"https:\/\/www.diario21.tv\/noticias\/wp-json\/wp\/v2\/comments?post=5376"}],"version-history":[{"count":1,"href":"https:\/\/www.diario21.tv\/noticias\/wp-json\/wp\/v2\/posts\/5376\/revisions"}],"predecessor-version":[{"id":5378,"href":"https:\/\/www.diario21.tv\/noticias\/wp-json\/wp\/v2\/posts\/5376\/revisions\/5378"}],"wp:featuredmedia":[{"embeddable":true,"href":"https:\/\/www.diario21.tv\/noticias\/wp-json\/wp\/v2\/media\/5377"}],"wp:attachment":[{"href":"https:\/\/www.diario21.tv\/noticias\/wp-json\/wp\/v2\/media?parent=5376"}],"wp:term":[{"taxonomy":"category","embeddable":true,"href":"https:\/\/www.diario21.tv\/noticias\/wp-json\/wp\/v2\/categories?post=5376"},{"taxonomy":"post_tag","embeddable":true,"href":"https:\/\/www.diario21.tv\/noticias\/wp-json\/wp\/v2\/tags?post=5376"}],"curies":[{"name":"wp","href":"https:\/\/api.w.org\/{rel}","templated":true}]}}