{"id":5367,"date":"2025-11-30T13:36:18","date_gmt":"2025-11-30T13:36:18","guid":{"rendered":"https:\/\/www.diario21.tv\/noticias\/alerta-en-espana-el-40-del-territorio-ya-enfrenta-desertificacion\/"},"modified":"2025-11-30T13:36:21","modified_gmt":"2025-11-30T13:36:21","slug":"alerta-en-espana-el-40-del-territorio-ya-enfrenta-desertificacion","status":"publish","type":"post","link":"https:\/\/www.diario21.tv\/noticias\/alerta-en-espana-el-40-del-territorio-ya-enfrenta-desertificacion\/","title":{"rendered":"\u00a1Alerta en Espa\u00f1a! El 40% del territorio ya enfrenta desertificaci\u00f3n"},"content":{"rendered":"<h2>La Desertizaci\u00f3n Avanza en Espa\u00f1a: Afecta al 40% del Pa\u00eds<\/h2>\n<p>Espa\u00f1a est\u00e1 enfrentando un grave problema de desertificaci\u00f3n, que ya abarca cerca del 40% de su territorio. Este fen\u00f3meno, causado principalmente por la combinaci\u00f3n del cambio clim\u00e1tico y la gesti\u00f3n inadecuada de los recursos naturales, est\u00e1 transformando vastas \u00e1reas de terreno f\u00e9rtil en desiertos inh\u00f3spitos.<\/p>\n<h3>Impacto del Cambio Clim\u00e1tico y la Actividad Humana<\/h3>\n<p>El cambio clim\u00e1tico est\u00e1 incrementando las temperaturas y alterando los patrones de precipitaci\u00f3n en Espa\u00f1a, lo que resulta en per\u00edodos m\u00e1s largos y severos de sequ\u00eda. Estas condiciones extremas no solo afectan la disponibilidad de recursos como el agua, sino que tambi\u00e9n amenazan la agricultura, una de las principales actividades econ\u00f3micas del pa\u00eds.<\/p>\n<p>La actividad humana tambi\u00e9n juega un papel crucial en este proceso de desertificaci\u00f3n. La tala excesiva, el uso insostenible de las tierras para la agricultura y la expansi\u00f3n urbana contribuyen significativamente a la degradaci\u00f3n del suelo. Sin la cobertura vegetal adecuada, los suelos se vuelven menos f\u00e9rtiles y m\u00e1s susceptibles a la erosi\u00f3n, un ciclo que eventualmente lleva a la desertificaci\u00f3n.<\/p>\n<h3>Consecuencias para la Biodiversidad y la Econom\u00eda<\/h3>\n<p>La p\u00e9rdida de tierras f\u00e9rtiles no solo es un problema ambiental sino tambi\u00e9n econ\u00f3mico. La agricultura en regiones afectadas por la desertificaci\u00f3n se vuelve cada vez m\u00e1s dif\u00edcil, afectando el sustento de millones de personas que dependen de ella. Adem\u00e1s, la biodiversidad en estas \u00e1reas est\u00e1 en riesgo, ya que las especies que no pueden adaptarse a las condiciones m\u00e1s \u00e1ridas mueren o se desplazan a otros h\u00e1bitats.<\/p>\n<h3>Esfuerzos para Combatir la Desertificaci\u00f3n en Espa\u00f1a<\/h3>\n<p>Ante este desaf\u00edo, Espa\u00f1a ha implementado varias estrategias y proyectos para combatir la desertificaci\u00f3n. Estos incluyen la reforestaci\u00f3n y la implementaci\u00f3n de pr\u00e1cticas agr\u00edcolas m\u00e1s sostenibles que ayudan a preservar el suelo y promueven el uso eficiente del agua. Adem\u00e1s, se est\u00e1n desarrollando pol\u00edticas para mejor gestionar el crecimiento urbano y proteger las \u00e1reas naturales vulnerables.<\/p>\n<p>A pesar de estos esfuerzos, los expertos advierten que se necesita una acci\u00f3n m\u00e1s decidida y coordinada, tanto a nivel nacional como internacional, para combatir efectivamente la desertificaci\u00f3n. La cooperaci\u00f3n entre gobiernos, empresas, comunidades locales y organizaciones internacionales ser\u00e1 clave para enfrentar este problema creciente y proteger el futuro ambiental y econ\u00f3mico de Espa\u00f1a.<\/p>\n\n\n<div class=\"kk-star-ratings kksr-auto kksr-align-left kksr-valign-bottom\"\n    data-payload='{&quot;align&quot;:&quot;left&quot;,&quot;id&quot;:&quot;5367&quot;,&quot;slug&quot;:&quot;default&quot;,&quot;valign&quot;:&quot;bottom&quot;,&quot;ignore&quot;:&quot;&quot;,&quot;reference&quot;:&quot;auto&quot;,&quot;class&quot;:&quot;&quot;,&quot;count&quot;:&quot;0&quot;,&quot;legendonly&quot;:&quot;&quot;,&quot;readonly&quot;:&quot;&quot;,&quot;score&quot;:&quot;0&quot;,&quot;starsonly&quot;:&quot;&quot;,&quot;best&quot;:&quot;5&quot;,&quot;gap&quot;:&quot;5&quot;,&quot;greet&quot;:&quot;Valora este post&quot;,&quot;legend&quot;:&quot;0\\\/5 - (0 votes)&quot;,&quot;size&quot;:&quot;22&quot;,&quot;title&quot;:&quot;\u00a1Alerta en Espa\u00f1a! El 40% del territorio ya enfrenta desertificaci\u00f3n&quot;,&quot;width&quot;:&quot;0&quot;,&quot;_legend&quot;:&quot;{score}\\\/{best} - ({count} {votes})&quot;,&quot;font_factor&quot;:&quot;1.25&quot;}'>\n            \n<div class=\"kksr-stars\">\n    \n<div class=\"kksr-stars-inactive\">\n            <div class=\"kksr-star\" data-star=\"1\" style=\"padding-right: 5px\">\n            \n\n<div class=\"kksr-icon\" style=\"width: 22px; height: 22px;\"><\/div>\n        <\/div>\n            <div class=\"kksr-star\" data-star=\"2\" style=\"padding-right: 5px\">\n            \n\n<div class=\"kksr-icon\" style=\"width: 22px; height: 22px;\"><\/div>\n        <\/div>\n            <div class=\"kksr-star\" data-star=\"3\" style=\"padding-right: 5px\">\n            \n\n<div class=\"kksr-icon\" style=\"width: 22px; height: 22px;\"><\/div>\n        <\/div>\n            <div class=\"kksr-star\" data-star=\"4\" style=\"padding-right: 5px\">\n            \n\n<div class=\"kksr-icon\" style=\"width: 22px; height: 22px;\"><\/div>\n        <\/div>\n            <div class=\"kksr-star\" data-star=\"5\" style=\"padding-right: 5px\">\n            \n\n<div class=\"kksr-icon\" style=\"width: 22px; height: 22px;\"><\/div>\n        <\/div>\n    <\/div>\n    \n<div class=\"kksr-stars-active\" style=\"width: 0px;\">\n            <div class=\"kksr-star\" style=\"padding-right: 5px\">\n            \n\n<div class=\"kksr-icon\" style=\"width: 22px; height: 22px;\"><\/div>\n        <\/div>\n            <div class=\"kksr-star\" style=\"padding-right: 5px\">\n            \n\n<div class=\"kksr-icon\" style=\"width: 22px; height: 22px;\"><\/div>\n        <\/div>\n            <div class=\"kksr-star\" style=\"padding-right: 5px\">\n            \n\n<div class=\"kksr-icon\" style=\"width: 22px; height: 22px;\"><\/div>\n        <\/div>\n            <div class=\"kksr-star\" style=\"padding-right: 5px\">\n            \n\n<div class=\"kksr-icon\" style=\"width: 22px; height: 22px;\"><\/div>\n        <\/div>\n            <div class=\"kksr-star\" style=\"padding-right: 5px\">\n            \n\n<div class=\"kksr-icon\" style=\"width: 22px; height: 22px;\"><\/div>\n        <\/div>\n    <\/div>\n<\/div>\n                \n\n<div class=\"kksr-legend\" style=\"font-size: 17.6px;\">\n            <span class=\"kksr-muted\">Valora este post<\/span>\n    <\/div>\n    <\/div>\n","protected":false},"excerpt":{"rendered":"<p>La Desertizaci\u00f3n Avanza en Espa\u00f1a: Afecta al 40% del Pa\u00eds Espa\u00f1a est\u00e1 enfrentando un grave problema de desertificaci\u00f3n, que ya abarca cerca del 40% de su &#8230; <a title=\"\u00a1Alerta en Espa\u00f1a! El 40% del territorio ya enfrenta desertificaci\u00f3n\" class=\"read-more\" href=\"https:\/\/www.diario21.tv\/noticias\/alerta-en-espana-el-40-del-territorio-ya-enfrenta-desertificacion\/\" aria-label=\"Leer m\u00e1s sobre \u00a1Alerta en Espa\u00f1a! El 40% del territorio ya enfrenta desertificaci\u00f3n\">Seguir leyendo &rarr;<\/a><\/p>\n","protected":false},"author":20,"featured_media":5368,"comment_status":"open","ping_status":"open","sticky":false,"template":"","format":"standard","meta":{"footnotes":""},"categories":[13],"tags":[],"class_list":["post-5367","post","type-post","status-publish","format-standard","has-post-thumbnail","hentry","category-portada"],"yoast_head":"<!-- This site is optimized with the Yoast SEO plugin v25.6 - https:\/\/yoast.com\/wordpress\/plugins\/seo\/ -->\n<title>\u00a1Alerta en Espa\u00f1a! El 40% del territorio ya enfrenta desertificaci\u00f3n - Diario 21<\/title>\n<meta name=\"robots\" content=\"index, follow, max-snippet:-1, max-image-preview:large, max-video-preview:-1\" \/>\n<link rel=\"canonical\" href=\"https:\/\/www.diario21.tv\/noticias\/alerta-en-espana-el-40-del-territorio-ya-enfrenta-desertificacion\/\" \/>\n<meta property=\"og:locale\" content=\"es_ES\" \/>\n<meta property=\"og:type\" content=\"article\" \/>\n<meta property=\"og:title\" content=\"\u00a1Alerta en Espa\u00f1a! El 40% del territorio ya enfrenta desertificaci\u00f3n - Diario 21\" \/>\n<meta property=\"og:description\" content=\"La Desertizaci\u00f3n Avanza en Espa\u00f1a: Afecta al 40% del Pa\u00eds Espa\u00f1a est\u00e1 enfrentando un grave problema de desertificaci\u00f3n, que ya abarca cerca del 40% de su ... Seguir leyendo &rarr;\" \/>\n<meta property=\"og:url\" content=\"https:\/\/www.diario21.tv\/noticias\/alerta-en-espana-el-40-del-territorio-ya-enfrenta-desertificacion\/\" \/>\n<meta property=\"og:site_name\" content=\"Diario 21\" \/>\n<meta property=\"article:published_time\" content=\"2025-11-30T13:36:18+00:00\" \/>\n<meta property=\"article:modified_time\" content=\"2025-11-30T13:36:21+00:00\" \/>\n<meta property=\"og:image\" content=\"https:\/\/www.diario21.tv\/noticias\/wp-content\/uploads\/2025\/11\/\u00a1Alerta-en-Espana-El-40-del-territorio-ya-enfrenta-desertificacion.jpg\" \/>\n\t<meta property=\"og:image:width\" content=\"1200\" \/>\n\t<meta property=\"og:image:height\" content=\"840\" \/>\n\t<meta property=\"og:image:type\" content=\"image\/jpeg\" \/>\n<meta name=\"author\" content=\"Juan P\u00e9rez\" \/>\n<meta name=\"twitter:card\" content=\"summary_large_image\" \/>\n<meta name=\"twitter:label1\" content=\"Escrito por\" \/>\n\t<meta name=\"twitter:data1\" content=\"Juan P\u00e9rez\" \/>\n\t<meta name=\"twitter:label2\" content=\"Tiempo de lectura\" \/>\n\t<meta name=\"twitter:data2\" content=\"2 minutos\" \/>\n<script type=\"application\/ld+json\" class=\"yoast-schema-graph\">{\"@context\":\"https:\/\/schema.org\",\"@graph\":[{\"@type\":\"WebPage\",\"@id\":\"https:\/\/www.diario21.tv\/noticias\/alerta-en-espana-el-40-del-territorio-ya-enfrenta-desertificacion\/\",\"url\":\"https:\/\/www.diario21.tv\/noticias\/alerta-en-espana-el-40-del-territorio-ya-enfrenta-desertificacion\/\",\"name\":\"\u00a1Alerta en Espa\u00f1a! El 40% del territorio ya enfrenta desertificaci\u00f3n - Diario 21\",\"isPartOf\":{\"@id\":\"https:\/\/www.diario21.tv\/noticias\/#website\"},\"primaryImageOfPage\":{\"@id\":\"https:\/\/www.diario21.tv\/noticias\/alerta-en-espana-el-40-del-territorio-ya-enfrenta-desertificacion\/#primaryimage\"},\"image\":{\"@id\":\"https:\/\/www.diario21.tv\/noticias\/alerta-en-espana-el-40-del-territorio-ya-enfrenta-desertificacion\/#primaryimage\"},\"thumbnailUrl\":\"https:\/\/www.diario21.tv\/noticias\/wp-content\/uploads\/2025\/11\/\u00a1Alerta-en-Espana-El-40-del-territorio-ya-enfrenta-desertificacion.jpg\",\"datePublished\":\"2025-11-30T13:36:18+00:00\",\"dateModified\":\"2025-11-30T13:36:21+00:00\",\"author\":{\"@id\":\"https:\/\/www.diario21.tv\/noticias\/#\/schema\/person\/dfb778f73814d8f09f302618446a526b\"},\"breadcrumb\":{\"@id\":\"https:\/\/www.diario21.tv\/noticias\/alerta-en-espana-el-40-del-territorio-ya-enfrenta-desertificacion\/#breadcrumb\"},\"inLanguage\":\"es-AR\",\"potentialAction\":[{\"@type\":\"ReadAction\",\"target\":[\"https:\/\/www.diario21.tv\/noticias\/alerta-en-espana-el-40-del-territorio-ya-enfrenta-desertificacion\/\"]}]},{\"@type\":\"ImageObject\",\"inLanguage\":\"es-AR\",\"@id\":\"https:\/\/www.diario21.tv\/noticias\/alerta-en-espana-el-40-del-territorio-ya-enfrenta-desertificacion\/#primaryimage\",\"url\":\"https:\/\/www.diario21.tv\/noticias\/wp-content\/uploads\/2025\/11\/\u00a1Alerta-en-Espana-El-40-del-territorio-ya-enfrenta-desertificacion.jpg\",\"contentUrl\":\"https:\/\/www.diario21.tv\/noticias\/wp-content\/uploads\/2025\/11\/\u00a1Alerta-en-Espana-El-40-del-territorio-ya-enfrenta-desertificacion.jpg\",\"width\":1200,\"height\":840,\"caption\":\"Espa\u00f1a se desertifica: ya alcanza al 40% del territorio\"},{\"@type\":\"BreadcrumbList\",\"@id\":\"https:\/\/www.diario21.tv\/noticias\/alerta-en-espana-el-40-del-territorio-ya-enfrenta-desertificacion\/#breadcrumb\",\"itemListElement\":[{\"@type\":\"ListItem\",\"position\":1,\"name\":\"Accueil\",\"item\":\"https:\/\/www.diario21.tv\/noticias\/\"},{\"@type\":\"ListItem\",\"position\":2,\"name\":\"\u00a1Alerta en Espa\u00f1a! El 40% del territorio ya enfrenta desertificaci\u00f3n\"}]},{\"@type\":\"WebSite\",\"@id\":\"https:\/\/www.diario21.tv\/noticias\/#website\",\"url\":\"https:\/\/www.diario21.tv\/noticias\/\",\"name\":\"Diario 21\",\"description\":\"\",\"potentialAction\":[{\"@type\":\"SearchAction\",\"target\":{\"@type\":\"EntryPoint\",\"urlTemplate\":\"https:\/\/www.diario21.tv\/noticias\/?s={search_term_string}\"},\"query-input\":{\"@type\":\"PropertyValueSpecification\",\"valueRequired\":true,\"valueName\":\"search_term_string\"}}],\"inLanguage\":\"es-AR\"},{\"@type\":\"Person\",\"@id\":\"https:\/\/www.diario21.tv\/noticias\/#\/schema\/person\/dfb778f73814d8f09f302618446a526b\",\"name\":\"Juan P\u00e9rez\",\"image\":{\"@type\":\"ImageObject\",\"inLanguage\":\"es-AR\",\"@id\":\"https:\/\/www.diario21.tv\/noticias\/#\/schema\/person\/image\/\",\"url\":\"https:\/\/secure.gravatar.com\/avatar\/c478a405bd10621167f4c3167cc770f5?s=96&d=mm&r=g\",\"contentUrl\":\"https:\/\/secure.gravatar.com\/avatar\/c478a405bd10621167f4c3167cc770f5?s=96&d=mm&r=g\",\"caption\":\"Juan P\u00e9rez\"},\"description\":\"Juan P\u00e9rez es el redactor en jefe de Diario 21. Con m\u00e1s de 10 a\u00f1os de experiencia en el periodismo, se especializa en pol\u00edtica nacional y an\u00e1lisis socioecon\u00f3mico. Su enfoque cr\u00edtico y riguroso aporta una perspectiva \u00fanica a cada art\u00edculo.\",\"sameAs\":[\"https:\/\/www.diario21.tv\/noticias\/\"],\"url\":\"https:\/\/www.diario21.tv\/noticias\/author\/juan-perez\/\"}]}<\/script>\n<!-- \/ Yoast SEO plugin. -->","yoast_head_json":{"title":"\u00a1Alerta en Espa\u00f1a! El 40% del territorio ya enfrenta desertificaci\u00f3n - Diario 21","robots":{"index":"index","follow":"follow","max-snippet":"max-snippet:-1","max-image-preview":"max-image-preview:large","max-video-preview":"max-video-preview:-1"},"canonical":"https:\/\/www.diario21.tv\/noticias\/alerta-en-espana-el-40-del-territorio-ya-enfrenta-desertificacion\/","og_locale":"es_ES","og_type":"article","og_title":"\u00a1Alerta en Espa\u00f1a! El 40% del territorio ya enfrenta desertificaci\u00f3n - Diario 21","og_description":"La Desertizaci\u00f3n Avanza en Espa\u00f1a: Afecta al 40% del Pa\u00eds Espa\u00f1a est\u00e1 enfrentando un grave problema de desertificaci\u00f3n, que ya abarca cerca del 40% de su ... Seguir leyendo &rarr;","og_url":"https:\/\/www.diario21.tv\/noticias\/alerta-en-espana-el-40-del-territorio-ya-enfrenta-desertificacion\/","og_site_name":"Diario 21","article_published_time":"2025-11-30T13:36:18+00:00","article_modified_time":"2025-11-30T13:36:21+00:00","og_image":[{"width":1200,"height":840,"url":"https:\/\/www.diario21.tv\/noticias\/wp-content\/uploads\/2025\/11\/\u00a1Alerta-en-Espana-El-40-del-territorio-ya-enfrenta-desertificacion.jpg","type":"image\/jpeg"}],"author":"Juan P\u00e9rez","twitter_card":"summary_large_image","twitter_misc":{"Escrito por":"Juan P\u00e9rez","Tiempo de lectura":"2 minutos"},"schema":{"@context":"https:\/\/schema.org","@graph":[{"@type":"WebPage","@id":"https:\/\/www.diario21.tv\/noticias\/alerta-en-espana-el-40-del-territorio-ya-enfrenta-desertificacion\/","url":"https:\/\/www.diario21.tv\/noticias\/alerta-en-espana-el-40-del-territorio-ya-enfrenta-desertificacion\/","name":"\u00a1Alerta en Espa\u00f1a! El 40% del territorio ya enfrenta desertificaci\u00f3n - Diario 21","isPartOf":{"@id":"https:\/\/www.diario21.tv\/noticias\/#website"},"primaryImageOfPage":{"@id":"https:\/\/www.diario21.tv\/noticias\/alerta-en-espana-el-40-del-territorio-ya-enfrenta-desertificacion\/#primaryimage"},"image":{"@id":"https:\/\/www.diario21.tv\/noticias\/alerta-en-espana-el-40-del-territorio-ya-enfrenta-desertificacion\/#primaryimage"},"thumbnailUrl":"https:\/\/www.diario21.tv\/noticias\/wp-content\/uploads\/2025\/11\/\u00a1Alerta-en-Espana-El-40-del-territorio-ya-enfrenta-desertificacion.jpg","datePublished":"2025-11-30T13:36:18+00:00","dateModified":"2025-11-30T13:36:21+00:00","author":{"@id":"https:\/\/www.diario21.tv\/noticias\/#\/schema\/person\/dfb778f73814d8f09f302618446a526b"},"breadcrumb":{"@id":"https:\/\/www.diario21.tv\/noticias\/alerta-en-espana-el-40-del-territorio-ya-enfrenta-desertificacion\/#breadcrumb"},"inLanguage":"es-AR","potentialAction":[{"@type":"ReadAction","target":["https:\/\/www.diario21.tv\/noticias\/alerta-en-espana-el-40-del-territorio-ya-enfrenta-desertificacion\/"]}]},{"@type":"ImageObject","inLanguage":"es-AR","@id":"https:\/\/www.diario21.tv\/noticias\/alerta-en-espana-el-40-del-territorio-ya-enfrenta-desertificacion\/#primaryimage","url":"https:\/\/www.diario21.tv\/noticias\/wp-content\/uploads\/2025\/11\/\u00a1Alerta-en-Espana-El-40-del-territorio-ya-enfrenta-desertificacion.jpg","contentUrl":"https:\/\/www.diario21.tv\/noticias\/wp-content\/uploads\/2025\/11\/\u00a1Alerta-en-Espana-El-40-del-territorio-ya-enfrenta-desertificacion.jpg","width":1200,"height":840,"caption":"Espa\u00f1a se desertifica: ya alcanza al 40% del territorio"},{"@type":"BreadcrumbList","@id":"https:\/\/www.diario21.tv\/noticias\/alerta-en-espana-el-40-del-territorio-ya-enfrenta-desertificacion\/#breadcrumb","itemListElement":[{"@type":"ListItem","position":1,"name":"Accueil","item":"https:\/\/www.diario21.tv\/noticias\/"},{"@type":"ListItem","position":2,"name":"\u00a1Alerta en Espa\u00f1a! El 40% del territorio ya enfrenta desertificaci\u00f3n"}]},{"@type":"WebSite","@id":"https:\/\/www.diario21.tv\/noticias\/#website","url":"https:\/\/www.diario21.tv\/noticias\/","name":"Diario 21","description":"","potentialAction":[{"@type":"SearchAction","target":{"@type":"EntryPoint","urlTemplate":"https:\/\/www.diario21.tv\/noticias\/?s={search_term_string}"},"query-input":{"@type":"PropertyValueSpecification","valueRequired":true,"valueName":"search_term_string"}}],"inLanguage":"es-AR"},{"@type":"Person","@id":"https:\/\/www.diario21.tv\/noticias\/#\/schema\/person\/dfb778f73814d8f09f302618446a526b","name":"Juan P\u00e9rez","image":{"@type":"ImageObject","inLanguage":"es-AR","@id":"https:\/\/www.diario21.tv\/noticias\/#\/schema\/person\/image\/","url":"https:\/\/secure.gravatar.com\/avatar\/c478a405bd10621167f4c3167cc770f5?s=96&d=mm&r=g","contentUrl":"https:\/\/secure.gravatar.com\/avatar\/c478a405bd10621167f4c3167cc770f5?s=96&d=mm&r=g","caption":"Juan P\u00e9rez"},"description":"Juan P\u00e9rez es el redactor en jefe de Diario 21. Con m\u00e1s de 10 a\u00f1os de experiencia en el periodismo, se especializa en pol\u00edtica nacional y an\u00e1lisis socioecon\u00f3mico. Su enfoque cr\u00edtico y riguroso aporta una perspectiva \u00fanica a cada art\u00edculo.","sameAs":["https:\/\/www.diario21.tv\/noticias\/"],"url":"https:\/\/www.diario21.tv\/noticias\/author\/juan-perez\/"}]}},"_links":{"self":[{"href":"https:\/\/www.diario21.tv\/noticias\/wp-json\/wp\/v2\/posts\/5367"}],"collection":[{"href":"https:\/\/www.diario21.tv\/noticias\/wp-json\/wp\/v2\/posts"}],"about":[{"href":"https:\/\/www.diario21.tv\/noticias\/wp-json\/wp\/v2\/types\/post"}],"author":[{"embeddable":true,"href":"https:\/\/www.diario21.tv\/noticias\/wp-json\/wp\/v2\/users\/20"}],"replies":[{"embeddable":true,"href":"https:\/\/www.diario21.tv\/noticias\/wp-json\/wp\/v2\/comments?post=5367"}],"version-history":[{"count":1,"href":"https:\/\/www.diario21.tv\/noticias\/wp-json\/wp\/v2\/posts\/5367\/revisions"}],"predecessor-version":[{"id":5369,"href":"https:\/\/www.diario21.tv\/noticias\/wp-json\/wp\/v2\/posts\/5367\/revisions\/5369"}],"wp:featuredmedia":[{"embeddable":true,"href":"https:\/\/www.diario21.tv\/noticias\/wp-json\/wp\/v2\/media\/5368"}],"wp:attachment":[{"href":"https:\/\/www.diario21.tv\/noticias\/wp-json\/wp\/v2\/media?parent=5367"}],"wp:term":[{"taxonomy":"category","embeddable":true,"href":"https:\/\/www.diario21.tv\/noticias\/wp-json\/wp\/v2\/categories?post=5367"},{"taxonomy":"post_tag","embeddable":true,"href":"https:\/\/www.diario21.tv\/noticias\/wp-json\/wp\/v2\/tags?post=5367"}],"curies":[{"name":"wp","href":"https:\/\/api.w.org\/{rel}","templated":true}]}}