{"id":5364,"date":"2025-11-30T07:34:43","date_gmt":"2025-11-30T07:34:43","guid":{"rendered":"https:\/\/www.diario21.tv\/noticias\/el-papa-en-turquia-insta-a-lideres-a-promover-el-dialogo-ante-crecientes-conflictos\/"},"modified":"2025-11-30T07:34:45","modified_gmt":"2025-11-30T07:34:45","slug":"el-papa-en-turquia-insta-a-lideres-a-promover-el-dialogo-ante-crecientes-conflictos","status":"publish","type":"post","link":"https:\/\/www.diario21.tv\/noticias\/el-papa-en-turquia-insta-a-lideres-a-promover-el-dialogo-ante-crecientes-conflictos\/","title":{"rendered":"El Papa en Turqu\u00eda insta a l\u00edderes a promover el di\u00e1logo ante crecientes conflictos"},"content":{"rendered":"<h2>El Papa Solicita en Turqu\u00eda L\u00edderes Comprometidos con el Di\u00e1logo Frente al Incremento de Conflictos<\/h2>\n<p>En una reciente visita a Turqu\u00eda, el Papa hizo un llamado enf\u00e1tico a la necesidad de que los l\u00edderes mundiales promuevan el di\u00e1logo y la cooperaci\u00f3n ante la creciente cantidad de conflictos globales. Este mensaje resuena en un momento donde las tensiones internacionales parecen agudizarse d\u00eda con d\u00eda, destacando la importancia de buscar soluciones pac\u00edficas y constructivas.<\/p>\n<h3>Un Llamado a la Paz y el Entendimiento<\/h3>\n<p>Durante su estancia, el l\u00edder de la Iglesia Cat\u00f3lica subray\u00f3 la urgencia de contar con figuras pol\u00edticas y sociales que no solo reconozcan los problemas actuales, sino que adem\u00e1s act\u00faen activamente hacia la creaci\u00f3n de ambientes m\u00e1s armoniosos y menos conflictivos. El Papa enfatiz\u00f3 que el di\u00e1logo es una herramienta esencial para superar diferencias y construir puentes entre comunidades y naciones que se encuentran en disputa.<\/p>\n<h3>La Importancia del Di\u00e1logo en Tiempos de Crisis<\/h3>\n<p>El mensaje del Papa no solo se dirige a los l\u00edderes, sino tambi\u00e9n a la comunidad global, incentivando a todos a participar en conversaciones constructivas que puedan llevar a soluciones efectivas y duraderas. En su discurso, mencion\u00f3 que el di\u00e1logo debe ser inclusivo, abarcando a todas las voces, especialmente aquellas que frecuentemente son marginadas o ignoradas en las discusiones pol\u00edticas.<\/p>\n<p>La visita del Papa a Turqu\u00eda no solo simboliza un esfuerzo diplom\u00e1tico de alto nivel, sino tambi\u00e9n un recordatorio de que la paz es posible incluso en los tiempos m\u00e1s turbulentos, siempre y cuando haya un compromiso real con el di\u00e1logo y el entendimiento mutuo. Este llamado a la acci\u00f3n busca inspirar cambios positivos que reverberen en todo el mundo, fomentando un futuro m\u00e1s pac\u00edfico y cooperativo.<\/p>\n\n\n<div class=\"kk-star-ratings kksr-auto kksr-align-left kksr-valign-bottom\"\n    data-payload='{&quot;align&quot;:&quot;left&quot;,&quot;id&quot;:&quot;5364&quot;,&quot;slug&quot;:&quot;default&quot;,&quot;valign&quot;:&quot;bottom&quot;,&quot;ignore&quot;:&quot;&quot;,&quot;reference&quot;:&quot;auto&quot;,&quot;class&quot;:&quot;&quot;,&quot;count&quot;:&quot;0&quot;,&quot;legendonly&quot;:&quot;&quot;,&quot;readonly&quot;:&quot;&quot;,&quot;score&quot;:&quot;0&quot;,&quot;starsonly&quot;:&quot;&quot;,&quot;best&quot;:&quot;5&quot;,&quot;gap&quot;:&quot;5&quot;,&quot;greet&quot;:&quot;Valora este post&quot;,&quot;legend&quot;:&quot;0\\\/5 - (0 votes)&quot;,&quot;size&quot;:&quot;22&quot;,&quot;title&quot;:&quot;El Papa en Turqu\u00eda insta a l\u00edderes a promover el di\u00e1logo ante crecientes conflictos&quot;,&quot;width&quot;:&quot;0&quot;,&quot;_legend&quot;:&quot;{score}\\\/{best} - ({count} {votes})&quot;,&quot;font_factor&quot;:&quot;1.25&quot;}'>\n            \n<div class=\"kksr-stars\">\n    \n<div class=\"kksr-stars-inactive\">\n            <div class=\"kksr-star\" data-star=\"1\" style=\"padding-right: 5px\">\n            \n\n<div class=\"kksr-icon\" style=\"width: 22px; height: 22px;\"><\/div>\n        <\/div>\n            <div class=\"kksr-star\" data-star=\"2\" style=\"padding-right: 5px\">\n            \n\n<div class=\"kksr-icon\" style=\"width: 22px; height: 22px;\"><\/div>\n        <\/div>\n            <div class=\"kksr-star\" data-star=\"3\" style=\"padding-right: 5px\">\n            \n\n<div class=\"kksr-icon\" style=\"width: 22px; height: 22px;\"><\/div>\n        <\/div>\n            <div class=\"kksr-star\" data-star=\"4\" style=\"padding-right: 5px\">\n            \n\n<div class=\"kksr-icon\" style=\"width: 22px; height: 22px;\"><\/div>\n        <\/div>\n            <div class=\"kksr-star\" data-star=\"5\" style=\"padding-right: 5px\">\n            \n\n<div class=\"kksr-icon\" style=\"width: 22px; height: 22px;\"><\/div>\n        <\/div>\n    <\/div>\n    \n<div class=\"kksr-stars-active\" style=\"width: 0px;\">\n            <div class=\"kksr-star\" style=\"padding-right: 5px\">\n            \n\n<div class=\"kksr-icon\" style=\"width: 22px; height: 22px;\"><\/div>\n        <\/div>\n            <div class=\"kksr-star\" style=\"padding-right: 5px\">\n            \n\n<div class=\"kksr-icon\" style=\"width: 22px; height: 22px;\"><\/div>\n        <\/div>\n            <div class=\"kksr-star\" style=\"padding-right: 5px\">\n            \n\n<div class=\"kksr-icon\" style=\"width: 22px; height: 22px;\"><\/div>\n        <\/div>\n            <div class=\"kksr-star\" style=\"padding-right: 5px\">\n            \n\n<div class=\"kksr-icon\" style=\"width: 22px; height: 22px;\"><\/div>\n        <\/div>\n            <div class=\"kksr-star\" style=\"padding-right: 5px\">\n            \n\n<div class=\"kksr-icon\" style=\"width: 22px; height: 22px;\"><\/div>\n        <\/div>\n    <\/div>\n<\/div>\n                \n\n<div class=\"kksr-legend\" style=\"font-size: 17.6px;\">\n            <span class=\"kksr-muted\">Valora este post<\/span>\n    <\/div>\n    <\/div>\n","protected":false},"excerpt":{"rendered":"<p>El Papa Solicita en Turqu\u00eda L\u00edderes Comprometidos con el Di\u00e1logo Frente al Incremento de Conflictos En una reciente visita a Turqu\u00eda, el Papa hizo un llamado &#8230; <a title=\"El Papa en Turqu\u00eda insta a l\u00edderes a promover el di\u00e1logo ante crecientes conflictos\" class=\"read-more\" href=\"https:\/\/www.diario21.tv\/noticias\/el-papa-en-turquia-insta-a-lideres-a-promover-el-dialogo-ante-crecientes-conflictos\/\" aria-label=\"Leer m\u00e1s sobre El Papa en Turqu\u00eda insta a l\u00edderes a promover el di\u00e1logo ante crecientes conflictos\">Seguir leyendo &rarr;<\/a><\/p>\n","protected":false},"author":20,"featured_media":5365,"comment_status":"open","ping_status":"open","sticky":false,"template":"","format":"standard","meta":{"footnotes":""},"categories":[13],"tags":[],"class_list":["post-5364","post","type-post","status-publish","format-standard","has-post-thumbnail","hentry","category-portada"],"yoast_head":"<!-- This site is optimized with the Yoast SEO plugin v25.6 - https:\/\/yoast.com\/wordpress\/plugins\/seo\/ -->\n<title>El Papa en Turqu\u00eda insta a l\u00edderes a promover el di\u00e1logo ante crecientes conflictos - Diario 21<\/title>\n<meta name=\"robots\" content=\"index, follow, max-snippet:-1, max-image-preview:large, max-video-preview:-1\" \/>\n<link rel=\"canonical\" href=\"https:\/\/www.diario21.tv\/noticias\/el-papa-en-turquia-insta-a-lideres-a-promover-el-dialogo-ante-crecientes-conflictos\/\" \/>\n<meta property=\"og:locale\" content=\"es_ES\" \/>\n<meta property=\"og:type\" content=\"article\" \/>\n<meta property=\"og:title\" content=\"El Papa en Turqu\u00eda insta a l\u00edderes a promover el di\u00e1logo ante crecientes conflictos - Diario 21\" \/>\n<meta property=\"og:description\" content=\"El Papa Solicita en Turqu\u00eda L\u00edderes Comprometidos con el Di\u00e1logo Frente al Incremento de Conflictos En una reciente visita a Turqu\u00eda, el Papa hizo un llamado ... Seguir leyendo &rarr;\" \/>\n<meta property=\"og:url\" content=\"https:\/\/www.diario21.tv\/noticias\/el-papa-en-turquia-insta-a-lideres-a-promover-el-dialogo-ante-crecientes-conflictos\/\" \/>\n<meta property=\"og:site_name\" content=\"Diario 21\" \/>\n<meta property=\"article:published_time\" content=\"2025-11-30T07:34:43+00:00\" \/>\n<meta property=\"article:modified_time\" content=\"2025-11-30T07:34:45+00:00\" \/>\n<meta property=\"og:image\" content=\"https:\/\/www.diario21.tv\/noticias\/wp-content\/uploads\/2025\/11\/El-Papa-en-Turquia-insta-a-lideres-a-promover-el.JPG\" \/>\n\t<meta property=\"og:image:width\" content=\"1200\" \/>\n\t<meta property=\"og:image:height\" content=\"840\" \/>\n\t<meta property=\"og:image:type\" content=\"image\/jpeg\" \/>\n<meta name=\"author\" content=\"Juan P\u00e9rez\" \/>\n<meta name=\"twitter:card\" content=\"summary_large_image\" \/>\n<meta name=\"twitter:label1\" content=\"Escrito por\" \/>\n\t<meta name=\"twitter:data1\" content=\"Juan P\u00e9rez\" \/>\n\t<meta name=\"twitter:label2\" content=\"Tiempo de lectura\" \/>\n\t<meta name=\"twitter:data2\" content=\"2 minutos\" \/>\n<script type=\"application\/ld+json\" class=\"yoast-schema-graph\">{\"@context\":\"https:\/\/schema.org\",\"@graph\":[{\"@type\":\"WebPage\",\"@id\":\"https:\/\/www.diario21.tv\/noticias\/el-papa-en-turquia-insta-a-lideres-a-promover-el-dialogo-ante-crecientes-conflictos\/\",\"url\":\"https:\/\/www.diario21.tv\/noticias\/el-papa-en-turquia-insta-a-lideres-a-promover-el-dialogo-ante-crecientes-conflictos\/\",\"name\":\"El Papa en Turqu\u00eda insta a l\u00edderes a promover el di\u00e1logo ante crecientes conflictos - Diario 21\",\"isPartOf\":{\"@id\":\"https:\/\/www.diario21.tv\/noticias\/#website\"},\"primaryImageOfPage\":{\"@id\":\"https:\/\/www.diario21.tv\/noticias\/el-papa-en-turquia-insta-a-lideres-a-promover-el-dialogo-ante-crecientes-conflictos\/#primaryimage\"},\"image\":{\"@id\":\"https:\/\/www.diario21.tv\/noticias\/el-papa-en-turquia-insta-a-lideres-a-promover-el-dialogo-ante-crecientes-conflictos\/#primaryimage\"},\"thumbnailUrl\":\"https:\/\/www.diario21.tv\/noticias\/wp-content\/uploads\/2025\/11\/El-Papa-en-Turquia-insta-a-lideres-a-promover-el.JPG\",\"datePublished\":\"2025-11-30T07:34:43+00:00\",\"dateModified\":\"2025-11-30T07:34:45+00:00\",\"author\":{\"@id\":\"https:\/\/www.diario21.tv\/noticias\/#\/schema\/person\/dfb778f73814d8f09f302618446a526b\"},\"breadcrumb\":{\"@id\":\"https:\/\/www.diario21.tv\/noticias\/el-papa-en-turquia-insta-a-lideres-a-promover-el-dialogo-ante-crecientes-conflictos\/#breadcrumb\"},\"inLanguage\":\"es-AR\",\"potentialAction\":[{\"@type\":\"ReadAction\",\"target\":[\"https:\/\/www.diario21.tv\/noticias\/el-papa-en-turquia-insta-a-lideres-a-promover-el-dialogo-ante-crecientes-conflictos\/\"]}]},{\"@type\":\"ImageObject\",\"inLanguage\":\"es-AR\",\"@id\":\"https:\/\/www.diario21.tv\/noticias\/el-papa-en-turquia-insta-a-lideres-a-promover-el-dialogo-ante-crecientes-conflictos\/#primaryimage\",\"url\":\"https:\/\/www.diario21.tv\/noticias\/wp-content\/uploads\/2025\/11\/El-Papa-en-Turquia-insta-a-lideres-a-promover-el.JPG\",\"contentUrl\":\"https:\/\/www.diario21.tv\/noticias\/wp-content\/uploads\/2025\/11\/El-Papa-en-Turquia-insta-a-lideres-a-promover-el.JPG\",\"width\":1200,\"height\":840,\"caption\":\"El Papa pide en Turqu\u00eda l\u00edderes \u00abque favorezcan el di\u00e1logo\u00bb ante la multiplicaci\u00f3n de conflictos\"},{\"@type\":\"BreadcrumbList\",\"@id\":\"https:\/\/www.diario21.tv\/noticias\/el-papa-en-turquia-insta-a-lideres-a-promover-el-dialogo-ante-crecientes-conflictos\/#breadcrumb\",\"itemListElement\":[{\"@type\":\"ListItem\",\"position\":1,\"name\":\"Accueil\",\"item\":\"https:\/\/www.diario21.tv\/noticias\/\"},{\"@type\":\"ListItem\",\"position\":2,\"name\":\"El Papa en Turqu\u00eda insta a l\u00edderes a promover el di\u00e1logo ante crecientes conflictos\"}]},{\"@type\":\"WebSite\",\"@id\":\"https:\/\/www.diario21.tv\/noticias\/#website\",\"url\":\"https:\/\/www.diario21.tv\/noticias\/\",\"name\":\"Diario 21\",\"description\":\"\",\"potentialAction\":[{\"@type\":\"SearchAction\",\"target\":{\"@type\":\"EntryPoint\",\"urlTemplate\":\"https:\/\/www.diario21.tv\/noticias\/?s={search_term_string}\"},\"query-input\":{\"@type\":\"PropertyValueSpecification\",\"valueRequired\":true,\"valueName\":\"search_term_string\"}}],\"inLanguage\":\"es-AR\"},{\"@type\":\"Person\",\"@id\":\"https:\/\/www.diario21.tv\/noticias\/#\/schema\/person\/dfb778f73814d8f09f302618446a526b\",\"name\":\"Juan P\u00e9rez\",\"image\":{\"@type\":\"ImageObject\",\"inLanguage\":\"es-AR\",\"@id\":\"https:\/\/www.diario21.tv\/noticias\/#\/schema\/person\/image\/\",\"url\":\"https:\/\/secure.gravatar.com\/avatar\/c478a405bd10621167f4c3167cc770f5?s=96&d=mm&r=g\",\"contentUrl\":\"https:\/\/secure.gravatar.com\/avatar\/c478a405bd10621167f4c3167cc770f5?s=96&d=mm&r=g\",\"caption\":\"Juan P\u00e9rez\"},\"description\":\"Juan P\u00e9rez es el redactor en jefe de Diario 21. Con m\u00e1s de 10 a\u00f1os de experiencia en el periodismo, se especializa en pol\u00edtica nacional y an\u00e1lisis socioecon\u00f3mico. Su enfoque cr\u00edtico y riguroso aporta una perspectiva \u00fanica a cada art\u00edculo.\",\"sameAs\":[\"https:\/\/www.diario21.tv\/noticias\/\"],\"url\":\"https:\/\/www.diario21.tv\/noticias\/author\/juan-perez\/\"}]}<\/script>\n<!-- \/ Yoast SEO plugin. -->","yoast_head_json":{"title":"El Papa en Turqu\u00eda insta a l\u00edderes a promover el di\u00e1logo ante crecientes conflictos - Diario 21","robots":{"index":"index","follow":"follow","max-snippet":"max-snippet:-1","max-image-preview":"max-image-preview:large","max-video-preview":"max-video-preview:-1"},"canonical":"https:\/\/www.diario21.tv\/noticias\/el-papa-en-turquia-insta-a-lideres-a-promover-el-dialogo-ante-crecientes-conflictos\/","og_locale":"es_ES","og_type":"article","og_title":"El Papa en Turqu\u00eda insta a l\u00edderes a promover el di\u00e1logo ante crecientes conflictos - Diario 21","og_description":"El Papa Solicita en Turqu\u00eda L\u00edderes Comprometidos con el Di\u00e1logo Frente al Incremento de Conflictos En una reciente visita a Turqu\u00eda, el Papa hizo un llamado ... Seguir leyendo &rarr;","og_url":"https:\/\/www.diario21.tv\/noticias\/el-papa-en-turquia-insta-a-lideres-a-promover-el-dialogo-ante-crecientes-conflictos\/","og_site_name":"Diario 21","article_published_time":"2025-11-30T07:34:43+00:00","article_modified_time":"2025-11-30T07:34:45+00:00","og_image":[{"width":1200,"height":840,"url":"https:\/\/www.diario21.tv\/noticias\/wp-content\/uploads\/2025\/11\/El-Papa-en-Turquia-insta-a-lideres-a-promover-el.JPG","type":"image\/jpeg"}],"author":"Juan P\u00e9rez","twitter_card":"summary_large_image","twitter_misc":{"Escrito por":"Juan P\u00e9rez","Tiempo de lectura":"2 minutos"},"schema":{"@context":"https:\/\/schema.org","@graph":[{"@type":"WebPage","@id":"https:\/\/www.diario21.tv\/noticias\/el-papa-en-turquia-insta-a-lideres-a-promover-el-dialogo-ante-crecientes-conflictos\/","url":"https:\/\/www.diario21.tv\/noticias\/el-papa-en-turquia-insta-a-lideres-a-promover-el-dialogo-ante-crecientes-conflictos\/","name":"El Papa en Turqu\u00eda insta a l\u00edderes a promover el di\u00e1logo ante crecientes conflictos - Diario 21","isPartOf":{"@id":"https:\/\/www.diario21.tv\/noticias\/#website"},"primaryImageOfPage":{"@id":"https:\/\/www.diario21.tv\/noticias\/el-papa-en-turquia-insta-a-lideres-a-promover-el-dialogo-ante-crecientes-conflictos\/#primaryimage"},"image":{"@id":"https:\/\/www.diario21.tv\/noticias\/el-papa-en-turquia-insta-a-lideres-a-promover-el-dialogo-ante-crecientes-conflictos\/#primaryimage"},"thumbnailUrl":"https:\/\/www.diario21.tv\/noticias\/wp-content\/uploads\/2025\/11\/El-Papa-en-Turquia-insta-a-lideres-a-promover-el.JPG","datePublished":"2025-11-30T07:34:43+00:00","dateModified":"2025-11-30T07:34:45+00:00","author":{"@id":"https:\/\/www.diario21.tv\/noticias\/#\/schema\/person\/dfb778f73814d8f09f302618446a526b"},"breadcrumb":{"@id":"https:\/\/www.diario21.tv\/noticias\/el-papa-en-turquia-insta-a-lideres-a-promover-el-dialogo-ante-crecientes-conflictos\/#breadcrumb"},"inLanguage":"es-AR","potentialAction":[{"@type":"ReadAction","target":["https:\/\/www.diario21.tv\/noticias\/el-papa-en-turquia-insta-a-lideres-a-promover-el-dialogo-ante-crecientes-conflictos\/"]}]},{"@type":"ImageObject","inLanguage":"es-AR","@id":"https:\/\/www.diario21.tv\/noticias\/el-papa-en-turquia-insta-a-lideres-a-promover-el-dialogo-ante-crecientes-conflictos\/#primaryimage","url":"https:\/\/www.diario21.tv\/noticias\/wp-content\/uploads\/2025\/11\/El-Papa-en-Turquia-insta-a-lideres-a-promover-el.JPG","contentUrl":"https:\/\/www.diario21.tv\/noticias\/wp-content\/uploads\/2025\/11\/El-Papa-en-Turquia-insta-a-lideres-a-promover-el.JPG","width":1200,"height":840,"caption":"El Papa pide en Turqu\u00eda l\u00edderes \u00abque favorezcan el di\u00e1logo\u00bb ante la multiplicaci\u00f3n de conflictos"},{"@type":"BreadcrumbList","@id":"https:\/\/www.diario21.tv\/noticias\/el-papa-en-turquia-insta-a-lideres-a-promover-el-dialogo-ante-crecientes-conflictos\/#breadcrumb","itemListElement":[{"@type":"ListItem","position":1,"name":"Accueil","item":"https:\/\/www.diario21.tv\/noticias\/"},{"@type":"ListItem","position":2,"name":"El Papa en Turqu\u00eda insta a l\u00edderes a promover el di\u00e1logo ante crecientes conflictos"}]},{"@type":"WebSite","@id":"https:\/\/www.diario21.tv\/noticias\/#website","url":"https:\/\/www.diario21.tv\/noticias\/","name":"Diario 21","description":"","potentialAction":[{"@type":"SearchAction","target":{"@type":"EntryPoint","urlTemplate":"https:\/\/www.diario21.tv\/noticias\/?s={search_term_string}"},"query-input":{"@type":"PropertyValueSpecification","valueRequired":true,"valueName":"search_term_string"}}],"inLanguage":"es-AR"},{"@type":"Person","@id":"https:\/\/www.diario21.tv\/noticias\/#\/schema\/person\/dfb778f73814d8f09f302618446a526b","name":"Juan P\u00e9rez","image":{"@type":"ImageObject","inLanguage":"es-AR","@id":"https:\/\/www.diario21.tv\/noticias\/#\/schema\/person\/image\/","url":"https:\/\/secure.gravatar.com\/avatar\/c478a405bd10621167f4c3167cc770f5?s=96&d=mm&r=g","contentUrl":"https:\/\/secure.gravatar.com\/avatar\/c478a405bd10621167f4c3167cc770f5?s=96&d=mm&r=g","caption":"Juan P\u00e9rez"},"description":"Juan P\u00e9rez es el redactor en jefe de Diario 21. Con m\u00e1s de 10 a\u00f1os de experiencia en el periodismo, se especializa en pol\u00edtica nacional y an\u00e1lisis socioecon\u00f3mico. Su enfoque cr\u00edtico y riguroso aporta una perspectiva \u00fanica a cada art\u00edculo.","sameAs":["https:\/\/www.diario21.tv\/noticias\/"],"url":"https:\/\/www.diario21.tv\/noticias\/author\/juan-perez\/"}]}},"_links":{"self":[{"href":"https:\/\/www.diario21.tv\/noticias\/wp-json\/wp\/v2\/posts\/5364"}],"collection":[{"href":"https:\/\/www.diario21.tv\/noticias\/wp-json\/wp\/v2\/posts"}],"about":[{"href":"https:\/\/www.diario21.tv\/noticias\/wp-json\/wp\/v2\/types\/post"}],"author":[{"embeddable":true,"href":"https:\/\/www.diario21.tv\/noticias\/wp-json\/wp\/v2\/users\/20"}],"replies":[{"embeddable":true,"href":"https:\/\/www.diario21.tv\/noticias\/wp-json\/wp\/v2\/comments?post=5364"}],"version-history":[{"count":1,"href":"https:\/\/www.diario21.tv\/noticias\/wp-json\/wp\/v2\/posts\/5364\/revisions"}],"predecessor-version":[{"id":5366,"href":"https:\/\/www.diario21.tv\/noticias\/wp-json\/wp\/v2\/posts\/5364\/revisions\/5366"}],"wp:featuredmedia":[{"embeddable":true,"href":"https:\/\/www.diario21.tv\/noticias\/wp-json\/wp\/v2\/media\/5365"}],"wp:attachment":[{"href":"https:\/\/www.diario21.tv\/noticias\/wp-json\/wp\/v2\/media?parent=5364"}],"wp:term":[{"taxonomy":"category","embeddable":true,"href":"https:\/\/www.diario21.tv\/noticias\/wp-json\/wp\/v2\/categories?post=5364"},{"taxonomy":"post_tag","embeddable":true,"href":"https:\/\/www.diario21.tv\/noticias\/wp-json\/wp\/v2\/tags?post=5364"}],"curies":[{"name":"wp","href":"https:\/\/api.w.org\/{rel}","templated":true}]}}