{"id":5358,"date":"2025-11-29T19:30:07","date_gmt":"2025-11-29T19:30:07","guid":{"rendered":"https:\/\/www.diario21.tv\/noticias\/sorprendente-solo-el-33-de-los-catalanes-usa-el-catalan-como-lengua-diaria\/"},"modified":"2025-11-29T19:30:09","modified_gmt":"2025-11-29T19:30:09","slug":"sorprendente-solo-el-33-de-los-catalanes-usa-el-catalan-como-lengua-diaria","status":"publish","type":"post","link":"https:\/\/www.diario21.tv\/noticias\/sorprendente-solo-el-33-de-los-catalanes-usa-el-catalan-como-lengua-diaria\/","title":{"rendered":"\u00a1Sorprendente! Solo el 33% de los catalanes usa el catal\u00e1n como lengua diaria"},"content":{"rendered":"<h2>Situaci\u00f3n Ling\u00fc\u00edstica en Catalu\u00f1a<\/h2>\n<p>En Catalu\u00f1a, una regi\u00f3n con una rica diversidad cultural y ling\u00fc\u00edstica, el catal\u00e1n, aunque es uno de los idiomas oficiales, no se utiliza como lengua cotidiana por la mayor\u00eda de sus habitantes. De hecho, solo un tercio de la poblaci\u00f3n de Catalu\u00f1a considera el catal\u00e1n como su lengua de uso diario.<\/p>\n<h3>Preferencias y Pr\u00e1cticas Idiom\u00e1ticas<\/h3>\n<p>El escenario ling\u00fc\u00edstico en Catalu\u00f1a muestra una variedad en la elecci\u00f3n del idioma principal entre sus ciudadanos. A pesar de la prominencia del catal\u00e1n en el \u00e1mbito educativo y gubernamental, muchas personas optan por el espa\u00f1ol en sus interacciones rutinarias. Esta preferencia se puede atribuir a diversos factores, incluyendo la historia, la inmigraci\u00f3n y las influencias culturales externas que han moldeado las pr\u00e1cticas ling\u00fc\u00edsticas de la regi\u00f3n.<\/p>\n<p>A su vez, el uso del catal\u00e1n no se distribuye uniformemente en toda Catalu\u00f1a. Hay \u00e1reas, especialmente en las ciudades m\u00e1s grandes y en las zonas urbanizadas, donde el espa\u00f1ol predomina, mientras que en algunas \u00e1reas rurales, el catal\u00e1n mantiene una presencia m\u00e1s fuerte. Este patr\u00f3n de uso refleja no solo preferencias personales sino tambi\u00e9n din\u00e1micas sociales y econ\u00f3micas que influyen en la vida cotidiana de los habitantes.<\/p>\n<h3>Implicaciones para la Pol\u00edtica Ling\u00fc\u00edstica<\/h3>\n<p>El hecho de que solo una fracci\u00f3n de la poblaci\u00f3n utilice el catal\u00e1n como lengua habitual tiene implicaciones significativas para las pol\u00edticas ling\u00fc\u00edsticas en Catalu\u00f1a. Las autoridades locales y regionales contin\u00faan promoviendo el uso del catal\u00e1n a trav\u00e9s de diversas iniciativas, buscando equilibrar la coexistencia del catal\u00e1n y el espa\u00f1ol, mientras se aseguran de respetar los derechos ling\u00fc\u00edsticos de todos los ciudadanos.<\/p>\n<p>Estas pol\u00edticas incluyen programas de inmersi\u00f3n ling\u00fc\u00edstica en las escuelas, subvenciones para la promoci\u00f3n de la cultura catalana y leyes que garantizan la presencia del catal\u00e1n en la administraci\u00f3n p\u00fablica y los medios de comunicaci\u00f3n. Sin embargo, la efectividad de estas medidas sigue siendo un tema de debate entre los expertos y la poblaci\u00f3n, ya que algunos argumentan que se debe hacer m\u00e1s para fomentar un uso m\u00e1s extendido del catal\u00e1n, mientras que otros abogan por una aproximaci\u00f3n m\u00e1s flexible que acomode la realidad multiling\u00fce de la regi\u00f3n.<\/p>\n<p>En conclusi\u00f3n, aunque Catalu\u00f1a cuenta con una pol\u00edtica robusta de promoci\u00f3n del catal\u00e1n, la realidad ling\u00fc\u00edstica de sus habitantes es compleja y diversa. La coexistencia del catal\u00e1n y el espa\u00f1ol seguir\u00e1 siendo un rasgo distintivo de esta comunidad aut\u00f3noma, reflejando su rica herencia cultural y las din\u00e1micas contempor\u00e1neas de su sociedad.<\/p>\n\n\n<div class=\"kk-star-ratings kksr-auto kksr-align-left kksr-valign-bottom\"\n    data-payload='{&quot;align&quot;:&quot;left&quot;,&quot;id&quot;:&quot;5358&quot;,&quot;slug&quot;:&quot;default&quot;,&quot;valign&quot;:&quot;bottom&quot;,&quot;ignore&quot;:&quot;&quot;,&quot;reference&quot;:&quot;auto&quot;,&quot;class&quot;:&quot;&quot;,&quot;count&quot;:&quot;0&quot;,&quot;legendonly&quot;:&quot;&quot;,&quot;readonly&quot;:&quot;&quot;,&quot;score&quot;:&quot;0&quot;,&quot;starsonly&quot;:&quot;&quot;,&quot;best&quot;:&quot;5&quot;,&quot;gap&quot;:&quot;5&quot;,&quot;greet&quot;:&quot;Valora este post&quot;,&quot;legend&quot;:&quot;0\\\/5 - (0 votes)&quot;,&quot;size&quot;:&quot;22&quot;,&quot;title&quot;:&quot;\u00a1Sorprendente! Solo el 33% de los catalanes usa el catal\u00e1n como lengua diaria&quot;,&quot;width&quot;:&quot;0&quot;,&quot;_legend&quot;:&quot;{score}\\\/{best} - ({count} {votes})&quot;,&quot;font_factor&quot;:&quot;1.25&quot;}'>\n            \n<div class=\"kksr-stars\">\n    \n<div class=\"kksr-stars-inactive\">\n            <div class=\"kksr-star\" data-star=\"1\" style=\"padding-right: 5px\">\n            \n\n<div class=\"kksr-icon\" style=\"width: 22px; height: 22px;\"><\/div>\n        <\/div>\n            <div class=\"kksr-star\" data-star=\"2\" style=\"padding-right: 5px\">\n            \n\n<div class=\"kksr-icon\" style=\"width: 22px; height: 22px;\"><\/div>\n        <\/div>\n            <div class=\"kksr-star\" data-star=\"3\" style=\"padding-right: 5px\">\n            \n\n<div class=\"kksr-icon\" style=\"width: 22px; height: 22px;\"><\/div>\n        <\/div>\n            <div class=\"kksr-star\" data-star=\"4\" style=\"padding-right: 5px\">\n            \n\n<div class=\"kksr-icon\" style=\"width: 22px; height: 22px;\"><\/div>\n        <\/div>\n            <div class=\"kksr-star\" data-star=\"5\" style=\"padding-right: 5px\">\n            \n\n<div class=\"kksr-icon\" style=\"width: 22px; height: 22px;\"><\/div>\n        <\/div>\n    <\/div>\n    \n<div class=\"kksr-stars-active\" style=\"width: 0px;\">\n            <div class=\"kksr-star\" style=\"padding-right: 5px\">\n            \n\n<div class=\"kksr-icon\" style=\"width: 22px; height: 22px;\"><\/div>\n        <\/div>\n            <div class=\"kksr-star\" style=\"padding-right: 5px\">\n            \n\n<div class=\"kksr-icon\" style=\"width: 22px; height: 22px;\"><\/div>\n        <\/div>\n            <div class=\"kksr-star\" style=\"padding-right: 5px\">\n            \n\n<div class=\"kksr-icon\" style=\"width: 22px; height: 22px;\"><\/div>\n        <\/div>\n            <div class=\"kksr-star\" style=\"padding-right: 5px\">\n            \n\n<div class=\"kksr-icon\" style=\"width: 22px; height: 22px;\"><\/div>\n        <\/div>\n            <div class=\"kksr-star\" style=\"padding-right: 5px\">\n            \n\n<div class=\"kksr-icon\" style=\"width: 22px; height: 22px;\"><\/div>\n        <\/div>\n    <\/div>\n<\/div>\n                \n\n<div class=\"kksr-legend\" style=\"font-size: 17.6px;\">\n            <span class=\"kksr-muted\">Valora este post<\/span>\n    <\/div>\n    <\/div>\n","protected":false},"excerpt":{"rendered":"<p>Situaci\u00f3n Ling\u00fc\u00edstica en Catalu\u00f1a En Catalu\u00f1a, una regi\u00f3n con una rica diversidad cultural y ling\u00fc\u00edstica, el catal\u00e1n, aunque es uno de los idiomas oficiales, no se &#8230; <a title=\"\u00a1Sorprendente! Solo el 33% de los catalanes usa el catal\u00e1n como lengua diaria\" class=\"read-more\" href=\"https:\/\/www.diario21.tv\/noticias\/sorprendente-solo-el-33-de-los-catalanes-usa-el-catalan-como-lengua-diaria\/\" aria-label=\"Leer m\u00e1s sobre \u00a1Sorprendente! Solo el 33% de los catalanes usa el catal\u00e1n como lengua diaria\">Seguir leyendo &rarr;<\/a><\/p>\n","protected":false},"author":20,"featured_media":5359,"comment_status":"open","ping_status":"open","sticky":false,"template":"","format":"standard","meta":{"footnotes":""},"categories":[13],"tags":[],"class_list":["post-5358","post","type-post","status-publish","format-standard","has-post-thumbnail","hentry","category-portada"],"yoast_head":"<!-- This site is optimized with the Yoast SEO plugin v25.6 - https:\/\/yoast.com\/wordpress\/plugins\/seo\/ -->\n<title>\u00a1Sorprendente! Solo el 33% de los catalanes usa el catal\u00e1n como lengua diaria - Diario 21<\/title>\n<meta name=\"robots\" content=\"index, follow, max-snippet:-1, max-image-preview:large, max-video-preview:-1\" \/>\n<link rel=\"canonical\" href=\"https:\/\/www.diario21.tv\/noticias\/sorprendente-solo-el-33-de-los-catalanes-usa-el-catalan-como-lengua-diaria\/\" \/>\n<meta property=\"og:locale\" content=\"es_ES\" \/>\n<meta property=\"og:type\" content=\"article\" \/>\n<meta property=\"og:title\" content=\"\u00a1Sorprendente! Solo el 33% de los catalanes usa el catal\u00e1n como lengua diaria - Diario 21\" \/>\n<meta property=\"og:description\" content=\"Situaci\u00f3n Ling\u00fc\u00edstica en Catalu\u00f1a En Catalu\u00f1a, una regi\u00f3n con una rica diversidad cultural y ling\u00fc\u00edstica, el catal\u00e1n, aunque es uno de los idiomas oficiales, no se ... Seguir leyendo &rarr;\" \/>\n<meta property=\"og:url\" content=\"https:\/\/www.diario21.tv\/noticias\/sorprendente-solo-el-33-de-los-catalanes-usa-el-catalan-como-lengua-diaria\/\" \/>\n<meta property=\"og:site_name\" content=\"Diario 21\" \/>\n<meta property=\"article:published_time\" content=\"2025-11-29T19:30:07+00:00\" \/>\n<meta property=\"article:modified_time\" content=\"2025-11-29T19:30:09+00:00\" \/>\n<meta property=\"og:image\" content=\"https:\/\/www.diario21.tv\/noticias\/wp-content\/uploads\/2025\/11\/\u00a1Sorprendente-Solo-el-33-de-los-catalanes-usa-el-catalan.jpg\" \/>\n\t<meta property=\"og:image:width\" content=\"1200\" \/>\n\t<meta property=\"og:image:height\" content=\"840\" \/>\n\t<meta property=\"og:image:type\" content=\"image\/jpeg\" \/>\n<meta name=\"author\" content=\"Juan P\u00e9rez\" \/>\n<meta name=\"twitter:card\" content=\"summary_large_image\" \/>\n<meta name=\"twitter:label1\" content=\"Escrito por\" \/>\n\t<meta name=\"twitter:data1\" content=\"Juan P\u00e9rez\" \/>\n\t<meta name=\"twitter:label2\" content=\"Tiempo de lectura\" \/>\n\t<meta name=\"twitter:data2\" content=\"2 minutos\" \/>\n<script type=\"application\/ld+json\" class=\"yoast-schema-graph\">{\"@context\":\"https:\/\/schema.org\",\"@graph\":[{\"@type\":\"WebPage\",\"@id\":\"https:\/\/www.diario21.tv\/noticias\/sorprendente-solo-el-33-de-los-catalanes-usa-el-catalan-como-lengua-diaria\/\",\"url\":\"https:\/\/www.diario21.tv\/noticias\/sorprendente-solo-el-33-de-los-catalanes-usa-el-catalan-como-lengua-diaria\/\",\"name\":\"\u00a1Sorprendente! Solo el 33% de los catalanes usa el catal\u00e1n como lengua diaria - Diario 21\",\"isPartOf\":{\"@id\":\"https:\/\/www.diario21.tv\/noticias\/#website\"},\"primaryImageOfPage\":{\"@id\":\"https:\/\/www.diario21.tv\/noticias\/sorprendente-solo-el-33-de-los-catalanes-usa-el-catalan-como-lengua-diaria\/#primaryimage\"},\"image\":{\"@id\":\"https:\/\/www.diario21.tv\/noticias\/sorprendente-solo-el-33-de-los-catalanes-usa-el-catalan-como-lengua-diaria\/#primaryimage\"},\"thumbnailUrl\":\"https:\/\/www.diario21.tv\/noticias\/wp-content\/uploads\/2025\/11\/\u00a1Sorprendente-Solo-el-33-de-los-catalanes-usa-el-catalan.jpg\",\"datePublished\":\"2025-11-29T19:30:07+00:00\",\"dateModified\":\"2025-11-29T19:30:09+00:00\",\"author\":{\"@id\":\"https:\/\/www.diario21.tv\/noticias\/#\/schema\/person\/dfb778f73814d8f09f302618446a526b\"},\"breadcrumb\":{\"@id\":\"https:\/\/www.diario21.tv\/noticias\/sorprendente-solo-el-33-de-los-catalanes-usa-el-catalan-como-lengua-diaria\/#breadcrumb\"},\"inLanguage\":\"es-AR\",\"potentialAction\":[{\"@type\":\"ReadAction\",\"target\":[\"https:\/\/www.diario21.tv\/noticias\/sorprendente-solo-el-33-de-los-catalanes-usa-el-catalan-como-lengua-diaria\/\"]}]},{\"@type\":\"ImageObject\",\"inLanguage\":\"es-AR\",\"@id\":\"https:\/\/www.diario21.tv\/noticias\/sorprendente-solo-el-33-de-los-catalanes-usa-el-catalan-como-lengua-diaria\/#primaryimage\",\"url\":\"https:\/\/www.diario21.tv\/noticias\/wp-content\/uploads\/2025\/11\/\u00a1Sorprendente-Solo-el-33-de-los-catalanes-usa-el-catalan.jpg\",\"contentUrl\":\"https:\/\/www.diario21.tv\/noticias\/wp-content\/uploads\/2025\/11\/\u00a1Sorprendente-Solo-el-33-de-los-catalanes-usa-el-catalan.jpg\",\"width\":1200,\"height\":840,\"caption\":\"Solo uno de cada tres habitantes de Catalu\u00f1a tiene el catal\u00e1n como lengua habitual\"},{\"@type\":\"BreadcrumbList\",\"@id\":\"https:\/\/www.diario21.tv\/noticias\/sorprendente-solo-el-33-de-los-catalanes-usa-el-catalan-como-lengua-diaria\/#breadcrumb\",\"itemListElement\":[{\"@type\":\"ListItem\",\"position\":1,\"name\":\"Accueil\",\"item\":\"https:\/\/www.diario21.tv\/noticias\/\"},{\"@type\":\"ListItem\",\"position\":2,\"name\":\"\u00a1Sorprendente! Solo el 33% de los catalanes usa el catal\u00e1n como lengua diaria\"}]},{\"@type\":\"WebSite\",\"@id\":\"https:\/\/www.diario21.tv\/noticias\/#website\",\"url\":\"https:\/\/www.diario21.tv\/noticias\/\",\"name\":\"Diario 21\",\"description\":\"\",\"potentialAction\":[{\"@type\":\"SearchAction\",\"target\":{\"@type\":\"EntryPoint\",\"urlTemplate\":\"https:\/\/www.diario21.tv\/noticias\/?s={search_term_string}\"},\"query-input\":{\"@type\":\"PropertyValueSpecification\",\"valueRequired\":true,\"valueName\":\"search_term_string\"}}],\"inLanguage\":\"es-AR\"},{\"@type\":\"Person\",\"@id\":\"https:\/\/www.diario21.tv\/noticias\/#\/schema\/person\/dfb778f73814d8f09f302618446a526b\",\"name\":\"Juan P\u00e9rez\",\"image\":{\"@type\":\"ImageObject\",\"inLanguage\":\"es-AR\",\"@id\":\"https:\/\/www.diario21.tv\/noticias\/#\/schema\/person\/image\/\",\"url\":\"https:\/\/secure.gravatar.com\/avatar\/c478a405bd10621167f4c3167cc770f5?s=96&d=mm&r=g\",\"contentUrl\":\"https:\/\/secure.gravatar.com\/avatar\/c478a405bd10621167f4c3167cc770f5?s=96&d=mm&r=g\",\"caption\":\"Juan P\u00e9rez\"},\"description\":\"Juan P\u00e9rez es el redactor en jefe de Diario 21. Con m\u00e1s de 10 a\u00f1os de experiencia en el periodismo, se especializa en pol\u00edtica nacional y an\u00e1lisis socioecon\u00f3mico. Su enfoque cr\u00edtico y riguroso aporta una perspectiva \u00fanica a cada art\u00edculo.\",\"sameAs\":[\"https:\/\/www.diario21.tv\/noticias\/\"],\"url\":\"https:\/\/www.diario21.tv\/noticias\/author\/juan-perez\/\"}]}<\/script>\n<!-- \/ Yoast SEO plugin. -->","yoast_head_json":{"title":"\u00a1Sorprendente! Solo el 33% de los catalanes usa el catal\u00e1n como lengua diaria - Diario 21","robots":{"index":"index","follow":"follow","max-snippet":"max-snippet:-1","max-image-preview":"max-image-preview:large","max-video-preview":"max-video-preview:-1"},"canonical":"https:\/\/www.diario21.tv\/noticias\/sorprendente-solo-el-33-de-los-catalanes-usa-el-catalan-como-lengua-diaria\/","og_locale":"es_ES","og_type":"article","og_title":"\u00a1Sorprendente! Solo el 33% de los catalanes usa el catal\u00e1n como lengua diaria - Diario 21","og_description":"Situaci\u00f3n Ling\u00fc\u00edstica en Catalu\u00f1a En Catalu\u00f1a, una regi\u00f3n con una rica diversidad cultural y ling\u00fc\u00edstica, el catal\u00e1n, aunque es uno de los idiomas oficiales, no se ... Seguir leyendo &rarr;","og_url":"https:\/\/www.diario21.tv\/noticias\/sorprendente-solo-el-33-de-los-catalanes-usa-el-catalan-como-lengua-diaria\/","og_site_name":"Diario 21","article_published_time":"2025-11-29T19:30:07+00:00","article_modified_time":"2025-11-29T19:30:09+00:00","og_image":[{"width":1200,"height":840,"url":"https:\/\/www.diario21.tv\/noticias\/wp-content\/uploads\/2025\/11\/\u00a1Sorprendente-Solo-el-33-de-los-catalanes-usa-el-catalan.jpg","type":"image\/jpeg"}],"author":"Juan P\u00e9rez","twitter_card":"summary_large_image","twitter_misc":{"Escrito por":"Juan P\u00e9rez","Tiempo de lectura":"2 minutos"},"schema":{"@context":"https:\/\/schema.org","@graph":[{"@type":"WebPage","@id":"https:\/\/www.diario21.tv\/noticias\/sorprendente-solo-el-33-de-los-catalanes-usa-el-catalan-como-lengua-diaria\/","url":"https:\/\/www.diario21.tv\/noticias\/sorprendente-solo-el-33-de-los-catalanes-usa-el-catalan-como-lengua-diaria\/","name":"\u00a1Sorprendente! Solo el 33% de los catalanes usa el catal\u00e1n como lengua diaria - Diario 21","isPartOf":{"@id":"https:\/\/www.diario21.tv\/noticias\/#website"},"primaryImageOfPage":{"@id":"https:\/\/www.diario21.tv\/noticias\/sorprendente-solo-el-33-de-los-catalanes-usa-el-catalan-como-lengua-diaria\/#primaryimage"},"image":{"@id":"https:\/\/www.diario21.tv\/noticias\/sorprendente-solo-el-33-de-los-catalanes-usa-el-catalan-como-lengua-diaria\/#primaryimage"},"thumbnailUrl":"https:\/\/www.diario21.tv\/noticias\/wp-content\/uploads\/2025\/11\/\u00a1Sorprendente-Solo-el-33-de-los-catalanes-usa-el-catalan.jpg","datePublished":"2025-11-29T19:30:07+00:00","dateModified":"2025-11-29T19:30:09+00:00","author":{"@id":"https:\/\/www.diario21.tv\/noticias\/#\/schema\/person\/dfb778f73814d8f09f302618446a526b"},"breadcrumb":{"@id":"https:\/\/www.diario21.tv\/noticias\/sorprendente-solo-el-33-de-los-catalanes-usa-el-catalan-como-lengua-diaria\/#breadcrumb"},"inLanguage":"es-AR","potentialAction":[{"@type":"ReadAction","target":["https:\/\/www.diario21.tv\/noticias\/sorprendente-solo-el-33-de-los-catalanes-usa-el-catalan-como-lengua-diaria\/"]}]},{"@type":"ImageObject","inLanguage":"es-AR","@id":"https:\/\/www.diario21.tv\/noticias\/sorprendente-solo-el-33-de-los-catalanes-usa-el-catalan-como-lengua-diaria\/#primaryimage","url":"https:\/\/www.diario21.tv\/noticias\/wp-content\/uploads\/2025\/11\/\u00a1Sorprendente-Solo-el-33-de-los-catalanes-usa-el-catalan.jpg","contentUrl":"https:\/\/www.diario21.tv\/noticias\/wp-content\/uploads\/2025\/11\/\u00a1Sorprendente-Solo-el-33-de-los-catalanes-usa-el-catalan.jpg","width":1200,"height":840,"caption":"Solo uno de cada tres habitantes de Catalu\u00f1a tiene el catal\u00e1n como lengua habitual"},{"@type":"BreadcrumbList","@id":"https:\/\/www.diario21.tv\/noticias\/sorprendente-solo-el-33-de-los-catalanes-usa-el-catalan-como-lengua-diaria\/#breadcrumb","itemListElement":[{"@type":"ListItem","position":1,"name":"Accueil","item":"https:\/\/www.diario21.tv\/noticias\/"},{"@type":"ListItem","position":2,"name":"\u00a1Sorprendente! Solo el 33% de los catalanes usa el catal\u00e1n como lengua diaria"}]},{"@type":"WebSite","@id":"https:\/\/www.diario21.tv\/noticias\/#website","url":"https:\/\/www.diario21.tv\/noticias\/","name":"Diario 21","description":"","potentialAction":[{"@type":"SearchAction","target":{"@type":"EntryPoint","urlTemplate":"https:\/\/www.diario21.tv\/noticias\/?s={search_term_string}"},"query-input":{"@type":"PropertyValueSpecification","valueRequired":true,"valueName":"search_term_string"}}],"inLanguage":"es-AR"},{"@type":"Person","@id":"https:\/\/www.diario21.tv\/noticias\/#\/schema\/person\/dfb778f73814d8f09f302618446a526b","name":"Juan P\u00e9rez","image":{"@type":"ImageObject","inLanguage":"es-AR","@id":"https:\/\/www.diario21.tv\/noticias\/#\/schema\/person\/image\/","url":"https:\/\/secure.gravatar.com\/avatar\/c478a405bd10621167f4c3167cc770f5?s=96&d=mm&r=g","contentUrl":"https:\/\/secure.gravatar.com\/avatar\/c478a405bd10621167f4c3167cc770f5?s=96&d=mm&r=g","caption":"Juan P\u00e9rez"},"description":"Juan P\u00e9rez es el redactor en jefe de Diario 21. Con m\u00e1s de 10 a\u00f1os de experiencia en el periodismo, se especializa en pol\u00edtica nacional y an\u00e1lisis socioecon\u00f3mico. Su enfoque cr\u00edtico y riguroso aporta una perspectiva \u00fanica a cada art\u00edculo.","sameAs":["https:\/\/www.diario21.tv\/noticias\/"],"url":"https:\/\/www.diario21.tv\/noticias\/author\/juan-perez\/"}]}},"_links":{"self":[{"href":"https:\/\/www.diario21.tv\/noticias\/wp-json\/wp\/v2\/posts\/5358"}],"collection":[{"href":"https:\/\/www.diario21.tv\/noticias\/wp-json\/wp\/v2\/posts"}],"about":[{"href":"https:\/\/www.diario21.tv\/noticias\/wp-json\/wp\/v2\/types\/post"}],"author":[{"embeddable":true,"href":"https:\/\/www.diario21.tv\/noticias\/wp-json\/wp\/v2\/users\/20"}],"replies":[{"embeddable":true,"href":"https:\/\/www.diario21.tv\/noticias\/wp-json\/wp\/v2\/comments?post=5358"}],"version-history":[{"count":1,"href":"https:\/\/www.diario21.tv\/noticias\/wp-json\/wp\/v2\/posts\/5358\/revisions"}],"predecessor-version":[{"id":5360,"href":"https:\/\/www.diario21.tv\/noticias\/wp-json\/wp\/v2\/posts\/5358\/revisions\/5360"}],"wp:featuredmedia":[{"embeddable":true,"href":"https:\/\/www.diario21.tv\/noticias\/wp-json\/wp\/v2\/media\/5359"}],"wp:attachment":[{"href":"https:\/\/www.diario21.tv\/noticias\/wp-json\/wp\/v2\/media?parent=5358"}],"wp:term":[{"taxonomy":"category","embeddable":true,"href":"https:\/\/www.diario21.tv\/noticias\/wp-json\/wp\/v2\/categories?post=5358"},{"taxonomy":"post_tag","embeddable":true,"href":"https:\/\/www.diario21.tv\/noticias\/wp-json\/wp\/v2\/tags?post=5358"}],"curies":[{"name":"wp","href":"https:\/\/api.w.org\/{rel}","templated":true}]}}