{"id":5346,"date":"2025-11-28T19:25:36","date_gmt":"2025-11-28T19:25:36","guid":{"rendered":"https:\/\/www.diario21.tv\/noticias\/confesion-escalofriante-asesino-de-malaga-predijo-su-ausencia-el-dia-del-crimen\/"},"modified":"2025-11-28T19:25:37","modified_gmt":"2025-11-28T19:25:37","slug":"confesion-escalofriante-asesino-de-malaga-predijo-su-ausencia-el-dia-del-crimen","status":"publish","type":"post","link":"https:\/\/www.diario21.tv\/noticias\/confesion-escalofriante-asesino-de-malaga-predijo-su-ausencia-el-dia-del-crimen\/","title":{"rendered":"\u00a1Confesi\u00f3n escalofriante! Asesino de M\u00e1laga predijo su ausencia el d\u00eda del crimen"},"content":{"rendered":"<h2>El Confeso Homicida de M\u00e1laga: Revelaciones de Colegas sobre su Ausencia el D\u00eda del Delito<\/h2>\n<p>En un giro inquietante del caso que ha capturado la atenci\u00f3n de la ciudad de M\u00e1laga, se ha revelado que el autor confeso del crimen hab\u00eda informado a sus compa\u00f1eros de trabajo de que no se presentar\u00eda el d\u00eda en que ocurri\u00f3 el homicidio. Este detalle fue compartido por los propios colegas del acusado, quienes se mostraron sorprendidos y consternados por la conexi\u00f3n entre la ausencia anunciada y el acto delictivo.<\/p>\n<p>El individuo, cuya identidad no ha sido revelada al p\u00fablico, ha admitido su responsabilidad en el incidente que ha dejado a la comunidad local en estado de shock. Seg\u00fan fuentes cercanas a la investigaci\u00f3n, el acusado hab\u00eda expresado claramente a sus compa\u00f1eros de trabajo que no acudir\u00eda a su empleo el d\u00eda en que se llev\u00f3 a cabo el crimen.<\/p>\n<h3>Detalles Sobre la Confesi\u00f3n y la Investigaci\u00f3n<\/h3>\n<p>El caso se ha estado desarrollando bajo una intensa vigilancia tanto de las autoridades como de los medios de comunicaci\u00f3n. La polic\u00eda ha estado meticulosamente recolectando evidencia y testimonios que puedan esclarecer los motivos detr\u00e1s del acto y asegurar que se haga justicia de manera efectiva.<\/p>\n<p>La confesi\u00f3n del sospechoso ha sido un elemento crucial en la investigaci\u00f3n, proporcionando a los oficiales de la ley una direcci\u00f3n clara en su b\u00fasqueda de respuestas. Sin embargo, el trabajo no termina con la admisi\u00f3n de culpabilidad, ya que los investigadores contin\u00faan explorando todos los aspectos del caso para construir un cuadro completo de los eventos que llevaron al tr\u00e1gico d\u00eda.<\/p>\n<h3>Reacciones de la Comunidad y Medidas de Seguridad<\/h3>\n<p>La noticia del crimen y la posterior confesi\u00f3n han resonado profundamente entre los residentes de M\u00e1laga, muchos de los cuales est\u00e1n preocupados por la seguridad en su comunidad. En respuesta, las autoridades locales han incrementado las medidas de seguridad y est\u00e1n trabajando en estrecha colaboraci\u00f3n con los ciudadanos para fortalecer la vigilancia y prevenir futuros incidentes.<\/p>\n<p>El impacto del crimen ha trascendido la esfera local, generando un debate m\u00e1s amplio sobre la seguridad p\u00fablica y la importancia de la atenci\u00f3n a las se\u00f1ales de advertencia que podr\u00edan indicar problemas futuros.<\/p>\n<p>Este caso contin\u00faa desarroll\u00e1ndose y es probable que surjan m\u00e1s detalles a medida que avanza la investigaci\u00f3n. La comunidad de M\u00e1laga, mientras tanto, permanece unida en su deseo de recuperaci\u00f3n y justicia.<\/p>\n\n\n<div class=\"kk-star-ratings kksr-auto kksr-align-left kksr-valign-bottom\"\n    data-payload='{&quot;align&quot;:&quot;left&quot;,&quot;id&quot;:&quot;5346&quot;,&quot;slug&quot;:&quot;default&quot;,&quot;valign&quot;:&quot;bottom&quot;,&quot;ignore&quot;:&quot;&quot;,&quot;reference&quot;:&quot;auto&quot;,&quot;class&quot;:&quot;&quot;,&quot;count&quot;:&quot;0&quot;,&quot;legendonly&quot;:&quot;&quot;,&quot;readonly&quot;:&quot;&quot;,&quot;score&quot;:&quot;0&quot;,&quot;starsonly&quot;:&quot;&quot;,&quot;best&quot;:&quot;5&quot;,&quot;gap&quot;:&quot;5&quot;,&quot;greet&quot;:&quot;Valora este post&quot;,&quot;legend&quot;:&quot;0\\\/5 - (0 votes)&quot;,&quot;size&quot;:&quot;22&quot;,&quot;title&quot;:&quot;\u00a1Confesi\u00f3n escalofriante! Asesino de M\u00e1laga predijo su ausencia el d\u00eda del crimen&quot;,&quot;width&quot;:&quot;0&quot;,&quot;_legend&quot;:&quot;{score}\\\/{best} - ({count} {votes})&quot;,&quot;font_factor&quot;:&quot;1.25&quot;}'>\n            \n<div class=\"kksr-stars\">\n    \n<div class=\"kksr-stars-inactive\">\n            <div class=\"kksr-star\" data-star=\"1\" style=\"padding-right: 5px\">\n            \n\n<div class=\"kksr-icon\" style=\"width: 22px; height: 22px;\"><\/div>\n        <\/div>\n            <div class=\"kksr-star\" data-star=\"2\" style=\"padding-right: 5px\">\n            \n\n<div class=\"kksr-icon\" style=\"width: 22px; height: 22px;\"><\/div>\n        <\/div>\n            <div class=\"kksr-star\" data-star=\"3\" style=\"padding-right: 5px\">\n            \n\n<div class=\"kksr-icon\" style=\"width: 22px; height: 22px;\"><\/div>\n        <\/div>\n            <div class=\"kksr-star\" data-star=\"4\" style=\"padding-right: 5px\">\n            \n\n<div class=\"kksr-icon\" style=\"width: 22px; height: 22px;\"><\/div>\n        <\/div>\n            <div class=\"kksr-star\" data-star=\"5\" style=\"padding-right: 5px\">\n            \n\n<div class=\"kksr-icon\" style=\"width: 22px; height: 22px;\"><\/div>\n        <\/div>\n    <\/div>\n    \n<div class=\"kksr-stars-active\" style=\"width: 0px;\">\n            <div class=\"kksr-star\" style=\"padding-right: 5px\">\n            \n\n<div class=\"kksr-icon\" style=\"width: 22px; height: 22px;\"><\/div>\n        <\/div>\n            <div class=\"kksr-star\" style=\"padding-right: 5px\">\n            \n\n<div class=\"kksr-icon\" style=\"width: 22px; height: 22px;\"><\/div>\n        <\/div>\n            <div class=\"kksr-star\" style=\"padding-right: 5px\">\n            \n\n<div class=\"kksr-icon\" style=\"width: 22px; height: 22px;\"><\/div>\n        <\/div>\n            <div class=\"kksr-star\" style=\"padding-right: 5px\">\n            \n\n<div class=\"kksr-icon\" style=\"width: 22px; height: 22px;\"><\/div>\n        <\/div>\n            <div class=\"kksr-star\" style=\"padding-right: 5px\">\n            \n\n<div class=\"kksr-icon\" style=\"width: 22px; height: 22px;\"><\/div>\n        <\/div>\n    <\/div>\n<\/div>\n                \n\n<div class=\"kksr-legend\" style=\"font-size: 17.6px;\">\n            <span class=\"kksr-muted\">Valora este post<\/span>\n    <\/div>\n    <\/div>\n","protected":false},"excerpt":{"rendered":"<p>El Confeso Homicida de M\u00e1laga: Revelaciones de Colegas sobre su Ausencia el D\u00eda del Delito En un giro inquietante del caso que ha capturado la atenci\u00f3n &#8230; <a title=\"\u00a1Confesi\u00f3n escalofriante! Asesino de M\u00e1laga predijo su ausencia el d\u00eda del crimen\" class=\"read-more\" href=\"https:\/\/www.diario21.tv\/noticias\/confesion-escalofriante-asesino-de-malaga-predijo-su-ausencia-el-dia-del-crimen\/\" aria-label=\"Leer m\u00e1s sobre \u00a1Confesi\u00f3n escalofriante! Asesino de M\u00e1laga predijo su ausencia el d\u00eda del crimen\">Seguir leyendo &rarr;<\/a><\/p>\n","protected":false},"author":20,"featured_media":5347,"comment_status":"open","ping_status":"open","sticky":false,"template":"","format":"standard","meta":{"footnotes":""},"categories":[13],"tags":[],"class_list":["post-5346","post","type-post","status-publish","format-standard","has-post-thumbnail","hentry","category-portada"],"yoast_head":"<!-- This site is optimized with the Yoast SEO plugin v25.6 - https:\/\/yoast.com\/wordpress\/plugins\/seo\/ -->\n<title>\u00a1Confesi\u00f3n escalofriante! Asesino de M\u00e1laga predijo su ausencia el d\u00eda del crimen - Diario 21<\/title>\n<meta name=\"robots\" content=\"index, follow, max-snippet:-1, max-image-preview:large, max-video-preview:-1\" \/>\n<link rel=\"canonical\" href=\"https:\/\/www.diario21.tv\/noticias\/confesion-escalofriante-asesino-de-malaga-predijo-su-ausencia-el-dia-del-crimen\/\" \/>\n<meta property=\"og:locale\" content=\"es_ES\" \/>\n<meta property=\"og:type\" content=\"article\" \/>\n<meta property=\"og:title\" content=\"\u00a1Confesi\u00f3n escalofriante! Asesino de M\u00e1laga predijo su ausencia el d\u00eda del crimen - Diario 21\" \/>\n<meta property=\"og:description\" content=\"El Confeso Homicida de M\u00e1laga: Revelaciones de Colegas sobre su Ausencia el D\u00eda del Delito En un giro inquietante del caso que ha capturado la atenci\u00f3n ... Seguir leyendo &rarr;\" \/>\n<meta property=\"og:url\" content=\"https:\/\/www.diario21.tv\/noticias\/confesion-escalofriante-asesino-de-malaga-predijo-su-ausencia-el-dia-del-crimen\/\" \/>\n<meta property=\"og:site_name\" content=\"Diario 21\" \/>\n<meta property=\"article:published_time\" content=\"2025-11-28T19:25:36+00:00\" \/>\n<meta property=\"article:modified_time\" content=\"2025-11-28T19:25:37+00:00\" \/>\n<meta property=\"og:image\" content=\"https:\/\/www.diario21.tv\/noticias\/wp-content\/uploads\/2025\/11\/\u00a1Confesion-escalofriante-Asesino-de-Malaga-predijo-su-ausencia-el-dia.jpg\" \/>\n\t<meta property=\"og:image:width\" content=\"1200\" \/>\n\t<meta property=\"og:image:height\" content=\"840\" \/>\n\t<meta property=\"og:image:type\" content=\"image\/jpeg\" \/>\n<meta name=\"author\" content=\"Juan P\u00e9rez\" \/>\n<meta name=\"twitter:card\" content=\"summary_large_image\" \/>\n<meta name=\"twitter:label1\" content=\"Escrito por\" \/>\n\t<meta name=\"twitter:data1\" content=\"Juan P\u00e9rez\" \/>\n\t<meta name=\"twitter:label2\" content=\"Tiempo de lectura\" \/>\n\t<meta name=\"twitter:data2\" content=\"2 minutos\" \/>\n<script type=\"application\/ld+json\" class=\"yoast-schema-graph\">{\"@context\":\"https:\/\/schema.org\",\"@graph\":[{\"@type\":\"WebPage\",\"@id\":\"https:\/\/www.diario21.tv\/noticias\/confesion-escalofriante-asesino-de-malaga-predijo-su-ausencia-el-dia-del-crimen\/\",\"url\":\"https:\/\/www.diario21.tv\/noticias\/confesion-escalofriante-asesino-de-malaga-predijo-su-ausencia-el-dia-del-crimen\/\",\"name\":\"\u00a1Confesi\u00f3n escalofriante! Asesino de M\u00e1laga predijo su ausencia el d\u00eda del crimen - Diario 21\",\"isPartOf\":{\"@id\":\"https:\/\/www.diario21.tv\/noticias\/#website\"},\"primaryImageOfPage\":{\"@id\":\"https:\/\/www.diario21.tv\/noticias\/confesion-escalofriante-asesino-de-malaga-predijo-su-ausencia-el-dia-del-crimen\/#primaryimage\"},\"image\":{\"@id\":\"https:\/\/www.diario21.tv\/noticias\/confesion-escalofriante-asesino-de-malaga-predijo-su-ausencia-el-dia-del-crimen\/#primaryimage\"},\"thumbnailUrl\":\"https:\/\/www.diario21.tv\/noticias\/wp-content\/uploads\/2025\/11\/\u00a1Confesion-escalofriante-Asesino-de-Malaga-predijo-su-ausencia-el-dia.jpg\",\"datePublished\":\"2025-11-28T19:25:36+00:00\",\"dateModified\":\"2025-11-28T19:25:37+00:00\",\"author\":{\"@id\":\"https:\/\/www.diario21.tv\/noticias\/#\/schema\/person\/dfb778f73814d8f09f302618446a526b\"},\"breadcrumb\":{\"@id\":\"https:\/\/www.diario21.tv\/noticias\/confesion-escalofriante-asesino-de-malaga-predijo-su-ausencia-el-dia-del-crimen\/#breadcrumb\"},\"inLanguage\":\"es-AR\",\"potentialAction\":[{\"@type\":\"ReadAction\",\"target\":[\"https:\/\/www.diario21.tv\/noticias\/confesion-escalofriante-asesino-de-malaga-predijo-su-ausencia-el-dia-del-crimen\/\"]}]},{\"@type\":\"ImageObject\",\"inLanguage\":\"es-AR\",\"@id\":\"https:\/\/www.diario21.tv\/noticias\/confesion-escalofriante-asesino-de-malaga-predijo-su-ausencia-el-dia-del-crimen\/#primaryimage\",\"url\":\"https:\/\/www.diario21.tv\/noticias\/wp-content\/uploads\/2025\/11\/\u00a1Confesion-escalofriante-Asesino-de-Malaga-predijo-su-ausencia-el-dia.jpg\",\"contentUrl\":\"https:\/\/www.diario21.tv\/noticias\/wp-content\/uploads\/2025\/11\/\u00a1Confesion-escalofriante-Asesino-de-Malaga-predijo-su-ausencia-el-dia.jpg\",\"width\":1200,\"height\":840,\"caption\":\"El asesino confeso de M\u00e1laga: \u00abSus compa\u00f1eros dicen que ya les hab\u00eda anunciado que no ir\u00eda a trabajar el d\u00eda del crimen\u00bb\"},{\"@type\":\"BreadcrumbList\",\"@id\":\"https:\/\/www.diario21.tv\/noticias\/confesion-escalofriante-asesino-de-malaga-predijo-su-ausencia-el-dia-del-crimen\/#breadcrumb\",\"itemListElement\":[{\"@type\":\"ListItem\",\"position\":1,\"name\":\"Accueil\",\"item\":\"https:\/\/www.diario21.tv\/noticias\/\"},{\"@type\":\"ListItem\",\"position\":2,\"name\":\"\u00a1Confesi\u00f3n escalofriante! Asesino de M\u00e1laga predijo su ausencia el d\u00eda del crimen\"}]},{\"@type\":\"WebSite\",\"@id\":\"https:\/\/www.diario21.tv\/noticias\/#website\",\"url\":\"https:\/\/www.diario21.tv\/noticias\/\",\"name\":\"Diario 21\",\"description\":\"\",\"potentialAction\":[{\"@type\":\"SearchAction\",\"target\":{\"@type\":\"EntryPoint\",\"urlTemplate\":\"https:\/\/www.diario21.tv\/noticias\/?s={search_term_string}\"},\"query-input\":{\"@type\":\"PropertyValueSpecification\",\"valueRequired\":true,\"valueName\":\"search_term_string\"}}],\"inLanguage\":\"es-AR\"},{\"@type\":\"Person\",\"@id\":\"https:\/\/www.diario21.tv\/noticias\/#\/schema\/person\/dfb778f73814d8f09f302618446a526b\",\"name\":\"Juan P\u00e9rez\",\"image\":{\"@type\":\"ImageObject\",\"inLanguage\":\"es-AR\",\"@id\":\"https:\/\/www.diario21.tv\/noticias\/#\/schema\/person\/image\/\",\"url\":\"https:\/\/secure.gravatar.com\/avatar\/c478a405bd10621167f4c3167cc770f5?s=96&d=mm&r=g\",\"contentUrl\":\"https:\/\/secure.gravatar.com\/avatar\/c478a405bd10621167f4c3167cc770f5?s=96&d=mm&r=g\",\"caption\":\"Juan P\u00e9rez\"},\"description\":\"Juan P\u00e9rez es el redactor en jefe de Diario 21. Con m\u00e1s de 10 a\u00f1os de experiencia en el periodismo, se especializa en pol\u00edtica nacional y an\u00e1lisis socioecon\u00f3mico. Su enfoque cr\u00edtico y riguroso aporta una perspectiva \u00fanica a cada art\u00edculo.\",\"sameAs\":[\"https:\/\/www.diario21.tv\/noticias\/\"],\"url\":\"https:\/\/www.diario21.tv\/noticias\/author\/juan-perez\/\"}]}<\/script>\n<!-- \/ Yoast SEO plugin. -->","yoast_head_json":{"title":"\u00a1Confesi\u00f3n escalofriante! Asesino de M\u00e1laga predijo su ausencia el d\u00eda del crimen - Diario 21","robots":{"index":"index","follow":"follow","max-snippet":"max-snippet:-1","max-image-preview":"max-image-preview:large","max-video-preview":"max-video-preview:-1"},"canonical":"https:\/\/www.diario21.tv\/noticias\/confesion-escalofriante-asesino-de-malaga-predijo-su-ausencia-el-dia-del-crimen\/","og_locale":"es_ES","og_type":"article","og_title":"\u00a1Confesi\u00f3n escalofriante! Asesino de M\u00e1laga predijo su ausencia el d\u00eda del crimen - Diario 21","og_description":"El Confeso Homicida de M\u00e1laga: Revelaciones de Colegas sobre su Ausencia el D\u00eda del Delito En un giro inquietante del caso que ha capturado la atenci\u00f3n ... Seguir leyendo &rarr;","og_url":"https:\/\/www.diario21.tv\/noticias\/confesion-escalofriante-asesino-de-malaga-predijo-su-ausencia-el-dia-del-crimen\/","og_site_name":"Diario 21","article_published_time":"2025-11-28T19:25:36+00:00","article_modified_time":"2025-11-28T19:25:37+00:00","og_image":[{"width":1200,"height":840,"url":"https:\/\/www.diario21.tv\/noticias\/wp-content\/uploads\/2025\/11\/\u00a1Confesion-escalofriante-Asesino-de-Malaga-predijo-su-ausencia-el-dia.jpg","type":"image\/jpeg"}],"author":"Juan P\u00e9rez","twitter_card":"summary_large_image","twitter_misc":{"Escrito por":"Juan P\u00e9rez","Tiempo de lectura":"2 minutos"},"schema":{"@context":"https:\/\/schema.org","@graph":[{"@type":"WebPage","@id":"https:\/\/www.diario21.tv\/noticias\/confesion-escalofriante-asesino-de-malaga-predijo-su-ausencia-el-dia-del-crimen\/","url":"https:\/\/www.diario21.tv\/noticias\/confesion-escalofriante-asesino-de-malaga-predijo-su-ausencia-el-dia-del-crimen\/","name":"\u00a1Confesi\u00f3n escalofriante! Asesino de M\u00e1laga predijo su ausencia el d\u00eda del crimen - Diario 21","isPartOf":{"@id":"https:\/\/www.diario21.tv\/noticias\/#website"},"primaryImageOfPage":{"@id":"https:\/\/www.diario21.tv\/noticias\/confesion-escalofriante-asesino-de-malaga-predijo-su-ausencia-el-dia-del-crimen\/#primaryimage"},"image":{"@id":"https:\/\/www.diario21.tv\/noticias\/confesion-escalofriante-asesino-de-malaga-predijo-su-ausencia-el-dia-del-crimen\/#primaryimage"},"thumbnailUrl":"https:\/\/www.diario21.tv\/noticias\/wp-content\/uploads\/2025\/11\/\u00a1Confesion-escalofriante-Asesino-de-Malaga-predijo-su-ausencia-el-dia.jpg","datePublished":"2025-11-28T19:25:36+00:00","dateModified":"2025-11-28T19:25:37+00:00","author":{"@id":"https:\/\/www.diario21.tv\/noticias\/#\/schema\/person\/dfb778f73814d8f09f302618446a526b"},"breadcrumb":{"@id":"https:\/\/www.diario21.tv\/noticias\/confesion-escalofriante-asesino-de-malaga-predijo-su-ausencia-el-dia-del-crimen\/#breadcrumb"},"inLanguage":"es-AR","potentialAction":[{"@type":"ReadAction","target":["https:\/\/www.diario21.tv\/noticias\/confesion-escalofriante-asesino-de-malaga-predijo-su-ausencia-el-dia-del-crimen\/"]}]},{"@type":"ImageObject","inLanguage":"es-AR","@id":"https:\/\/www.diario21.tv\/noticias\/confesion-escalofriante-asesino-de-malaga-predijo-su-ausencia-el-dia-del-crimen\/#primaryimage","url":"https:\/\/www.diario21.tv\/noticias\/wp-content\/uploads\/2025\/11\/\u00a1Confesion-escalofriante-Asesino-de-Malaga-predijo-su-ausencia-el-dia.jpg","contentUrl":"https:\/\/www.diario21.tv\/noticias\/wp-content\/uploads\/2025\/11\/\u00a1Confesion-escalofriante-Asesino-de-Malaga-predijo-su-ausencia-el-dia.jpg","width":1200,"height":840,"caption":"El asesino confeso de M\u00e1laga: \u00abSus compa\u00f1eros dicen que ya les hab\u00eda anunciado que no ir\u00eda a trabajar el d\u00eda del crimen\u00bb"},{"@type":"BreadcrumbList","@id":"https:\/\/www.diario21.tv\/noticias\/confesion-escalofriante-asesino-de-malaga-predijo-su-ausencia-el-dia-del-crimen\/#breadcrumb","itemListElement":[{"@type":"ListItem","position":1,"name":"Accueil","item":"https:\/\/www.diario21.tv\/noticias\/"},{"@type":"ListItem","position":2,"name":"\u00a1Confesi\u00f3n escalofriante! Asesino de M\u00e1laga predijo su ausencia el d\u00eda del crimen"}]},{"@type":"WebSite","@id":"https:\/\/www.diario21.tv\/noticias\/#website","url":"https:\/\/www.diario21.tv\/noticias\/","name":"Diario 21","description":"","potentialAction":[{"@type":"SearchAction","target":{"@type":"EntryPoint","urlTemplate":"https:\/\/www.diario21.tv\/noticias\/?s={search_term_string}"},"query-input":{"@type":"PropertyValueSpecification","valueRequired":true,"valueName":"search_term_string"}}],"inLanguage":"es-AR"},{"@type":"Person","@id":"https:\/\/www.diario21.tv\/noticias\/#\/schema\/person\/dfb778f73814d8f09f302618446a526b","name":"Juan P\u00e9rez","image":{"@type":"ImageObject","inLanguage":"es-AR","@id":"https:\/\/www.diario21.tv\/noticias\/#\/schema\/person\/image\/","url":"https:\/\/secure.gravatar.com\/avatar\/c478a405bd10621167f4c3167cc770f5?s=96&d=mm&r=g","contentUrl":"https:\/\/secure.gravatar.com\/avatar\/c478a405bd10621167f4c3167cc770f5?s=96&d=mm&r=g","caption":"Juan P\u00e9rez"},"description":"Juan P\u00e9rez es el redactor en jefe de Diario 21. Con m\u00e1s de 10 a\u00f1os de experiencia en el periodismo, se especializa en pol\u00edtica nacional y an\u00e1lisis socioecon\u00f3mico. Su enfoque cr\u00edtico y riguroso aporta una perspectiva \u00fanica a cada art\u00edculo.","sameAs":["https:\/\/www.diario21.tv\/noticias\/"],"url":"https:\/\/www.diario21.tv\/noticias\/author\/juan-perez\/"}]}},"_links":{"self":[{"href":"https:\/\/www.diario21.tv\/noticias\/wp-json\/wp\/v2\/posts\/5346"}],"collection":[{"href":"https:\/\/www.diario21.tv\/noticias\/wp-json\/wp\/v2\/posts"}],"about":[{"href":"https:\/\/www.diario21.tv\/noticias\/wp-json\/wp\/v2\/types\/post"}],"author":[{"embeddable":true,"href":"https:\/\/www.diario21.tv\/noticias\/wp-json\/wp\/v2\/users\/20"}],"replies":[{"embeddable":true,"href":"https:\/\/www.diario21.tv\/noticias\/wp-json\/wp\/v2\/comments?post=5346"}],"version-history":[{"count":1,"href":"https:\/\/www.diario21.tv\/noticias\/wp-json\/wp\/v2\/posts\/5346\/revisions"}],"predecessor-version":[{"id":5348,"href":"https:\/\/www.diario21.tv\/noticias\/wp-json\/wp\/v2\/posts\/5346\/revisions\/5348"}],"wp:featuredmedia":[{"embeddable":true,"href":"https:\/\/www.diario21.tv\/noticias\/wp-json\/wp\/v2\/media\/5347"}],"wp:attachment":[{"href":"https:\/\/www.diario21.tv\/noticias\/wp-json\/wp\/v2\/media?parent=5346"}],"wp:term":[{"taxonomy":"category","embeddable":true,"href":"https:\/\/www.diario21.tv\/noticias\/wp-json\/wp\/v2\/categories?post=5346"},{"taxonomy":"post_tag","embeddable":true,"href":"https:\/\/www.diario21.tv\/noticias\/wp-json\/wp\/v2\/tags?post=5346"}],"curies":[{"name":"wp","href":"https:\/\/api.w.org\/{rel}","templated":true}]}}