{"id":5343,"date":"2025-11-28T13:24:59","date_gmt":"2025-11-28T13:24:59","guid":{"rendered":"https:\/\/www.diario21.tv\/noticias\/alerta-en-la-universidad-de-gran-canaria-evacuacion-por-correo-que-amenaza-con-una-masacre\/"},"modified":"2025-11-28T13:25:01","modified_gmt":"2025-11-28T13:25:01","slug":"alerta-en-la-universidad-de-gran-canaria-evacuacion-por-correo-que-amenaza-con-una-masacre","status":"publish","type":"post","link":"https:\/\/www.diario21.tv\/noticias\/alerta-en-la-universidad-de-gran-canaria-evacuacion-por-correo-que-amenaza-con-una-masacre\/","title":{"rendered":"Alerta en la Universidad de Gran Canaria: Evacuaci\u00f3n por correo que amenaza con &#8220;una masacre&#8221;"},"content":{"rendered":"<h2>Amenaza de &#8220;Masacre&#8221; Provoca Evacuaci\u00f3n en Universidad de Gran Canaria<\/h2>\n<p>En un incidente alarmante en la Universidad de Gran Canaria, varios edificios acad\u00e9micos tuvieron que ser evacuados tras recibir un correo electr\u00f3nico que conten\u00eda amenazas de llevar a cabo &#8220;una masacre&#8221;. Esta amenaza provoc\u00f3 una respuesta inmediata de las autoridades universitarias y las fuerzas de seguridad, quienes no tardaron en actuar para garantizar la seguridad de estudiantes y personal.<\/p>\n<h3>Detalles de la Amenaza<\/h3>\n<p>El mensaje de correo electr\u00f3nico, recibido en la ma\u00f1ana, fue enviado de forma an\u00f3nima y especificaba intenciones claras de ejecutar actos violentos dentro del campus universitario. La gravedad de la amenaza fue tal que las autoridades decidieron no tomar riesgos y procedieron con la evacuaci\u00f3n de las facultades m\u00e1s cercanas al lugar mencionado en el correo.<\/p>\n<h3>Respuesta de las Autoridades<\/h3>\n<p>Inmediatamente despu\u00e9s de recibir la amenaza, el equipo de seguridad de la universidad colabor\u00f3 estrechamente con la polic\u00eda local para evacuar las \u00e1reas afectadas y asegurar el per\u00edmetro. Se estableci\u00f3 un protocolo de emergencia, cerrando accesos al campus y restringiendo la entrada y salida de personas.<\/p>\n<h3>Investigaci\u00f3n en Curso<\/h3>\n<p>La polic\u00eda ha iniciado una investigaci\u00f3n exhaustiva para determinar el origen del correo electr\u00f3nico y encontrar al responsable de la amenaza. Hasta el momento, no se han reportado detenciones, pero las autoridades est\u00e1n analizando las c\u00e1maras de seguridad y realizando entrevistas con posibles testigos que puedan aportar informaci\u00f3n relevante.<\/p>\n<h3>Reacciones de la Comunidad Universitaria<\/h3>\n<p>La comunidad universitaria ha reaccionado con preocupaci\u00f3n y alarma ante la situaci\u00f3n. Muchos estudiantes y profesores expresaron su inquietud y el impacto emocional que este evento ha tenido en ellos. La universidad, por su parte, ha ofrecido apoyo psicol\u00f3gico a aquellos que lo necesiten y ha reforzado las medidas de seguridad en todo el campus.<\/p>\n<h3>Medidas Futuras<\/h3>\n<p>Como consecuencia de este incidente, la universidad ha anunciado que revisar\u00e1 y fortalecer\u00e1 sus protocolos de seguridad. Esto incluir\u00e1 la instalaci\u00f3n de m\u00e1s c\u00e1maras de seguridad, el aumento de patrullas de seguridad durante el d\u00eda y la implementaci\u00f3n de sistemas de alerta m\u00e1s eficaces para informar y proteger a la comunidad universitaria en casos de emergencia.<\/p>\n<p>Este evento ha resaltado la importancia de la seguridad en los entornos educativos y la necesidad de estar preparados para responder eficazmente ante situaciones de amenaza. La colaboraci\u00f3n entre las instituciones educativas y las fuerzas de seguridad es vital para garantizar un ambiente seguro para todos.<\/p>\n\n\n<div class=\"kk-star-ratings kksr-auto kksr-align-left kksr-valign-bottom\"\n    data-payload='{&quot;align&quot;:&quot;left&quot;,&quot;id&quot;:&quot;5343&quot;,&quot;slug&quot;:&quot;default&quot;,&quot;valign&quot;:&quot;bottom&quot;,&quot;ignore&quot;:&quot;&quot;,&quot;reference&quot;:&quot;auto&quot;,&quot;class&quot;:&quot;&quot;,&quot;count&quot;:&quot;0&quot;,&quot;legendonly&quot;:&quot;&quot;,&quot;readonly&quot;:&quot;&quot;,&quot;score&quot;:&quot;0&quot;,&quot;starsonly&quot;:&quot;&quot;,&quot;best&quot;:&quot;5&quot;,&quot;gap&quot;:&quot;5&quot;,&quot;greet&quot;:&quot;Valora este post&quot;,&quot;legend&quot;:&quot;0\\\/5 - (0 votes)&quot;,&quot;size&quot;:&quot;22&quot;,&quot;title&quot;:&quot;Alerta en la Universidad de Gran Canaria: Evacuaci\u00f3n por correo que amenaza con \\u0026quot;una masacre\\u0026quot;&quot;,&quot;width&quot;:&quot;0&quot;,&quot;_legend&quot;:&quot;{score}\\\/{best} - ({count} {votes})&quot;,&quot;font_factor&quot;:&quot;1.25&quot;}'>\n            \n<div class=\"kksr-stars\">\n    \n<div class=\"kksr-stars-inactive\">\n            <div class=\"kksr-star\" data-star=\"1\" style=\"padding-right: 5px\">\n            \n\n<div class=\"kksr-icon\" style=\"width: 22px; height: 22px;\"><\/div>\n        <\/div>\n            <div class=\"kksr-star\" data-star=\"2\" style=\"padding-right: 5px\">\n            \n\n<div class=\"kksr-icon\" style=\"width: 22px; height: 22px;\"><\/div>\n        <\/div>\n            <div class=\"kksr-star\" data-star=\"3\" style=\"padding-right: 5px\">\n            \n\n<div class=\"kksr-icon\" style=\"width: 22px; height: 22px;\"><\/div>\n        <\/div>\n            <div class=\"kksr-star\" data-star=\"4\" style=\"padding-right: 5px\">\n            \n\n<div class=\"kksr-icon\" style=\"width: 22px; height: 22px;\"><\/div>\n        <\/div>\n            <div class=\"kksr-star\" data-star=\"5\" style=\"padding-right: 5px\">\n            \n\n<div class=\"kksr-icon\" style=\"width: 22px; height: 22px;\"><\/div>\n        <\/div>\n    <\/div>\n    \n<div class=\"kksr-stars-active\" style=\"width: 0px;\">\n            <div class=\"kksr-star\" style=\"padding-right: 5px\">\n            \n\n<div class=\"kksr-icon\" style=\"width: 22px; height: 22px;\"><\/div>\n        <\/div>\n            <div class=\"kksr-star\" style=\"padding-right: 5px\">\n            \n\n<div class=\"kksr-icon\" style=\"width: 22px; height: 22px;\"><\/div>\n        <\/div>\n            <div class=\"kksr-star\" style=\"padding-right: 5px\">\n            \n\n<div class=\"kksr-icon\" style=\"width: 22px; height: 22px;\"><\/div>\n        <\/div>\n            <div class=\"kksr-star\" style=\"padding-right: 5px\">\n            \n\n<div class=\"kksr-icon\" style=\"width: 22px; height: 22px;\"><\/div>\n        <\/div>\n            <div class=\"kksr-star\" style=\"padding-right: 5px\">\n            \n\n<div class=\"kksr-icon\" style=\"width: 22px; height: 22px;\"><\/div>\n        <\/div>\n    <\/div>\n<\/div>\n                \n\n<div class=\"kksr-legend\" style=\"font-size: 17.6px;\">\n            <span class=\"kksr-muted\">Valora este post<\/span>\n    <\/div>\n    <\/div>\n","protected":false},"excerpt":{"rendered":"<p>Amenaza de &#8220;Masacre&#8221; Provoca Evacuaci\u00f3n en Universidad de Gran Canaria En un incidente alarmante en la Universidad de Gran Canaria, varios edificios acad\u00e9micos tuvieron que ser &#8230; <a title=\"Alerta en la Universidad de Gran Canaria: Evacuaci\u00f3n por correo que amenaza con &#8220;una masacre&#8221;\" class=\"read-more\" href=\"https:\/\/www.diario21.tv\/noticias\/alerta-en-la-universidad-de-gran-canaria-evacuacion-por-correo-que-amenaza-con-una-masacre\/\" aria-label=\"Leer m\u00e1s sobre Alerta en la Universidad de Gran Canaria: Evacuaci\u00f3n por correo que amenaza con &#8220;una masacre&#8221;\">Seguir leyendo &rarr;<\/a><\/p>\n","protected":false},"author":20,"featured_media":5344,"comment_status":"open","ping_status":"open","sticky":false,"template":"","format":"standard","meta":{"footnotes":""},"categories":[13],"tags":[],"class_list":["post-5343","post","type-post","status-publish","format-standard","has-post-thumbnail","hentry","category-portada"],"yoast_head":"<!-- This site is optimized with the Yoast SEO plugin v25.6 - https:\/\/yoast.com\/wordpress\/plugins\/seo\/ -->\n<title>Alerta en la Universidad de Gran Canaria: Evacuaci\u00f3n por correo que amenaza con &quot;una masacre&quot; - Diario 21<\/title>\n<meta name=\"robots\" content=\"index, follow, max-snippet:-1, max-image-preview:large, max-video-preview:-1\" \/>\n<link rel=\"canonical\" href=\"https:\/\/www.diario21.tv\/noticias\/alerta-en-la-universidad-de-gran-canaria-evacuacion-por-correo-que-amenaza-con-una-masacre\/\" \/>\n<meta property=\"og:locale\" content=\"es_ES\" \/>\n<meta property=\"og:type\" content=\"article\" \/>\n<meta property=\"og:title\" content=\"Alerta en la Universidad de Gran Canaria: Evacuaci\u00f3n por correo que amenaza con &quot;una masacre&quot; - Diario 21\" \/>\n<meta property=\"og:description\" content=\"Amenaza de &#8220;Masacre&#8221; Provoca Evacuaci\u00f3n en Universidad de Gran Canaria En un incidente alarmante en la Universidad de Gran Canaria, varios edificios acad\u00e9micos tuvieron que ser ... Seguir leyendo &rarr;\" \/>\n<meta property=\"og:url\" content=\"https:\/\/www.diario21.tv\/noticias\/alerta-en-la-universidad-de-gran-canaria-evacuacion-por-correo-que-amenaza-con-una-masacre\/\" \/>\n<meta property=\"og:site_name\" content=\"Diario 21\" \/>\n<meta property=\"article:published_time\" content=\"2025-11-28T13:24:59+00:00\" \/>\n<meta property=\"article:modified_time\" content=\"2025-11-28T13:25:01+00:00\" \/>\n<meta property=\"og:image\" content=\"https:\/\/www.diario21.tv\/noticias\/wp-content\/uploads\/2025\/11\/Alerta-en-la-Universidad-de-Gran-Canaria-Evacuacion-por-correo.jpg\" \/>\n\t<meta property=\"og:image:width\" content=\"1200\" \/>\n\t<meta property=\"og:image:height\" content=\"840\" \/>\n\t<meta property=\"og:image:type\" content=\"image\/jpeg\" \/>\n<meta name=\"author\" content=\"Juan P\u00e9rez\" \/>\n<meta name=\"twitter:card\" content=\"summary_large_image\" \/>\n<meta name=\"twitter:label1\" content=\"Escrito por\" \/>\n\t<meta name=\"twitter:data1\" content=\"Juan P\u00e9rez\" \/>\n\t<meta name=\"twitter:label2\" content=\"Tiempo de lectura\" \/>\n\t<meta name=\"twitter:data2\" content=\"2 minutos\" \/>\n<script type=\"application\/ld+json\" class=\"yoast-schema-graph\">{\"@context\":\"https:\/\/schema.org\",\"@graph\":[{\"@type\":\"WebPage\",\"@id\":\"https:\/\/www.diario21.tv\/noticias\/alerta-en-la-universidad-de-gran-canaria-evacuacion-por-correo-que-amenaza-con-una-masacre\/\",\"url\":\"https:\/\/www.diario21.tv\/noticias\/alerta-en-la-universidad-de-gran-canaria-evacuacion-por-correo-que-amenaza-con-una-masacre\/\",\"name\":\"Alerta en la Universidad de Gran Canaria: Evacuaci\u00f3n por correo que amenaza con \\\"una masacre\\\" - Diario 21\",\"isPartOf\":{\"@id\":\"https:\/\/www.diario21.tv\/noticias\/#website\"},\"primaryImageOfPage\":{\"@id\":\"https:\/\/www.diario21.tv\/noticias\/alerta-en-la-universidad-de-gran-canaria-evacuacion-por-correo-que-amenaza-con-una-masacre\/#primaryimage\"},\"image\":{\"@id\":\"https:\/\/www.diario21.tv\/noticias\/alerta-en-la-universidad-de-gran-canaria-evacuacion-por-correo-que-amenaza-con-una-masacre\/#primaryimage\"},\"thumbnailUrl\":\"https:\/\/www.diario21.tv\/noticias\/wp-content\/uploads\/2025\/11\/Alerta-en-la-Universidad-de-Gran-Canaria-Evacuacion-por-correo.jpg\",\"datePublished\":\"2025-11-28T13:24:59+00:00\",\"dateModified\":\"2025-11-28T13:25:01+00:00\",\"author\":{\"@id\":\"https:\/\/www.diario21.tv\/noticias\/#\/schema\/person\/dfb778f73814d8f09f302618446a526b\"},\"breadcrumb\":{\"@id\":\"https:\/\/www.diario21.tv\/noticias\/alerta-en-la-universidad-de-gran-canaria-evacuacion-por-correo-que-amenaza-con-una-masacre\/#breadcrumb\"},\"inLanguage\":\"es-AR\",\"potentialAction\":[{\"@type\":\"ReadAction\",\"target\":[\"https:\/\/www.diario21.tv\/noticias\/alerta-en-la-universidad-de-gran-canaria-evacuacion-por-correo-que-amenaza-con-una-masacre\/\"]}]},{\"@type\":\"ImageObject\",\"inLanguage\":\"es-AR\",\"@id\":\"https:\/\/www.diario21.tv\/noticias\/alerta-en-la-universidad-de-gran-canaria-evacuacion-por-correo-que-amenaza-con-una-masacre\/#primaryimage\",\"url\":\"https:\/\/www.diario21.tv\/noticias\/wp-content\/uploads\/2025\/11\/Alerta-en-la-Universidad-de-Gran-Canaria-Evacuacion-por-correo.jpg\",\"contentUrl\":\"https:\/\/www.diario21.tv\/noticias\/wp-content\/uploads\/2025\/11\/Alerta-en-la-Universidad-de-Gran-Canaria-Evacuacion-por-correo.jpg\",\"width\":1200,\"height\":840,\"caption\":\"Un correo que amenaza con \u00abuna masacre\u00bb en la universidad de Gran Canaria desaloja varias facultades\"},{\"@type\":\"BreadcrumbList\",\"@id\":\"https:\/\/www.diario21.tv\/noticias\/alerta-en-la-universidad-de-gran-canaria-evacuacion-por-correo-que-amenaza-con-una-masacre\/#breadcrumb\",\"itemListElement\":[{\"@type\":\"ListItem\",\"position\":1,\"name\":\"Accueil\",\"item\":\"https:\/\/www.diario21.tv\/noticias\/\"},{\"@type\":\"ListItem\",\"position\":2,\"name\":\"Alerta en la Universidad de Gran Canaria: Evacuaci\u00f3n por correo que amenaza con &#8220;una masacre&#8221;\"}]},{\"@type\":\"WebSite\",\"@id\":\"https:\/\/www.diario21.tv\/noticias\/#website\",\"url\":\"https:\/\/www.diario21.tv\/noticias\/\",\"name\":\"Diario 21\",\"description\":\"\",\"potentialAction\":[{\"@type\":\"SearchAction\",\"target\":{\"@type\":\"EntryPoint\",\"urlTemplate\":\"https:\/\/www.diario21.tv\/noticias\/?s={search_term_string}\"},\"query-input\":{\"@type\":\"PropertyValueSpecification\",\"valueRequired\":true,\"valueName\":\"search_term_string\"}}],\"inLanguage\":\"es-AR\"},{\"@type\":\"Person\",\"@id\":\"https:\/\/www.diario21.tv\/noticias\/#\/schema\/person\/dfb778f73814d8f09f302618446a526b\",\"name\":\"Juan P\u00e9rez\",\"image\":{\"@type\":\"ImageObject\",\"inLanguage\":\"es-AR\",\"@id\":\"https:\/\/www.diario21.tv\/noticias\/#\/schema\/person\/image\/\",\"url\":\"https:\/\/secure.gravatar.com\/avatar\/c478a405bd10621167f4c3167cc770f5?s=96&d=mm&r=g\",\"contentUrl\":\"https:\/\/secure.gravatar.com\/avatar\/c478a405bd10621167f4c3167cc770f5?s=96&d=mm&r=g\",\"caption\":\"Juan P\u00e9rez\"},\"description\":\"Juan P\u00e9rez es el redactor en jefe de Diario 21. Con m\u00e1s de 10 a\u00f1os de experiencia en el periodismo, se especializa en pol\u00edtica nacional y an\u00e1lisis socioecon\u00f3mico. Su enfoque cr\u00edtico y riguroso aporta una perspectiva \u00fanica a cada art\u00edculo.\",\"sameAs\":[\"https:\/\/www.diario21.tv\/noticias\/\"],\"url\":\"https:\/\/www.diario21.tv\/noticias\/author\/juan-perez\/\"}]}<\/script>\n<!-- \/ Yoast SEO plugin. -->","yoast_head_json":{"title":"Alerta en la Universidad de Gran Canaria: Evacuaci\u00f3n por correo que amenaza con \"una masacre\" - Diario 21","robots":{"index":"index","follow":"follow","max-snippet":"max-snippet:-1","max-image-preview":"max-image-preview:large","max-video-preview":"max-video-preview:-1"},"canonical":"https:\/\/www.diario21.tv\/noticias\/alerta-en-la-universidad-de-gran-canaria-evacuacion-por-correo-que-amenaza-con-una-masacre\/","og_locale":"es_ES","og_type":"article","og_title":"Alerta en la Universidad de Gran Canaria: Evacuaci\u00f3n por correo que amenaza con \"una masacre\" - Diario 21","og_description":"Amenaza de &#8220;Masacre&#8221; Provoca Evacuaci\u00f3n en Universidad de Gran Canaria En un incidente alarmante en la Universidad de Gran Canaria, varios edificios acad\u00e9micos tuvieron que ser ... Seguir leyendo &rarr;","og_url":"https:\/\/www.diario21.tv\/noticias\/alerta-en-la-universidad-de-gran-canaria-evacuacion-por-correo-que-amenaza-con-una-masacre\/","og_site_name":"Diario 21","article_published_time":"2025-11-28T13:24:59+00:00","article_modified_time":"2025-11-28T13:25:01+00:00","og_image":[{"width":1200,"height":840,"url":"https:\/\/www.diario21.tv\/noticias\/wp-content\/uploads\/2025\/11\/Alerta-en-la-Universidad-de-Gran-Canaria-Evacuacion-por-correo.jpg","type":"image\/jpeg"}],"author":"Juan P\u00e9rez","twitter_card":"summary_large_image","twitter_misc":{"Escrito por":"Juan P\u00e9rez","Tiempo de lectura":"2 minutos"},"schema":{"@context":"https:\/\/schema.org","@graph":[{"@type":"WebPage","@id":"https:\/\/www.diario21.tv\/noticias\/alerta-en-la-universidad-de-gran-canaria-evacuacion-por-correo-que-amenaza-con-una-masacre\/","url":"https:\/\/www.diario21.tv\/noticias\/alerta-en-la-universidad-de-gran-canaria-evacuacion-por-correo-que-amenaza-con-una-masacre\/","name":"Alerta en la Universidad de Gran Canaria: Evacuaci\u00f3n por correo que amenaza con \"una masacre\" - Diario 21","isPartOf":{"@id":"https:\/\/www.diario21.tv\/noticias\/#website"},"primaryImageOfPage":{"@id":"https:\/\/www.diario21.tv\/noticias\/alerta-en-la-universidad-de-gran-canaria-evacuacion-por-correo-que-amenaza-con-una-masacre\/#primaryimage"},"image":{"@id":"https:\/\/www.diario21.tv\/noticias\/alerta-en-la-universidad-de-gran-canaria-evacuacion-por-correo-que-amenaza-con-una-masacre\/#primaryimage"},"thumbnailUrl":"https:\/\/www.diario21.tv\/noticias\/wp-content\/uploads\/2025\/11\/Alerta-en-la-Universidad-de-Gran-Canaria-Evacuacion-por-correo.jpg","datePublished":"2025-11-28T13:24:59+00:00","dateModified":"2025-11-28T13:25:01+00:00","author":{"@id":"https:\/\/www.diario21.tv\/noticias\/#\/schema\/person\/dfb778f73814d8f09f302618446a526b"},"breadcrumb":{"@id":"https:\/\/www.diario21.tv\/noticias\/alerta-en-la-universidad-de-gran-canaria-evacuacion-por-correo-que-amenaza-con-una-masacre\/#breadcrumb"},"inLanguage":"es-AR","potentialAction":[{"@type":"ReadAction","target":["https:\/\/www.diario21.tv\/noticias\/alerta-en-la-universidad-de-gran-canaria-evacuacion-por-correo-que-amenaza-con-una-masacre\/"]}]},{"@type":"ImageObject","inLanguage":"es-AR","@id":"https:\/\/www.diario21.tv\/noticias\/alerta-en-la-universidad-de-gran-canaria-evacuacion-por-correo-que-amenaza-con-una-masacre\/#primaryimage","url":"https:\/\/www.diario21.tv\/noticias\/wp-content\/uploads\/2025\/11\/Alerta-en-la-Universidad-de-Gran-Canaria-Evacuacion-por-correo.jpg","contentUrl":"https:\/\/www.diario21.tv\/noticias\/wp-content\/uploads\/2025\/11\/Alerta-en-la-Universidad-de-Gran-Canaria-Evacuacion-por-correo.jpg","width":1200,"height":840,"caption":"Un correo que amenaza con \u00abuna masacre\u00bb en la universidad de Gran Canaria desaloja varias facultades"},{"@type":"BreadcrumbList","@id":"https:\/\/www.diario21.tv\/noticias\/alerta-en-la-universidad-de-gran-canaria-evacuacion-por-correo-que-amenaza-con-una-masacre\/#breadcrumb","itemListElement":[{"@type":"ListItem","position":1,"name":"Accueil","item":"https:\/\/www.diario21.tv\/noticias\/"},{"@type":"ListItem","position":2,"name":"Alerta en la Universidad de Gran Canaria: Evacuaci\u00f3n por correo que amenaza con &#8220;una masacre&#8221;"}]},{"@type":"WebSite","@id":"https:\/\/www.diario21.tv\/noticias\/#website","url":"https:\/\/www.diario21.tv\/noticias\/","name":"Diario 21","description":"","potentialAction":[{"@type":"SearchAction","target":{"@type":"EntryPoint","urlTemplate":"https:\/\/www.diario21.tv\/noticias\/?s={search_term_string}"},"query-input":{"@type":"PropertyValueSpecification","valueRequired":true,"valueName":"search_term_string"}}],"inLanguage":"es-AR"},{"@type":"Person","@id":"https:\/\/www.diario21.tv\/noticias\/#\/schema\/person\/dfb778f73814d8f09f302618446a526b","name":"Juan P\u00e9rez","image":{"@type":"ImageObject","inLanguage":"es-AR","@id":"https:\/\/www.diario21.tv\/noticias\/#\/schema\/person\/image\/","url":"https:\/\/secure.gravatar.com\/avatar\/c478a405bd10621167f4c3167cc770f5?s=96&d=mm&r=g","contentUrl":"https:\/\/secure.gravatar.com\/avatar\/c478a405bd10621167f4c3167cc770f5?s=96&d=mm&r=g","caption":"Juan P\u00e9rez"},"description":"Juan P\u00e9rez es el redactor en jefe de Diario 21. Con m\u00e1s de 10 a\u00f1os de experiencia en el periodismo, se especializa en pol\u00edtica nacional y an\u00e1lisis socioecon\u00f3mico. Su enfoque cr\u00edtico y riguroso aporta una perspectiva \u00fanica a cada art\u00edculo.","sameAs":["https:\/\/www.diario21.tv\/noticias\/"],"url":"https:\/\/www.diario21.tv\/noticias\/author\/juan-perez\/"}]}},"_links":{"self":[{"href":"https:\/\/www.diario21.tv\/noticias\/wp-json\/wp\/v2\/posts\/5343"}],"collection":[{"href":"https:\/\/www.diario21.tv\/noticias\/wp-json\/wp\/v2\/posts"}],"about":[{"href":"https:\/\/www.diario21.tv\/noticias\/wp-json\/wp\/v2\/types\/post"}],"author":[{"embeddable":true,"href":"https:\/\/www.diario21.tv\/noticias\/wp-json\/wp\/v2\/users\/20"}],"replies":[{"embeddable":true,"href":"https:\/\/www.diario21.tv\/noticias\/wp-json\/wp\/v2\/comments?post=5343"}],"version-history":[{"count":1,"href":"https:\/\/www.diario21.tv\/noticias\/wp-json\/wp\/v2\/posts\/5343\/revisions"}],"predecessor-version":[{"id":5345,"href":"https:\/\/www.diario21.tv\/noticias\/wp-json\/wp\/v2\/posts\/5343\/revisions\/5345"}],"wp:featuredmedia":[{"embeddable":true,"href":"https:\/\/www.diario21.tv\/noticias\/wp-json\/wp\/v2\/media\/5344"}],"wp:attachment":[{"href":"https:\/\/www.diario21.tv\/noticias\/wp-json\/wp\/v2\/media?parent=5343"}],"wp:term":[{"taxonomy":"category","embeddable":true,"href":"https:\/\/www.diario21.tv\/noticias\/wp-json\/wp\/v2\/categories?post=5343"},{"taxonomy":"post_tag","embeddable":true,"href":"https:\/\/www.diario21.tv\/noticias\/wp-json\/wp\/v2\/tags?post=5343"}],"curies":[{"name":"wp","href":"https:\/\/api.w.org\/{rel}","templated":true}]}}