{"id":5337,"date":"2025-11-28T01:22:48","date_gmt":"2025-11-28T01:22:48","guid":{"rendered":"https:\/\/www.diario21.tv\/noticias\/alerta-sanitaria-sanidad-advierte-sobre-lotes-de-azucar-de-coco\/"},"modified":"2025-11-28T01:22:50","modified_gmt":"2025-11-28T01:22:50","slug":"alerta-sanitaria-sanidad-advierte-sobre-lotes-de-azucar-de-coco","status":"publish","type":"post","link":"https:\/\/www.diario21.tv\/noticias\/alerta-sanitaria-sanidad-advierte-sobre-lotes-de-azucar-de-coco\/","title":{"rendered":"\u00a1Alerta sanitaria! Sanidad advierte sobre lotes de az\u00facar de coco"},"content":{"rendered":"<h2>Alerta Sanitaria Emitida para Lotes Espec\u00edficos de Az\u00facar de Coco<\/h2>\n<p>Las autoridades de salud han emitido una advertencia recientemente respecto a ciertos lotes de az\u00facar de coco que podr\u00edan representar un riesgo para la salud p\u00fablica. Esta medida precautoria tiene como objetivo informar a los consumidores sobre los posibles peligros asociados con el consumo de estos productos.<\/p>\n<h3>Identificaci\u00f3n de los Lotes Afectados<\/h3>\n<p>Se ha identificado que varios lotes de az\u00facar de coco, distribuidos en m\u00faltiples regiones, contienen impurezas que no cumplen con las normativas de seguridad alimentaria vigentes. Los n\u00fameros de lote espec\u00edficos han sido publicados en el sitio web oficial de la agencia de sanidad, permitiendo as\u00ed que los consumidores verifiquen si han adquirido alguno de estos productos comprometidos.<\/p>\n<h3>Riesgos Potenciales para la Salud<\/h3>\n<p>El consumo de los lotes afectados de az\u00facar de coco podr\u00eda conllevar a problemas de salud debido a la presencia de contaminantes que fueron detectados durante las inspecciones rutinarias. Aunque no se han reportado incidentes adversos hasta la fecha, la recomendaci\u00f3n es evitar su consumo como medida de precauci\u00f3n.<\/p>\n<h3>Medidas a Tomar por los Consumidores<\/h3>\n<p>Se aconseja a los consumidores que revisen los productos de az\u00facar de coco que tengan en casa y comparen los n\u00fameros de lote con la lista proporcionada en las comunicaciones oficiales. En caso de poseer un producto perteneciente a uno de los lotes afectados, se recomienda no consumirlo bajo ninguna circunstancia. Adem\u00e1s, los puntos de venta al detalle han sido instruidos para retirar estos productos de sus estanter\u00edas inmediatamente.<\/p>\n<h3>Procedimiento para la Devoluci\u00f3n del Producto<\/h3>\n<p>Los consumidores que hayan comprado cualquier lote de az\u00facar de coco afectado por esta alerta sanitaria tendr\u00e1n la opci\u00f3n de devolverlo al punto de compra. Se les reembolsar\u00e1 el costo completo del producto o se les ofrecer\u00e1 un reemplazo por un lote que no est\u00e9 incluido en la alerta. Para m\u00e1s detalles sobre el proceso de devoluci\u00f3n, se puede contactar directamente con el establecimiento donde se realiz\u00f3 la compra o consultar la p\u00e1gina web de la agencia de sanidad.<\/p>\n<h3>Acciones Futuras de las Autoridades Sanitarias<\/h3>\n<p>Las autoridades sanitarias continuar\u00e1n realizando seguimientos y m\u00e1s pruebas a otros lotes de este producto para asegurar su seguridad antes de que contin\u00faen en el mercado. Adem\u00e1s, se est\u00e1 investigando la fuente de la contaminaci\u00f3n para implementar las correcciones necesarias y evitar futuras incidencias de este tipo.<\/p>\n<p>La salud y seguridad de los consumidores son la m\u00e1xima prioridad, y se tomar\u00e1n todas las medidas necesarias para garantizar que los alimentos disponibles en el mercado sean seguros para el consumo. Se insta a los consumidores a seguir todas las recomendaciones y mantenerse informados mediante los canales oficiales.<\/p>\n\n\n<div class=\"kk-star-ratings kksr-auto kksr-align-left kksr-valign-bottom\"\n    data-payload='{&quot;align&quot;:&quot;left&quot;,&quot;id&quot;:&quot;5337&quot;,&quot;slug&quot;:&quot;default&quot;,&quot;valign&quot;:&quot;bottom&quot;,&quot;ignore&quot;:&quot;&quot;,&quot;reference&quot;:&quot;auto&quot;,&quot;class&quot;:&quot;&quot;,&quot;count&quot;:&quot;0&quot;,&quot;legendonly&quot;:&quot;&quot;,&quot;readonly&quot;:&quot;&quot;,&quot;score&quot;:&quot;0&quot;,&quot;starsonly&quot;:&quot;&quot;,&quot;best&quot;:&quot;5&quot;,&quot;gap&quot;:&quot;5&quot;,&quot;greet&quot;:&quot;Valora este post&quot;,&quot;legend&quot;:&quot;0\\\/5 - (0 votes)&quot;,&quot;size&quot;:&quot;22&quot;,&quot;title&quot;:&quot;\u00a1Alerta sanitaria! Sanidad advierte sobre lotes de az\u00facar de coco&quot;,&quot;width&quot;:&quot;0&quot;,&quot;_legend&quot;:&quot;{score}\\\/{best} - ({count} {votes})&quot;,&quot;font_factor&quot;:&quot;1.25&quot;}'>\n            \n<div class=\"kksr-stars\">\n    \n<div class=\"kksr-stars-inactive\">\n            <div class=\"kksr-star\" data-star=\"1\" style=\"padding-right: 5px\">\n            \n\n<div class=\"kksr-icon\" style=\"width: 22px; height: 22px;\"><\/div>\n        <\/div>\n            <div class=\"kksr-star\" data-star=\"2\" style=\"padding-right: 5px\">\n            \n\n<div class=\"kksr-icon\" style=\"width: 22px; height: 22px;\"><\/div>\n        <\/div>\n            <div class=\"kksr-star\" data-star=\"3\" style=\"padding-right: 5px\">\n            \n\n<div class=\"kksr-icon\" style=\"width: 22px; height: 22px;\"><\/div>\n        <\/div>\n            <div class=\"kksr-star\" data-star=\"4\" style=\"padding-right: 5px\">\n            \n\n<div class=\"kksr-icon\" style=\"width: 22px; height: 22px;\"><\/div>\n        <\/div>\n            <div class=\"kksr-star\" data-star=\"5\" style=\"padding-right: 5px\">\n            \n\n<div class=\"kksr-icon\" style=\"width: 22px; height: 22px;\"><\/div>\n        <\/div>\n    <\/div>\n    \n<div class=\"kksr-stars-active\" style=\"width: 0px;\">\n            <div class=\"kksr-star\" style=\"padding-right: 5px\">\n            \n\n<div class=\"kksr-icon\" style=\"width: 22px; height: 22px;\"><\/div>\n        <\/div>\n            <div class=\"kksr-star\" style=\"padding-right: 5px\">\n            \n\n<div class=\"kksr-icon\" style=\"width: 22px; height: 22px;\"><\/div>\n        <\/div>\n            <div class=\"kksr-star\" style=\"padding-right: 5px\">\n            \n\n<div class=\"kksr-icon\" style=\"width: 22px; height: 22px;\"><\/div>\n        <\/div>\n            <div class=\"kksr-star\" style=\"padding-right: 5px\">\n            \n\n<div class=\"kksr-icon\" style=\"width: 22px; height: 22px;\"><\/div>\n        <\/div>\n            <div class=\"kksr-star\" style=\"padding-right: 5px\">\n            \n\n<div class=\"kksr-icon\" style=\"width: 22px; height: 22px;\"><\/div>\n        <\/div>\n    <\/div>\n<\/div>\n                \n\n<div class=\"kksr-legend\" style=\"font-size: 17.6px;\">\n            <span class=\"kksr-muted\">Valora este post<\/span>\n    <\/div>\n    <\/div>\n","protected":false},"excerpt":{"rendered":"<p>Alerta Sanitaria Emitida para Lotes Espec\u00edficos de Az\u00facar de Coco Las autoridades de salud han emitido una advertencia recientemente respecto a ciertos lotes de az\u00facar de &#8230; <a title=\"\u00a1Alerta sanitaria! Sanidad advierte sobre lotes de az\u00facar de coco\" class=\"read-more\" href=\"https:\/\/www.diario21.tv\/noticias\/alerta-sanitaria-sanidad-advierte-sobre-lotes-de-azucar-de-coco\/\" aria-label=\"Leer m\u00e1s sobre \u00a1Alerta sanitaria! Sanidad advierte sobre lotes de az\u00facar de coco\">Seguir leyendo &rarr;<\/a><\/p>\n","protected":false},"author":20,"featured_media":5338,"comment_status":"open","ping_status":"open","sticky":false,"template":"","format":"standard","meta":{"footnotes":""},"categories":[13],"tags":[],"class_list":["post-5337","post","type-post","status-publish","format-standard","has-post-thumbnail","hentry","category-portada"],"yoast_head":"<!-- This site is optimized with the Yoast SEO plugin v25.6 - https:\/\/yoast.com\/wordpress\/plugins\/seo\/ -->\n<title>\u00a1Alerta sanitaria! Sanidad advierte sobre lotes de az\u00facar de coco - Diario 21<\/title>\n<meta name=\"robots\" content=\"index, follow, max-snippet:-1, max-image-preview:large, max-video-preview:-1\" \/>\n<link rel=\"canonical\" href=\"https:\/\/www.diario21.tv\/noticias\/alerta-sanitaria-sanidad-advierte-sobre-lotes-de-azucar-de-coco\/\" \/>\n<meta property=\"og:locale\" content=\"es_ES\" \/>\n<meta property=\"og:type\" content=\"article\" \/>\n<meta property=\"og:title\" content=\"\u00a1Alerta sanitaria! Sanidad advierte sobre lotes de az\u00facar de coco - Diario 21\" \/>\n<meta property=\"og:description\" content=\"Alerta Sanitaria Emitida para Lotes Espec\u00edficos de Az\u00facar de Coco Las autoridades de salud han emitido una advertencia recientemente respecto a ciertos lotes de az\u00facar de ... Seguir leyendo &rarr;\" \/>\n<meta property=\"og:url\" content=\"https:\/\/www.diario21.tv\/noticias\/alerta-sanitaria-sanidad-advierte-sobre-lotes-de-azucar-de-coco\/\" \/>\n<meta property=\"og:site_name\" content=\"Diario 21\" \/>\n<meta property=\"article:published_time\" content=\"2025-11-28T01:22:48+00:00\" \/>\n<meta property=\"article:modified_time\" content=\"2025-11-28T01:22:50+00:00\" \/>\n<meta property=\"og:image\" content=\"https:\/\/www.diario21.tv\/noticias\/wp-content\/uploads\/2025\/11\/\u00a1Alerta-sanitaria-Sanidad-advierte-sobre-lotes-de-azucar-de-coco.jpg\" \/>\n\t<meta property=\"og:image:width\" content=\"1200\" \/>\n\t<meta property=\"og:image:height\" content=\"840\" \/>\n\t<meta property=\"og:image:type\" content=\"image\/jpeg\" \/>\n<meta name=\"author\" content=\"Juan P\u00e9rez\" \/>\n<meta name=\"twitter:card\" content=\"summary_large_image\" \/>\n<meta name=\"twitter:label1\" content=\"Escrito por\" \/>\n\t<meta name=\"twitter:data1\" content=\"Juan P\u00e9rez\" \/>\n\t<meta name=\"twitter:label2\" content=\"Tiempo de lectura\" \/>\n\t<meta name=\"twitter:data2\" content=\"2 minutos\" \/>\n<script type=\"application\/ld+json\" class=\"yoast-schema-graph\">{\"@context\":\"https:\/\/schema.org\",\"@graph\":[{\"@type\":\"WebPage\",\"@id\":\"https:\/\/www.diario21.tv\/noticias\/alerta-sanitaria-sanidad-advierte-sobre-lotes-de-azucar-de-coco\/\",\"url\":\"https:\/\/www.diario21.tv\/noticias\/alerta-sanitaria-sanidad-advierte-sobre-lotes-de-azucar-de-coco\/\",\"name\":\"\u00a1Alerta sanitaria! Sanidad advierte sobre lotes de az\u00facar de coco - Diario 21\",\"isPartOf\":{\"@id\":\"https:\/\/www.diario21.tv\/noticias\/#website\"},\"primaryImageOfPage\":{\"@id\":\"https:\/\/www.diario21.tv\/noticias\/alerta-sanitaria-sanidad-advierte-sobre-lotes-de-azucar-de-coco\/#primaryimage\"},\"image\":{\"@id\":\"https:\/\/www.diario21.tv\/noticias\/alerta-sanitaria-sanidad-advierte-sobre-lotes-de-azucar-de-coco\/#primaryimage\"},\"thumbnailUrl\":\"https:\/\/www.diario21.tv\/noticias\/wp-content\/uploads\/2025\/11\/\u00a1Alerta-sanitaria-Sanidad-advierte-sobre-lotes-de-azucar-de-coco.jpg\",\"datePublished\":\"2025-11-28T01:22:48+00:00\",\"dateModified\":\"2025-11-28T01:22:50+00:00\",\"author\":{\"@id\":\"https:\/\/www.diario21.tv\/noticias\/#\/schema\/person\/dfb778f73814d8f09f302618446a526b\"},\"breadcrumb\":{\"@id\":\"https:\/\/www.diario21.tv\/noticias\/alerta-sanitaria-sanidad-advierte-sobre-lotes-de-azucar-de-coco\/#breadcrumb\"},\"inLanguage\":\"es-AR\",\"potentialAction\":[{\"@type\":\"ReadAction\",\"target\":[\"https:\/\/www.diario21.tv\/noticias\/alerta-sanitaria-sanidad-advierte-sobre-lotes-de-azucar-de-coco\/\"]}]},{\"@type\":\"ImageObject\",\"inLanguage\":\"es-AR\",\"@id\":\"https:\/\/www.diario21.tv\/noticias\/alerta-sanitaria-sanidad-advierte-sobre-lotes-de-azucar-de-coco\/#primaryimage\",\"url\":\"https:\/\/www.diario21.tv\/noticias\/wp-content\/uploads\/2025\/11\/\u00a1Alerta-sanitaria-Sanidad-advierte-sobre-lotes-de-azucar-de-coco.jpg\",\"contentUrl\":\"https:\/\/www.diario21.tv\/noticias\/wp-content\/uploads\/2025\/11\/\u00a1Alerta-sanitaria-Sanidad-advierte-sobre-lotes-de-azucar-de-coco.jpg\",\"width\":1200,\"height\":840,\"caption\":\"Sanidad advierte: estos lotes de az\u00facar de coco est\u00e1n bajo alerta sanitaria\"},{\"@type\":\"BreadcrumbList\",\"@id\":\"https:\/\/www.diario21.tv\/noticias\/alerta-sanitaria-sanidad-advierte-sobre-lotes-de-azucar-de-coco\/#breadcrumb\",\"itemListElement\":[{\"@type\":\"ListItem\",\"position\":1,\"name\":\"Accueil\",\"item\":\"https:\/\/www.diario21.tv\/noticias\/\"},{\"@type\":\"ListItem\",\"position\":2,\"name\":\"\u00a1Alerta sanitaria! Sanidad advierte sobre lotes de az\u00facar de coco\"}]},{\"@type\":\"WebSite\",\"@id\":\"https:\/\/www.diario21.tv\/noticias\/#website\",\"url\":\"https:\/\/www.diario21.tv\/noticias\/\",\"name\":\"Diario 21\",\"description\":\"\",\"potentialAction\":[{\"@type\":\"SearchAction\",\"target\":{\"@type\":\"EntryPoint\",\"urlTemplate\":\"https:\/\/www.diario21.tv\/noticias\/?s={search_term_string}\"},\"query-input\":{\"@type\":\"PropertyValueSpecification\",\"valueRequired\":true,\"valueName\":\"search_term_string\"}}],\"inLanguage\":\"es-AR\"},{\"@type\":\"Person\",\"@id\":\"https:\/\/www.diario21.tv\/noticias\/#\/schema\/person\/dfb778f73814d8f09f302618446a526b\",\"name\":\"Juan P\u00e9rez\",\"image\":{\"@type\":\"ImageObject\",\"inLanguage\":\"es-AR\",\"@id\":\"https:\/\/www.diario21.tv\/noticias\/#\/schema\/person\/image\/\",\"url\":\"https:\/\/secure.gravatar.com\/avatar\/c478a405bd10621167f4c3167cc770f5?s=96&d=mm&r=g\",\"contentUrl\":\"https:\/\/secure.gravatar.com\/avatar\/c478a405bd10621167f4c3167cc770f5?s=96&d=mm&r=g\",\"caption\":\"Juan P\u00e9rez\"},\"description\":\"Juan P\u00e9rez es el redactor en jefe de Diario 21. Con m\u00e1s de 10 a\u00f1os de experiencia en el periodismo, se especializa en pol\u00edtica nacional y an\u00e1lisis socioecon\u00f3mico. Su enfoque cr\u00edtico y riguroso aporta una perspectiva \u00fanica a cada art\u00edculo.\",\"sameAs\":[\"https:\/\/www.diario21.tv\/noticias\/\"],\"url\":\"https:\/\/www.diario21.tv\/noticias\/author\/juan-perez\/\"}]}<\/script>\n<!-- \/ Yoast SEO plugin. -->","yoast_head_json":{"title":"\u00a1Alerta sanitaria! Sanidad advierte sobre lotes de az\u00facar de coco - Diario 21","robots":{"index":"index","follow":"follow","max-snippet":"max-snippet:-1","max-image-preview":"max-image-preview:large","max-video-preview":"max-video-preview:-1"},"canonical":"https:\/\/www.diario21.tv\/noticias\/alerta-sanitaria-sanidad-advierte-sobre-lotes-de-azucar-de-coco\/","og_locale":"es_ES","og_type":"article","og_title":"\u00a1Alerta sanitaria! Sanidad advierte sobre lotes de az\u00facar de coco - Diario 21","og_description":"Alerta Sanitaria Emitida para Lotes Espec\u00edficos de Az\u00facar de Coco Las autoridades de salud han emitido una advertencia recientemente respecto a ciertos lotes de az\u00facar de ... Seguir leyendo &rarr;","og_url":"https:\/\/www.diario21.tv\/noticias\/alerta-sanitaria-sanidad-advierte-sobre-lotes-de-azucar-de-coco\/","og_site_name":"Diario 21","article_published_time":"2025-11-28T01:22:48+00:00","article_modified_time":"2025-11-28T01:22:50+00:00","og_image":[{"width":1200,"height":840,"url":"https:\/\/www.diario21.tv\/noticias\/wp-content\/uploads\/2025\/11\/\u00a1Alerta-sanitaria-Sanidad-advierte-sobre-lotes-de-azucar-de-coco.jpg","type":"image\/jpeg"}],"author":"Juan P\u00e9rez","twitter_card":"summary_large_image","twitter_misc":{"Escrito por":"Juan P\u00e9rez","Tiempo de lectura":"2 minutos"},"schema":{"@context":"https:\/\/schema.org","@graph":[{"@type":"WebPage","@id":"https:\/\/www.diario21.tv\/noticias\/alerta-sanitaria-sanidad-advierte-sobre-lotes-de-azucar-de-coco\/","url":"https:\/\/www.diario21.tv\/noticias\/alerta-sanitaria-sanidad-advierte-sobre-lotes-de-azucar-de-coco\/","name":"\u00a1Alerta sanitaria! Sanidad advierte sobre lotes de az\u00facar de coco - Diario 21","isPartOf":{"@id":"https:\/\/www.diario21.tv\/noticias\/#website"},"primaryImageOfPage":{"@id":"https:\/\/www.diario21.tv\/noticias\/alerta-sanitaria-sanidad-advierte-sobre-lotes-de-azucar-de-coco\/#primaryimage"},"image":{"@id":"https:\/\/www.diario21.tv\/noticias\/alerta-sanitaria-sanidad-advierte-sobre-lotes-de-azucar-de-coco\/#primaryimage"},"thumbnailUrl":"https:\/\/www.diario21.tv\/noticias\/wp-content\/uploads\/2025\/11\/\u00a1Alerta-sanitaria-Sanidad-advierte-sobre-lotes-de-azucar-de-coco.jpg","datePublished":"2025-11-28T01:22:48+00:00","dateModified":"2025-11-28T01:22:50+00:00","author":{"@id":"https:\/\/www.diario21.tv\/noticias\/#\/schema\/person\/dfb778f73814d8f09f302618446a526b"},"breadcrumb":{"@id":"https:\/\/www.diario21.tv\/noticias\/alerta-sanitaria-sanidad-advierte-sobre-lotes-de-azucar-de-coco\/#breadcrumb"},"inLanguage":"es-AR","potentialAction":[{"@type":"ReadAction","target":["https:\/\/www.diario21.tv\/noticias\/alerta-sanitaria-sanidad-advierte-sobre-lotes-de-azucar-de-coco\/"]}]},{"@type":"ImageObject","inLanguage":"es-AR","@id":"https:\/\/www.diario21.tv\/noticias\/alerta-sanitaria-sanidad-advierte-sobre-lotes-de-azucar-de-coco\/#primaryimage","url":"https:\/\/www.diario21.tv\/noticias\/wp-content\/uploads\/2025\/11\/\u00a1Alerta-sanitaria-Sanidad-advierte-sobre-lotes-de-azucar-de-coco.jpg","contentUrl":"https:\/\/www.diario21.tv\/noticias\/wp-content\/uploads\/2025\/11\/\u00a1Alerta-sanitaria-Sanidad-advierte-sobre-lotes-de-azucar-de-coco.jpg","width":1200,"height":840,"caption":"Sanidad advierte: estos lotes de az\u00facar de coco est\u00e1n bajo alerta sanitaria"},{"@type":"BreadcrumbList","@id":"https:\/\/www.diario21.tv\/noticias\/alerta-sanitaria-sanidad-advierte-sobre-lotes-de-azucar-de-coco\/#breadcrumb","itemListElement":[{"@type":"ListItem","position":1,"name":"Accueil","item":"https:\/\/www.diario21.tv\/noticias\/"},{"@type":"ListItem","position":2,"name":"\u00a1Alerta sanitaria! Sanidad advierte sobre lotes de az\u00facar de coco"}]},{"@type":"WebSite","@id":"https:\/\/www.diario21.tv\/noticias\/#website","url":"https:\/\/www.diario21.tv\/noticias\/","name":"Diario 21","description":"","potentialAction":[{"@type":"SearchAction","target":{"@type":"EntryPoint","urlTemplate":"https:\/\/www.diario21.tv\/noticias\/?s={search_term_string}"},"query-input":{"@type":"PropertyValueSpecification","valueRequired":true,"valueName":"search_term_string"}}],"inLanguage":"es-AR"},{"@type":"Person","@id":"https:\/\/www.diario21.tv\/noticias\/#\/schema\/person\/dfb778f73814d8f09f302618446a526b","name":"Juan P\u00e9rez","image":{"@type":"ImageObject","inLanguage":"es-AR","@id":"https:\/\/www.diario21.tv\/noticias\/#\/schema\/person\/image\/","url":"https:\/\/secure.gravatar.com\/avatar\/c478a405bd10621167f4c3167cc770f5?s=96&d=mm&r=g","contentUrl":"https:\/\/secure.gravatar.com\/avatar\/c478a405bd10621167f4c3167cc770f5?s=96&d=mm&r=g","caption":"Juan P\u00e9rez"},"description":"Juan P\u00e9rez es el redactor en jefe de Diario 21. Con m\u00e1s de 10 a\u00f1os de experiencia en el periodismo, se especializa en pol\u00edtica nacional y an\u00e1lisis socioecon\u00f3mico. Su enfoque cr\u00edtico y riguroso aporta una perspectiva \u00fanica a cada art\u00edculo.","sameAs":["https:\/\/www.diario21.tv\/noticias\/"],"url":"https:\/\/www.diario21.tv\/noticias\/author\/juan-perez\/"}]}},"_links":{"self":[{"href":"https:\/\/www.diario21.tv\/noticias\/wp-json\/wp\/v2\/posts\/5337"}],"collection":[{"href":"https:\/\/www.diario21.tv\/noticias\/wp-json\/wp\/v2\/posts"}],"about":[{"href":"https:\/\/www.diario21.tv\/noticias\/wp-json\/wp\/v2\/types\/post"}],"author":[{"embeddable":true,"href":"https:\/\/www.diario21.tv\/noticias\/wp-json\/wp\/v2\/users\/20"}],"replies":[{"embeddable":true,"href":"https:\/\/www.diario21.tv\/noticias\/wp-json\/wp\/v2\/comments?post=5337"}],"version-history":[{"count":1,"href":"https:\/\/www.diario21.tv\/noticias\/wp-json\/wp\/v2\/posts\/5337\/revisions"}],"predecessor-version":[{"id":5339,"href":"https:\/\/www.diario21.tv\/noticias\/wp-json\/wp\/v2\/posts\/5337\/revisions\/5339"}],"wp:featuredmedia":[{"embeddable":true,"href":"https:\/\/www.diario21.tv\/noticias\/wp-json\/wp\/v2\/media\/5338"}],"wp:attachment":[{"href":"https:\/\/www.diario21.tv\/noticias\/wp-json\/wp\/v2\/media?parent=5337"}],"wp:term":[{"taxonomy":"category","embeddable":true,"href":"https:\/\/www.diario21.tv\/noticias\/wp-json\/wp\/v2\/categories?post=5337"},{"taxonomy":"post_tag","embeddable":true,"href":"https:\/\/www.diario21.tv\/noticias\/wp-json\/wp\/v2\/tags?post=5337"}],"curies":[{"name":"wp","href":"https:\/\/api.w.org\/{rel}","templated":true}]}}