{"id":5334,"date":"2025-11-27T13:19:21","date_gmt":"2025-11-27T13:19:21","guid":{"rendered":"https:\/\/www.diario21.tv\/noticias\/escandalo-en-alzira-interrogan-a-especialista-tras-muerte-de-nina-anestesiada\/"},"modified":"2025-11-27T13:19:22","modified_gmt":"2025-11-27T13:19:22","slug":"escandalo-en-alzira-interrogan-a-especialista-tras-muerte-de-nina-anestesiada","status":"publish","type":"post","link":"https:\/\/www.diario21.tv\/noticias\/escandalo-en-alzira-interrogan-a-especialista-tras-muerte-de-nina-anestesiada\/","title":{"rendered":"\u00a1Esc\u00e1ndalo en Alzira! Interrogan a especialista tras muerte de ni\u00f1a anestesiada"},"content":{"rendered":"<h2>La Polic\u00eda Interroga al Anestesista Vinculado al Caso de la Menor Fallecida en Alzira<\/h2>\n<p>El caso de la tr\u00e1gica muerte de una ni\u00f1a en Alzira ha tomado un nuevo giro, ya que las autoridades han decidido interrogar al m\u00e9dico anestesista que particip\u00f3 en el procedimiento m\u00e9dico que precedi\u00f3 al deceso de la menor. Este paso se considera crucial para esclarecer las circunstancias exactas que rodearon el lamentable incidente.<\/p>\n<h3>Detalles del Procedimiento M\u00e9dico<\/h3>\n<p>La ni\u00f1a, cuya identidad no ha sido divulgada por razones legales, estaba recibiendo tratamiento en un conocido centro m\u00e9dico de Alzira. Seg\u00fan fuentes cercanas al caso, el procedimiento que se llev\u00f3 a cabo era de naturaleza rutinaria, pero desafortunadamente, result\u00f3 en complicaciones que llevaron a su fallecimiento.<\/p>\n<p>El anestesista, con a\u00f1os de experiencia en su campo, est\u00e1 ahora bajo la lupa de las autoridades, que buscan entender si hubo alg\u00fan error o negligencia involucrada en la administraci\u00f3n de la anestesia u otros aspectos del cuidado m\u00e9dico proporcionado.<\/p>\n<h3>Investigaci\u00f3n en Curso<\/h3>\n<p>La polic\u00eda, junto con otros expertos en medicina, est\u00e1 revisando detalladamente el historial m\u00e9dico de la ni\u00f1a, as\u00ed como los protocolos seguidos durante el tratamiento. El objetivo es determinar si la muerte pudo haber sido evitada y si hay responsabilidades m\u00e9dicas que atribuir.<\/p>\n<p>Este caso ha generado una considerable atenci\u00f3n p\u00fablica y debate sobre las pr\u00e1cticas en el \u00e1mbito de la anestesiolog\u00eda y la seguridad del paciente en procedimientos m\u00e9dicos generales. La comunidad de Alzira y sus alrededores est\u00e1 especialmente conmovida, esperando respuestas claras y justicia para la joven v\u00edctima.<\/p>\n<h3>Respuesta de la Comunidad M\u00e9dica y Legal<\/h3>\n<p>Mientras la investigaci\u00f3n sigue su curso, la comunidad m\u00e9dica ha reaccionado con cautela. Se han iniciado revisiones de procedimientos en varios hospitales y cl\u00ednicas para asegurar que este tipo de incidentes no se repitan. Adem\u00e1s, los expertos en derecho est\u00e1n examinando las implicaciones legales del caso, que podr\u00eda llevar a cambios en las regulaciones m\u00e9dicas y legales.<\/p>\n<p>El anestesista, mientras tanto, ha sido suspendido temporalmente de sus funciones profesionales, a la espera de los resultados de la investigaci\u00f3n. Su cooperaci\u00f3n con las autoridades ser\u00e1 fundamental para esclarecer los hechos y determinar su futuro profesional.<\/p>\n<p>Este caso sigue siendo un punto de enfoque tanto para los medios de comunicaci\u00f3n como para las entidades de salud p\u00fablica, evidenciando la necesidad de una vigilancia constante y mejora continua en los cuidados m\u00e9dicos que se proporcionan a todos los ciudadanos.<\/p>\n\n\n<div class=\"kk-star-ratings kksr-auto kksr-align-left kksr-valign-bottom\"\n    data-payload='{&quot;align&quot;:&quot;left&quot;,&quot;id&quot;:&quot;5334&quot;,&quot;slug&quot;:&quot;default&quot;,&quot;valign&quot;:&quot;bottom&quot;,&quot;ignore&quot;:&quot;&quot;,&quot;reference&quot;:&quot;auto&quot;,&quot;class&quot;:&quot;&quot;,&quot;count&quot;:&quot;0&quot;,&quot;legendonly&quot;:&quot;&quot;,&quot;readonly&quot;:&quot;&quot;,&quot;score&quot;:&quot;0&quot;,&quot;starsonly&quot;:&quot;&quot;,&quot;best&quot;:&quot;5&quot;,&quot;gap&quot;:&quot;5&quot;,&quot;greet&quot;:&quot;Valora este post&quot;,&quot;legend&quot;:&quot;0\\\/5 - (0 votes)&quot;,&quot;size&quot;:&quot;22&quot;,&quot;title&quot;:&quot;\u00a1Esc\u00e1ndalo en Alzira! Interrogan a especialista tras muerte de ni\u00f1a anestesiada&quot;,&quot;width&quot;:&quot;0&quot;,&quot;_legend&quot;:&quot;{score}\\\/{best} - ({count} {votes})&quot;,&quot;font_factor&quot;:&quot;1.25&quot;}'>\n            \n<div class=\"kksr-stars\">\n    \n<div class=\"kksr-stars-inactive\">\n            <div class=\"kksr-star\" data-star=\"1\" style=\"padding-right: 5px\">\n            \n\n<div class=\"kksr-icon\" style=\"width: 22px; height: 22px;\"><\/div>\n        <\/div>\n            <div class=\"kksr-star\" data-star=\"2\" style=\"padding-right: 5px\">\n            \n\n<div class=\"kksr-icon\" style=\"width: 22px; height: 22px;\"><\/div>\n        <\/div>\n            <div class=\"kksr-star\" data-star=\"3\" style=\"padding-right: 5px\">\n            \n\n<div class=\"kksr-icon\" style=\"width: 22px; height: 22px;\"><\/div>\n        <\/div>\n            <div class=\"kksr-star\" data-star=\"4\" style=\"padding-right: 5px\">\n            \n\n<div class=\"kksr-icon\" style=\"width: 22px; height: 22px;\"><\/div>\n        <\/div>\n            <div class=\"kksr-star\" data-star=\"5\" style=\"padding-right: 5px\">\n            \n\n<div class=\"kksr-icon\" style=\"width: 22px; height: 22px;\"><\/div>\n        <\/div>\n    <\/div>\n    \n<div class=\"kksr-stars-active\" style=\"width: 0px;\">\n            <div class=\"kksr-star\" style=\"padding-right: 5px\">\n            \n\n<div class=\"kksr-icon\" style=\"width: 22px; height: 22px;\"><\/div>\n        <\/div>\n            <div class=\"kksr-star\" style=\"padding-right: 5px\">\n            \n\n<div class=\"kksr-icon\" style=\"width: 22px; height: 22px;\"><\/div>\n        <\/div>\n            <div class=\"kksr-star\" style=\"padding-right: 5px\">\n            \n\n<div class=\"kksr-icon\" style=\"width: 22px; height: 22px;\"><\/div>\n        <\/div>\n            <div class=\"kksr-star\" style=\"padding-right: 5px\">\n            \n\n<div class=\"kksr-icon\" style=\"width: 22px; height: 22px;\"><\/div>\n        <\/div>\n            <div class=\"kksr-star\" style=\"padding-right: 5px\">\n            \n\n<div class=\"kksr-icon\" style=\"width: 22px; height: 22px;\"><\/div>\n        <\/div>\n    <\/div>\n<\/div>\n                \n\n<div class=\"kksr-legend\" style=\"font-size: 17.6px;\">\n            <span class=\"kksr-muted\">Valora este post<\/span>\n    <\/div>\n    <\/div>\n","protected":false},"excerpt":{"rendered":"<p>La Polic\u00eda Interroga al Anestesista Vinculado al Caso de la Menor Fallecida en Alzira El caso de la tr\u00e1gica muerte de una ni\u00f1a en Alzira ha &#8230; <a title=\"\u00a1Esc\u00e1ndalo en Alzira! Interrogan a especialista tras muerte de ni\u00f1a anestesiada\" class=\"read-more\" href=\"https:\/\/www.diario21.tv\/noticias\/escandalo-en-alzira-interrogan-a-especialista-tras-muerte-de-nina-anestesiada\/\" aria-label=\"Leer m\u00e1s sobre \u00a1Esc\u00e1ndalo en Alzira! Interrogan a especialista tras muerte de ni\u00f1a anestesiada\">Seguir leyendo &rarr;<\/a><\/p>\n","protected":false},"author":20,"featured_media":5335,"comment_status":"open","ping_status":"open","sticky":false,"template":"","format":"standard","meta":{"footnotes":""},"categories":[13],"tags":[],"class_list":["post-5334","post","type-post","status-publish","format-standard","has-post-thumbnail","hentry","category-portada"],"yoast_head":"<!-- This site is optimized with the Yoast SEO plugin v25.6 - https:\/\/yoast.com\/wordpress\/plugins\/seo\/ -->\n<title>\u00a1Esc\u00e1ndalo en Alzira! Interrogan a especialista tras muerte de ni\u00f1a anestesiada - Diario 21<\/title>\n<meta name=\"robots\" content=\"index, follow, max-snippet:-1, max-image-preview:large, max-video-preview:-1\" \/>\n<link rel=\"canonical\" href=\"https:\/\/www.diario21.tv\/noticias\/escandalo-en-alzira-interrogan-a-especialista-tras-muerte-de-nina-anestesiada\/\" \/>\n<meta property=\"og:locale\" content=\"es_ES\" \/>\n<meta property=\"og:type\" content=\"article\" \/>\n<meta property=\"og:title\" content=\"\u00a1Esc\u00e1ndalo en Alzira! Interrogan a especialista tras muerte de ni\u00f1a anestesiada - Diario 21\" \/>\n<meta property=\"og:description\" content=\"La Polic\u00eda Interroga al Anestesista Vinculado al Caso de la Menor Fallecida en Alzira El caso de la tr\u00e1gica muerte de una ni\u00f1a en Alzira ha ... Seguir leyendo &rarr;\" \/>\n<meta property=\"og:url\" content=\"https:\/\/www.diario21.tv\/noticias\/escandalo-en-alzira-interrogan-a-especialista-tras-muerte-de-nina-anestesiada\/\" \/>\n<meta property=\"og:site_name\" content=\"Diario 21\" \/>\n<meta property=\"article:published_time\" content=\"2025-11-27T13:19:21+00:00\" \/>\n<meta property=\"article:modified_time\" content=\"2025-11-27T13:19:22+00:00\" \/>\n<meta property=\"og:image\" content=\"https:\/\/www.diario21.tv\/noticias\/wp-content\/uploads\/2025\/11\/\u00a1Escandalo-en-Alzira-Interrogan-a-especialista-tras-muerte-de-nina.jpg\" \/>\n\t<meta property=\"og:image:width\" content=\"1200\" \/>\n\t<meta property=\"og:image:height\" content=\"840\" \/>\n\t<meta property=\"og:image:type\" content=\"image\/jpeg\" \/>\n<meta name=\"author\" content=\"Juan P\u00e9rez\" \/>\n<meta name=\"twitter:card\" content=\"summary_large_image\" \/>\n<meta name=\"twitter:label1\" content=\"Escrito por\" \/>\n\t<meta name=\"twitter:data1\" content=\"Juan P\u00e9rez\" \/>\n\t<meta name=\"twitter:label2\" content=\"Tiempo de lectura\" \/>\n\t<meta name=\"twitter:data2\" content=\"2 minutos\" \/>\n<script type=\"application\/ld+json\" class=\"yoast-schema-graph\">{\"@context\":\"https:\/\/schema.org\",\"@graph\":[{\"@type\":\"WebPage\",\"@id\":\"https:\/\/www.diario21.tv\/noticias\/escandalo-en-alzira-interrogan-a-especialista-tras-muerte-de-nina-anestesiada\/\",\"url\":\"https:\/\/www.diario21.tv\/noticias\/escandalo-en-alzira-interrogan-a-especialista-tras-muerte-de-nina-anestesiada\/\",\"name\":\"\u00a1Esc\u00e1ndalo en Alzira! Interrogan a especialista tras muerte de ni\u00f1a anestesiada - Diario 21\",\"isPartOf\":{\"@id\":\"https:\/\/www.diario21.tv\/noticias\/#website\"},\"primaryImageOfPage\":{\"@id\":\"https:\/\/www.diario21.tv\/noticias\/escandalo-en-alzira-interrogan-a-especialista-tras-muerte-de-nina-anestesiada\/#primaryimage\"},\"image\":{\"@id\":\"https:\/\/www.diario21.tv\/noticias\/escandalo-en-alzira-interrogan-a-especialista-tras-muerte-de-nina-anestesiada\/#primaryimage\"},\"thumbnailUrl\":\"https:\/\/www.diario21.tv\/noticias\/wp-content\/uploads\/2025\/11\/\u00a1Escandalo-en-Alzira-Interrogan-a-especialista-tras-muerte-de-nina.jpg\",\"datePublished\":\"2025-11-27T13:19:21+00:00\",\"dateModified\":\"2025-11-27T13:19:22+00:00\",\"author\":{\"@id\":\"https:\/\/www.diario21.tv\/noticias\/#\/schema\/person\/dfb778f73814d8f09f302618446a526b\"},\"breadcrumb\":{\"@id\":\"https:\/\/www.diario21.tv\/noticias\/escandalo-en-alzira-interrogan-a-especialista-tras-muerte-de-nina-anestesiada\/#breadcrumb\"},\"inLanguage\":\"es-AR\",\"potentialAction\":[{\"@type\":\"ReadAction\",\"target\":[\"https:\/\/www.diario21.tv\/noticias\/escandalo-en-alzira-interrogan-a-especialista-tras-muerte-de-nina-anestesiada\/\"]}]},{\"@type\":\"ImageObject\",\"inLanguage\":\"es-AR\",\"@id\":\"https:\/\/www.diario21.tv\/noticias\/escandalo-en-alzira-interrogan-a-especialista-tras-muerte-de-nina-anestesiada\/#primaryimage\",\"url\":\"https:\/\/www.diario21.tv\/noticias\/wp-content\/uploads\/2025\/11\/\u00a1Escandalo-en-Alzira-Interrogan-a-especialista-tras-muerte-de-nina.jpg\",\"contentUrl\":\"https:\/\/www.diario21.tv\/noticias\/wp-content\/uploads\/2025\/11\/\u00a1Escandalo-en-Alzira-Interrogan-a-especialista-tras-muerte-de-nina.jpg\",\"width\":1200,\"height\":840,\"caption\":\"La Polic\u00eda interroga al especialista que anestesi\u00f3 a la ni\u00f1a fallecida en Alzira\"},{\"@type\":\"BreadcrumbList\",\"@id\":\"https:\/\/www.diario21.tv\/noticias\/escandalo-en-alzira-interrogan-a-especialista-tras-muerte-de-nina-anestesiada\/#breadcrumb\",\"itemListElement\":[{\"@type\":\"ListItem\",\"position\":1,\"name\":\"Accueil\",\"item\":\"https:\/\/www.diario21.tv\/noticias\/\"},{\"@type\":\"ListItem\",\"position\":2,\"name\":\"\u00a1Esc\u00e1ndalo en Alzira! Interrogan a especialista tras muerte de ni\u00f1a anestesiada\"}]},{\"@type\":\"WebSite\",\"@id\":\"https:\/\/www.diario21.tv\/noticias\/#website\",\"url\":\"https:\/\/www.diario21.tv\/noticias\/\",\"name\":\"Diario 21\",\"description\":\"\",\"potentialAction\":[{\"@type\":\"SearchAction\",\"target\":{\"@type\":\"EntryPoint\",\"urlTemplate\":\"https:\/\/www.diario21.tv\/noticias\/?s={search_term_string}\"},\"query-input\":{\"@type\":\"PropertyValueSpecification\",\"valueRequired\":true,\"valueName\":\"search_term_string\"}}],\"inLanguage\":\"es-AR\"},{\"@type\":\"Person\",\"@id\":\"https:\/\/www.diario21.tv\/noticias\/#\/schema\/person\/dfb778f73814d8f09f302618446a526b\",\"name\":\"Juan P\u00e9rez\",\"image\":{\"@type\":\"ImageObject\",\"inLanguage\":\"es-AR\",\"@id\":\"https:\/\/www.diario21.tv\/noticias\/#\/schema\/person\/image\/\",\"url\":\"https:\/\/secure.gravatar.com\/avatar\/c478a405bd10621167f4c3167cc770f5?s=96&d=mm&r=g\",\"contentUrl\":\"https:\/\/secure.gravatar.com\/avatar\/c478a405bd10621167f4c3167cc770f5?s=96&d=mm&r=g\",\"caption\":\"Juan P\u00e9rez\"},\"description\":\"Juan P\u00e9rez es el redactor en jefe de Diario 21. Con m\u00e1s de 10 a\u00f1os de experiencia en el periodismo, se especializa en pol\u00edtica nacional y an\u00e1lisis socioecon\u00f3mico. Su enfoque cr\u00edtico y riguroso aporta una perspectiva \u00fanica a cada art\u00edculo.\",\"sameAs\":[\"https:\/\/www.diario21.tv\/noticias\/\"],\"url\":\"https:\/\/www.diario21.tv\/noticias\/author\/juan-perez\/\"}]}<\/script>\n<!-- \/ Yoast SEO plugin. -->","yoast_head_json":{"title":"\u00a1Esc\u00e1ndalo en Alzira! Interrogan a especialista tras muerte de ni\u00f1a anestesiada - Diario 21","robots":{"index":"index","follow":"follow","max-snippet":"max-snippet:-1","max-image-preview":"max-image-preview:large","max-video-preview":"max-video-preview:-1"},"canonical":"https:\/\/www.diario21.tv\/noticias\/escandalo-en-alzira-interrogan-a-especialista-tras-muerte-de-nina-anestesiada\/","og_locale":"es_ES","og_type":"article","og_title":"\u00a1Esc\u00e1ndalo en Alzira! Interrogan a especialista tras muerte de ni\u00f1a anestesiada - Diario 21","og_description":"La Polic\u00eda Interroga al Anestesista Vinculado al Caso de la Menor Fallecida en Alzira El caso de la tr\u00e1gica muerte de una ni\u00f1a en Alzira ha ... Seguir leyendo &rarr;","og_url":"https:\/\/www.diario21.tv\/noticias\/escandalo-en-alzira-interrogan-a-especialista-tras-muerte-de-nina-anestesiada\/","og_site_name":"Diario 21","article_published_time":"2025-11-27T13:19:21+00:00","article_modified_time":"2025-11-27T13:19:22+00:00","og_image":[{"width":1200,"height":840,"url":"https:\/\/www.diario21.tv\/noticias\/wp-content\/uploads\/2025\/11\/\u00a1Escandalo-en-Alzira-Interrogan-a-especialista-tras-muerte-de-nina.jpg","type":"image\/jpeg"}],"author":"Juan P\u00e9rez","twitter_card":"summary_large_image","twitter_misc":{"Escrito por":"Juan P\u00e9rez","Tiempo de lectura":"2 minutos"},"schema":{"@context":"https:\/\/schema.org","@graph":[{"@type":"WebPage","@id":"https:\/\/www.diario21.tv\/noticias\/escandalo-en-alzira-interrogan-a-especialista-tras-muerte-de-nina-anestesiada\/","url":"https:\/\/www.diario21.tv\/noticias\/escandalo-en-alzira-interrogan-a-especialista-tras-muerte-de-nina-anestesiada\/","name":"\u00a1Esc\u00e1ndalo en Alzira! Interrogan a especialista tras muerte de ni\u00f1a anestesiada - Diario 21","isPartOf":{"@id":"https:\/\/www.diario21.tv\/noticias\/#website"},"primaryImageOfPage":{"@id":"https:\/\/www.diario21.tv\/noticias\/escandalo-en-alzira-interrogan-a-especialista-tras-muerte-de-nina-anestesiada\/#primaryimage"},"image":{"@id":"https:\/\/www.diario21.tv\/noticias\/escandalo-en-alzira-interrogan-a-especialista-tras-muerte-de-nina-anestesiada\/#primaryimage"},"thumbnailUrl":"https:\/\/www.diario21.tv\/noticias\/wp-content\/uploads\/2025\/11\/\u00a1Escandalo-en-Alzira-Interrogan-a-especialista-tras-muerte-de-nina.jpg","datePublished":"2025-11-27T13:19:21+00:00","dateModified":"2025-11-27T13:19:22+00:00","author":{"@id":"https:\/\/www.diario21.tv\/noticias\/#\/schema\/person\/dfb778f73814d8f09f302618446a526b"},"breadcrumb":{"@id":"https:\/\/www.diario21.tv\/noticias\/escandalo-en-alzira-interrogan-a-especialista-tras-muerte-de-nina-anestesiada\/#breadcrumb"},"inLanguage":"es-AR","potentialAction":[{"@type":"ReadAction","target":["https:\/\/www.diario21.tv\/noticias\/escandalo-en-alzira-interrogan-a-especialista-tras-muerte-de-nina-anestesiada\/"]}]},{"@type":"ImageObject","inLanguage":"es-AR","@id":"https:\/\/www.diario21.tv\/noticias\/escandalo-en-alzira-interrogan-a-especialista-tras-muerte-de-nina-anestesiada\/#primaryimage","url":"https:\/\/www.diario21.tv\/noticias\/wp-content\/uploads\/2025\/11\/\u00a1Escandalo-en-Alzira-Interrogan-a-especialista-tras-muerte-de-nina.jpg","contentUrl":"https:\/\/www.diario21.tv\/noticias\/wp-content\/uploads\/2025\/11\/\u00a1Escandalo-en-Alzira-Interrogan-a-especialista-tras-muerte-de-nina.jpg","width":1200,"height":840,"caption":"La Polic\u00eda interroga al especialista que anestesi\u00f3 a la ni\u00f1a fallecida en Alzira"},{"@type":"BreadcrumbList","@id":"https:\/\/www.diario21.tv\/noticias\/escandalo-en-alzira-interrogan-a-especialista-tras-muerte-de-nina-anestesiada\/#breadcrumb","itemListElement":[{"@type":"ListItem","position":1,"name":"Accueil","item":"https:\/\/www.diario21.tv\/noticias\/"},{"@type":"ListItem","position":2,"name":"\u00a1Esc\u00e1ndalo en Alzira! Interrogan a especialista tras muerte de ni\u00f1a anestesiada"}]},{"@type":"WebSite","@id":"https:\/\/www.diario21.tv\/noticias\/#website","url":"https:\/\/www.diario21.tv\/noticias\/","name":"Diario 21","description":"","potentialAction":[{"@type":"SearchAction","target":{"@type":"EntryPoint","urlTemplate":"https:\/\/www.diario21.tv\/noticias\/?s={search_term_string}"},"query-input":{"@type":"PropertyValueSpecification","valueRequired":true,"valueName":"search_term_string"}}],"inLanguage":"es-AR"},{"@type":"Person","@id":"https:\/\/www.diario21.tv\/noticias\/#\/schema\/person\/dfb778f73814d8f09f302618446a526b","name":"Juan P\u00e9rez","image":{"@type":"ImageObject","inLanguage":"es-AR","@id":"https:\/\/www.diario21.tv\/noticias\/#\/schema\/person\/image\/","url":"https:\/\/secure.gravatar.com\/avatar\/c478a405bd10621167f4c3167cc770f5?s=96&d=mm&r=g","contentUrl":"https:\/\/secure.gravatar.com\/avatar\/c478a405bd10621167f4c3167cc770f5?s=96&d=mm&r=g","caption":"Juan P\u00e9rez"},"description":"Juan P\u00e9rez es el redactor en jefe de Diario 21. Con m\u00e1s de 10 a\u00f1os de experiencia en el periodismo, se especializa en pol\u00edtica nacional y an\u00e1lisis socioecon\u00f3mico. Su enfoque cr\u00edtico y riguroso aporta una perspectiva \u00fanica a cada art\u00edculo.","sameAs":["https:\/\/www.diario21.tv\/noticias\/"],"url":"https:\/\/www.diario21.tv\/noticias\/author\/juan-perez\/"}]}},"_links":{"self":[{"href":"https:\/\/www.diario21.tv\/noticias\/wp-json\/wp\/v2\/posts\/5334"}],"collection":[{"href":"https:\/\/www.diario21.tv\/noticias\/wp-json\/wp\/v2\/posts"}],"about":[{"href":"https:\/\/www.diario21.tv\/noticias\/wp-json\/wp\/v2\/types\/post"}],"author":[{"embeddable":true,"href":"https:\/\/www.diario21.tv\/noticias\/wp-json\/wp\/v2\/users\/20"}],"replies":[{"embeddable":true,"href":"https:\/\/www.diario21.tv\/noticias\/wp-json\/wp\/v2\/comments?post=5334"}],"version-history":[{"count":1,"href":"https:\/\/www.diario21.tv\/noticias\/wp-json\/wp\/v2\/posts\/5334\/revisions"}],"predecessor-version":[{"id":5336,"href":"https:\/\/www.diario21.tv\/noticias\/wp-json\/wp\/v2\/posts\/5334\/revisions\/5336"}],"wp:featuredmedia":[{"embeddable":true,"href":"https:\/\/www.diario21.tv\/noticias\/wp-json\/wp\/v2\/media\/5335"}],"wp:attachment":[{"href":"https:\/\/www.diario21.tv\/noticias\/wp-json\/wp\/v2\/media?parent=5334"}],"wp:term":[{"taxonomy":"category","embeddable":true,"href":"https:\/\/www.diario21.tv\/noticias\/wp-json\/wp\/v2\/categories?post=5334"},{"taxonomy":"post_tag","embeddable":true,"href":"https:\/\/www.diario21.tv\/noticias\/wp-json\/wp\/v2\/tags?post=5334"}],"curies":[{"name":"wp","href":"https:\/\/api.w.org\/{rel}","templated":true}]}}