{"id":5331,"date":"2025-11-27T07:17:31","date_gmt":"2025-11-27T07:17:31","guid":{"rendered":"https:\/\/www.diario21.tv\/noticias\/impactante-intentan-vender-un-bebe-por-3-000-euros-en-malaga-a-pareja-infertil\/"},"modified":"2025-11-27T07:17:33","modified_gmt":"2025-11-27T07:17:33","slug":"impactante-intentan-vender-un-bebe-por-3-000-euros-en-malaga-a-pareja-infertil","status":"publish","type":"post","link":"https:\/\/www.diario21.tv\/noticias\/impactante-intentan-vender-un-bebe-por-3-000-euros-en-malaga-a-pareja-infertil\/","title":{"rendered":"\u00a1Impactante! Intentan vender un beb\u00e9 por 3.000 euros en M\u00e1laga a pareja inf\u00e9rtil"},"content":{"rendered":"<h2>Intervenci\u00f3n en M\u00e1laga para evitar la transacci\u00f3n de un beb\u00e9<\/h2>\n<p>En un suceso alarmante en M\u00e1laga, las autoridades lograron prevenir la venta de un reci\u00e9n nacido por un monto de 3.000 euros. Una pareja que enfrentaba dificultades para concebir hab\u00eda acordado comprar al beb\u00e9, lo que desencaden\u00f3 una operaci\u00f3n policial para detener el acto ilegal antes de que se concretara.<\/p>\n<h3>Detalles de la Operaci\u00f3n<\/h3>\n<p>El caso sali\u00f3 a la luz cuando la polic\u00eda recibi\u00f3 informaci\u00f3n confidencial sobre un plan para vender a un beb\u00e9. La transacci\u00f3n estaba siendo organizada por una mujer, quien hab\u00eda dado a luz recientemente y hab\u00eda decidido vender a su hijo por razones econ\u00f3micas. La pareja compradora, luchando con problemas de fertilidad durante a\u00f1os, vio en esta compra ilegal una manera desesperada de cumplir su sue\u00f1o de tener un hijo.<\/p>\n<h3>La captura y las consecuencias legales<\/h3>\n<p>Las fuerzas del orden actuaron r\u00e1pidamente para evitar que se completara la venta del beb\u00e9. La madre y la pareja interesada en comprar al ni\u00f1o fueron detenidos y enfrentan cargos por tr\u00e1fico de menores. La legislaci\u00f3n espa\u00f1ola es muy clara y estricta en cuanto a la venta de seres humanos, clasificando tales actos bajo delitos graves que pueden llevar a penas de prisi\u00f3n sustanciales.<\/p>\n<h3>Protecci\u00f3n al menor<\/h3>\n<p>El beb\u00e9 fue puesto bajo la custodia de servicios sociales, donde se asegurar\u00e1 de que reciba los cuidados adecuados y se le busque un hogar seguro y amoroso. Este tipo de intervenciones subraya la importancia de las redes de protecci\u00f3n infantil y la vigilancia continua para prevenir el tr\u00e1fico de menores.<\/p>\n<h3>Reacciones de la comunidad y medidas preventivas<\/h3>\n<p>La comunidad de M\u00e1laga ha reaccionado con shock y disgusto ante la noticia de este intento de venta de un beb\u00e9. Ha habido un llamado generalizado a fortalecer las medidas de prevenci\u00f3n y a aumentar la conciencia sobre la gravedad del tr\u00e1fico de menores. Las autoridades han prometido incrementar los esfuerzos para monitorear este tipo de actividades ilegales y asegurar que los ni\u00f1os en la regi\u00f3n est\u00e9n protegidos de cualquier forma de explotaci\u00f3n.<\/p>\n<p>Este incidente sirve como un recordatorio sombr\u00edo de los desaf\u00edos que enfrenta la sociedad en la protecci\u00f3n de los derechos de los ni\u00f1os y la necesidad de mantener una vigilancia constante para combatir el comercio ilegal de menores.<\/p>\n\n\n<div class=\"kk-star-ratings kksr-auto kksr-align-left kksr-valign-bottom\"\n    data-payload='{&quot;align&quot;:&quot;left&quot;,&quot;id&quot;:&quot;5331&quot;,&quot;slug&quot;:&quot;default&quot;,&quot;valign&quot;:&quot;bottom&quot;,&quot;ignore&quot;:&quot;&quot;,&quot;reference&quot;:&quot;auto&quot;,&quot;class&quot;:&quot;&quot;,&quot;count&quot;:&quot;0&quot;,&quot;legendonly&quot;:&quot;&quot;,&quot;readonly&quot;:&quot;&quot;,&quot;score&quot;:&quot;0&quot;,&quot;starsonly&quot;:&quot;&quot;,&quot;best&quot;:&quot;5&quot;,&quot;gap&quot;:&quot;5&quot;,&quot;greet&quot;:&quot;Valora este post&quot;,&quot;legend&quot;:&quot;0\\\/5 - (0 votes)&quot;,&quot;size&quot;:&quot;22&quot;,&quot;title&quot;:&quot;\u00a1Impactante! Intentan vender un beb\u00e9 por 3.000 euros en M\u00e1laga a pareja inf\u00e9rtil&quot;,&quot;width&quot;:&quot;0&quot;,&quot;_legend&quot;:&quot;{score}\\\/{best} - ({count} {votes})&quot;,&quot;font_factor&quot;:&quot;1.25&quot;}'>\n            \n<div class=\"kksr-stars\">\n    \n<div class=\"kksr-stars-inactive\">\n            <div class=\"kksr-star\" data-star=\"1\" style=\"padding-right: 5px\">\n            \n\n<div class=\"kksr-icon\" style=\"width: 22px; height: 22px;\"><\/div>\n        <\/div>\n            <div class=\"kksr-star\" data-star=\"2\" style=\"padding-right: 5px\">\n            \n\n<div class=\"kksr-icon\" style=\"width: 22px; height: 22px;\"><\/div>\n        <\/div>\n            <div class=\"kksr-star\" data-star=\"3\" style=\"padding-right: 5px\">\n            \n\n<div class=\"kksr-icon\" style=\"width: 22px; height: 22px;\"><\/div>\n        <\/div>\n            <div class=\"kksr-star\" data-star=\"4\" style=\"padding-right: 5px\">\n            \n\n<div class=\"kksr-icon\" style=\"width: 22px; height: 22px;\"><\/div>\n        <\/div>\n            <div class=\"kksr-star\" data-star=\"5\" style=\"padding-right: 5px\">\n            \n\n<div class=\"kksr-icon\" style=\"width: 22px; height: 22px;\"><\/div>\n        <\/div>\n    <\/div>\n    \n<div class=\"kksr-stars-active\" style=\"width: 0px;\">\n            <div class=\"kksr-star\" style=\"padding-right: 5px\">\n            \n\n<div class=\"kksr-icon\" style=\"width: 22px; height: 22px;\"><\/div>\n        <\/div>\n            <div class=\"kksr-star\" style=\"padding-right: 5px\">\n            \n\n<div class=\"kksr-icon\" style=\"width: 22px; height: 22px;\"><\/div>\n        <\/div>\n            <div class=\"kksr-star\" style=\"padding-right: 5px\">\n            \n\n<div class=\"kksr-icon\" style=\"width: 22px; height: 22px;\"><\/div>\n        <\/div>\n            <div class=\"kksr-star\" style=\"padding-right: 5px\">\n            \n\n<div class=\"kksr-icon\" style=\"width: 22px; height: 22px;\"><\/div>\n        <\/div>\n            <div class=\"kksr-star\" style=\"padding-right: 5px\">\n            \n\n<div class=\"kksr-icon\" style=\"width: 22px; height: 22px;\"><\/div>\n        <\/div>\n    <\/div>\n<\/div>\n                \n\n<div class=\"kksr-legend\" style=\"font-size: 17.6px;\">\n            <span class=\"kksr-muted\">Valora este post<\/span>\n    <\/div>\n    <\/div>\n","protected":false},"excerpt":{"rendered":"<p>Intervenci\u00f3n en M\u00e1laga para evitar la transacci\u00f3n de un beb\u00e9 En un suceso alarmante en M\u00e1laga, las autoridades lograron prevenir la venta de un reci\u00e9n nacido &#8230; <a title=\"\u00a1Impactante! Intentan vender un beb\u00e9 por 3.000 euros en M\u00e1laga a pareja inf\u00e9rtil\" class=\"read-more\" href=\"https:\/\/www.diario21.tv\/noticias\/impactante-intentan-vender-un-bebe-por-3-000-euros-en-malaga-a-pareja-infertil\/\" aria-label=\"Leer m\u00e1s sobre \u00a1Impactante! Intentan vender un beb\u00e9 por 3.000 euros en M\u00e1laga a pareja inf\u00e9rtil\">Seguir leyendo &rarr;<\/a><\/p>\n","protected":false},"author":20,"featured_media":5332,"comment_status":"open","ping_status":"open","sticky":false,"template":"","format":"standard","meta":{"footnotes":""},"categories":[13],"tags":[],"class_list":["post-5331","post","type-post","status-publish","format-standard","has-post-thumbnail","hentry","category-portada"],"yoast_head":"<!-- This site is optimized with the Yoast SEO plugin v25.6 - https:\/\/yoast.com\/wordpress\/plugins\/seo\/ -->\n<title>\u00a1Impactante! Intentan vender un beb\u00e9 por 3.000 euros en M\u00e1laga a pareja inf\u00e9rtil - Diario 21<\/title>\n<meta name=\"robots\" content=\"index, follow, max-snippet:-1, max-image-preview:large, max-video-preview:-1\" \/>\n<link rel=\"canonical\" href=\"https:\/\/www.diario21.tv\/noticias\/impactante-intentan-vender-un-bebe-por-3-000-euros-en-malaga-a-pareja-infertil\/\" \/>\n<meta property=\"og:locale\" content=\"es_ES\" \/>\n<meta property=\"og:type\" content=\"article\" \/>\n<meta property=\"og:title\" content=\"\u00a1Impactante! Intentan vender un beb\u00e9 por 3.000 euros en M\u00e1laga a pareja inf\u00e9rtil - Diario 21\" \/>\n<meta property=\"og:description\" content=\"Intervenci\u00f3n en M\u00e1laga para evitar la transacci\u00f3n de un beb\u00e9 En un suceso alarmante en M\u00e1laga, las autoridades lograron prevenir la venta de un reci\u00e9n nacido ... Seguir leyendo &rarr;\" \/>\n<meta property=\"og:url\" content=\"https:\/\/www.diario21.tv\/noticias\/impactante-intentan-vender-un-bebe-por-3-000-euros-en-malaga-a-pareja-infertil\/\" \/>\n<meta property=\"og:site_name\" content=\"Diario 21\" \/>\n<meta property=\"article:published_time\" content=\"2025-11-27T07:17:31+00:00\" \/>\n<meta property=\"article:modified_time\" content=\"2025-11-27T07:17:33+00:00\" \/>\n<meta property=\"og:image\" content=\"https:\/\/www.diario21.tv\/noticias\/wp-content\/uploads\/2025\/11\/\u00a1Impactante-Intentan-vender-un-bebe-por-3000-euros-en-Malaga.jpg\" \/>\n\t<meta property=\"og:image:width\" content=\"1200\" \/>\n\t<meta property=\"og:image:height\" content=\"840\" \/>\n\t<meta property=\"og:image:type\" content=\"image\/jpeg\" \/>\n<meta name=\"author\" content=\"Juan P\u00e9rez\" \/>\n<meta name=\"twitter:card\" content=\"summary_large_image\" \/>\n<meta name=\"twitter:label1\" content=\"Escrito por\" \/>\n\t<meta name=\"twitter:data1\" content=\"Juan P\u00e9rez\" \/>\n\t<meta name=\"twitter:label2\" content=\"Tiempo de lectura\" \/>\n\t<meta name=\"twitter:data2\" content=\"2 minutos\" \/>\n<script type=\"application\/ld+json\" class=\"yoast-schema-graph\">{\"@context\":\"https:\/\/schema.org\",\"@graph\":[{\"@type\":\"WebPage\",\"@id\":\"https:\/\/www.diario21.tv\/noticias\/impactante-intentan-vender-un-bebe-por-3-000-euros-en-malaga-a-pareja-infertil\/\",\"url\":\"https:\/\/www.diario21.tv\/noticias\/impactante-intentan-vender-un-bebe-por-3-000-euros-en-malaga-a-pareja-infertil\/\",\"name\":\"\u00a1Impactante! Intentan vender un beb\u00e9 por 3.000 euros en M\u00e1laga a pareja inf\u00e9rtil - Diario 21\",\"isPartOf\":{\"@id\":\"https:\/\/www.diario21.tv\/noticias\/#website\"},\"primaryImageOfPage\":{\"@id\":\"https:\/\/www.diario21.tv\/noticias\/impactante-intentan-vender-un-bebe-por-3-000-euros-en-malaga-a-pareja-infertil\/#primaryimage\"},\"image\":{\"@id\":\"https:\/\/www.diario21.tv\/noticias\/impactante-intentan-vender-un-bebe-por-3-000-euros-en-malaga-a-pareja-infertil\/#primaryimage\"},\"thumbnailUrl\":\"https:\/\/www.diario21.tv\/noticias\/wp-content\/uploads\/2025\/11\/\u00a1Impactante-Intentan-vender-un-bebe-por-3000-euros-en-Malaga.jpg\",\"datePublished\":\"2025-11-27T07:17:31+00:00\",\"dateModified\":\"2025-11-27T07:17:33+00:00\",\"author\":{\"@id\":\"https:\/\/www.diario21.tv\/noticias\/#\/schema\/person\/dfb778f73814d8f09f302618446a526b\"},\"breadcrumb\":{\"@id\":\"https:\/\/www.diario21.tv\/noticias\/impactante-intentan-vender-un-bebe-por-3-000-euros-en-malaga-a-pareja-infertil\/#breadcrumb\"},\"inLanguage\":\"es-AR\",\"potentialAction\":[{\"@type\":\"ReadAction\",\"target\":[\"https:\/\/www.diario21.tv\/noticias\/impactante-intentan-vender-un-bebe-por-3-000-euros-en-malaga-a-pareja-infertil\/\"]}]},{\"@type\":\"ImageObject\",\"inLanguage\":\"es-AR\",\"@id\":\"https:\/\/www.diario21.tv\/noticias\/impactante-intentan-vender-un-bebe-por-3-000-euros-en-malaga-a-pareja-infertil\/#primaryimage\",\"url\":\"https:\/\/www.diario21.tv\/noticias\/wp-content\/uploads\/2025\/11\/\u00a1Impactante-Intentan-vender-un-bebe-por-3000-euros-en-Malaga.jpg\",\"contentUrl\":\"https:\/\/www.diario21.tv\/noticias\/wp-content\/uploads\/2025\/11\/\u00a1Impactante-Intentan-vender-un-bebe-por-3000-euros-en-Malaga.jpg\",\"width\":1200,\"height\":840,\"caption\":\"Impiden la venta en M\u00e1laga de un beb\u00e9 por 3.000 euros a una pareja con problemas de fertilidad\"},{\"@type\":\"BreadcrumbList\",\"@id\":\"https:\/\/www.diario21.tv\/noticias\/impactante-intentan-vender-un-bebe-por-3-000-euros-en-malaga-a-pareja-infertil\/#breadcrumb\",\"itemListElement\":[{\"@type\":\"ListItem\",\"position\":1,\"name\":\"Accueil\",\"item\":\"https:\/\/www.diario21.tv\/noticias\/\"},{\"@type\":\"ListItem\",\"position\":2,\"name\":\"\u00a1Impactante! Intentan vender un beb\u00e9 por 3.000 euros en M\u00e1laga a pareja inf\u00e9rtil\"}]},{\"@type\":\"WebSite\",\"@id\":\"https:\/\/www.diario21.tv\/noticias\/#website\",\"url\":\"https:\/\/www.diario21.tv\/noticias\/\",\"name\":\"Diario 21\",\"description\":\"\",\"potentialAction\":[{\"@type\":\"SearchAction\",\"target\":{\"@type\":\"EntryPoint\",\"urlTemplate\":\"https:\/\/www.diario21.tv\/noticias\/?s={search_term_string}\"},\"query-input\":{\"@type\":\"PropertyValueSpecification\",\"valueRequired\":true,\"valueName\":\"search_term_string\"}}],\"inLanguage\":\"es-AR\"},{\"@type\":\"Person\",\"@id\":\"https:\/\/www.diario21.tv\/noticias\/#\/schema\/person\/dfb778f73814d8f09f302618446a526b\",\"name\":\"Juan P\u00e9rez\",\"image\":{\"@type\":\"ImageObject\",\"inLanguage\":\"es-AR\",\"@id\":\"https:\/\/www.diario21.tv\/noticias\/#\/schema\/person\/image\/\",\"url\":\"https:\/\/secure.gravatar.com\/avatar\/c478a405bd10621167f4c3167cc770f5?s=96&d=mm&r=g\",\"contentUrl\":\"https:\/\/secure.gravatar.com\/avatar\/c478a405bd10621167f4c3167cc770f5?s=96&d=mm&r=g\",\"caption\":\"Juan P\u00e9rez\"},\"description\":\"Juan P\u00e9rez es el redactor en jefe de Diario 21. Con m\u00e1s de 10 a\u00f1os de experiencia en el periodismo, se especializa en pol\u00edtica nacional y an\u00e1lisis socioecon\u00f3mico. Su enfoque cr\u00edtico y riguroso aporta una perspectiva \u00fanica a cada art\u00edculo.\",\"sameAs\":[\"https:\/\/www.diario21.tv\/noticias\/\"],\"url\":\"https:\/\/www.diario21.tv\/noticias\/author\/juan-perez\/\"}]}<\/script>\n<!-- \/ Yoast SEO plugin. -->","yoast_head_json":{"title":"\u00a1Impactante! Intentan vender un beb\u00e9 por 3.000 euros en M\u00e1laga a pareja inf\u00e9rtil - Diario 21","robots":{"index":"index","follow":"follow","max-snippet":"max-snippet:-1","max-image-preview":"max-image-preview:large","max-video-preview":"max-video-preview:-1"},"canonical":"https:\/\/www.diario21.tv\/noticias\/impactante-intentan-vender-un-bebe-por-3-000-euros-en-malaga-a-pareja-infertil\/","og_locale":"es_ES","og_type":"article","og_title":"\u00a1Impactante! Intentan vender un beb\u00e9 por 3.000 euros en M\u00e1laga a pareja inf\u00e9rtil - Diario 21","og_description":"Intervenci\u00f3n en M\u00e1laga para evitar la transacci\u00f3n de un beb\u00e9 En un suceso alarmante en M\u00e1laga, las autoridades lograron prevenir la venta de un reci\u00e9n nacido ... Seguir leyendo &rarr;","og_url":"https:\/\/www.diario21.tv\/noticias\/impactante-intentan-vender-un-bebe-por-3-000-euros-en-malaga-a-pareja-infertil\/","og_site_name":"Diario 21","article_published_time":"2025-11-27T07:17:31+00:00","article_modified_time":"2025-11-27T07:17:33+00:00","og_image":[{"width":1200,"height":840,"url":"https:\/\/www.diario21.tv\/noticias\/wp-content\/uploads\/2025\/11\/\u00a1Impactante-Intentan-vender-un-bebe-por-3000-euros-en-Malaga.jpg","type":"image\/jpeg"}],"author":"Juan P\u00e9rez","twitter_card":"summary_large_image","twitter_misc":{"Escrito por":"Juan P\u00e9rez","Tiempo de lectura":"2 minutos"},"schema":{"@context":"https:\/\/schema.org","@graph":[{"@type":"WebPage","@id":"https:\/\/www.diario21.tv\/noticias\/impactante-intentan-vender-un-bebe-por-3-000-euros-en-malaga-a-pareja-infertil\/","url":"https:\/\/www.diario21.tv\/noticias\/impactante-intentan-vender-un-bebe-por-3-000-euros-en-malaga-a-pareja-infertil\/","name":"\u00a1Impactante! Intentan vender un beb\u00e9 por 3.000 euros en M\u00e1laga a pareja inf\u00e9rtil - Diario 21","isPartOf":{"@id":"https:\/\/www.diario21.tv\/noticias\/#website"},"primaryImageOfPage":{"@id":"https:\/\/www.diario21.tv\/noticias\/impactante-intentan-vender-un-bebe-por-3-000-euros-en-malaga-a-pareja-infertil\/#primaryimage"},"image":{"@id":"https:\/\/www.diario21.tv\/noticias\/impactante-intentan-vender-un-bebe-por-3-000-euros-en-malaga-a-pareja-infertil\/#primaryimage"},"thumbnailUrl":"https:\/\/www.diario21.tv\/noticias\/wp-content\/uploads\/2025\/11\/\u00a1Impactante-Intentan-vender-un-bebe-por-3000-euros-en-Malaga.jpg","datePublished":"2025-11-27T07:17:31+00:00","dateModified":"2025-11-27T07:17:33+00:00","author":{"@id":"https:\/\/www.diario21.tv\/noticias\/#\/schema\/person\/dfb778f73814d8f09f302618446a526b"},"breadcrumb":{"@id":"https:\/\/www.diario21.tv\/noticias\/impactante-intentan-vender-un-bebe-por-3-000-euros-en-malaga-a-pareja-infertil\/#breadcrumb"},"inLanguage":"es-AR","potentialAction":[{"@type":"ReadAction","target":["https:\/\/www.diario21.tv\/noticias\/impactante-intentan-vender-un-bebe-por-3-000-euros-en-malaga-a-pareja-infertil\/"]}]},{"@type":"ImageObject","inLanguage":"es-AR","@id":"https:\/\/www.diario21.tv\/noticias\/impactante-intentan-vender-un-bebe-por-3-000-euros-en-malaga-a-pareja-infertil\/#primaryimage","url":"https:\/\/www.diario21.tv\/noticias\/wp-content\/uploads\/2025\/11\/\u00a1Impactante-Intentan-vender-un-bebe-por-3000-euros-en-Malaga.jpg","contentUrl":"https:\/\/www.diario21.tv\/noticias\/wp-content\/uploads\/2025\/11\/\u00a1Impactante-Intentan-vender-un-bebe-por-3000-euros-en-Malaga.jpg","width":1200,"height":840,"caption":"Impiden la venta en M\u00e1laga de un beb\u00e9 por 3.000 euros a una pareja con problemas de fertilidad"},{"@type":"BreadcrumbList","@id":"https:\/\/www.diario21.tv\/noticias\/impactante-intentan-vender-un-bebe-por-3-000-euros-en-malaga-a-pareja-infertil\/#breadcrumb","itemListElement":[{"@type":"ListItem","position":1,"name":"Accueil","item":"https:\/\/www.diario21.tv\/noticias\/"},{"@type":"ListItem","position":2,"name":"\u00a1Impactante! Intentan vender un beb\u00e9 por 3.000 euros en M\u00e1laga a pareja inf\u00e9rtil"}]},{"@type":"WebSite","@id":"https:\/\/www.diario21.tv\/noticias\/#website","url":"https:\/\/www.diario21.tv\/noticias\/","name":"Diario 21","description":"","potentialAction":[{"@type":"SearchAction","target":{"@type":"EntryPoint","urlTemplate":"https:\/\/www.diario21.tv\/noticias\/?s={search_term_string}"},"query-input":{"@type":"PropertyValueSpecification","valueRequired":true,"valueName":"search_term_string"}}],"inLanguage":"es-AR"},{"@type":"Person","@id":"https:\/\/www.diario21.tv\/noticias\/#\/schema\/person\/dfb778f73814d8f09f302618446a526b","name":"Juan P\u00e9rez","image":{"@type":"ImageObject","inLanguage":"es-AR","@id":"https:\/\/www.diario21.tv\/noticias\/#\/schema\/person\/image\/","url":"https:\/\/secure.gravatar.com\/avatar\/c478a405bd10621167f4c3167cc770f5?s=96&d=mm&r=g","contentUrl":"https:\/\/secure.gravatar.com\/avatar\/c478a405bd10621167f4c3167cc770f5?s=96&d=mm&r=g","caption":"Juan P\u00e9rez"},"description":"Juan P\u00e9rez es el redactor en jefe de Diario 21. Con m\u00e1s de 10 a\u00f1os de experiencia en el periodismo, se especializa en pol\u00edtica nacional y an\u00e1lisis socioecon\u00f3mico. Su enfoque cr\u00edtico y riguroso aporta una perspectiva \u00fanica a cada art\u00edculo.","sameAs":["https:\/\/www.diario21.tv\/noticias\/"],"url":"https:\/\/www.diario21.tv\/noticias\/author\/juan-perez\/"}]}},"_links":{"self":[{"href":"https:\/\/www.diario21.tv\/noticias\/wp-json\/wp\/v2\/posts\/5331"}],"collection":[{"href":"https:\/\/www.diario21.tv\/noticias\/wp-json\/wp\/v2\/posts"}],"about":[{"href":"https:\/\/www.diario21.tv\/noticias\/wp-json\/wp\/v2\/types\/post"}],"author":[{"embeddable":true,"href":"https:\/\/www.diario21.tv\/noticias\/wp-json\/wp\/v2\/users\/20"}],"replies":[{"embeddable":true,"href":"https:\/\/www.diario21.tv\/noticias\/wp-json\/wp\/v2\/comments?post=5331"}],"version-history":[{"count":1,"href":"https:\/\/www.diario21.tv\/noticias\/wp-json\/wp\/v2\/posts\/5331\/revisions"}],"predecessor-version":[{"id":5333,"href":"https:\/\/www.diario21.tv\/noticias\/wp-json\/wp\/v2\/posts\/5331\/revisions\/5333"}],"wp:featuredmedia":[{"embeddable":true,"href":"https:\/\/www.diario21.tv\/noticias\/wp-json\/wp\/v2\/media\/5332"}],"wp:attachment":[{"href":"https:\/\/www.diario21.tv\/noticias\/wp-json\/wp\/v2\/media?parent=5331"}],"wp:term":[{"taxonomy":"category","embeddable":true,"href":"https:\/\/www.diario21.tv\/noticias\/wp-json\/wp\/v2\/categories?post=5331"},{"taxonomy":"post_tag","embeddable":true,"href":"https:\/\/www.diario21.tv\/noticias\/wp-json\/wp\/v2\/tags?post=5331"}],"curies":[{"name":"wp","href":"https:\/\/api.w.org\/{rel}","templated":true}]}}