{"id":5322,"date":"2025-11-26T13:13:54","date_gmt":"2025-11-26T13:13:54","guid":{"rendered":"https:\/\/www.diario21.tv\/noticias\/crimen-en-malaga-sospechoso-intenta-suicidarse-tras-asesinar-a-su-exmujer\/"},"modified":"2025-11-26T13:13:56","modified_gmt":"2025-11-26T13:13:56","slug":"crimen-en-malaga-sospechoso-intenta-suicidarse-tras-asesinar-a-su-exmujer","status":"publish","type":"post","link":"https:\/\/www.diario21.tv\/noticias\/crimen-en-malaga-sospechoso-intenta-suicidarse-tras-asesinar-a-su-exmujer\/","title":{"rendered":"Crimen en M\u00e1laga: Sospechoso intenta suicidarse tras asesinar a su exmujer"},"content":{"rendered":"<h2>El suceso tr\u00e1gico de M\u00e1laga: indicios de intento de suicidio del arrestado despu\u00e9s de asesinar a su exesposa<\/h2>\n<p>En un lamentable incidente ocurrido en M\u00e1laga, las autoridades est\u00e1n investigando un caso donde se presume que un hombre intent\u00f3 quitarse la vida tras haber cometido el asesinato de su excompa\u00f1era. Este suceso ha conmocionado a la comunidad local y ha vuelto a poner en la mesa el tema de la violencia dom\u00e9stica.<\/p>\n<h3>Detalles del caso<\/h3>\n<p>Seg\u00fan las primeras informaciones proporcionadas por las fuerzas de seguridad, el sospechoso fue encontrado en su domicilio en un estado cr\u00edtico que sugiere un posible intento de suicidio. A su lado, se hallaron indicios y herramientas que podr\u00edan haber sido utilizadas para quitarse la vida, lo que a\u00f1ade una capa m\u00e1s de complejidad a este tr\u00e1gico suceso.<\/p>\n<p>La v\u00edctima, quien fue la exesposa del detenido, fue encontrada sin vida horas antes del hallazgo del hombre, lo que llev\u00f3 a la polic\u00eda a establecer una conexi\u00f3n directa entre ambos eventos. Los informes preliminares indican que la mujer sufri\u00f3 agresiones que le causaron la muerte, aunque se espera m\u00e1s informaci\u00f3n tras la realizaci\u00f3n de la autopsia.<\/p>\n<h3>Reacciones de la comunidad y medidas de seguridad<\/h3>\n<p>La noticia ha despertado una ola de reacciones entre los residentes de M\u00e1laga, quienes est\u00e1n profundamente consternados por el aumento de casos de violencia dom\u00e9stica en la regi\u00f3n. En respuesta, las autoridades han intensificado sus esfuerzos para ofrecer mayor protecci\u00f3n y recursos a las posibles v\u00edctimas de este tipo de agresiones.<\/p>\n<p>Las organizaciones locales de apoyo a las v\u00edctimas de violencia dom\u00e9stica han reforzado sus servicios y est\u00e1n trabajando en conjunto con la polic\u00eda para asegurar que se brinde ayuda inmediata a quienes lo necesiten. Adem\u00e1s, se est\u00e1n programando talleres y charlas para educar a la comunidad sobre c\u00f3mo detectar y actuar ante se\u00f1ales de violencia en el entorno familiar.<\/p>\n<h3>Investigaci\u00f3n en curso<\/h3>\n<p>Actualmente, el caso est\u00e1 bajo una rigurosa investigaci\u00f3n. El sospechoso se encuentra en un centro m\u00e9dico bajo custodia policial, recuper\u00e1ndose de las heridas que se autoinfligi\u00f3. Una vez est\u00e9 en condiciones, ser\u00e1 interrogado por las autoridades para esclarecer los motivos detr\u00e1s del crimen y su posterior intento de suicidio.<\/p>\n<p>La fiscal\u00eda ha declarado que se tomar\u00e1n todas las medidas necesarias para asegurar que se haga justicia y que el caso se maneje con el m\u00e1ximo rigor. La comunidad espera que este tr\u00e1gico evento pueda ser un punto de inflexi\u00f3n para fortalecer las pol\u00edticas y las acciones contra la violencia dom\u00e9stica en M\u00e1laga y en toda Espa\u00f1a.<\/p>\n<p>Este caso sigue siendo un recordatorio sombr\u00edo de la necesidad urgente de abordar y prevenir la violencia dom\u00e9stica, garantizando al mismo tiempo que se proporcionen suficientes recursos y apoyo a las v\u00edctimas de estos delitos. La sociedad malague\u00f1a, aunque golpeada por este tr\u00e1gico evento, muestra signos de uni\u00f3n y fuerza en la lucha contra la violencia familiar.<\/p>\n\n\n<div class=\"kk-star-ratings kksr-auto kksr-align-left kksr-valign-bottom\"\n    data-payload='{&quot;align&quot;:&quot;left&quot;,&quot;id&quot;:&quot;5322&quot;,&quot;slug&quot;:&quot;default&quot;,&quot;valign&quot;:&quot;bottom&quot;,&quot;ignore&quot;:&quot;&quot;,&quot;reference&quot;:&quot;auto&quot;,&quot;class&quot;:&quot;&quot;,&quot;count&quot;:&quot;0&quot;,&quot;legendonly&quot;:&quot;&quot;,&quot;readonly&quot;:&quot;&quot;,&quot;score&quot;:&quot;0&quot;,&quot;starsonly&quot;:&quot;&quot;,&quot;best&quot;:&quot;5&quot;,&quot;gap&quot;:&quot;5&quot;,&quot;greet&quot;:&quot;Valora este post&quot;,&quot;legend&quot;:&quot;0\\\/5 - (0 votes)&quot;,&quot;size&quot;:&quot;22&quot;,&quot;title&quot;:&quot;Crimen en M\u00e1laga: Sospechoso intenta suicidarse tras asesinar a su exmujer&quot;,&quot;width&quot;:&quot;0&quot;,&quot;_legend&quot;:&quot;{score}\\\/{best} - ({count} {votes})&quot;,&quot;font_factor&quot;:&quot;1.25&quot;}'>\n            \n<div class=\"kksr-stars\">\n    \n<div class=\"kksr-stars-inactive\">\n            <div class=\"kksr-star\" data-star=\"1\" style=\"padding-right: 5px\">\n            \n\n<div class=\"kksr-icon\" style=\"width: 22px; height: 22px;\"><\/div>\n        <\/div>\n            <div class=\"kksr-star\" data-star=\"2\" style=\"padding-right: 5px\">\n            \n\n<div class=\"kksr-icon\" style=\"width: 22px; height: 22px;\"><\/div>\n        <\/div>\n            <div class=\"kksr-star\" data-star=\"3\" style=\"padding-right: 5px\">\n            \n\n<div class=\"kksr-icon\" style=\"width: 22px; height: 22px;\"><\/div>\n        <\/div>\n            <div class=\"kksr-star\" data-star=\"4\" style=\"padding-right: 5px\">\n            \n\n<div class=\"kksr-icon\" style=\"width: 22px; height: 22px;\"><\/div>\n        <\/div>\n            <div class=\"kksr-star\" data-star=\"5\" style=\"padding-right: 5px\">\n            \n\n<div class=\"kksr-icon\" style=\"width: 22px; height: 22px;\"><\/div>\n        <\/div>\n    <\/div>\n    \n<div class=\"kksr-stars-active\" style=\"width: 0px;\">\n            <div class=\"kksr-star\" style=\"padding-right: 5px\">\n            \n\n<div class=\"kksr-icon\" style=\"width: 22px; height: 22px;\"><\/div>\n        <\/div>\n            <div class=\"kksr-star\" style=\"padding-right: 5px\">\n            \n\n<div class=\"kksr-icon\" style=\"width: 22px; height: 22px;\"><\/div>\n        <\/div>\n            <div class=\"kksr-star\" style=\"padding-right: 5px\">\n            \n\n<div class=\"kksr-icon\" style=\"width: 22px; height: 22px;\"><\/div>\n        <\/div>\n            <div class=\"kksr-star\" style=\"padding-right: 5px\">\n            \n\n<div class=\"kksr-icon\" style=\"width: 22px; height: 22px;\"><\/div>\n        <\/div>\n            <div class=\"kksr-star\" style=\"padding-right: 5px\">\n            \n\n<div class=\"kksr-icon\" style=\"width: 22px; height: 22px;\"><\/div>\n        <\/div>\n    <\/div>\n<\/div>\n                \n\n<div class=\"kksr-legend\" style=\"font-size: 17.6px;\">\n            <span class=\"kksr-muted\">Valora este post<\/span>\n    <\/div>\n    <\/div>\n","protected":false},"excerpt":{"rendered":"<p>El suceso tr\u00e1gico de M\u00e1laga: indicios de intento de suicidio del arrestado despu\u00e9s de asesinar a su exesposa En un lamentable incidente ocurrido en M\u00e1laga, las &#8230; <a title=\"Crimen en M\u00e1laga: Sospechoso intenta suicidarse tras asesinar a su exmujer\" class=\"read-more\" href=\"https:\/\/www.diario21.tv\/noticias\/crimen-en-malaga-sospechoso-intenta-suicidarse-tras-asesinar-a-su-exmujer\/\" aria-label=\"Leer m\u00e1s sobre Crimen en M\u00e1laga: Sospechoso intenta suicidarse tras asesinar a su exmujer\">Seguir leyendo &rarr;<\/a><\/p>\n","protected":false},"author":20,"featured_media":5323,"comment_status":"open","ping_status":"open","sticky":false,"template":"","format":"standard","meta":{"footnotes":""},"categories":[13],"tags":[],"class_list":["post-5322","post","type-post","status-publish","format-standard","has-post-thumbnail","hentry","category-portada"],"yoast_head":"<!-- This site is optimized with the Yoast SEO plugin v25.6 - https:\/\/yoast.com\/wordpress\/plugins\/seo\/ -->\n<title>Crimen en M\u00e1laga: Sospechoso intenta suicidarse tras asesinar a su exmujer - Diario 21<\/title>\n<meta name=\"robots\" content=\"index, follow, max-snippet:-1, max-image-preview:large, max-video-preview:-1\" \/>\n<link rel=\"canonical\" href=\"https:\/\/www.diario21.tv\/noticias\/crimen-en-malaga-sospechoso-intenta-suicidarse-tras-asesinar-a-su-exmujer\/\" \/>\n<meta property=\"og:locale\" content=\"es_ES\" \/>\n<meta property=\"og:type\" content=\"article\" \/>\n<meta property=\"og:title\" content=\"Crimen en M\u00e1laga: Sospechoso intenta suicidarse tras asesinar a su exmujer - Diario 21\" \/>\n<meta property=\"og:description\" content=\"El suceso tr\u00e1gico de M\u00e1laga: indicios de intento de suicidio del arrestado despu\u00e9s de asesinar a su exesposa En un lamentable incidente ocurrido en M\u00e1laga, las ... Seguir leyendo &rarr;\" \/>\n<meta property=\"og:url\" content=\"https:\/\/www.diario21.tv\/noticias\/crimen-en-malaga-sospechoso-intenta-suicidarse-tras-asesinar-a-su-exmujer\/\" \/>\n<meta property=\"og:site_name\" content=\"Diario 21\" \/>\n<meta property=\"article:published_time\" content=\"2025-11-26T13:13:54+00:00\" \/>\n<meta property=\"article:modified_time\" content=\"2025-11-26T13:13:56+00:00\" \/>\n<meta property=\"og:image\" content=\"https:\/\/www.diario21.tv\/noticias\/wp-content\/uploads\/2025\/11\/Crimen-en-Malaga-Sospechoso-intenta-suicidarse-tras-asesinar-a-su.jpg\" \/>\n\t<meta property=\"og:image:width\" content=\"1200\" \/>\n\t<meta property=\"og:image:height\" content=\"840\" \/>\n\t<meta property=\"og:image:type\" content=\"image\/jpeg\" \/>\n<meta name=\"author\" content=\"Juan P\u00e9rez\" \/>\n<meta name=\"twitter:card\" content=\"summary_large_image\" \/>\n<meta name=\"twitter:label1\" content=\"Escrito por\" \/>\n\t<meta name=\"twitter:data1\" content=\"Juan P\u00e9rez\" \/>\n\t<meta name=\"twitter:label2\" content=\"Tiempo de lectura\" \/>\n\t<meta name=\"twitter:data2\" content=\"3 minutos\" \/>\n<script type=\"application\/ld+json\" class=\"yoast-schema-graph\">{\"@context\":\"https:\/\/schema.org\",\"@graph\":[{\"@type\":\"WebPage\",\"@id\":\"https:\/\/www.diario21.tv\/noticias\/crimen-en-malaga-sospechoso-intenta-suicidarse-tras-asesinar-a-su-exmujer\/\",\"url\":\"https:\/\/www.diario21.tv\/noticias\/crimen-en-malaga-sospechoso-intenta-suicidarse-tras-asesinar-a-su-exmujer\/\",\"name\":\"Crimen en M\u00e1laga: Sospechoso intenta suicidarse tras asesinar a su exmujer - Diario 21\",\"isPartOf\":{\"@id\":\"https:\/\/www.diario21.tv\/noticias\/#website\"},\"primaryImageOfPage\":{\"@id\":\"https:\/\/www.diario21.tv\/noticias\/crimen-en-malaga-sospechoso-intenta-suicidarse-tras-asesinar-a-su-exmujer\/#primaryimage\"},\"image\":{\"@id\":\"https:\/\/www.diario21.tv\/noticias\/crimen-en-malaga-sospechoso-intenta-suicidarse-tras-asesinar-a-su-exmujer\/#primaryimage\"},\"thumbnailUrl\":\"https:\/\/www.diario21.tv\/noticias\/wp-content\/uploads\/2025\/11\/Crimen-en-Malaga-Sospechoso-intenta-suicidarse-tras-asesinar-a-su.jpg\",\"datePublished\":\"2025-11-26T13:13:54+00:00\",\"dateModified\":\"2025-11-26T13:13:56+00:00\",\"author\":{\"@id\":\"https:\/\/www.diario21.tv\/noticias\/#\/schema\/person\/dfb778f73814d8f09f302618446a526b\"},\"breadcrumb\":{\"@id\":\"https:\/\/www.diario21.tv\/noticias\/crimen-en-malaga-sospechoso-intenta-suicidarse-tras-asesinar-a-su-exmujer\/#breadcrumb\"},\"inLanguage\":\"es-AR\",\"potentialAction\":[{\"@type\":\"ReadAction\",\"target\":[\"https:\/\/www.diario21.tv\/noticias\/crimen-en-malaga-sospechoso-intenta-suicidarse-tras-asesinar-a-su-exmujer\/\"]}]},{\"@type\":\"ImageObject\",\"inLanguage\":\"es-AR\",\"@id\":\"https:\/\/www.diario21.tv\/noticias\/crimen-en-malaga-sospechoso-intenta-suicidarse-tras-asesinar-a-su-exmujer\/#primaryimage\",\"url\":\"https:\/\/www.diario21.tv\/noticias\/wp-content\/uploads\/2025\/11\/Crimen-en-Malaga-Sospechoso-intenta-suicidarse-tras-asesinar-a-su.jpg\",\"contentUrl\":\"https:\/\/www.diario21.tv\/noticias\/wp-content\/uploads\/2025\/11\/Crimen-en-Malaga-Sospechoso-intenta-suicidarse-tras-asesinar-a-su.jpg\",\"width\":1200,\"height\":840,\"caption\":\"El crimen de M\u00e1laga: se sospecha que el detenido intent\u00f3 suicidarse tras matar a su exmujer\"},{\"@type\":\"BreadcrumbList\",\"@id\":\"https:\/\/www.diario21.tv\/noticias\/crimen-en-malaga-sospechoso-intenta-suicidarse-tras-asesinar-a-su-exmujer\/#breadcrumb\",\"itemListElement\":[{\"@type\":\"ListItem\",\"position\":1,\"name\":\"Accueil\",\"item\":\"https:\/\/www.diario21.tv\/noticias\/\"},{\"@type\":\"ListItem\",\"position\":2,\"name\":\"Crimen en M\u00e1laga: Sospechoso intenta suicidarse tras asesinar a su exmujer\"}]},{\"@type\":\"WebSite\",\"@id\":\"https:\/\/www.diario21.tv\/noticias\/#website\",\"url\":\"https:\/\/www.diario21.tv\/noticias\/\",\"name\":\"Diario 21\",\"description\":\"\",\"potentialAction\":[{\"@type\":\"SearchAction\",\"target\":{\"@type\":\"EntryPoint\",\"urlTemplate\":\"https:\/\/www.diario21.tv\/noticias\/?s={search_term_string}\"},\"query-input\":{\"@type\":\"PropertyValueSpecification\",\"valueRequired\":true,\"valueName\":\"search_term_string\"}}],\"inLanguage\":\"es-AR\"},{\"@type\":\"Person\",\"@id\":\"https:\/\/www.diario21.tv\/noticias\/#\/schema\/person\/dfb778f73814d8f09f302618446a526b\",\"name\":\"Juan P\u00e9rez\",\"image\":{\"@type\":\"ImageObject\",\"inLanguage\":\"es-AR\",\"@id\":\"https:\/\/www.diario21.tv\/noticias\/#\/schema\/person\/image\/\",\"url\":\"https:\/\/secure.gravatar.com\/avatar\/c478a405bd10621167f4c3167cc770f5?s=96&d=mm&r=g\",\"contentUrl\":\"https:\/\/secure.gravatar.com\/avatar\/c478a405bd10621167f4c3167cc770f5?s=96&d=mm&r=g\",\"caption\":\"Juan P\u00e9rez\"},\"description\":\"Juan P\u00e9rez es el redactor en jefe de Diario 21. Con m\u00e1s de 10 a\u00f1os de experiencia en el periodismo, se especializa en pol\u00edtica nacional y an\u00e1lisis socioecon\u00f3mico. Su enfoque cr\u00edtico y riguroso aporta una perspectiva \u00fanica a cada art\u00edculo.\",\"sameAs\":[\"https:\/\/www.diario21.tv\/noticias\/\"],\"url\":\"https:\/\/www.diario21.tv\/noticias\/author\/juan-perez\/\"}]}<\/script>\n<!-- \/ Yoast SEO plugin. -->","yoast_head_json":{"title":"Crimen en M\u00e1laga: Sospechoso intenta suicidarse tras asesinar a su exmujer - Diario 21","robots":{"index":"index","follow":"follow","max-snippet":"max-snippet:-1","max-image-preview":"max-image-preview:large","max-video-preview":"max-video-preview:-1"},"canonical":"https:\/\/www.diario21.tv\/noticias\/crimen-en-malaga-sospechoso-intenta-suicidarse-tras-asesinar-a-su-exmujer\/","og_locale":"es_ES","og_type":"article","og_title":"Crimen en M\u00e1laga: Sospechoso intenta suicidarse tras asesinar a su exmujer - Diario 21","og_description":"El suceso tr\u00e1gico de M\u00e1laga: indicios de intento de suicidio del arrestado despu\u00e9s de asesinar a su exesposa En un lamentable incidente ocurrido en M\u00e1laga, las ... Seguir leyendo &rarr;","og_url":"https:\/\/www.diario21.tv\/noticias\/crimen-en-malaga-sospechoso-intenta-suicidarse-tras-asesinar-a-su-exmujer\/","og_site_name":"Diario 21","article_published_time":"2025-11-26T13:13:54+00:00","article_modified_time":"2025-11-26T13:13:56+00:00","og_image":[{"width":1200,"height":840,"url":"https:\/\/www.diario21.tv\/noticias\/wp-content\/uploads\/2025\/11\/Crimen-en-Malaga-Sospechoso-intenta-suicidarse-tras-asesinar-a-su.jpg","type":"image\/jpeg"}],"author":"Juan P\u00e9rez","twitter_card":"summary_large_image","twitter_misc":{"Escrito por":"Juan P\u00e9rez","Tiempo de lectura":"3 minutos"},"schema":{"@context":"https:\/\/schema.org","@graph":[{"@type":"WebPage","@id":"https:\/\/www.diario21.tv\/noticias\/crimen-en-malaga-sospechoso-intenta-suicidarse-tras-asesinar-a-su-exmujer\/","url":"https:\/\/www.diario21.tv\/noticias\/crimen-en-malaga-sospechoso-intenta-suicidarse-tras-asesinar-a-su-exmujer\/","name":"Crimen en M\u00e1laga: Sospechoso intenta suicidarse tras asesinar a su exmujer - Diario 21","isPartOf":{"@id":"https:\/\/www.diario21.tv\/noticias\/#website"},"primaryImageOfPage":{"@id":"https:\/\/www.diario21.tv\/noticias\/crimen-en-malaga-sospechoso-intenta-suicidarse-tras-asesinar-a-su-exmujer\/#primaryimage"},"image":{"@id":"https:\/\/www.diario21.tv\/noticias\/crimen-en-malaga-sospechoso-intenta-suicidarse-tras-asesinar-a-su-exmujer\/#primaryimage"},"thumbnailUrl":"https:\/\/www.diario21.tv\/noticias\/wp-content\/uploads\/2025\/11\/Crimen-en-Malaga-Sospechoso-intenta-suicidarse-tras-asesinar-a-su.jpg","datePublished":"2025-11-26T13:13:54+00:00","dateModified":"2025-11-26T13:13:56+00:00","author":{"@id":"https:\/\/www.diario21.tv\/noticias\/#\/schema\/person\/dfb778f73814d8f09f302618446a526b"},"breadcrumb":{"@id":"https:\/\/www.diario21.tv\/noticias\/crimen-en-malaga-sospechoso-intenta-suicidarse-tras-asesinar-a-su-exmujer\/#breadcrumb"},"inLanguage":"es-AR","potentialAction":[{"@type":"ReadAction","target":["https:\/\/www.diario21.tv\/noticias\/crimen-en-malaga-sospechoso-intenta-suicidarse-tras-asesinar-a-su-exmujer\/"]}]},{"@type":"ImageObject","inLanguage":"es-AR","@id":"https:\/\/www.diario21.tv\/noticias\/crimen-en-malaga-sospechoso-intenta-suicidarse-tras-asesinar-a-su-exmujer\/#primaryimage","url":"https:\/\/www.diario21.tv\/noticias\/wp-content\/uploads\/2025\/11\/Crimen-en-Malaga-Sospechoso-intenta-suicidarse-tras-asesinar-a-su.jpg","contentUrl":"https:\/\/www.diario21.tv\/noticias\/wp-content\/uploads\/2025\/11\/Crimen-en-Malaga-Sospechoso-intenta-suicidarse-tras-asesinar-a-su.jpg","width":1200,"height":840,"caption":"El crimen de M\u00e1laga: se sospecha que el detenido intent\u00f3 suicidarse tras matar a su exmujer"},{"@type":"BreadcrumbList","@id":"https:\/\/www.diario21.tv\/noticias\/crimen-en-malaga-sospechoso-intenta-suicidarse-tras-asesinar-a-su-exmujer\/#breadcrumb","itemListElement":[{"@type":"ListItem","position":1,"name":"Accueil","item":"https:\/\/www.diario21.tv\/noticias\/"},{"@type":"ListItem","position":2,"name":"Crimen en M\u00e1laga: Sospechoso intenta suicidarse tras asesinar a su exmujer"}]},{"@type":"WebSite","@id":"https:\/\/www.diario21.tv\/noticias\/#website","url":"https:\/\/www.diario21.tv\/noticias\/","name":"Diario 21","description":"","potentialAction":[{"@type":"SearchAction","target":{"@type":"EntryPoint","urlTemplate":"https:\/\/www.diario21.tv\/noticias\/?s={search_term_string}"},"query-input":{"@type":"PropertyValueSpecification","valueRequired":true,"valueName":"search_term_string"}}],"inLanguage":"es-AR"},{"@type":"Person","@id":"https:\/\/www.diario21.tv\/noticias\/#\/schema\/person\/dfb778f73814d8f09f302618446a526b","name":"Juan P\u00e9rez","image":{"@type":"ImageObject","inLanguage":"es-AR","@id":"https:\/\/www.diario21.tv\/noticias\/#\/schema\/person\/image\/","url":"https:\/\/secure.gravatar.com\/avatar\/c478a405bd10621167f4c3167cc770f5?s=96&d=mm&r=g","contentUrl":"https:\/\/secure.gravatar.com\/avatar\/c478a405bd10621167f4c3167cc770f5?s=96&d=mm&r=g","caption":"Juan P\u00e9rez"},"description":"Juan P\u00e9rez es el redactor en jefe de Diario 21. Con m\u00e1s de 10 a\u00f1os de experiencia en el periodismo, se especializa en pol\u00edtica nacional y an\u00e1lisis socioecon\u00f3mico. Su enfoque cr\u00edtico y riguroso aporta una perspectiva \u00fanica a cada art\u00edculo.","sameAs":["https:\/\/www.diario21.tv\/noticias\/"],"url":"https:\/\/www.diario21.tv\/noticias\/author\/juan-perez\/"}]}},"_links":{"self":[{"href":"https:\/\/www.diario21.tv\/noticias\/wp-json\/wp\/v2\/posts\/5322"}],"collection":[{"href":"https:\/\/www.diario21.tv\/noticias\/wp-json\/wp\/v2\/posts"}],"about":[{"href":"https:\/\/www.diario21.tv\/noticias\/wp-json\/wp\/v2\/types\/post"}],"author":[{"embeddable":true,"href":"https:\/\/www.diario21.tv\/noticias\/wp-json\/wp\/v2\/users\/20"}],"replies":[{"embeddable":true,"href":"https:\/\/www.diario21.tv\/noticias\/wp-json\/wp\/v2\/comments?post=5322"}],"version-history":[{"count":1,"href":"https:\/\/www.diario21.tv\/noticias\/wp-json\/wp\/v2\/posts\/5322\/revisions"}],"predecessor-version":[{"id":5324,"href":"https:\/\/www.diario21.tv\/noticias\/wp-json\/wp\/v2\/posts\/5322\/revisions\/5324"}],"wp:featuredmedia":[{"embeddable":true,"href":"https:\/\/www.diario21.tv\/noticias\/wp-json\/wp\/v2\/media\/5323"}],"wp:attachment":[{"href":"https:\/\/www.diario21.tv\/noticias\/wp-json\/wp\/v2\/media?parent=5322"}],"wp:term":[{"taxonomy":"category","embeddable":true,"href":"https:\/\/www.diario21.tv\/noticias\/wp-json\/wp\/v2\/categories?post=5322"},{"taxonomy":"post_tag","embeddable":true,"href":"https:\/\/www.diario21.tv\/noticias\/wp-json\/wp\/v2\/tags?post=5322"}],"curies":[{"name":"wp","href":"https:\/\/api.w.org\/{rel}","templated":true}]}}