{"id":5313,"date":"2025-11-25T19:08:00","date_gmt":"2025-11-25T19:08:00","guid":{"rendered":"https:\/\/www.diario21.tv\/noticias\/cop30-fracasa-no-se-logran-acuerdos-decisivos-contra-los-combustibles-fosiles\/"},"modified":"2025-11-25T19:08:01","modified_gmt":"2025-11-25T19:08:01","slug":"cop30-fracasa-no-se-logran-acuerdos-decisivos-contra-los-combustibles-fosiles","status":"publish","type":"post","link":"https:\/\/www.diario21.tv\/noticias\/cop30-fracasa-no-se-logran-acuerdos-decisivos-contra-los-combustibles-fosiles\/","title":{"rendered":"COP30 fracasa: no se logran acuerdos decisivos contra los combustibles f\u00f3siles."},"content":{"rendered":"<h2>La COP30 termina sin resultados significativos en la lucha contra los combustibles f\u00f3siles<\/h2>\n<p>La trig\u00e9sima Conferencia de las Partes (COP30) concluy\u00f3 recientemente, dejando un sabor amargo entre los defensores del medio ambiente y las delegaciones participantes que esperaban establecer medidas m\u00e1s estrictas contra el uso de combustibles f\u00f3siles. A pesar de las largas jornadas de negociaciones y discusiones, los pa\u00edses no lograron llegar a un consenso sobre acciones decisivas y firmes para combatir la creciente crisis clim\u00e1tica vinculada a estos recursos energ\u00e9ticos.<\/p>\n<h3>Falta de consenso impide avances concretos<\/h3>\n<p>Durante las sesiones, se evidenci\u00f3 una divisi\u00f3n clara entre las naciones sobre c\u00f3mo y cu\u00e1ndo reducir la dependencia de los combustibles f\u00f3siles. Mientras algunos pa\u00edses abogaban por plazos inmediatos y objetivos de reducci\u00f3n ambiciosos, otros argumentaban sobre las dificultades econ\u00f3micas que tales medidas podr\u00edan implicar, especialmente para las econom\u00edas que dependen fuertemente de la extracci\u00f3n y exportaci\u00f3n de petr\u00f3leo, gas y carb\u00f3n.<\/p>\n<p>Esta disparidad en las posturas dificult\u00f3 significativamente la posibilidad de alcanzar un acuerdo robusto. Aunque hubo propuestas para incrementar el uso de energ\u00edas renovables y mejorar la eficiencia energ\u00e9tica, la falta de compromisos concretos sobre la eliminaci\u00f3n gradual de los combustibles f\u00f3siles dej\u00f3 a muchos participantes y observadores con una sensaci\u00f3n de oportunidad perdida.<\/p>\n<h3>Reacciones ante el desenlace de la COP30<\/h3>\n<p>Las reacciones no se hicieron esperar. Grupos ambientalistas y cient\u00edficos que siguieron de cerca las deliberaciones expresaron su descontento y preocupaci\u00f3n frente al resultado de la conferencia. Muchos destacaron que sin acciones concretas y sin la voluntad pol\u00edtica para implementar cambios significativos, los objetivos del Acuerdo de Par\u00eds y los esfuerzos para limitar el calentamiento global a 1.5 grados Celsius podr\u00edan estar fuera de alcance.<\/p>\n<p>Por otro lado, algunos representantes de pa\u00edses productores de combustibles f\u00f3siles defendieron su postura, argumentando que necesitan m\u00e1s tiempo para diversificar sus econom\u00edas y que medidas demasiado abruptas podr\u00edan tener repercusiones socioecon\u00f3micas negativas para sus poblaciones.<\/p>\n<h3>Mirando hacia el futuro<\/h3>\n<p>A pesar de los desaf\u00edos y la falta de acuerdos significativos en esta edici\u00f3n de la COP, muchos l\u00edderes y delegados expresaron su intenci\u00f3n de continuar trabajando para encontrar soluciones viables y justas que permitan una transici\u00f3n energ\u00e9tica global. La urgencia de actuar contra el cambio clim\u00e1tico es indiscutible, y la presi\u00f3n internacional para tomar medidas m\u00e1s contundentes probablemente aumentar\u00e1.<\/p>\n<p>El camino hacia una disminuci\u00f3n significativa en el uso de combustibles f\u00f3siles est\u00e1 plagado de desaf\u00edos pol\u00edticos, econ\u00f3micos y t\u00e9cnicos. Sin embargo, la esperanza de muchos es que las futuras conferencias logren superar estas barreras y forjar un camino m\u00e1s sostenible para el planeta. A medida que el mundo sigue enfrent\u00e1ndose a fen\u00f3menos clim\u00e1ticos extremos, la necesidad de acci\u00f3n se vuelve m\u00e1s apremiante y evidente. La COP30 puede no haber cumplido con las expectativas, pero tambi\u00e9n ha reforzado la determinaci\u00f3n de muchos para seguir luchando por un futuro m\u00e1s verde.<\/p>\n\n\n<div class=\"kk-star-ratings kksr-auto kksr-align-left kksr-valign-bottom\"\n    data-payload='{&quot;align&quot;:&quot;left&quot;,&quot;id&quot;:&quot;5313&quot;,&quot;slug&quot;:&quot;default&quot;,&quot;valign&quot;:&quot;bottom&quot;,&quot;ignore&quot;:&quot;&quot;,&quot;reference&quot;:&quot;auto&quot;,&quot;class&quot;:&quot;&quot;,&quot;count&quot;:&quot;0&quot;,&quot;legendonly&quot;:&quot;&quot;,&quot;readonly&quot;:&quot;&quot;,&quot;score&quot;:&quot;0&quot;,&quot;starsonly&quot;:&quot;&quot;,&quot;best&quot;:&quot;5&quot;,&quot;gap&quot;:&quot;5&quot;,&quot;greet&quot;:&quot;Valora este post&quot;,&quot;legend&quot;:&quot;0\\\/5 - (0 votes)&quot;,&quot;size&quot;:&quot;22&quot;,&quot;title&quot;:&quot;COP30 fracasa: no se logran acuerdos decisivos contra los combustibles f\u00f3siles.&quot;,&quot;width&quot;:&quot;0&quot;,&quot;_legend&quot;:&quot;{score}\\\/{best} - ({count} {votes})&quot;,&quot;font_factor&quot;:&quot;1.25&quot;}'>\n            \n<div class=\"kksr-stars\">\n    \n<div class=\"kksr-stars-inactive\">\n            <div class=\"kksr-star\" data-star=\"1\" style=\"padding-right: 5px\">\n            \n\n<div class=\"kksr-icon\" style=\"width: 22px; height: 22px;\"><\/div>\n        <\/div>\n            <div class=\"kksr-star\" data-star=\"2\" style=\"padding-right: 5px\">\n            \n\n<div class=\"kksr-icon\" style=\"width: 22px; height: 22px;\"><\/div>\n        <\/div>\n            <div class=\"kksr-star\" data-star=\"3\" style=\"padding-right: 5px\">\n            \n\n<div class=\"kksr-icon\" style=\"width: 22px; height: 22px;\"><\/div>\n        <\/div>\n            <div class=\"kksr-star\" data-star=\"4\" style=\"padding-right: 5px\">\n            \n\n<div class=\"kksr-icon\" style=\"width: 22px; height: 22px;\"><\/div>\n        <\/div>\n            <div class=\"kksr-star\" data-star=\"5\" style=\"padding-right: 5px\">\n            \n\n<div class=\"kksr-icon\" style=\"width: 22px; height: 22px;\"><\/div>\n        <\/div>\n    <\/div>\n    \n<div class=\"kksr-stars-active\" style=\"width: 0px;\">\n            <div class=\"kksr-star\" style=\"padding-right: 5px\">\n            \n\n<div class=\"kksr-icon\" style=\"width: 22px; height: 22px;\"><\/div>\n        <\/div>\n            <div class=\"kksr-star\" style=\"padding-right: 5px\">\n            \n\n<div class=\"kksr-icon\" style=\"width: 22px; height: 22px;\"><\/div>\n        <\/div>\n            <div class=\"kksr-star\" style=\"padding-right: 5px\">\n            \n\n<div class=\"kksr-icon\" style=\"width: 22px; height: 22px;\"><\/div>\n        <\/div>\n            <div class=\"kksr-star\" style=\"padding-right: 5px\">\n            \n\n<div class=\"kksr-icon\" style=\"width: 22px; height: 22px;\"><\/div>\n        <\/div>\n            <div class=\"kksr-star\" style=\"padding-right: 5px\">\n            \n\n<div class=\"kksr-icon\" style=\"width: 22px; height: 22px;\"><\/div>\n        <\/div>\n    <\/div>\n<\/div>\n                \n\n<div class=\"kksr-legend\" style=\"font-size: 17.6px;\">\n            <span class=\"kksr-muted\">Valora este post<\/span>\n    <\/div>\n    <\/div>\n","protected":false},"excerpt":{"rendered":"<p>La COP30 termina sin resultados significativos en la lucha contra los combustibles f\u00f3siles La trig\u00e9sima Conferencia de las Partes (COP30) concluy\u00f3 recientemente, dejando un sabor amargo &#8230; <a title=\"COP30 fracasa: no se logran acuerdos decisivos contra los combustibles f\u00f3siles.\" class=\"read-more\" href=\"https:\/\/www.diario21.tv\/noticias\/cop30-fracasa-no-se-logran-acuerdos-decisivos-contra-los-combustibles-fosiles\/\" aria-label=\"Leer m\u00e1s sobre COP30 fracasa: no se logran acuerdos decisivos contra los combustibles f\u00f3siles.\">Seguir leyendo &rarr;<\/a><\/p>\n","protected":false},"author":20,"featured_media":5314,"comment_status":"open","ping_status":"open","sticky":false,"template":"","format":"standard","meta":{"footnotes":""},"categories":[13],"tags":[],"class_list":["post-5313","post","type-post","status-publish","format-standard","has-post-thumbnail","hentry","category-portada"],"yoast_head":"<!-- This site is optimized with the Yoast SEO plugin v25.6 - https:\/\/yoast.com\/wordpress\/plugins\/seo\/ -->\n<title>COP30 fracasa: no se logran acuerdos decisivos contra los combustibles f\u00f3siles. - Diario 21<\/title>\n<meta name=\"robots\" content=\"index, follow, max-snippet:-1, max-image-preview:large, max-video-preview:-1\" \/>\n<link rel=\"canonical\" href=\"https:\/\/www.diario21.tv\/noticias\/cop30-fracasa-no-se-logran-acuerdos-decisivos-contra-los-combustibles-fosiles\/\" \/>\n<meta property=\"og:locale\" content=\"es_ES\" \/>\n<meta property=\"og:type\" content=\"article\" \/>\n<meta property=\"og:title\" content=\"COP30 fracasa: no se logran acuerdos decisivos contra los combustibles f\u00f3siles. - Diario 21\" \/>\n<meta property=\"og:description\" content=\"La COP30 termina sin resultados significativos en la lucha contra los combustibles f\u00f3siles La trig\u00e9sima Conferencia de las Partes (COP30) concluy\u00f3 recientemente, dejando un sabor amargo ... Seguir leyendo &rarr;\" \/>\n<meta property=\"og:url\" content=\"https:\/\/www.diario21.tv\/noticias\/cop30-fracasa-no-se-logran-acuerdos-decisivos-contra-los-combustibles-fosiles\/\" \/>\n<meta property=\"og:site_name\" content=\"Diario 21\" \/>\n<meta property=\"article:published_time\" content=\"2025-11-25T19:08:00+00:00\" \/>\n<meta property=\"article:modified_time\" content=\"2025-11-25T19:08:01+00:00\" \/>\n<meta property=\"og:image\" content=\"https:\/\/www.diario21.tv\/noticias\/wp-content\/uploads\/2025\/11\/COP30-fracasa-no-se-logran-acuerdos-decisivos-contra-los-combustibles.jpg\" \/>\n\t<meta property=\"og:image:width\" content=\"1200\" \/>\n\t<meta property=\"og:image:height\" content=\"840\" \/>\n\t<meta property=\"og:image:type\" content=\"image\/jpeg\" \/>\n<meta name=\"author\" content=\"Juan P\u00e9rez\" \/>\n<meta name=\"twitter:card\" content=\"summary_large_image\" \/>\n<meta name=\"twitter:label1\" content=\"Escrito por\" \/>\n\t<meta name=\"twitter:data1\" content=\"Juan P\u00e9rez\" \/>\n\t<meta name=\"twitter:label2\" content=\"Tiempo de lectura\" \/>\n\t<meta name=\"twitter:data2\" content=\"3 minutos\" \/>\n<script type=\"application\/ld+json\" class=\"yoast-schema-graph\">{\"@context\":\"https:\/\/schema.org\",\"@graph\":[{\"@type\":\"WebPage\",\"@id\":\"https:\/\/www.diario21.tv\/noticias\/cop30-fracasa-no-se-logran-acuerdos-decisivos-contra-los-combustibles-fosiles\/\",\"url\":\"https:\/\/www.diario21.tv\/noticias\/cop30-fracasa-no-se-logran-acuerdos-decisivos-contra-los-combustibles-fosiles\/\",\"name\":\"COP30 fracasa: no se logran acuerdos decisivos contra los combustibles f\u00f3siles. - Diario 21\",\"isPartOf\":{\"@id\":\"https:\/\/www.diario21.tv\/noticias\/#website\"},\"primaryImageOfPage\":{\"@id\":\"https:\/\/www.diario21.tv\/noticias\/cop30-fracasa-no-se-logran-acuerdos-decisivos-contra-los-combustibles-fosiles\/#primaryimage\"},\"image\":{\"@id\":\"https:\/\/www.diario21.tv\/noticias\/cop30-fracasa-no-se-logran-acuerdos-decisivos-contra-los-combustibles-fosiles\/#primaryimage\"},\"thumbnailUrl\":\"https:\/\/www.diario21.tv\/noticias\/wp-content\/uploads\/2025\/11\/COP30-fracasa-no-se-logran-acuerdos-decisivos-contra-los-combustibles.jpg\",\"datePublished\":\"2025-11-25T19:08:00+00:00\",\"dateModified\":\"2025-11-25T19:08:01+00:00\",\"author\":{\"@id\":\"https:\/\/www.diario21.tv\/noticias\/#\/schema\/person\/dfb778f73814d8f09f302618446a526b\"},\"breadcrumb\":{\"@id\":\"https:\/\/www.diario21.tv\/noticias\/cop30-fracasa-no-se-logran-acuerdos-decisivos-contra-los-combustibles-fosiles\/#breadcrumb\"},\"inLanguage\":\"es-AR\",\"potentialAction\":[{\"@type\":\"ReadAction\",\"target\":[\"https:\/\/www.diario21.tv\/noticias\/cop30-fracasa-no-se-logran-acuerdos-decisivos-contra-los-combustibles-fosiles\/\"]}]},{\"@type\":\"ImageObject\",\"inLanguage\":\"es-AR\",\"@id\":\"https:\/\/www.diario21.tv\/noticias\/cop30-fracasa-no-se-logran-acuerdos-decisivos-contra-los-combustibles-fosiles\/#primaryimage\",\"url\":\"https:\/\/www.diario21.tv\/noticias\/wp-content\/uploads\/2025\/11\/COP30-fracasa-no-se-logran-acuerdos-decisivos-contra-los-combustibles.jpg\",\"contentUrl\":\"https:\/\/www.diario21.tv\/noticias\/wp-content\/uploads\/2025\/11\/COP30-fracasa-no-se-logran-acuerdos-decisivos-contra-los-combustibles.jpg\",\"width\":1200,\"height\":840,\"caption\":\"La COP30 decepciona y acaba sin acordar medidas contundentes contra los combustibles f\u00f3siles\"},{\"@type\":\"BreadcrumbList\",\"@id\":\"https:\/\/www.diario21.tv\/noticias\/cop30-fracasa-no-se-logran-acuerdos-decisivos-contra-los-combustibles-fosiles\/#breadcrumb\",\"itemListElement\":[{\"@type\":\"ListItem\",\"position\":1,\"name\":\"Accueil\",\"item\":\"https:\/\/www.diario21.tv\/noticias\/\"},{\"@type\":\"ListItem\",\"position\":2,\"name\":\"COP30 fracasa: no se logran acuerdos decisivos contra los combustibles f\u00f3siles.\"}]},{\"@type\":\"WebSite\",\"@id\":\"https:\/\/www.diario21.tv\/noticias\/#website\",\"url\":\"https:\/\/www.diario21.tv\/noticias\/\",\"name\":\"Diario 21\",\"description\":\"\",\"potentialAction\":[{\"@type\":\"SearchAction\",\"target\":{\"@type\":\"EntryPoint\",\"urlTemplate\":\"https:\/\/www.diario21.tv\/noticias\/?s={search_term_string}\"},\"query-input\":{\"@type\":\"PropertyValueSpecification\",\"valueRequired\":true,\"valueName\":\"search_term_string\"}}],\"inLanguage\":\"es-AR\"},{\"@type\":\"Person\",\"@id\":\"https:\/\/www.diario21.tv\/noticias\/#\/schema\/person\/dfb778f73814d8f09f302618446a526b\",\"name\":\"Juan P\u00e9rez\",\"image\":{\"@type\":\"ImageObject\",\"inLanguage\":\"es-AR\",\"@id\":\"https:\/\/www.diario21.tv\/noticias\/#\/schema\/person\/image\/\",\"url\":\"https:\/\/secure.gravatar.com\/avatar\/c478a405bd10621167f4c3167cc770f5?s=96&d=mm&r=g\",\"contentUrl\":\"https:\/\/secure.gravatar.com\/avatar\/c478a405bd10621167f4c3167cc770f5?s=96&d=mm&r=g\",\"caption\":\"Juan P\u00e9rez\"},\"description\":\"Juan P\u00e9rez es el redactor en jefe de Diario 21. Con m\u00e1s de 10 a\u00f1os de experiencia en el periodismo, se especializa en pol\u00edtica nacional y an\u00e1lisis socioecon\u00f3mico. Su enfoque cr\u00edtico y riguroso aporta una perspectiva \u00fanica a cada art\u00edculo.\",\"sameAs\":[\"https:\/\/www.diario21.tv\/noticias\/\"],\"url\":\"https:\/\/www.diario21.tv\/noticias\/author\/juan-perez\/\"}]}<\/script>\n<!-- \/ Yoast SEO plugin. -->","yoast_head_json":{"title":"COP30 fracasa: no se logran acuerdos decisivos contra los combustibles f\u00f3siles. - Diario 21","robots":{"index":"index","follow":"follow","max-snippet":"max-snippet:-1","max-image-preview":"max-image-preview:large","max-video-preview":"max-video-preview:-1"},"canonical":"https:\/\/www.diario21.tv\/noticias\/cop30-fracasa-no-se-logran-acuerdos-decisivos-contra-los-combustibles-fosiles\/","og_locale":"es_ES","og_type":"article","og_title":"COP30 fracasa: no se logran acuerdos decisivos contra los combustibles f\u00f3siles. - Diario 21","og_description":"La COP30 termina sin resultados significativos en la lucha contra los combustibles f\u00f3siles La trig\u00e9sima Conferencia de las Partes (COP30) concluy\u00f3 recientemente, dejando un sabor amargo ... Seguir leyendo &rarr;","og_url":"https:\/\/www.diario21.tv\/noticias\/cop30-fracasa-no-se-logran-acuerdos-decisivos-contra-los-combustibles-fosiles\/","og_site_name":"Diario 21","article_published_time":"2025-11-25T19:08:00+00:00","article_modified_time":"2025-11-25T19:08:01+00:00","og_image":[{"width":1200,"height":840,"url":"https:\/\/www.diario21.tv\/noticias\/wp-content\/uploads\/2025\/11\/COP30-fracasa-no-se-logran-acuerdos-decisivos-contra-los-combustibles.jpg","type":"image\/jpeg"}],"author":"Juan P\u00e9rez","twitter_card":"summary_large_image","twitter_misc":{"Escrito por":"Juan P\u00e9rez","Tiempo de lectura":"3 minutos"},"schema":{"@context":"https:\/\/schema.org","@graph":[{"@type":"WebPage","@id":"https:\/\/www.diario21.tv\/noticias\/cop30-fracasa-no-se-logran-acuerdos-decisivos-contra-los-combustibles-fosiles\/","url":"https:\/\/www.diario21.tv\/noticias\/cop30-fracasa-no-se-logran-acuerdos-decisivos-contra-los-combustibles-fosiles\/","name":"COP30 fracasa: no se logran acuerdos decisivos contra los combustibles f\u00f3siles. - Diario 21","isPartOf":{"@id":"https:\/\/www.diario21.tv\/noticias\/#website"},"primaryImageOfPage":{"@id":"https:\/\/www.diario21.tv\/noticias\/cop30-fracasa-no-se-logran-acuerdos-decisivos-contra-los-combustibles-fosiles\/#primaryimage"},"image":{"@id":"https:\/\/www.diario21.tv\/noticias\/cop30-fracasa-no-se-logran-acuerdos-decisivos-contra-los-combustibles-fosiles\/#primaryimage"},"thumbnailUrl":"https:\/\/www.diario21.tv\/noticias\/wp-content\/uploads\/2025\/11\/COP30-fracasa-no-se-logran-acuerdos-decisivos-contra-los-combustibles.jpg","datePublished":"2025-11-25T19:08:00+00:00","dateModified":"2025-11-25T19:08:01+00:00","author":{"@id":"https:\/\/www.diario21.tv\/noticias\/#\/schema\/person\/dfb778f73814d8f09f302618446a526b"},"breadcrumb":{"@id":"https:\/\/www.diario21.tv\/noticias\/cop30-fracasa-no-se-logran-acuerdos-decisivos-contra-los-combustibles-fosiles\/#breadcrumb"},"inLanguage":"es-AR","potentialAction":[{"@type":"ReadAction","target":["https:\/\/www.diario21.tv\/noticias\/cop30-fracasa-no-se-logran-acuerdos-decisivos-contra-los-combustibles-fosiles\/"]}]},{"@type":"ImageObject","inLanguage":"es-AR","@id":"https:\/\/www.diario21.tv\/noticias\/cop30-fracasa-no-se-logran-acuerdos-decisivos-contra-los-combustibles-fosiles\/#primaryimage","url":"https:\/\/www.diario21.tv\/noticias\/wp-content\/uploads\/2025\/11\/COP30-fracasa-no-se-logran-acuerdos-decisivos-contra-los-combustibles.jpg","contentUrl":"https:\/\/www.diario21.tv\/noticias\/wp-content\/uploads\/2025\/11\/COP30-fracasa-no-se-logran-acuerdos-decisivos-contra-los-combustibles.jpg","width":1200,"height":840,"caption":"La COP30 decepciona y acaba sin acordar medidas contundentes contra los combustibles f\u00f3siles"},{"@type":"BreadcrumbList","@id":"https:\/\/www.diario21.tv\/noticias\/cop30-fracasa-no-se-logran-acuerdos-decisivos-contra-los-combustibles-fosiles\/#breadcrumb","itemListElement":[{"@type":"ListItem","position":1,"name":"Accueil","item":"https:\/\/www.diario21.tv\/noticias\/"},{"@type":"ListItem","position":2,"name":"COP30 fracasa: no se logran acuerdos decisivos contra los combustibles f\u00f3siles."}]},{"@type":"WebSite","@id":"https:\/\/www.diario21.tv\/noticias\/#website","url":"https:\/\/www.diario21.tv\/noticias\/","name":"Diario 21","description":"","potentialAction":[{"@type":"SearchAction","target":{"@type":"EntryPoint","urlTemplate":"https:\/\/www.diario21.tv\/noticias\/?s={search_term_string}"},"query-input":{"@type":"PropertyValueSpecification","valueRequired":true,"valueName":"search_term_string"}}],"inLanguage":"es-AR"},{"@type":"Person","@id":"https:\/\/www.diario21.tv\/noticias\/#\/schema\/person\/dfb778f73814d8f09f302618446a526b","name":"Juan P\u00e9rez","image":{"@type":"ImageObject","inLanguage":"es-AR","@id":"https:\/\/www.diario21.tv\/noticias\/#\/schema\/person\/image\/","url":"https:\/\/secure.gravatar.com\/avatar\/c478a405bd10621167f4c3167cc770f5?s=96&d=mm&r=g","contentUrl":"https:\/\/secure.gravatar.com\/avatar\/c478a405bd10621167f4c3167cc770f5?s=96&d=mm&r=g","caption":"Juan P\u00e9rez"},"description":"Juan P\u00e9rez es el redactor en jefe de Diario 21. Con m\u00e1s de 10 a\u00f1os de experiencia en el periodismo, se especializa en pol\u00edtica nacional y an\u00e1lisis socioecon\u00f3mico. Su enfoque cr\u00edtico y riguroso aporta una perspectiva \u00fanica a cada art\u00edculo.","sameAs":["https:\/\/www.diario21.tv\/noticias\/"],"url":"https:\/\/www.diario21.tv\/noticias\/author\/juan-perez\/"}]}},"_links":{"self":[{"href":"https:\/\/www.diario21.tv\/noticias\/wp-json\/wp\/v2\/posts\/5313"}],"collection":[{"href":"https:\/\/www.diario21.tv\/noticias\/wp-json\/wp\/v2\/posts"}],"about":[{"href":"https:\/\/www.diario21.tv\/noticias\/wp-json\/wp\/v2\/types\/post"}],"author":[{"embeddable":true,"href":"https:\/\/www.diario21.tv\/noticias\/wp-json\/wp\/v2\/users\/20"}],"replies":[{"embeddable":true,"href":"https:\/\/www.diario21.tv\/noticias\/wp-json\/wp\/v2\/comments?post=5313"}],"version-history":[{"count":1,"href":"https:\/\/www.diario21.tv\/noticias\/wp-json\/wp\/v2\/posts\/5313\/revisions"}],"predecessor-version":[{"id":5315,"href":"https:\/\/www.diario21.tv\/noticias\/wp-json\/wp\/v2\/posts\/5313\/revisions\/5315"}],"wp:featuredmedia":[{"embeddable":true,"href":"https:\/\/www.diario21.tv\/noticias\/wp-json\/wp\/v2\/media\/5314"}],"wp:attachment":[{"href":"https:\/\/www.diario21.tv\/noticias\/wp-json\/wp\/v2\/media?parent=5313"}],"wp:term":[{"taxonomy":"category","embeddable":true,"href":"https:\/\/www.diario21.tv\/noticias\/wp-json\/wp\/v2\/categories?post=5313"},{"taxonomy":"post_tag","embeddable":true,"href":"https:\/\/www.diario21.tv\/noticias\/wp-json\/wp\/v2\/tags?post=5313"}],"curies":[{"name":"wp","href":"https:\/\/api.w.org\/{rel}","templated":true}]}}