{"id":5304,"date":"2025-11-25T00:57:25","date_gmt":"2025-11-25T00:57:25","guid":{"rendered":"https:\/\/www.diario21.tv\/noticias\/alerta-en-alzira-clinica-dental-operaba-sin-autorizacion-para-sedaciones-intravenosas\/"},"modified":"2025-11-25T00:57:27","modified_gmt":"2025-11-25T00:57:27","slug":"alerta-en-alzira-clinica-dental-operaba-sin-autorizacion-para-sedaciones-intravenosas","status":"publish","type":"post","link":"https:\/\/www.diario21.tv\/noticias\/alerta-en-alzira-clinica-dental-operaba-sin-autorizacion-para-sedaciones-intravenosas\/","title":{"rendered":"\u00a1Alerta en Alzira! Cl\u00ednica dental operaba sin autorizaci\u00f3n para sedaciones intravenosas"},"content":{"rendered":"<h2>La Cl\u00ednica Dental en Alzira y la Tragedia de la Joven Paciente<\/h2>\n<p>En Alzira, una localidad de la Comunidad Valenciana, se ha producido un tr\u00e1gico suceso que ha conmocionado a la comunidad. Una cl\u00ednica dental, donde una joven paciente perdi\u00f3 la vida recientemente, ha sido descubierta operando sin las licencias necesarias para realizar sedaciones intravenosas. Este incidente ha levantado numerosas cuestiones sobre los protocolos de seguridad y regulaciones en el \u00e1mbito de la odontolog\u00eda.<\/p>\n<h3>Irregularidades en la Autorizaci\u00f3n de Procedimientos<\/h3>\n<p>Fuentes cercanas al caso han revelado que la cl\u00ednica en cuesti\u00f3n no pose\u00eda la autorizaci\u00f3n adecuada por parte de las autoridades sanitarias para llevar a cabo procedimientos que incluyeran la sedaci\u00f3n intravenosa. Este tipo de sedaci\u00f3n es com\u00fanmente utilizada en tratamientos que requieren que el paciente est\u00e9 completamente inconsciente, como puede ser en cirug\u00edas complejas o en pacientes que experimentan niveles altos de ansiedad.<\/p>\n<h3>Detalles del Incidente<\/h3>\n<p>La menor, cuya identidad no ha sido divulgada, asisti\u00f3 a la cl\u00ednica para someterse a un procedimiento dental que, seg\u00fan informes, inclu\u00eda una sedaci\u00f3n. Desafortunadamente, tras la aplicaci\u00f3n de la sedaci\u00f3n, la ni\u00f1a mostr\u00f3 reacciones adversas que resultaron en su fallecimiento. Este suceso ha despertado preocupaciones sobre la vigilancia y el cumplimiento de las normativas en establecimientos m\u00e9dicos privados, especialmente aquellos que ofrecen servicios que implican riesgos significativos.<\/p>\n<h3>Reacciones y Medidas Tomadas<\/h3>\n<p>La noticia de este incidente ha generado una ola de reacciones entre la poblaci\u00f3n y autoridades sanitarias. La comunidad m\u00e9dica y dental se ha visto particularmente afectada, ya que este caso pone en duda la seguridad de pr\u00e1cticas que son com\u00fanmente aceptadas en el sector. Por su parte, las autoridades han comenzado una investigaci\u00f3n exhaustiva para determinar las causas exactas del fallecimiento y evaluar la responsabilidad de la cl\u00ednica en el cumplimiento de las normas de seguridad pertinentes.<\/p>\n<h3>Consecuencias y Futuro de la Regulaci\u00f3n en Cl\u00ednicas Dentales<\/h3>\n<p>Este lamentable suceso ha puesto en relieve la necesidad urgente de revisar y reforzar las regulaciones en cl\u00ednicas dentales y otros establecimientos m\u00e9dicos que realizan procedimientos similares. La seguridad del paciente debe ser siempre la prioridad, y este caso subraya la importancia de asegurarse de que todos los centros m\u00e9dicos cumplan con las leyes y reglamentos establecidos para proteger a los pacientes.<\/p>\n<p>En conclusi\u00f3n, la comunidad de Alzira ha sido testigo de un tr\u00e1gico recordatorio de la importancia de la regulaci\u00f3n y el control en la pr\u00e1ctica m\u00e9dica y dental. Mientras la investigaci\u00f3n contin\u00faa, queda la esperanza de que este triste evento conduzca a mejoras significativas en las pol\u00edticas de salud y seguridad, evitando as\u00ed futuras tragedias.<\/p>\n\n\n<div class=\"kk-star-ratings kksr-auto kksr-align-left kksr-valign-bottom\"\n    data-payload='{&quot;align&quot;:&quot;left&quot;,&quot;id&quot;:&quot;5304&quot;,&quot;slug&quot;:&quot;default&quot;,&quot;valign&quot;:&quot;bottom&quot;,&quot;ignore&quot;:&quot;&quot;,&quot;reference&quot;:&quot;auto&quot;,&quot;class&quot;:&quot;&quot;,&quot;count&quot;:&quot;0&quot;,&quot;legendonly&quot;:&quot;&quot;,&quot;readonly&quot;:&quot;&quot;,&quot;score&quot;:&quot;0&quot;,&quot;starsonly&quot;:&quot;&quot;,&quot;best&quot;:&quot;5&quot;,&quot;gap&quot;:&quot;5&quot;,&quot;greet&quot;:&quot;Valora este post&quot;,&quot;legend&quot;:&quot;0\\\/5 - (0 votes)&quot;,&quot;size&quot;:&quot;22&quot;,&quot;title&quot;:&quot;\u00a1Alerta en Alzira! Cl\u00ednica dental operaba sin autorizaci\u00f3n para sedaciones intravenosas&quot;,&quot;width&quot;:&quot;0&quot;,&quot;_legend&quot;:&quot;{score}\\\/{best} - ({count} {votes})&quot;,&quot;font_factor&quot;:&quot;1.25&quot;}'>\n            \n<div class=\"kksr-stars\">\n    \n<div class=\"kksr-stars-inactive\">\n            <div class=\"kksr-star\" data-star=\"1\" style=\"padding-right: 5px\">\n            \n\n<div class=\"kksr-icon\" style=\"width: 22px; height: 22px;\"><\/div>\n        <\/div>\n            <div class=\"kksr-star\" data-star=\"2\" style=\"padding-right: 5px\">\n            \n\n<div class=\"kksr-icon\" style=\"width: 22px; height: 22px;\"><\/div>\n        <\/div>\n            <div class=\"kksr-star\" data-star=\"3\" style=\"padding-right: 5px\">\n            \n\n<div class=\"kksr-icon\" style=\"width: 22px; height: 22px;\"><\/div>\n        <\/div>\n            <div class=\"kksr-star\" data-star=\"4\" style=\"padding-right: 5px\">\n            \n\n<div class=\"kksr-icon\" style=\"width: 22px; height: 22px;\"><\/div>\n        <\/div>\n            <div class=\"kksr-star\" data-star=\"5\" style=\"padding-right: 5px\">\n            \n\n<div class=\"kksr-icon\" style=\"width: 22px; height: 22px;\"><\/div>\n        <\/div>\n    <\/div>\n    \n<div class=\"kksr-stars-active\" style=\"width: 0px;\">\n            <div class=\"kksr-star\" style=\"padding-right: 5px\">\n            \n\n<div class=\"kksr-icon\" style=\"width: 22px; height: 22px;\"><\/div>\n        <\/div>\n            <div class=\"kksr-star\" style=\"padding-right: 5px\">\n            \n\n<div class=\"kksr-icon\" style=\"width: 22px; height: 22px;\"><\/div>\n        <\/div>\n            <div class=\"kksr-star\" style=\"padding-right: 5px\">\n            \n\n<div class=\"kksr-icon\" style=\"width: 22px; height: 22px;\"><\/div>\n        <\/div>\n            <div class=\"kksr-star\" style=\"padding-right: 5px\">\n            \n\n<div class=\"kksr-icon\" style=\"width: 22px; height: 22px;\"><\/div>\n        <\/div>\n            <div class=\"kksr-star\" style=\"padding-right: 5px\">\n            \n\n<div class=\"kksr-icon\" style=\"width: 22px; height: 22px;\"><\/div>\n        <\/div>\n    <\/div>\n<\/div>\n                \n\n<div class=\"kksr-legend\" style=\"font-size: 17.6px;\">\n            <span class=\"kksr-muted\">Valora este post<\/span>\n    <\/div>\n    <\/div>\n","protected":false},"excerpt":{"rendered":"<p>La Cl\u00ednica Dental en Alzira y la Tragedia de la Joven Paciente En Alzira, una localidad de la Comunidad Valenciana, se ha producido un tr\u00e1gico suceso &#8230; <a title=\"\u00a1Alerta en Alzira! Cl\u00ednica dental operaba sin autorizaci\u00f3n para sedaciones intravenosas\" class=\"read-more\" href=\"https:\/\/www.diario21.tv\/noticias\/alerta-en-alzira-clinica-dental-operaba-sin-autorizacion-para-sedaciones-intravenosas\/\" aria-label=\"Leer m\u00e1s sobre \u00a1Alerta en Alzira! Cl\u00ednica dental operaba sin autorizaci\u00f3n para sedaciones intravenosas\">Seguir leyendo &rarr;<\/a><\/p>\n","protected":false},"author":20,"featured_media":5305,"comment_status":"open","ping_status":"open","sticky":false,"template":"","format":"standard","meta":{"footnotes":""},"categories":[13],"tags":[],"class_list":["post-5304","post","type-post","status-publish","format-standard","has-post-thumbnail","hentry","category-portada"],"yoast_head":"<!-- This site is optimized with the Yoast SEO plugin v25.6 - https:\/\/yoast.com\/wordpress\/plugins\/seo\/ -->\n<title>\u00a1Alerta en Alzira! Cl\u00ednica dental operaba sin autorizaci\u00f3n para sedaciones intravenosas - Diario 21<\/title>\n<meta name=\"robots\" content=\"index, follow, max-snippet:-1, max-image-preview:large, max-video-preview:-1\" \/>\n<link rel=\"canonical\" href=\"https:\/\/www.diario21.tv\/noticias\/alerta-en-alzira-clinica-dental-operaba-sin-autorizacion-para-sedaciones-intravenosas\/\" \/>\n<meta property=\"og:locale\" content=\"es_ES\" \/>\n<meta property=\"og:type\" content=\"article\" \/>\n<meta property=\"og:title\" content=\"\u00a1Alerta en Alzira! Cl\u00ednica dental operaba sin autorizaci\u00f3n para sedaciones intravenosas - Diario 21\" \/>\n<meta property=\"og:description\" content=\"La Cl\u00ednica Dental en Alzira y la Tragedia de la Joven Paciente En Alzira, una localidad de la Comunidad Valenciana, se ha producido un tr\u00e1gico suceso ... Seguir leyendo &rarr;\" \/>\n<meta property=\"og:url\" content=\"https:\/\/www.diario21.tv\/noticias\/alerta-en-alzira-clinica-dental-operaba-sin-autorizacion-para-sedaciones-intravenosas\/\" \/>\n<meta property=\"og:site_name\" content=\"Diario 21\" \/>\n<meta property=\"article:published_time\" content=\"2025-11-25T00:57:25+00:00\" \/>\n<meta property=\"article:modified_time\" content=\"2025-11-25T00:57:27+00:00\" \/>\n<meta property=\"og:image\" content=\"https:\/\/www.diario21.tv\/noticias\/wp-content\/uploads\/2025\/11\/\u00a1Alerta-en-Alzira-Clinica-dental-operaba-sin-autorizacion-para-sedaciones.jpg\" \/>\n\t<meta property=\"og:image:width\" content=\"1200\" \/>\n\t<meta property=\"og:image:height\" content=\"840\" \/>\n\t<meta property=\"og:image:type\" content=\"image\/jpeg\" \/>\n<meta name=\"author\" content=\"Juan P\u00e9rez\" \/>\n<meta name=\"twitter:card\" content=\"summary_large_image\" \/>\n<meta name=\"twitter:label1\" content=\"Escrito por\" \/>\n\t<meta name=\"twitter:data1\" content=\"Juan P\u00e9rez\" \/>\n\t<meta name=\"twitter:label2\" content=\"Tiempo de lectura\" \/>\n\t<meta name=\"twitter:data2\" content=\"2 minutos\" \/>\n<script type=\"application\/ld+json\" class=\"yoast-schema-graph\">{\"@context\":\"https:\/\/schema.org\",\"@graph\":[{\"@type\":\"WebPage\",\"@id\":\"https:\/\/www.diario21.tv\/noticias\/alerta-en-alzira-clinica-dental-operaba-sin-autorizacion-para-sedaciones-intravenosas\/\",\"url\":\"https:\/\/www.diario21.tv\/noticias\/alerta-en-alzira-clinica-dental-operaba-sin-autorizacion-para-sedaciones-intravenosas\/\",\"name\":\"\u00a1Alerta en Alzira! Cl\u00ednica dental operaba sin autorizaci\u00f3n para sedaciones intravenosas - Diario 21\",\"isPartOf\":{\"@id\":\"https:\/\/www.diario21.tv\/noticias\/#website\"},\"primaryImageOfPage\":{\"@id\":\"https:\/\/www.diario21.tv\/noticias\/alerta-en-alzira-clinica-dental-operaba-sin-autorizacion-para-sedaciones-intravenosas\/#primaryimage\"},\"image\":{\"@id\":\"https:\/\/www.diario21.tv\/noticias\/alerta-en-alzira-clinica-dental-operaba-sin-autorizacion-para-sedaciones-intravenosas\/#primaryimage\"},\"thumbnailUrl\":\"https:\/\/www.diario21.tv\/noticias\/wp-content\/uploads\/2025\/11\/\u00a1Alerta-en-Alzira-Clinica-dental-operaba-sin-autorizacion-para-sedaciones.jpg\",\"datePublished\":\"2025-11-25T00:57:25+00:00\",\"dateModified\":\"2025-11-25T00:57:27+00:00\",\"author\":{\"@id\":\"https:\/\/www.diario21.tv\/noticias\/#\/schema\/person\/dfb778f73814d8f09f302618446a526b\"},\"breadcrumb\":{\"@id\":\"https:\/\/www.diario21.tv\/noticias\/alerta-en-alzira-clinica-dental-operaba-sin-autorizacion-para-sedaciones-intravenosas\/#breadcrumb\"},\"inLanguage\":\"es-AR\",\"potentialAction\":[{\"@type\":\"ReadAction\",\"target\":[\"https:\/\/www.diario21.tv\/noticias\/alerta-en-alzira-clinica-dental-operaba-sin-autorizacion-para-sedaciones-intravenosas\/\"]}]},{\"@type\":\"ImageObject\",\"inLanguage\":\"es-AR\",\"@id\":\"https:\/\/www.diario21.tv\/noticias\/alerta-en-alzira-clinica-dental-operaba-sin-autorizacion-para-sedaciones-intravenosas\/#primaryimage\",\"url\":\"https:\/\/www.diario21.tv\/noticias\/wp-content\/uploads\/2025\/11\/\u00a1Alerta-en-Alzira-Clinica-dental-operaba-sin-autorizacion-para-sedaciones.jpg\",\"contentUrl\":\"https:\/\/www.diario21.tv\/noticias\/wp-content\/uploads\/2025\/11\/\u00a1Alerta-en-Alzira-Clinica-dental-operaba-sin-autorizacion-para-sedaciones.jpg\",\"width\":1200,\"height\":840,\"caption\":\"La cl\u00ednica dental de Alzira donde fue atendida la ni\u00f1a fallecida no ten\u00eda autorizaci\u00f3n para sedaciones por v\u00eda intravenosa\"},{\"@type\":\"BreadcrumbList\",\"@id\":\"https:\/\/www.diario21.tv\/noticias\/alerta-en-alzira-clinica-dental-operaba-sin-autorizacion-para-sedaciones-intravenosas\/#breadcrumb\",\"itemListElement\":[{\"@type\":\"ListItem\",\"position\":1,\"name\":\"Accueil\",\"item\":\"https:\/\/www.diario21.tv\/noticias\/\"},{\"@type\":\"ListItem\",\"position\":2,\"name\":\"\u00a1Alerta en Alzira! Cl\u00ednica dental operaba sin autorizaci\u00f3n para sedaciones intravenosas\"}]},{\"@type\":\"WebSite\",\"@id\":\"https:\/\/www.diario21.tv\/noticias\/#website\",\"url\":\"https:\/\/www.diario21.tv\/noticias\/\",\"name\":\"Diario 21\",\"description\":\"\",\"potentialAction\":[{\"@type\":\"SearchAction\",\"target\":{\"@type\":\"EntryPoint\",\"urlTemplate\":\"https:\/\/www.diario21.tv\/noticias\/?s={search_term_string}\"},\"query-input\":{\"@type\":\"PropertyValueSpecification\",\"valueRequired\":true,\"valueName\":\"search_term_string\"}}],\"inLanguage\":\"es-AR\"},{\"@type\":\"Person\",\"@id\":\"https:\/\/www.diario21.tv\/noticias\/#\/schema\/person\/dfb778f73814d8f09f302618446a526b\",\"name\":\"Juan P\u00e9rez\",\"image\":{\"@type\":\"ImageObject\",\"inLanguage\":\"es-AR\",\"@id\":\"https:\/\/www.diario21.tv\/noticias\/#\/schema\/person\/image\/\",\"url\":\"https:\/\/secure.gravatar.com\/avatar\/c478a405bd10621167f4c3167cc770f5?s=96&d=mm&r=g\",\"contentUrl\":\"https:\/\/secure.gravatar.com\/avatar\/c478a405bd10621167f4c3167cc770f5?s=96&d=mm&r=g\",\"caption\":\"Juan P\u00e9rez\"},\"description\":\"Juan P\u00e9rez es el redactor en jefe de Diario 21. Con m\u00e1s de 10 a\u00f1os de experiencia en el periodismo, se especializa en pol\u00edtica nacional y an\u00e1lisis socioecon\u00f3mico. Su enfoque cr\u00edtico y riguroso aporta una perspectiva \u00fanica a cada art\u00edculo.\",\"sameAs\":[\"https:\/\/www.diario21.tv\/noticias\/\"],\"url\":\"https:\/\/www.diario21.tv\/noticias\/author\/juan-perez\/\"}]}<\/script>\n<!-- \/ Yoast SEO plugin. -->","yoast_head_json":{"title":"\u00a1Alerta en Alzira! Cl\u00ednica dental operaba sin autorizaci\u00f3n para sedaciones intravenosas - Diario 21","robots":{"index":"index","follow":"follow","max-snippet":"max-snippet:-1","max-image-preview":"max-image-preview:large","max-video-preview":"max-video-preview:-1"},"canonical":"https:\/\/www.diario21.tv\/noticias\/alerta-en-alzira-clinica-dental-operaba-sin-autorizacion-para-sedaciones-intravenosas\/","og_locale":"es_ES","og_type":"article","og_title":"\u00a1Alerta en Alzira! Cl\u00ednica dental operaba sin autorizaci\u00f3n para sedaciones intravenosas - Diario 21","og_description":"La Cl\u00ednica Dental en Alzira y la Tragedia de la Joven Paciente En Alzira, una localidad de la Comunidad Valenciana, se ha producido un tr\u00e1gico suceso ... Seguir leyendo &rarr;","og_url":"https:\/\/www.diario21.tv\/noticias\/alerta-en-alzira-clinica-dental-operaba-sin-autorizacion-para-sedaciones-intravenosas\/","og_site_name":"Diario 21","article_published_time":"2025-11-25T00:57:25+00:00","article_modified_time":"2025-11-25T00:57:27+00:00","og_image":[{"width":1200,"height":840,"url":"https:\/\/www.diario21.tv\/noticias\/wp-content\/uploads\/2025\/11\/\u00a1Alerta-en-Alzira-Clinica-dental-operaba-sin-autorizacion-para-sedaciones.jpg","type":"image\/jpeg"}],"author":"Juan P\u00e9rez","twitter_card":"summary_large_image","twitter_misc":{"Escrito por":"Juan P\u00e9rez","Tiempo de lectura":"2 minutos"},"schema":{"@context":"https:\/\/schema.org","@graph":[{"@type":"WebPage","@id":"https:\/\/www.diario21.tv\/noticias\/alerta-en-alzira-clinica-dental-operaba-sin-autorizacion-para-sedaciones-intravenosas\/","url":"https:\/\/www.diario21.tv\/noticias\/alerta-en-alzira-clinica-dental-operaba-sin-autorizacion-para-sedaciones-intravenosas\/","name":"\u00a1Alerta en Alzira! Cl\u00ednica dental operaba sin autorizaci\u00f3n para sedaciones intravenosas - Diario 21","isPartOf":{"@id":"https:\/\/www.diario21.tv\/noticias\/#website"},"primaryImageOfPage":{"@id":"https:\/\/www.diario21.tv\/noticias\/alerta-en-alzira-clinica-dental-operaba-sin-autorizacion-para-sedaciones-intravenosas\/#primaryimage"},"image":{"@id":"https:\/\/www.diario21.tv\/noticias\/alerta-en-alzira-clinica-dental-operaba-sin-autorizacion-para-sedaciones-intravenosas\/#primaryimage"},"thumbnailUrl":"https:\/\/www.diario21.tv\/noticias\/wp-content\/uploads\/2025\/11\/\u00a1Alerta-en-Alzira-Clinica-dental-operaba-sin-autorizacion-para-sedaciones.jpg","datePublished":"2025-11-25T00:57:25+00:00","dateModified":"2025-11-25T00:57:27+00:00","author":{"@id":"https:\/\/www.diario21.tv\/noticias\/#\/schema\/person\/dfb778f73814d8f09f302618446a526b"},"breadcrumb":{"@id":"https:\/\/www.diario21.tv\/noticias\/alerta-en-alzira-clinica-dental-operaba-sin-autorizacion-para-sedaciones-intravenosas\/#breadcrumb"},"inLanguage":"es-AR","potentialAction":[{"@type":"ReadAction","target":["https:\/\/www.diario21.tv\/noticias\/alerta-en-alzira-clinica-dental-operaba-sin-autorizacion-para-sedaciones-intravenosas\/"]}]},{"@type":"ImageObject","inLanguage":"es-AR","@id":"https:\/\/www.diario21.tv\/noticias\/alerta-en-alzira-clinica-dental-operaba-sin-autorizacion-para-sedaciones-intravenosas\/#primaryimage","url":"https:\/\/www.diario21.tv\/noticias\/wp-content\/uploads\/2025\/11\/\u00a1Alerta-en-Alzira-Clinica-dental-operaba-sin-autorizacion-para-sedaciones.jpg","contentUrl":"https:\/\/www.diario21.tv\/noticias\/wp-content\/uploads\/2025\/11\/\u00a1Alerta-en-Alzira-Clinica-dental-operaba-sin-autorizacion-para-sedaciones.jpg","width":1200,"height":840,"caption":"La cl\u00ednica dental de Alzira donde fue atendida la ni\u00f1a fallecida no ten\u00eda autorizaci\u00f3n para sedaciones por v\u00eda intravenosa"},{"@type":"BreadcrumbList","@id":"https:\/\/www.diario21.tv\/noticias\/alerta-en-alzira-clinica-dental-operaba-sin-autorizacion-para-sedaciones-intravenosas\/#breadcrumb","itemListElement":[{"@type":"ListItem","position":1,"name":"Accueil","item":"https:\/\/www.diario21.tv\/noticias\/"},{"@type":"ListItem","position":2,"name":"\u00a1Alerta en Alzira! Cl\u00ednica dental operaba sin autorizaci\u00f3n para sedaciones intravenosas"}]},{"@type":"WebSite","@id":"https:\/\/www.diario21.tv\/noticias\/#website","url":"https:\/\/www.diario21.tv\/noticias\/","name":"Diario 21","description":"","potentialAction":[{"@type":"SearchAction","target":{"@type":"EntryPoint","urlTemplate":"https:\/\/www.diario21.tv\/noticias\/?s={search_term_string}"},"query-input":{"@type":"PropertyValueSpecification","valueRequired":true,"valueName":"search_term_string"}}],"inLanguage":"es-AR"},{"@type":"Person","@id":"https:\/\/www.diario21.tv\/noticias\/#\/schema\/person\/dfb778f73814d8f09f302618446a526b","name":"Juan P\u00e9rez","image":{"@type":"ImageObject","inLanguage":"es-AR","@id":"https:\/\/www.diario21.tv\/noticias\/#\/schema\/person\/image\/","url":"https:\/\/secure.gravatar.com\/avatar\/c478a405bd10621167f4c3167cc770f5?s=96&d=mm&r=g","contentUrl":"https:\/\/secure.gravatar.com\/avatar\/c478a405bd10621167f4c3167cc770f5?s=96&d=mm&r=g","caption":"Juan P\u00e9rez"},"description":"Juan P\u00e9rez es el redactor en jefe de Diario 21. Con m\u00e1s de 10 a\u00f1os de experiencia en el periodismo, se especializa en pol\u00edtica nacional y an\u00e1lisis socioecon\u00f3mico. Su enfoque cr\u00edtico y riguroso aporta una perspectiva \u00fanica a cada art\u00edculo.","sameAs":["https:\/\/www.diario21.tv\/noticias\/"],"url":"https:\/\/www.diario21.tv\/noticias\/author\/juan-perez\/"}]}},"_links":{"self":[{"href":"https:\/\/www.diario21.tv\/noticias\/wp-json\/wp\/v2\/posts\/5304"}],"collection":[{"href":"https:\/\/www.diario21.tv\/noticias\/wp-json\/wp\/v2\/posts"}],"about":[{"href":"https:\/\/www.diario21.tv\/noticias\/wp-json\/wp\/v2\/types\/post"}],"author":[{"embeddable":true,"href":"https:\/\/www.diario21.tv\/noticias\/wp-json\/wp\/v2\/users\/20"}],"replies":[{"embeddable":true,"href":"https:\/\/www.diario21.tv\/noticias\/wp-json\/wp\/v2\/comments?post=5304"}],"version-history":[{"count":1,"href":"https:\/\/www.diario21.tv\/noticias\/wp-json\/wp\/v2\/posts\/5304\/revisions"}],"predecessor-version":[{"id":5306,"href":"https:\/\/www.diario21.tv\/noticias\/wp-json\/wp\/v2\/posts\/5304\/revisions\/5306"}],"wp:featuredmedia":[{"embeddable":true,"href":"https:\/\/www.diario21.tv\/noticias\/wp-json\/wp\/v2\/media\/5305"}],"wp:attachment":[{"href":"https:\/\/www.diario21.tv\/noticias\/wp-json\/wp\/v2\/media?parent=5304"}],"wp:term":[{"taxonomy":"category","embeddable":true,"href":"https:\/\/www.diario21.tv\/noticias\/wp-json\/wp\/v2\/categories?post=5304"},{"taxonomy":"post_tag","embeddable":true,"href":"https:\/\/www.diario21.tv\/noticias\/wp-json\/wp\/v2\/tags?post=5304"}],"curies":[{"name":"wp","href":"https:\/\/api.w.org\/{rel}","templated":true}]}}