{"id":5301,"date":"2025-11-24T18:56:45","date_gmt":"2025-11-24T18:56:45","guid":{"rendered":"https:\/\/www.diario21.tv\/noticias\/detenido-en-malaga-por-el-asesinato-de-su-expareja-de-60-anos-en-su-propia-casa\/"},"modified":"2025-11-24T18:56:46","modified_gmt":"2025-11-24T18:56:46","slug":"detenido-en-malaga-por-el-asesinato-de-su-expareja-de-60-anos-en-su-propia-casa","status":"publish","type":"post","link":"https:\/\/www.diario21.tv\/noticias\/detenido-en-malaga-por-el-asesinato-de-su-expareja-de-60-anos-en-su-propia-casa\/","title":{"rendered":"\u00a1Detenido en M\u00e1laga por el asesinato de su expareja de 60 a\u00f1os en su propia casa!"},"content":{"rendered":"<h2>Arresto por el Homicidio de una Mujer de 60 A\u00f1os en M\u00e1laga<\/h2>\n<p>Un hombre ha sido detenido como presunto autor del asesinato de su excompa\u00f1era, una mujer de 60 a\u00f1os, en un domicilio situado en M\u00e1laga. Este grave incidente ha conmovido a la comunidad local y ha puesto de nuevo el foco en la violencia de g\u00e9nero en Espa\u00f1a.<\/p>\n<h3>Detalles del Incidente<\/h3>\n<p>Los hechos ocurrieron en una vivienda de la ciudad, donde resid\u00eda la v\u00edctima. Seg\u00fan los informes preliminares de la investigaci\u00f3n, la polic\u00eda fue alertada por vecinos que escucharon disturbios y gritos provenientes de la casa de la mujer. Al llegar al lugar, los agentes encontraron a la mujer sin vida, con evidentes signos de violencia.<\/p>\n<p>El sospechoso, que es el excompa\u00f1ero sentimental de la v\u00edctima, fue arrestado en las inmediaciones del lugar poco despu\u00e9s del hallazgo del cuerpo. Se le considera el principal responsable de este acto violento. Aunque los detalles espec\u00edficos sobre c\u00f3mo se llev\u00f3 a cabo el crimen a\u00fan no han sido completamente revelados, se sabe que la pareja hab\u00eda terminado su relaci\u00f3n hace varios meses y que hab\u00eda antecedentes de disputas entre ellos.<\/p>\n<h3>Reacciones y Consecuencias<\/h3>\n<p>El suceso ha generado una profunda indignaci\u00f3n entre los vecinos y la sociedad malague\u00f1a en general. Organizaciones dedicadas a la lucha contra la violencia hacia las mujeres han expresado su repulsa y han convocado actos para recordar a la v\u00edctima y exigir medidas m\u00e1s eficaces para prevenir este tipo de delitos.<\/p>\n<p>Las autoridades, por su parte, han reafirmado su compromiso con la erradicaci\u00f3n de la violencia de g\u00e9nero y han prometido reforzar las pol\u00edticas y recursos destinados a proteger a las mujeres en riesgo. Este nuevo caso ha subrayado la necesidad de continuar trabajando en la educaci\u00f3n y en la concienciaci\u00f3n sobre la igualdad y el respeto mutuo en las relaciones.<\/p>\n<h3>Investigaci\u00f3n en Curso<\/h3>\n<p>La investigaci\u00f3n sobre el homicidio sigue en curso, con el objetivo de esclarecer completamente las circunstancias que rodearon la muerte de la mujer y asegurar que se haga justicia. El detenido se encuentra bajo custodia policial y est\u00e1 previsto que pase a disposici\u00f3n judicial en los pr\u00f3ximos d\u00edas.<\/p>\n<p>Este tr\u00e1gico evento es un doloroso recordatorio de los desaf\u00edos que a\u00fan enfrenta la sociedad en t\u00e9rminos de violencia dom\u00e9stica y de g\u00e9nero. Resalta la importancia de seguir luchando contra esta grave problem\u00e1tica y de implementar todas las medidas necesarias para proteger a las v\u00edctimas.<\/p>\n\n\n<div class=\"kk-star-ratings kksr-auto kksr-align-left kksr-valign-bottom\"\n    data-payload='{&quot;align&quot;:&quot;left&quot;,&quot;id&quot;:&quot;5301&quot;,&quot;slug&quot;:&quot;default&quot;,&quot;valign&quot;:&quot;bottom&quot;,&quot;ignore&quot;:&quot;&quot;,&quot;reference&quot;:&quot;auto&quot;,&quot;class&quot;:&quot;&quot;,&quot;count&quot;:&quot;0&quot;,&quot;legendonly&quot;:&quot;&quot;,&quot;readonly&quot;:&quot;&quot;,&quot;score&quot;:&quot;0&quot;,&quot;starsonly&quot;:&quot;&quot;,&quot;best&quot;:&quot;5&quot;,&quot;gap&quot;:&quot;5&quot;,&quot;greet&quot;:&quot;Valora este post&quot;,&quot;legend&quot;:&quot;0\\\/5 - (0 votes)&quot;,&quot;size&quot;:&quot;22&quot;,&quot;title&quot;:&quot;\u00a1Detenido en M\u00e1laga por el asesinato de su expareja de 60 a\u00f1os en su propia casa!&quot;,&quot;width&quot;:&quot;0&quot;,&quot;_legend&quot;:&quot;{score}\\\/{best} - ({count} {votes})&quot;,&quot;font_factor&quot;:&quot;1.25&quot;}'>\n            \n<div class=\"kksr-stars\">\n    \n<div class=\"kksr-stars-inactive\">\n            <div class=\"kksr-star\" data-star=\"1\" style=\"padding-right: 5px\">\n            \n\n<div class=\"kksr-icon\" style=\"width: 22px; height: 22px;\"><\/div>\n        <\/div>\n            <div class=\"kksr-star\" data-star=\"2\" style=\"padding-right: 5px\">\n            \n\n<div class=\"kksr-icon\" style=\"width: 22px; height: 22px;\"><\/div>\n        <\/div>\n            <div class=\"kksr-star\" data-star=\"3\" style=\"padding-right: 5px\">\n            \n\n<div class=\"kksr-icon\" style=\"width: 22px; height: 22px;\"><\/div>\n        <\/div>\n            <div class=\"kksr-star\" data-star=\"4\" style=\"padding-right: 5px\">\n            \n\n<div class=\"kksr-icon\" style=\"width: 22px; height: 22px;\"><\/div>\n        <\/div>\n            <div class=\"kksr-star\" data-star=\"5\" style=\"padding-right: 5px\">\n            \n\n<div class=\"kksr-icon\" style=\"width: 22px; height: 22px;\"><\/div>\n        <\/div>\n    <\/div>\n    \n<div class=\"kksr-stars-active\" style=\"width: 0px;\">\n            <div class=\"kksr-star\" style=\"padding-right: 5px\">\n            \n\n<div class=\"kksr-icon\" style=\"width: 22px; height: 22px;\"><\/div>\n        <\/div>\n            <div class=\"kksr-star\" style=\"padding-right: 5px\">\n            \n\n<div class=\"kksr-icon\" style=\"width: 22px; height: 22px;\"><\/div>\n        <\/div>\n            <div class=\"kksr-star\" style=\"padding-right: 5px\">\n            \n\n<div class=\"kksr-icon\" style=\"width: 22px; height: 22px;\"><\/div>\n        <\/div>\n            <div class=\"kksr-star\" style=\"padding-right: 5px\">\n            \n\n<div class=\"kksr-icon\" style=\"width: 22px; height: 22px;\"><\/div>\n        <\/div>\n            <div class=\"kksr-star\" style=\"padding-right: 5px\">\n            \n\n<div class=\"kksr-icon\" style=\"width: 22px; height: 22px;\"><\/div>\n        <\/div>\n    <\/div>\n<\/div>\n                \n\n<div class=\"kksr-legend\" style=\"font-size: 17.6px;\">\n            <span class=\"kksr-muted\">Valora este post<\/span>\n    <\/div>\n    <\/div>\n","protected":false},"excerpt":{"rendered":"<p>Arresto por el Homicidio de una Mujer de 60 A\u00f1os en M\u00e1laga Un hombre ha sido detenido como presunto autor del asesinato de su excompa\u00f1era, una &#8230; <a title=\"\u00a1Detenido en M\u00e1laga por el asesinato de su expareja de 60 a\u00f1os en su propia casa!\" class=\"read-more\" href=\"https:\/\/www.diario21.tv\/noticias\/detenido-en-malaga-por-el-asesinato-de-su-expareja-de-60-anos-en-su-propia-casa\/\" aria-label=\"Leer m\u00e1s sobre \u00a1Detenido en M\u00e1laga por el asesinato de su expareja de 60 a\u00f1os en su propia casa!\">Seguir leyendo &rarr;<\/a><\/p>\n","protected":false},"author":20,"featured_media":5302,"comment_status":"open","ping_status":"open","sticky":false,"template":"","format":"standard","meta":{"footnotes":""},"categories":[13],"tags":[],"class_list":["post-5301","post","type-post","status-publish","format-standard","has-post-thumbnail","hentry","category-portada"],"yoast_head":"<!-- This site is optimized with the Yoast SEO plugin v25.6 - https:\/\/yoast.com\/wordpress\/plugins\/seo\/ -->\n<title>\u00a1Detenido en M\u00e1laga por el asesinato de su expareja de 60 a\u00f1os en su propia casa! - Diario 21<\/title>\n<meta name=\"robots\" content=\"index, follow, max-snippet:-1, max-image-preview:large, max-video-preview:-1\" \/>\n<link rel=\"canonical\" href=\"https:\/\/www.diario21.tv\/noticias\/detenido-en-malaga-por-el-asesinato-de-su-expareja-de-60-anos-en-su-propia-casa\/\" \/>\n<meta property=\"og:locale\" content=\"es_ES\" \/>\n<meta property=\"og:type\" content=\"article\" \/>\n<meta property=\"og:title\" content=\"\u00a1Detenido en M\u00e1laga por el asesinato de su expareja de 60 a\u00f1os en su propia casa! - Diario 21\" \/>\n<meta property=\"og:description\" content=\"Arresto por el Homicidio de una Mujer de 60 A\u00f1os en M\u00e1laga Un hombre ha sido detenido como presunto autor del asesinato de su excompa\u00f1era, una ... Seguir leyendo &rarr;\" \/>\n<meta property=\"og:url\" content=\"https:\/\/www.diario21.tv\/noticias\/detenido-en-malaga-por-el-asesinato-de-su-expareja-de-60-anos-en-su-propia-casa\/\" \/>\n<meta property=\"og:site_name\" content=\"Diario 21\" \/>\n<meta property=\"article:published_time\" content=\"2025-11-24T18:56:45+00:00\" \/>\n<meta property=\"article:modified_time\" content=\"2025-11-24T18:56:46+00:00\" \/>\n<meta property=\"og:image\" content=\"https:\/\/www.diario21.tv\/noticias\/wp-content\/uploads\/2025\/11\/\u00a1Detenido-en-Malaga-por-el-asesinato-de-su-expareja-de.jpg\" \/>\n\t<meta property=\"og:image:width\" content=\"1200\" \/>\n\t<meta property=\"og:image:height\" content=\"840\" \/>\n\t<meta property=\"og:image:type\" content=\"image\/jpeg\" \/>\n<meta name=\"author\" content=\"Juan P\u00e9rez\" \/>\n<meta name=\"twitter:card\" content=\"summary_large_image\" \/>\n<meta name=\"twitter:label1\" content=\"Escrito por\" \/>\n\t<meta name=\"twitter:data1\" content=\"Juan P\u00e9rez\" \/>\n\t<meta name=\"twitter:label2\" content=\"Tiempo de lectura\" \/>\n\t<meta name=\"twitter:data2\" content=\"2 minutos\" \/>\n<script type=\"application\/ld+json\" class=\"yoast-schema-graph\">{\"@context\":\"https:\/\/schema.org\",\"@graph\":[{\"@type\":\"WebPage\",\"@id\":\"https:\/\/www.diario21.tv\/noticias\/detenido-en-malaga-por-el-asesinato-de-su-expareja-de-60-anos-en-su-propia-casa\/\",\"url\":\"https:\/\/www.diario21.tv\/noticias\/detenido-en-malaga-por-el-asesinato-de-su-expareja-de-60-anos-en-su-propia-casa\/\",\"name\":\"\u00a1Detenido en M\u00e1laga por el asesinato de su expareja de 60 a\u00f1os en su propia casa! - Diario 21\",\"isPartOf\":{\"@id\":\"https:\/\/www.diario21.tv\/noticias\/#website\"},\"primaryImageOfPage\":{\"@id\":\"https:\/\/www.diario21.tv\/noticias\/detenido-en-malaga-por-el-asesinato-de-su-expareja-de-60-anos-en-su-propia-casa\/#primaryimage\"},\"image\":{\"@id\":\"https:\/\/www.diario21.tv\/noticias\/detenido-en-malaga-por-el-asesinato-de-su-expareja-de-60-anos-en-su-propia-casa\/#primaryimage\"},\"thumbnailUrl\":\"https:\/\/www.diario21.tv\/noticias\/wp-content\/uploads\/2025\/11\/\u00a1Detenido-en-Malaga-por-el-asesinato-de-su-expareja-de.jpg\",\"datePublished\":\"2025-11-24T18:56:45+00:00\",\"dateModified\":\"2025-11-24T18:56:46+00:00\",\"author\":{\"@id\":\"https:\/\/www.diario21.tv\/noticias\/#\/schema\/person\/dfb778f73814d8f09f302618446a526b\"},\"breadcrumb\":{\"@id\":\"https:\/\/www.diario21.tv\/noticias\/detenido-en-malaga-por-el-asesinato-de-su-expareja-de-60-anos-en-su-propia-casa\/#breadcrumb\"},\"inLanguage\":\"es-AR\",\"potentialAction\":[{\"@type\":\"ReadAction\",\"target\":[\"https:\/\/www.diario21.tv\/noticias\/detenido-en-malaga-por-el-asesinato-de-su-expareja-de-60-anos-en-su-propia-casa\/\"]}]},{\"@type\":\"ImageObject\",\"inLanguage\":\"es-AR\",\"@id\":\"https:\/\/www.diario21.tv\/noticias\/detenido-en-malaga-por-el-asesinato-de-su-expareja-de-60-anos-en-su-propia-casa\/#primaryimage\",\"url\":\"https:\/\/www.diario21.tv\/noticias\/wp-content\/uploads\/2025\/11\/\u00a1Detenido-en-Malaga-por-el-asesinato-de-su-expareja-de.jpg\",\"contentUrl\":\"https:\/\/www.diario21.tv\/noticias\/wp-content\/uploads\/2025\/11\/\u00a1Detenido-en-Malaga-por-el-asesinato-de-su-expareja-de.jpg\",\"width\":1200,\"height\":840,\"caption\":\"Detenido por matar a su expareja, de 60 a\u00f1os, en una casa de M\u00e1laga\"},{\"@type\":\"BreadcrumbList\",\"@id\":\"https:\/\/www.diario21.tv\/noticias\/detenido-en-malaga-por-el-asesinato-de-su-expareja-de-60-anos-en-su-propia-casa\/#breadcrumb\",\"itemListElement\":[{\"@type\":\"ListItem\",\"position\":1,\"name\":\"Accueil\",\"item\":\"https:\/\/www.diario21.tv\/noticias\/\"},{\"@type\":\"ListItem\",\"position\":2,\"name\":\"\u00a1Detenido en M\u00e1laga por el asesinato de su expareja de 60 a\u00f1os en su propia casa!\"}]},{\"@type\":\"WebSite\",\"@id\":\"https:\/\/www.diario21.tv\/noticias\/#website\",\"url\":\"https:\/\/www.diario21.tv\/noticias\/\",\"name\":\"Diario 21\",\"description\":\"\",\"potentialAction\":[{\"@type\":\"SearchAction\",\"target\":{\"@type\":\"EntryPoint\",\"urlTemplate\":\"https:\/\/www.diario21.tv\/noticias\/?s={search_term_string}\"},\"query-input\":{\"@type\":\"PropertyValueSpecification\",\"valueRequired\":true,\"valueName\":\"search_term_string\"}}],\"inLanguage\":\"es-AR\"},{\"@type\":\"Person\",\"@id\":\"https:\/\/www.diario21.tv\/noticias\/#\/schema\/person\/dfb778f73814d8f09f302618446a526b\",\"name\":\"Juan P\u00e9rez\",\"image\":{\"@type\":\"ImageObject\",\"inLanguage\":\"es-AR\",\"@id\":\"https:\/\/www.diario21.tv\/noticias\/#\/schema\/person\/image\/\",\"url\":\"https:\/\/secure.gravatar.com\/avatar\/c478a405bd10621167f4c3167cc770f5?s=96&d=mm&r=g\",\"contentUrl\":\"https:\/\/secure.gravatar.com\/avatar\/c478a405bd10621167f4c3167cc770f5?s=96&d=mm&r=g\",\"caption\":\"Juan P\u00e9rez\"},\"description\":\"Juan P\u00e9rez es el redactor en jefe de Diario 21. Con m\u00e1s de 10 a\u00f1os de experiencia en el periodismo, se especializa en pol\u00edtica nacional y an\u00e1lisis socioecon\u00f3mico. Su enfoque cr\u00edtico y riguroso aporta una perspectiva \u00fanica a cada art\u00edculo.\",\"sameAs\":[\"https:\/\/www.diario21.tv\/noticias\/\"],\"url\":\"https:\/\/www.diario21.tv\/noticias\/author\/juan-perez\/\"}]}<\/script>\n<!-- \/ Yoast SEO plugin. -->","yoast_head_json":{"title":"\u00a1Detenido en M\u00e1laga por el asesinato de su expareja de 60 a\u00f1os en su propia casa! - Diario 21","robots":{"index":"index","follow":"follow","max-snippet":"max-snippet:-1","max-image-preview":"max-image-preview:large","max-video-preview":"max-video-preview:-1"},"canonical":"https:\/\/www.diario21.tv\/noticias\/detenido-en-malaga-por-el-asesinato-de-su-expareja-de-60-anos-en-su-propia-casa\/","og_locale":"es_ES","og_type":"article","og_title":"\u00a1Detenido en M\u00e1laga por el asesinato de su expareja de 60 a\u00f1os en su propia casa! - Diario 21","og_description":"Arresto por el Homicidio de una Mujer de 60 A\u00f1os en M\u00e1laga Un hombre ha sido detenido como presunto autor del asesinato de su excompa\u00f1era, una ... Seguir leyendo &rarr;","og_url":"https:\/\/www.diario21.tv\/noticias\/detenido-en-malaga-por-el-asesinato-de-su-expareja-de-60-anos-en-su-propia-casa\/","og_site_name":"Diario 21","article_published_time":"2025-11-24T18:56:45+00:00","article_modified_time":"2025-11-24T18:56:46+00:00","og_image":[{"width":1200,"height":840,"url":"https:\/\/www.diario21.tv\/noticias\/wp-content\/uploads\/2025\/11\/\u00a1Detenido-en-Malaga-por-el-asesinato-de-su-expareja-de.jpg","type":"image\/jpeg"}],"author":"Juan P\u00e9rez","twitter_card":"summary_large_image","twitter_misc":{"Escrito por":"Juan P\u00e9rez","Tiempo de lectura":"2 minutos"},"schema":{"@context":"https:\/\/schema.org","@graph":[{"@type":"WebPage","@id":"https:\/\/www.diario21.tv\/noticias\/detenido-en-malaga-por-el-asesinato-de-su-expareja-de-60-anos-en-su-propia-casa\/","url":"https:\/\/www.diario21.tv\/noticias\/detenido-en-malaga-por-el-asesinato-de-su-expareja-de-60-anos-en-su-propia-casa\/","name":"\u00a1Detenido en M\u00e1laga por el asesinato de su expareja de 60 a\u00f1os en su propia casa! - Diario 21","isPartOf":{"@id":"https:\/\/www.diario21.tv\/noticias\/#website"},"primaryImageOfPage":{"@id":"https:\/\/www.diario21.tv\/noticias\/detenido-en-malaga-por-el-asesinato-de-su-expareja-de-60-anos-en-su-propia-casa\/#primaryimage"},"image":{"@id":"https:\/\/www.diario21.tv\/noticias\/detenido-en-malaga-por-el-asesinato-de-su-expareja-de-60-anos-en-su-propia-casa\/#primaryimage"},"thumbnailUrl":"https:\/\/www.diario21.tv\/noticias\/wp-content\/uploads\/2025\/11\/\u00a1Detenido-en-Malaga-por-el-asesinato-de-su-expareja-de.jpg","datePublished":"2025-11-24T18:56:45+00:00","dateModified":"2025-11-24T18:56:46+00:00","author":{"@id":"https:\/\/www.diario21.tv\/noticias\/#\/schema\/person\/dfb778f73814d8f09f302618446a526b"},"breadcrumb":{"@id":"https:\/\/www.diario21.tv\/noticias\/detenido-en-malaga-por-el-asesinato-de-su-expareja-de-60-anos-en-su-propia-casa\/#breadcrumb"},"inLanguage":"es-AR","potentialAction":[{"@type":"ReadAction","target":["https:\/\/www.diario21.tv\/noticias\/detenido-en-malaga-por-el-asesinato-de-su-expareja-de-60-anos-en-su-propia-casa\/"]}]},{"@type":"ImageObject","inLanguage":"es-AR","@id":"https:\/\/www.diario21.tv\/noticias\/detenido-en-malaga-por-el-asesinato-de-su-expareja-de-60-anos-en-su-propia-casa\/#primaryimage","url":"https:\/\/www.diario21.tv\/noticias\/wp-content\/uploads\/2025\/11\/\u00a1Detenido-en-Malaga-por-el-asesinato-de-su-expareja-de.jpg","contentUrl":"https:\/\/www.diario21.tv\/noticias\/wp-content\/uploads\/2025\/11\/\u00a1Detenido-en-Malaga-por-el-asesinato-de-su-expareja-de.jpg","width":1200,"height":840,"caption":"Detenido por matar a su expareja, de 60 a\u00f1os, en una casa de M\u00e1laga"},{"@type":"BreadcrumbList","@id":"https:\/\/www.diario21.tv\/noticias\/detenido-en-malaga-por-el-asesinato-de-su-expareja-de-60-anos-en-su-propia-casa\/#breadcrumb","itemListElement":[{"@type":"ListItem","position":1,"name":"Accueil","item":"https:\/\/www.diario21.tv\/noticias\/"},{"@type":"ListItem","position":2,"name":"\u00a1Detenido en M\u00e1laga por el asesinato de su expareja de 60 a\u00f1os en su propia casa!"}]},{"@type":"WebSite","@id":"https:\/\/www.diario21.tv\/noticias\/#website","url":"https:\/\/www.diario21.tv\/noticias\/","name":"Diario 21","description":"","potentialAction":[{"@type":"SearchAction","target":{"@type":"EntryPoint","urlTemplate":"https:\/\/www.diario21.tv\/noticias\/?s={search_term_string}"},"query-input":{"@type":"PropertyValueSpecification","valueRequired":true,"valueName":"search_term_string"}}],"inLanguage":"es-AR"},{"@type":"Person","@id":"https:\/\/www.diario21.tv\/noticias\/#\/schema\/person\/dfb778f73814d8f09f302618446a526b","name":"Juan P\u00e9rez","image":{"@type":"ImageObject","inLanguage":"es-AR","@id":"https:\/\/www.diario21.tv\/noticias\/#\/schema\/person\/image\/","url":"https:\/\/secure.gravatar.com\/avatar\/c478a405bd10621167f4c3167cc770f5?s=96&d=mm&r=g","contentUrl":"https:\/\/secure.gravatar.com\/avatar\/c478a405bd10621167f4c3167cc770f5?s=96&d=mm&r=g","caption":"Juan P\u00e9rez"},"description":"Juan P\u00e9rez es el redactor en jefe de Diario 21. Con m\u00e1s de 10 a\u00f1os de experiencia en el periodismo, se especializa en pol\u00edtica nacional y an\u00e1lisis socioecon\u00f3mico. Su enfoque cr\u00edtico y riguroso aporta una perspectiva \u00fanica a cada art\u00edculo.","sameAs":["https:\/\/www.diario21.tv\/noticias\/"],"url":"https:\/\/www.diario21.tv\/noticias\/author\/juan-perez\/"}]}},"_links":{"self":[{"href":"https:\/\/www.diario21.tv\/noticias\/wp-json\/wp\/v2\/posts\/5301"}],"collection":[{"href":"https:\/\/www.diario21.tv\/noticias\/wp-json\/wp\/v2\/posts"}],"about":[{"href":"https:\/\/www.diario21.tv\/noticias\/wp-json\/wp\/v2\/types\/post"}],"author":[{"embeddable":true,"href":"https:\/\/www.diario21.tv\/noticias\/wp-json\/wp\/v2\/users\/20"}],"replies":[{"embeddable":true,"href":"https:\/\/www.diario21.tv\/noticias\/wp-json\/wp\/v2\/comments?post=5301"}],"version-history":[{"count":1,"href":"https:\/\/www.diario21.tv\/noticias\/wp-json\/wp\/v2\/posts\/5301\/revisions"}],"predecessor-version":[{"id":5303,"href":"https:\/\/www.diario21.tv\/noticias\/wp-json\/wp\/v2\/posts\/5301\/revisions\/5303"}],"wp:featuredmedia":[{"embeddable":true,"href":"https:\/\/www.diario21.tv\/noticias\/wp-json\/wp\/v2\/media\/5302"}],"wp:attachment":[{"href":"https:\/\/www.diario21.tv\/noticias\/wp-json\/wp\/v2\/media?parent=5301"}],"wp:term":[{"taxonomy":"category","embeddable":true,"href":"https:\/\/www.diario21.tv\/noticias\/wp-json\/wp\/v2\/categories?post=5301"},{"taxonomy":"post_tag","embeddable":true,"href":"https:\/\/www.diario21.tv\/noticias\/wp-json\/wp\/v2\/tags?post=5301"}],"curies":[{"name":"wp","href":"https:\/\/api.w.org\/{rel}","templated":true}]}}