{"id":5292,"date":"2025-11-24T00:52:15","date_gmt":"2025-11-24T00:52:15","guid":{"rendered":"https:\/\/www.diario21.tv\/noticias\/black-friday-2025-descubre-ofertas-en-zara-mango-pull-bear-y-mas-tiendas-no-te-lo-pierdas\/"},"modified":"2025-11-24T00:52:16","modified_gmt":"2025-11-24T00:52:16","slug":"black-friday-2025-descubre-ofertas-en-zara-mango-pull-bear-y-mas-tiendas-no-te-lo-pierdas","status":"publish","type":"post","link":"https:\/\/www.diario21.tv\/noticias\/black-friday-2025-descubre-ofertas-en-zara-mango-pull-bear-y-mas-tiendas-no-te-lo-pierdas\/","title":{"rendered":"Black Friday 2025: Descubre ofertas en Zara, Mango, Pull &#038; Bear y m\u00e1s tiendas \u00a1No te lo pierdas!"},"content":{"rendered":"<h2>Fecha del Black Friday 2025 y Promociones en Tiendas Populares<\/h2>\n<p>El Black Friday es un evento que genera gran expectativa cada a\u00f1o entre los consumidores que buscan aprovechar descuentos significativos en diversas tiendas y marcas. En 2025, esta fecha tan se\u00f1alada se celebrar\u00e1 el 28 de noviembre, justo despu\u00e9s del D\u00eda de Acci\u00f3n de Gracias en Estados Unidos, marcando tradicionalmente el inicio de la temporada de compras navide\u00f1as.<\/p>\n<h3>Descuentos y Ofertas en Zara<\/h3>\n<p>Zara, conocida por sus tendencias de moda a precios accesibles, no se queda atr\u00e1s durante el Black Friday. Para el 2025, se espera que la marca ofrezca rebajas que podr\u00edan alcanzar hasta el 50% en selecciones de su \u00faltima colecci\u00f3n. Esto incluye una variedad de prendas desde abrigos elegantes hasta accesorios imprescindibles.<\/p>\n<h3>Rebajas en Mango<\/h3>\n<p>Mango tambi\u00e9n se suma a la fiebre del Black Friday con promociones que atraen a numerosos aficionados de la moda. Los clientes pueden esperar descuentos en una amplia gama de productos, incluyendo ropa formal e informal para hombres y mujeres, as\u00ed como accesorios que complementar\u00e1n cualquier atuendo.<\/p>\n<h3>Promociones en Pull &#038; Bear<\/h3>\n<p>Pull &#038; Bear, dirigido a un p\u00fablico joven y din\u00e1mico, tradicionalmente ofrece descuentos atractivos durante el Black Friday. En 2025, los compradores deber\u00edan estar atentos a ofertas en jeans, camisetas y otros b\u00e1sicos esenciales del armario juvenil, con descuentos que podr\u00edan ser muy ventajosos.<\/p>\n<h3>Ofertas Especiales en Bershka<\/h3>\n<p>Bershka, con su enfoque en las \u00faltimas tendencias de moda para un p\u00fablico m\u00e1s joven, no decepciona durante el Black Friday. Se anticipa que la marca ofrecer\u00e1 rebajas tentadoras en art\u00edculos como vestidos de moda, chaquetas y calzado, que seguramente atraer\u00e1n a los amantes de la moda.<\/p>\n<h3>Descuentos en Stradivarius<\/h3>\n<p>Stradivarius, conocida por su estilo \u00fanico y contempor\u00e1neo, tambi\u00e9n participar\u00e1 en el Black Friday con descuentos en una variedad de productos, desde ropa casual chic hasta accesorios elegantes. Es una oportunidad excelente para adquirir piezas distinguidas a precios reducidos.<\/p>\n<h3>Rebajas en Parfois<\/h3>\n<p>Parfois, el destino para quienes buscan accesorios de moda asequibles, t\u00edpicamente ofrece descuentos significativos durante el Black Friday. Los shoppers pueden esperar encontrar ofertas en bolsos, joyer\u00eda y otros accesorios que pueden hacer que cualquier conjunto destaque.<\/p>\n<h3>Otras Tiendas y Consideraciones<\/h3>\n<p>Adem\u00e1s de las mencionadas, muchas otras tiendas y marcas participan en el Black Friday, ofreciendo una gran variedad de productos a precios reducidos. Es un momento ideal para adelantar compras navide\u00f1as y aprovechar las ofertas en tecnolog\u00eda, hogar, y mucho m\u00e1s.<\/p>\n<p>El Black Friday 2025 promete ser una fecha emocionante para los consumidores, con una multitud de ofertas disponibles en una amplia gama de tiendas. Para aquellos que planean aprovechar estas ofertas, es recomendable estar atentos a los anuncios de las tiendas y prepararse para una jornada intensa de compras.<\/p>\n\n\n<div class=\"kk-star-ratings kksr-auto kksr-align-left kksr-valign-bottom\"\n    data-payload='{&quot;align&quot;:&quot;left&quot;,&quot;id&quot;:&quot;5292&quot;,&quot;slug&quot;:&quot;default&quot;,&quot;valign&quot;:&quot;bottom&quot;,&quot;ignore&quot;:&quot;&quot;,&quot;reference&quot;:&quot;auto&quot;,&quot;class&quot;:&quot;&quot;,&quot;count&quot;:&quot;0&quot;,&quot;legendonly&quot;:&quot;&quot;,&quot;readonly&quot;:&quot;&quot;,&quot;score&quot;:&quot;0&quot;,&quot;starsonly&quot;:&quot;&quot;,&quot;best&quot;:&quot;5&quot;,&quot;gap&quot;:&quot;5&quot;,&quot;greet&quot;:&quot;Valora este post&quot;,&quot;legend&quot;:&quot;0\\\/5 - (0 votes)&quot;,&quot;size&quot;:&quot;22&quot;,&quot;title&quot;:&quot;Black Friday 2025: Descubre ofertas en Zara, Mango, Pull \\u0026amp; Bear y m\u00e1s tiendas \u00a1No te lo pierdas!&quot;,&quot;width&quot;:&quot;0&quot;,&quot;_legend&quot;:&quot;{score}\\\/{best} - ({count} {votes})&quot;,&quot;font_factor&quot;:&quot;1.25&quot;}'>\n            \n<div class=\"kksr-stars\">\n    \n<div class=\"kksr-stars-inactive\">\n            <div class=\"kksr-star\" data-star=\"1\" style=\"padding-right: 5px\">\n            \n\n<div class=\"kksr-icon\" style=\"width: 22px; height: 22px;\"><\/div>\n        <\/div>\n            <div class=\"kksr-star\" data-star=\"2\" style=\"padding-right: 5px\">\n            \n\n<div class=\"kksr-icon\" style=\"width: 22px; height: 22px;\"><\/div>\n        <\/div>\n            <div class=\"kksr-star\" data-star=\"3\" style=\"padding-right: 5px\">\n            \n\n<div class=\"kksr-icon\" style=\"width: 22px; height: 22px;\"><\/div>\n        <\/div>\n            <div class=\"kksr-star\" data-star=\"4\" style=\"padding-right: 5px\">\n            \n\n<div class=\"kksr-icon\" style=\"width: 22px; height: 22px;\"><\/div>\n        <\/div>\n            <div class=\"kksr-star\" data-star=\"5\" style=\"padding-right: 5px\">\n            \n\n<div class=\"kksr-icon\" style=\"width: 22px; height: 22px;\"><\/div>\n        <\/div>\n    <\/div>\n    \n<div class=\"kksr-stars-active\" style=\"width: 0px;\">\n            <div class=\"kksr-star\" style=\"padding-right: 5px\">\n            \n\n<div class=\"kksr-icon\" style=\"width: 22px; height: 22px;\"><\/div>\n        <\/div>\n            <div class=\"kksr-star\" style=\"padding-right: 5px\">\n            \n\n<div class=\"kksr-icon\" style=\"width: 22px; height: 22px;\"><\/div>\n        <\/div>\n            <div class=\"kksr-star\" style=\"padding-right: 5px\">\n            \n\n<div class=\"kksr-icon\" style=\"width: 22px; height: 22px;\"><\/div>\n        <\/div>\n            <div class=\"kksr-star\" style=\"padding-right: 5px\">\n            \n\n<div class=\"kksr-icon\" style=\"width: 22px; height: 22px;\"><\/div>\n        <\/div>\n            <div class=\"kksr-star\" style=\"padding-right: 5px\">\n            \n\n<div class=\"kksr-icon\" style=\"width: 22px; height: 22px;\"><\/div>\n        <\/div>\n    <\/div>\n<\/div>\n                \n\n<div class=\"kksr-legend\" style=\"font-size: 17.6px;\">\n            <span class=\"kksr-muted\">Valora este post<\/span>\n    <\/div>\n    <\/div>\n","protected":false},"excerpt":{"rendered":"<p>Fecha del Black Friday 2025 y Promociones en Tiendas Populares El Black Friday es un evento que genera gran expectativa cada a\u00f1o entre los consumidores que &#8230; <a title=\"Black Friday 2025: Descubre ofertas en Zara, Mango, Pull &#038; Bear y m\u00e1s tiendas \u00a1No te lo pierdas!\" class=\"read-more\" href=\"https:\/\/www.diario21.tv\/noticias\/black-friday-2025-descubre-ofertas-en-zara-mango-pull-bear-y-mas-tiendas-no-te-lo-pierdas\/\" aria-label=\"Leer m\u00e1s sobre Black Friday 2025: Descubre ofertas en Zara, Mango, Pull &#038; Bear y m\u00e1s tiendas \u00a1No te lo pierdas!\">Seguir leyendo &rarr;<\/a><\/p>\n","protected":false},"author":20,"featured_media":5293,"comment_status":"open","ping_status":"open","sticky":false,"template":"","format":"standard","meta":{"footnotes":""},"categories":[13],"tags":[],"class_list":["post-5292","post","type-post","status-publish","format-standard","has-post-thumbnail","hentry","category-portada"],"yoast_head":"<!-- This site is optimized with the Yoast SEO plugin v25.6 - https:\/\/yoast.com\/wordpress\/plugins\/seo\/ -->\n<title>Black Friday 2025: Descubre ofertas en Zara, Mango, Pull &amp; Bear y m\u00e1s tiendas \u00a1No te lo pierdas! - Diario 21<\/title>\n<meta name=\"robots\" content=\"index, follow, max-snippet:-1, max-image-preview:large, max-video-preview:-1\" \/>\n<link rel=\"canonical\" href=\"https:\/\/www.diario21.tv\/noticias\/black-friday-2025-descubre-ofertas-en-zara-mango-pull-bear-y-mas-tiendas-no-te-lo-pierdas\/\" \/>\n<meta property=\"og:locale\" content=\"es_ES\" \/>\n<meta property=\"og:type\" content=\"article\" \/>\n<meta property=\"og:title\" content=\"Black Friday 2025: Descubre ofertas en Zara, Mango, Pull &amp; Bear y m\u00e1s tiendas \u00a1No te lo pierdas! - Diario 21\" \/>\n<meta property=\"og:description\" content=\"Fecha del Black Friday 2025 y Promociones en Tiendas Populares El Black Friday es un evento que genera gran expectativa cada a\u00f1o entre los consumidores que ... Seguir leyendo &rarr;\" \/>\n<meta property=\"og:url\" content=\"https:\/\/www.diario21.tv\/noticias\/black-friday-2025-descubre-ofertas-en-zara-mango-pull-bear-y-mas-tiendas-no-te-lo-pierdas\/\" \/>\n<meta property=\"og:site_name\" content=\"Diario 21\" \/>\n<meta property=\"article:published_time\" content=\"2025-11-24T00:52:15+00:00\" \/>\n<meta property=\"article:modified_time\" content=\"2025-11-24T00:52:16+00:00\" \/>\n<meta property=\"og:image\" content=\"https:\/\/www.diario21.tv\/noticias\/wp-content\/uploads\/2025\/11\/Black-Friday-2025-Descubre-ofertas-en-Zara-Mango-Pull.jpg\" \/>\n\t<meta property=\"og:image:width\" content=\"1200\" \/>\n\t<meta property=\"og:image:height\" content=\"840\" \/>\n\t<meta property=\"og:image:type\" content=\"image\/jpeg\" \/>\n<meta name=\"author\" content=\"Juan P\u00e9rez\" \/>\n<meta name=\"twitter:card\" content=\"summary_large_image\" \/>\n<meta name=\"twitter:label1\" content=\"Escrito por\" \/>\n\t<meta name=\"twitter:data1\" content=\"Juan P\u00e9rez\" \/>\n\t<meta name=\"twitter:label2\" content=\"Tiempo de lectura\" \/>\n\t<meta name=\"twitter:data2\" content=\"2 minutos\" \/>\n<script type=\"application\/ld+json\" class=\"yoast-schema-graph\">{\"@context\":\"https:\/\/schema.org\",\"@graph\":[{\"@type\":\"WebPage\",\"@id\":\"https:\/\/www.diario21.tv\/noticias\/black-friday-2025-descubre-ofertas-en-zara-mango-pull-bear-y-mas-tiendas-no-te-lo-pierdas\/\",\"url\":\"https:\/\/www.diario21.tv\/noticias\/black-friday-2025-descubre-ofertas-en-zara-mango-pull-bear-y-mas-tiendas-no-te-lo-pierdas\/\",\"name\":\"Black Friday 2025: Descubre ofertas en Zara, Mango, Pull & Bear y m\u00e1s tiendas \u00a1No te lo pierdas! - Diario 21\",\"isPartOf\":{\"@id\":\"https:\/\/www.diario21.tv\/noticias\/#website\"},\"primaryImageOfPage\":{\"@id\":\"https:\/\/www.diario21.tv\/noticias\/black-friday-2025-descubre-ofertas-en-zara-mango-pull-bear-y-mas-tiendas-no-te-lo-pierdas\/#primaryimage\"},\"image\":{\"@id\":\"https:\/\/www.diario21.tv\/noticias\/black-friday-2025-descubre-ofertas-en-zara-mango-pull-bear-y-mas-tiendas-no-te-lo-pierdas\/#primaryimage\"},\"thumbnailUrl\":\"https:\/\/www.diario21.tv\/noticias\/wp-content\/uploads\/2025\/11\/Black-Friday-2025-Descubre-ofertas-en-Zara-Mango-Pull.jpg\",\"datePublished\":\"2025-11-24T00:52:15+00:00\",\"dateModified\":\"2025-11-24T00:52:16+00:00\",\"author\":{\"@id\":\"https:\/\/www.diario21.tv\/noticias\/#\/schema\/person\/dfb778f73814d8f09f302618446a526b\"},\"breadcrumb\":{\"@id\":\"https:\/\/www.diario21.tv\/noticias\/black-friday-2025-descubre-ofertas-en-zara-mango-pull-bear-y-mas-tiendas-no-te-lo-pierdas\/#breadcrumb\"},\"inLanguage\":\"es-AR\",\"potentialAction\":[{\"@type\":\"ReadAction\",\"target\":[\"https:\/\/www.diario21.tv\/noticias\/black-friday-2025-descubre-ofertas-en-zara-mango-pull-bear-y-mas-tiendas-no-te-lo-pierdas\/\"]}]},{\"@type\":\"ImageObject\",\"inLanguage\":\"es-AR\",\"@id\":\"https:\/\/www.diario21.tv\/noticias\/black-friday-2025-descubre-ofertas-en-zara-mango-pull-bear-y-mas-tiendas-no-te-lo-pierdas\/#primaryimage\",\"url\":\"https:\/\/www.diario21.tv\/noticias\/wp-content\/uploads\/2025\/11\/Black-Friday-2025-Descubre-ofertas-en-Zara-Mango-Pull.jpg\",\"contentUrl\":\"https:\/\/www.diario21.tv\/noticias\/wp-content\/uploads\/2025\/11\/Black-Friday-2025-Descubre-ofertas-en-Zara-Mango-Pull.jpg\",\"width\":1200,\"height\":840,\"caption\":\"Cu\u00e1ndo es el Black Friday 2025: ofertas en Zara, Mango, Pull &amp;amp; Bear, Bershka, Stradivarius, Parfois y otras tiendas\"},{\"@type\":\"BreadcrumbList\",\"@id\":\"https:\/\/www.diario21.tv\/noticias\/black-friday-2025-descubre-ofertas-en-zara-mango-pull-bear-y-mas-tiendas-no-te-lo-pierdas\/#breadcrumb\",\"itemListElement\":[{\"@type\":\"ListItem\",\"position\":1,\"name\":\"Accueil\",\"item\":\"https:\/\/www.diario21.tv\/noticias\/\"},{\"@type\":\"ListItem\",\"position\":2,\"name\":\"Black Friday 2025: Descubre ofertas en Zara, Mango, Pull &#038; Bear y m\u00e1s tiendas \u00a1No te lo pierdas!\"}]},{\"@type\":\"WebSite\",\"@id\":\"https:\/\/www.diario21.tv\/noticias\/#website\",\"url\":\"https:\/\/www.diario21.tv\/noticias\/\",\"name\":\"Diario 21\",\"description\":\"\",\"potentialAction\":[{\"@type\":\"SearchAction\",\"target\":{\"@type\":\"EntryPoint\",\"urlTemplate\":\"https:\/\/www.diario21.tv\/noticias\/?s={search_term_string}\"},\"query-input\":{\"@type\":\"PropertyValueSpecification\",\"valueRequired\":true,\"valueName\":\"search_term_string\"}}],\"inLanguage\":\"es-AR\"},{\"@type\":\"Person\",\"@id\":\"https:\/\/www.diario21.tv\/noticias\/#\/schema\/person\/dfb778f73814d8f09f302618446a526b\",\"name\":\"Juan P\u00e9rez\",\"image\":{\"@type\":\"ImageObject\",\"inLanguage\":\"es-AR\",\"@id\":\"https:\/\/www.diario21.tv\/noticias\/#\/schema\/person\/image\/\",\"url\":\"https:\/\/secure.gravatar.com\/avatar\/c478a405bd10621167f4c3167cc770f5?s=96&d=mm&r=g\",\"contentUrl\":\"https:\/\/secure.gravatar.com\/avatar\/c478a405bd10621167f4c3167cc770f5?s=96&d=mm&r=g\",\"caption\":\"Juan P\u00e9rez\"},\"description\":\"Juan P\u00e9rez es el redactor en jefe de Diario 21. Con m\u00e1s de 10 a\u00f1os de experiencia en el periodismo, se especializa en pol\u00edtica nacional y an\u00e1lisis socioecon\u00f3mico. Su enfoque cr\u00edtico y riguroso aporta una perspectiva \u00fanica a cada art\u00edculo.\",\"sameAs\":[\"https:\/\/www.diario21.tv\/noticias\/\"],\"url\":\"https:\/\/www.diario21.tv\/noticias\/author\/juan-perez\/\"}]}<\/script>\n<!-- \/ Yoast SEO plugin. -->","yoast_head_json":{"title":"Black Friday 2025: Descubre ofertas en Zara, Mango, Pull & Bear y m\u00e1s tiendas \u00a1No te lo pierdas! - Diario 21","robots":{"index":"index","follow":"follow","max-snippet":"max-snippet:-1","max-image-preview":"max-image-preview:large","max-video-preview":"max-video-preview:-1"},"canonical":"https:\/\/www.diario21.tv\/noticias\/black-friday-2025-descubre-ofertas-en-zara-mango-pull-bear-y-mas-tiendas-no-te-lo-pierdas\/","og_locale":"es_ES","og_type":"article","og_title":"Black Friday 2025: Descubre ofertas en Zara, Mango, Pull & Bear y m\u00e1s tiendas \u00a1No te lo pierdas! - Diario 21","og_description":"Fecha del Black Friday 2025 y Promociones en Tiendas Populares El Black Friday es un evento que genera gran expectativa cada a\u00f1o entre los consumidores que ... Seguir leyendo &rarr;","og_url":"https:\/\/www.diario21.tv\/noticias\/black-friday-2025-descubre-ofertas-en-zara-mango-pull-bear-y-mas-tiendas-no-te-lo-pierdas\/","og_site_name":"Diario 21","article_published_time":"2025-11-24T00:52:15+00:00","article_modified_time":"2025-11-24T00:52:16+00:00","og_image":[{"width":1200,"height":840,"url":"https:\/\/www.diario21.tv\/noticias\/wp-content\/uploads\/2025\/11\/Black-Friday-2025-Descubre-ofertas-en-Zara-Mango-Pull.jpg","type":"image\/jpeg"}],"author":"Juan P\u00e9rez","twitter_card":"summary_large_image","twitter_misc":{"Escrito por":"Juan P\u00e9rez","Tiempo de lectura":"2 minutos"},"schema":{"@context":"https:\/\/schema.org","@graph":[{"@type":"WebPage","@id":"https:\/\/www.diario21.tv\/noticias\/black-friday-2025-descubre-ofertas-en-zara-mango-pull-bear-y-mas-tiendas-no-te-lo-pierdas\/","url":"https:\/\/www.diario21.tv\/noticias\/black-friday-2025-descubre-ofertas-en-zara-mango-pull-bear-y-mas-tiendas-no-te-lo-pierdas\/","name":"Black Friday 2025: Descubre ofertas en Zara, Mango, Pull & Bear y m\u00e1s tiendas \u00a1No te lo pierdas! - Diario 21","isPartOf":{"@id":"https:\/\/www.diario21.tv\/noticias\/#website"},"primaryImageOfPage":{"@id":"https:\/\/www.diario21.tv\/noticias\/black-friday-2025-descubre-ofertas-en-zara-mango-pull-bear-y-mas-tiendas-no-te-lo-pierdas\/#primaryimage"},"image":{"@id":"https:\/\/www.diario21.tv\/noticias\/black-friday-2025-descubre-ofertas-en-zara-mango-pull-bear-y-mas-tiendas-no-te-lo-pierdas\/#primaryimage"},"thumbnailUrl":"https:\/\/www.diario21.tv\/noticias\/wp-content\/uploads\/2025\/11\/Black-Friday-2025-Descubre-ofertas-en-Zara-Mango-Pull.jpg","datePublished":"2025-11-24T00:52:15+00:00","dateModified":"2025-11-24T00:52:16+00:00","author":{"@id":"https:\/\/www.diario21.tv\/noticias\/#\/schema\/person\/dfb778f73814d8f09f302618446a526b"},"breadcrumb":{"@id":"https:\/\/www.diario21.tv\/noticias\/black-friday-2025-descubre-ofertas-en-zara-mango-pull-bear-y-mas-tiendas-no-te-lo-pierdas\/#breadcrumb"},"inLanguage":"es-AR","potentialAction":[{"@type":"ReadAction","target":["https:\/\/www.diario21.tv\/noticias\/black-friday-2025-descubre-ofertas-en-zara-mango-pull-bear-y-mas-tiendas-no-te-lo-pierdas\/"]}]},{"@type":"ImageObject","inLanguage":"es-AR","@id":"https:\/\/www.diario21.tv\/noticias\/black-friday-2025-descubre-ofertas-en-zara-mango-pull-bear-y-mas-tiendas-no-te-lo-pierdas\/#primaryimage","url":"https:\/\/www.diario21.tv\/noticias\/wp-content\/uploads\/2025\/11\/Black-Friday-2025-Descubre-ofertas-en-Zara-Mango-Pull.jpg","contentUrl":"https:\/\/www.diario21.tv\/noticias\/wp-content\/uploads\/2025\/11\/Black-Friday-2025-Descubre-ofertas-en-Zara-Mango-Pull.jpg","width":1200,"height":840,"caption":"Cu\u00e1ndo es el Black Friday 2025: ofertas en Zara, Mango, Pull &amp;amp; Bear, Bershka, Stradivarius, Parfois y otras tiendas"},{"@type":"BreadcrumbList","@id":"https:\/\/www.diario21.tv\/noticias\/black-friday-2025-descubre-ofertas-en-zara-mango-pull-bear-y-mas-tiendas-no-te-lo-pierdas\/#breadcrumb","itemListElement":[{"@type":"ListItem","position":1,"name":"Accueil","item":"https:\/\/www.diario21.tv\/noticias\/"},{"@type":"ListItem","position":2,"name":"Black Friday 2025: Descubre ofertas en Zara, Mango, Pull &#038; Bear y m\u00e1s tiendas \u00a1No te lo pierdas!"}]},{"@type":"WebSite","@id":"https:\/\/www.diario21.tv\/noticias\/#website","url":"https:\/\/www.diario21.tv\/noticias\/","name":"Diario 21","description":"","potentialAction":[{"@type":"SearchAction","target":{"@type":"EntryPoint","urlTemplate":"https:\/\/www.diario21.tv\/noticias\/?s={search_term_string}"},"query-input":{"@type":"PropertyValueSpecification","valueRequired":true,"valueName":"search_term_string"}}],"inLanguage":"es-AR"},{"@type":"Person","@id":"https:\/\/www.diario21.tv\/noticias\/#\/schema\/person\/dfb778f73814d8f09f302618446a526b","name":"Juan P\u00e9rez","image":{"@type":"ImageObject","inLanguage":"es-AR","@id":"https:\/\/www.diario21.tv\/noticias\/#\/schema\/person\/image\/","url":"https:\/\/secure.gravatar.com\/avatar\/c478a405bd10621167f4c3167cc770f5?s=96&d=mm&r=g","contentUrl":"https:\/\/secure.gravatar.com\/avatar\/c478a405bd10621167f4c3167cc770f5?s=96&d=mm&r=g","caption":"Juan P\u00e9rez"},"description":"Juan P\u00e9rez es el redactor en jefe de Diario 21. Con m\u00e1s de 10 a\u00f1os de experiencia en el periodismo, se especializa en pol\u00edtica nacional y an\u00e1lisis socioecon\u00f3mico. Su enfoque cr\u00edtico y riguroso aporta una perspectiva \u00fanica a cada art\u00edculo.","sameAs":["https:\/\/www.diario21.tv\/noticias\/"],"url":"https:\/\/www.diario21.tv\/noticias\/author\/juan-perez\/"}]}},"_links":{"self":[{"href":"https:\/\/www.diario21.tv\/noticias\/wp-json\/wp\/v2\/posts\/5292"}],"collection":[{"href":"https:\/\/www.diario21.tv\/noticias\/wp-json\/wp\/v2\/posts"}],"about":[{"href":"https:\/\/www.diario21.tv\/noticias\/wp-json\/wp\/v2\/types\/post"}],"author":[{"embeddable":true,"href":"https:\/\/www.diario21.tv\/noticias\/wp-json\/wp\/v2\/users\/20"}],"replies":[{"embeddable":true,"href":"https:\/\/www.diario21.tv\/noticias\/wp-json\/wp\/v2\/comments?post=5292"}],"version-history":[{"count":1,"href":"https:\/\/www.diario21.tv\/noticias\/wp-json\/wp\/v2\/posts\/5292\/revisions"}],"predecessor-version":[{"id":5294,"href":"https:\/\/www.diario21.tv\/noticias\/wp-json\/wp\/v2\/posts\/5292\/revisions\/5294"}],"wp:featuredmedia":[{"embeddable":true,"href":"https:\/\/www.diario21.tv\/noticias\/wp-json\/wp\/v2\/media\/5293"}],"wp:attachment":[{"href":"https:\/\/www.diario21.tv\/noticias\/wp-json\/wp\/v2\/media?parent=5292"}],"wp:term":[{"taxonomy":"category","embeddable":true,"href":"https:\/\/www.diario21.tv\/noticias\/wp-json\/wp\/v2\/categories?post=5292"},{"taxonomy":"post_tag","embeddable":true,"href":"https:\/\/www.diario21.tv\/noticias\/wp-json\/wp\/v2\/tags?post=5292"}],"curies":[{"name":"wp","href":"https:\/\/api.w.org\/{rel}","templated":true}]}}