{"id":5289,"date":"2025-11-23T18:50:50","date_gmt":"2025-11-23T18:50:50","guid":{"rendered":"https:\/\/www.diario21.tv\/noticias\/tragedia-en-valencia-nina-fallece-tras-cuatro-horas-en-el-dentista-revelan-padres-consternados\/"},"modified":"2025-11-23T18:50:54","modified_gmt":"2025-11-23T18:50:54","slug":"tragedia-en-valencia-nina-fallece-tras-cuatro-horas-en-el-dentista-revelan-padres-consternados","status":"publish","type":"post","link":"https:\/\/www.diario21.tv\/noticias\/tragedia-en-valencia-nina-fallece-tras-cuatro-horas-en-el-dentista-revelan-padres-consternados\/","title":{"rendered":"Tragedia en Valencia: ni\u00f1a fallece tras cuatro horas en el dentista, revelan padres consternados"},"content":{"rendered":"<h2>Declaraciones de los padres sobre el tr\u00e1gico suceso en Valencia<\/h2>\n<p>Los progenitores de una joven que falleci\u00f3 recientemente en Valencia han compartido detalles desgarradores sobre las circunstancias que rodearon su muerte. Seg\u00fan ellos, su hija estuvo durante aproximadamente cuatro horas en la cl\u00ednica dental debido a que se sent\u00eda indispuesta.<\/p>\n<h3>Una larga espera en la consulta dental<\/h3>\n<p>La familia relat\u00f3 que la menor no se encontraba bien, lo que llev\u00f3 a que su estancia en el dentista se prolongara m\u00e1s de lo usual. Este tiempo extendido en la cl\u00ednica es ahora parte central de la investigaci\u00f3n para entender qu\u00e9 fue lo que sucedi\u00f3 exactamente que culmin\u00f3 en esta tragedia.<\/p>\n<p>Los padres, visiblemente afectados, est\u00e1n buscando respuestas y han solicitado una investigaci\u00f3n exhaustiva para esclarecer los eventos que llevaron a la muerte de su hija. La comunidad se ha mostrado solidaria con la familia, esperando que se puedan aclarar los hechos y se tomen medidas para evitar que sucesos similares ocurran en el futuro.<\/p>\n<p>Este evento ha causado una gran conmoci\u00f3n en la localidad y ha puesto de relieve la importancia de la atenci\u00f3n m\u00e9dica en los establecimientos dentales, especialmente en situaciones donde el paciente muestra signos de malestar. La investigaci\u00f3n sigue en curso y se espera que pronto se puedan ofrecer m\u00e1s detalles sobre el caso.<\/p>\n\n\n<div class=\"kk-star-ratings kksr-auto kksr-align-left kksr-valign-bottom\"\n    data-payload='{&quot;align&quot;:&quot;left&quot;,&quot;id&quot;:&quot;5289&quot;,&quot;slug&quot;:&quot;default&quot;,&quot;valign&quot;:&quot;bottom&quot;,&quot;ignore&quot;:&quot;&quot;,&quot;reference&quot;:&quot;auto&quot;,&quot;class&quot;:&quot;&quot;,&quot;count&quot;:&quot;0&quot;,&quot;legendonly&quot;:&quot;&quot;,&quot;readonly&quot;:&quot;&quot;,&quot;score&quot;:&quot;0&quot;,&quot;starsonly&quot;:&quot;&quot;,&quot;best&quot;:&quot;5&quot;,&quot;gap&quot;:&quot;5&quot;,&quot;greet&quot;:&quot;Valora este post&quot;,&quot;legend&quot;:&quot;0\\\/5 - (0 votes)&quot;,&quot;size&quot;:&quot;22&quot;,&quot;title&quot;:&quot;Tragedia en Valencia: ni\u00f1a fallece tras cuatro horas en el dentista, revelan padres consternados&quot;,&quot;width&quot;:&quot;0&quot;,&quot;_legend&quot;:&quot;{score}\\\/{best} - ({count} {votes})&quot;,&quot;font_factor&quot;:&quot;1.25&quot;}'>\n            \n<div class=\"kksr-stars\">\n    \n<div class=\"kksr-stars-inactive\">\n            <div class=\"kksr-star\" data-star=\"1\" style=\"padding-right: 5px\">\n            \n\n<div class=\"kksr-icon\" style=\"width: 22px; height: 22px;\"><\/div>\n        <\/div>\n            <div class=\"kksr-star\" data-star=\"2\" style=\"padding-right: 5px\">\n            \n\n<div class=\"kksr-icon\" style=\"width: 22px; height: 22px;\"><\/div>\n        <\/div>\n            <div class=\"kksr-star\" data-star=\"3\" style=\"padding-right: 5px\">\n            \n\n<div class=\"kksr-icon\" style=\"width: 22px; height: 22px;\"><\/div>\n        <\/div>\n            <div class=\"kksr-star\" data-star=\"4\" style=\"padding-right: 5px\">\n            \n\n<div class=\"kksr-icon\" style=\"width: 22px; height: 22px;\"><\/div>\n        <\/div>\n            <div class=\"kksr-star\" data-star=\"5\" style=\"padding-right: 5px\">\n            \n\n<div class=\"kksr-icon\" style=\"width: 22px; height: 22px;\"><\/div>\n        <\/div>\n    <\/div>\n    \n<div class=\"kksr-stars-active\" style=\"width: 0px;\">\n            <div class=\"kksr-star\" style=\"padding-right: 5px\">\n            \n\n<div class=\"kksr-icon\" style=\"width: 22px; height: 22px;\"><\/div>\n        <\/div>\n            <div class=\"kksr-star\" style=\"padding-right: 5px\">\n            \n\n<div class=\"kksr-icon\" style=\"width: 22px; height: 22px;\"><\/div>\n        <\/div>\n            <div class=\"kksr-star\" style=\"padding-right: 5px\">\n            \n\n<div class=\"kksr-icon\" style=\"width: 22px; height: 22px;\"><\/div>\n        <\/div>\n            <div class=\"kksr-star\" style=\"padding-right: 5px\">\n            \n\n<div class=\"kksr-icon\" style=\"width: 22px; height: 22px;\"><\/div>\n        <\/div>\n            <div class=\"kksr-star\" style=\"padding-right: 5px\">\n            \n\n<div class=\"kksr-icon\" style=\"width: 22px; height: 22px;\"><\/div>\n        <\/div>\n    <\/div>\n<\/div>\n                \n\n<div class=\"kksr-legend\" style=\"font-size: 17.6px;\">\n            <span class=\"kksr-muted\">Valora este post<\/span>\n    <\/div>\n    <\/div>\n","protected":false},"excerpt":{"rendered":"<p>Declaraciones de los padres sobre el tr\u00e1gico suceso en Valencia Los progenitores de una joven que falleci\u00f3 recientemente en Valencia han compartido detalles desgarradores sobre las &#8230; <a title=\"Tragedia en Valencia: ni\u00f1a fallece tras cuatro horas en el dentista, revelan padres consternados\" class=\"read-more\" href=\"https:\/\/www.diario21.tv\/noticias\/tragedia-en-valencia-nina-fallece-tras-cuatro-horas-en-el-dentista-revelan-padres-consternados\/\" aria-label=\"Leer m\u00e1s sobre Tragedia en Valencia: ni\u00f1a fallece tras cuatro horas en el dentista, revelan padres consternados\">Seguir leyendo &rarr;<\/a><\/p>\n","protected":false},"author":20,"featured_media":5290,"comment_status":"open","ping_status":"open","sticky":false,"template":"","format":"standard","meta":{"footnotes":""},"categories":[13],"tags":[],"class_list":["post-5289","post","type-post","status-publish","format-standard","has-post-thumbnail","hentry","category-portada"],"yoast_head":"<!-- This site is optimized with the Yoast SEO plugin v25.6 - https:\/\/yoast.com\/wordpress\/plugins\/seo\/ -->\n<title>Tragedia en Valencia: ni\u00f1a fallece tras cuatro horas en el dentista, revelan padres consternados - Diario 21<\/title>\n<meta name=\"robots\" content=\"index, follow, max-snippet:-1, max-image-preview:large, max-video-preview:-1\" \/>\n<link rel=\"canonical\" href=\"https:\/\/www.diario21.tv\/noticias\/tragedia-en-valencia-nina-fallece-tras-cuatro-horas-en-el-dentista-revelan-padres-consternados\/\" \/>\n<meta property=\"og:locale\" content=\"es_ES\" \/>\n<meta property=\"og:type\" content=\"article\" \/>\n<meta property=\"og:title\" content=\"Tragedia en Valencia: ni\u00f1a fallece tras cuatro horas en el dentista, revelan padres consternados - Diario 21\" \/>\n<meta property=\"og:description\" content=\"Declaraciones de los padres sobre el tr\u00e1gico suceso en Valencia Los progenitores de una joven que falleci\u00f3 recientemente en Valencia han compartido detalles desgarradores sobre las ... Seguir leyendo &rarr;\" \/>\n<meta property=\"og:url\" content=\"https:\/\/www.diario21.tv\/noticias\/tragedia-en-valencia-nina-fallece-tras-cuatro-horas-en-el-dentista-revelan-padres-consternados\/\" \/>\n<meta property=\"og:site_name\" content=\"Diario 21\" \/>\n<meta property=\"article:published_time\" content=\"2025-11-23T18:50:50+00:00\" \/>\n<meta property=\"article:modified_time\" content=\"2025-11-23T18:50:54+00:00\" \/>\n<meta property=\"og:image\" content=\"https:\/\/www.diario21.tv\/noticias\/wp-content\/uploads\/2025\/11\/Tragedia-en-Valencia-nina-fallece-tras-cuatro-horas-en-el.jpg\" \/>\n\t<meta property=\"og:image:width\" content=\"1200\" \/>\n\t<meta property=\"og:image:height\" content=\"840\" \/>\n\t<meta property=\"og:image:type\" content=\"image\/jpeg\" \/>\n<meta name=\"author\" content=\"Juan P\u00e9rez\" \/>\n<meta name=\"twitter:card\" content=\"summary_large_image\" \/>\n<meta name=\"twitter:label1\" content=\"Escrito por\" \/>\n\t<meta name=\"twitter:data1\" content=\"Juan P\u00e9rez\" \/>\n\t<meta name=\"twitter:label2\" content=\"Tiempo de lectura\" \/>\n\t<meta name=\"twitter:data2\" content=\"1 minuto\" \/>\n<script type=\"application\/ld+json\" class=\"yoast-schema-graph\">{\"@context\":\"https:\/\/schema.org\",\"@graph\":[{\"@type\":\"WebPage\",\"@id\":\"https:\/\/www.diario21.tv\/noticias\/tragedia-en-valencia-nina-fallece-tras-cuatro-horas-en-el-dentista-revelan-padres-consternados\/\",\"url\":\"https:\/\/www.diario21.tv\/noticias\/tragedia-en-valencia-nina-fallece-tras-cuatro-horas-en-el-dentista-revelan-padres-consternados\/\",\"name\":\"Tragedia en Valencia: ni\u00f1a fallece tras cuatro horas en el dentista, revelan padres consternados - Diario 21\",\"isPartOf\":{\"@id\":\"https:\/\/www.diario21.tv\/noticias\/#website\"},\"primaryImageOfPage\":{\"@id\":\"https:\/\/www.diario21.tv\/noticias\/tragedia-en-valencia-nina-fallece-tras-cuatro-horas-en-el-dentista-revelan-padres-consternados\/#primaryimage\"},\"image\":{\"@id\":\"https:\/\/www.diario21.tv\/noticias\/tragedia-en-valencia-nina-fallece-tras-cuatro-horas-en-el-dentista-revelan-padres-consternados\/#primaryimage\"},\"thumbnailUrl\":\"https:\/\/www.diario21.tv\/noticias\/wp-content\/uploads\/2025\/11\/Tragedia-en-Valencia-nina-fallece-tras-cuatro-horas-en-el.jpg\",\"datePublished\":\"2025-11-23T18:50:50+00:00\",\"dateModified\":\"2025-11-23T18:50:54+00:00\",\"author\":{\"@id\":\"https:\/\/www.diario21.tv\/noticias\/#\/schema\/person\/dfb778f73814d8f09f302618446a526b\"},\"breadcrumb\":{\"@id\":\"https:\/\/www.diario21.tv\/noticias\/tragedia-en-valencia-nina-fallece-tras-cuatro-horas-en-el-dentista-revelan-padres-consternados\/#breadcrumb\"},\"inLanguage\":\"es-AR\",\"potentialAction\":[{\"@type\":\"ReadAction\",\"target\":[\"https:\/\/www.diario21.tv\/noticias\/tragedia-en-valencia-nina-fallece-tras-cuatro-horas-en-el-dentista-revelan-padres-consternados\/\"]}]},{\"@type\":\"ImageObject\",\"inLanguage\":\"es-AR\",\"@id\":\"https:\/\/www.diario21.tv\/noticias\/tragedia-en-valencia-nina-fallece-tras-cuatro-horas-en-el-dentista-revelan-padres-consternados\/#primaryimage\",\"url\":\"https:\/\/www.diario21.tv\/noticias\/wp-content\/uploads\/2025\/11\/Tragedia-en-Valencia-nina-fallece-tras-cuatro-horas-en-el.jpg\",\"contentUrl\":\"https:\/\/www.diario21.tv\/noticias\/wp-content\/uploads\/2025\/11\/Tragedia-en-Valencia-nina-fallece-tras-cuatro-horas-en-el.jpg\",\"width\":1200,\"height\":840,\"caption\":\"Los padres de la ni\u00f1a fallecida en Valencia dicen que pas\u00f3 cuatro horas en el dentista porque no se encontraba bien\"},{\"@type\":\"BreadcrumbList\",\"@id\":\"https:\/\/www.diario21.tv\/noticias\/tragedia-en-valencia-nina-fallece-tras-cuatro-horas-en-el-dentista-revelan-padres-consternados\/#breadcrumb\",\"itemListElement\":[{\"@type\":\"ListItem\",\"position\":1,\"name\":\"Accueil\",\"item\":\"https:\/\/www.diario21.tv\/noticias\/\"},{\"@type\":\"ListItem\",\"position\":2,\"name\":\"Tragedia en Valencia: ni\u00f1a fallece tras cuatro horas en el dentista, revelan padres consternados\"}]},{\"@type\":\"WebSite\",\"@id\":\"https:\/\/www.diario21.tv\/noticias\/#website\",\"url\":\"https:\/\/www.diario21.tv\/noticias\/\",\"name\":\"Diario 21\",\"description\":\"\",\"potentialAction\":[{\"@type\":\"SearchAction\",\"target\":{\"@type\":\"EntryPoint\",\"urlTemplate\":\"https:\/\/www.diario21.tv\/noticias\/?s={search_term_string}\"},\"query-input\":{\"@type\":\"PropertyValueSpecification\",\"valueRequired\":true,\"valueName\":\"search_term_string\"}}],\"inLanguage\":\"es-AR\"},{\"@type\":\"Person\",\"@id\":\"https:\/\/www.diario21.tv\/noticias\/#\/schema\/person\/dfb778f73814d8f09f302618446a526b\",\"name\":\"Juan P\u00e9rez\",\"image\":{\"@type\":\"ImageObject\",\"inLanguage\":\"es-AR\",\"@id\":\"https:\/\/www.diario21.tv\/noticias\/#\/schema\/person\/image\/\",\"url\":\"https:\/\/secure.gravatar.com\/avatar\/c478a405bd10621167f4c3167cc770f5?s=96&d=mm&r=g\",\"contentUrl\":\"https:\/\/secure.gravatar.com\/avatar\/c478a405bd10621167f4c3167cc770f5?s=96&d=mm&r=g\",\"caption\":\"Juan P\u00e9rez\"},\"description\":\"Juan P\u00e9rez es el redactor en jefe de Diario 21. Con m\u00e1s de 10 a\u00f1os de experiencia en el periodismo, se especializa en pol\u00edtica nacional y an\u00e1lisis socioecon\u00f3mico. Su enfoque cr\u00edtico y riguroso aporta una perspectiva \u00fanica a cada art\u00edculo.\",\"sameAs\":[\"https:\/\/www.diario21.tv\/noticias\/\"],\"url\":\"https:\/\/www.diario21.tv\/noticias\/author\/juan-perez\/\"}]}<\/script>\n<!-- \/ Yoast SEO plugin. -->","yoast_head_json":{"title":"Tragedia en Valencia: ni\u00f1a fallece tras cuatro horas en el dentista, revelan padres consternados - Diario 21","robots":{"index":"index","follow":"follow","max-snippet":"max-snippet:-1","max-image-preview":"max-image-preview:large","max-video-preview":"max-video-preview:-1"},"canonical":"https:\/\/www.diario21.tv\/noticias\/tragedia-en-valencia-nina-fallece-tras-cuatro-horas-en-el-dentista-revelan-padres-consternados\/","og_locale":"es_ES","og_type":"article","og_title":"Tragedia en Valencia: ni\u00f1a fallece tras cuatro horas en el dentista, revelan padres consternados - Diario 21","og_description":"Declaraciones de los padres sobre el tr\u00e1gico suceso en Valencia Los progenitores de una joven que falleci\u00f3 recientemente en Valencia han compartido detalles desgarradores sobre las ... Seguir leyendo &rarr;","og_url":"https:\/\/www.diario21.tv\/noticias\/tragedia-en-valencia-nina-fallece-tras-cuatro-horas-en-el-dentista-revelan-padres-consternados\/","og_site_name":"Diario 21","article_published_time":"2025-11-23T18:50:50+00:00","article_modified_time":"2025-11-23T18:50:54+00:00","og_image":[{"width":1200,"height":840,"url":"https:\/\/www.diario21.tv\/noticias\/wp-content\/uploads\/2025\/11\/Tragedia-en-Valencia-nina-fallece-tras-cuatro-horas-en-el.jpg","type":"image\/jpeg"}],"author":"Juan P\u00e9rez","twitter_card":"summary_large_image","twitter_misc":{"Escrito por":"Juan P\u00e9rez","Tiempo de lectura":"1 minuto"},"schema":{"@context":"https:\/\/schema.org","@graph":[{"@type":"WebPage","@id":"https:\/\/www.diario21.tv\/noticias\/tragedia-en-valencia-nina-fallece-tras-cuatro-horas-en-el-dentista-revelan-padres-consternados\/","url":"https:\/\/www.diario21.tv\/noticias\/tragedia-en-valencia-nina-fallece-tras-cuatro-horas-en-el-dentista-revelan-padres-consternados\/","name":"Tragedia en Valencia: ni\u00f1a fallece tras cuatro horas en el dentista, revelan padres consternados - Diario 21","isPartOf":{"@id":"https:\/\/www.diario21.tv\/noticias\/#website"},"primaryImageOfPage":{"@id":"https:\/\/www.diario21.tv\/noticias\/tragedia-en-valencia-nina-fallece-tras-cuatro-horas-en-el-dentista-revelan-padres-consternados\/#primaryimage"},"image":{"@id":"https:\/\/www.diario21.tv\/noticias\/tragedia-en-valencia-nina-fallece-tras-cuatro-horas-en-el-dentista-revelan-padres-consternados\/#primaryimage"},"thumbnailUrl":"https:\/\/www.diario21.tv\/noticias\/wp-content\/uploads\/2025\/11\/Tragedia-en-Valencia-nina-fallece-tras-cuatro-horas-en-el.jpg","datePublished":"2025-11-23T18:50:50+00:00","dateModified":"2025-11-23T18:50:54+00:00","author":{"@id":"https:\/\/www.diario21.tv\/noticias\/#\/schema\/person\/dfb778f73814d8f09f302618446a526b"},"breadcrumb":{"@id":"https:\/\/www.diario21.tv\/noticias\/tragedia-en-valencia-nina-fallece-tras-cuatro-horas-en-el-dentista-revelan-padres-consternados\/#breadcrumb"},"inLanguage":"es-AR","potentialAction":[{"@type":"ReadAction","target":["https:\/\/www.diario21.tv\/noticias\/tragedia-en-valencia-nina-fallece-tras-cuatro-horas-en-el-dentista-revelan-padres-consternados\/"]}]},{"@type":"ImageObject","inLanguage":"es-AR","@id":"https:\/\/www.diario21.tv\/noticias\/tragedia-en-valencia-nina-fallece-tras-cuatro-horas-en-el-dentista-revelan-padres-consternados\/#primaryimage","url":"https:\/\/www.diario21.tv\/noticias\/wp-content\/uploads\/2025\/11\/Tragedia-en-Valencia-nina-fallece-tras-cuatro-horas-en-el.jpg","contentUrl":"https:\/\/www.diario21.tv\/noticias\/wp-content\/uploads\/2025\/11\/Tragedia-en-Valencia-nina-fallece-tras-cuatro-horas-en-el.jpg","width":1200,"height":840,"caption":"Los padres de la ni\u00f1a fallecida en Valencia dicen que pas\u00f3 cuatro horas en el dentista porque no se encontraba bien"},{"@type":"BreadcrumbList","@id":"https:\/\/www.diario21.tv\/noticias\/tragedia-en-valencia-nina-fallece-tras-cuatro-horas-en-el-dentista-revelan-padres-consternados\/#breadcrumb","itemListElement":[{"@type":"ListItem","position":1,"name":"Accueil","item":"https:\/\/www.diario21.tv\/noticias\/"},{"@type":"ListItem","position":2,"name":"Tragedia en Valencia: ni\u00f1a fallece tras cuatro horas en el dentista, revelan padres consternados"}]},{"@type":"WebSite","@id":"https:\/\/www.diario21.tv\/noticias\/#website","url":"https:\/\/www.diario21.tv\/noticias\/","name":"Diario 21","description":"","potentialAction":[{"@type":"SearchAction","target":{"@type":"EntryPoint","urlTemplate":"https:\/\/www.diario21.tv\/noticias\/?s={search_term_string}"},"query-input":{"@type":"PropertyValueSpecification","valueRequired":true,"valueName":"search_term_string"}}],"inLanguage":"es-AR"},{"@type":"Person","@id":"https:\/\/www.diario21.tv\/noticias\/#\/schema\/person\/dfb778f73814d8f09f302618446a526b","name":"Juan P\u00e9rez","image":{"@type":"ImageObject","inLanguage":"es-AR","@id":"https:\/\/www.diario21.tv\/noticias\/#\/schema\/person\/image\/","url":"https:\/\/secure.gravatar.com\/avatar\/c478a405bd10621167f4c3167cc770f5?s=96&d=mm&r=g","contentUrl":"https:\/\/secure.gravatar.com\/avatar\/c478a405bd10621167f4c3167cc770f5?s=96&d=mm&r=g","caption":"Juan P\u00e9rez"},"description":"Juan P\u00e9rez es el redactor en jefe de Diario 21. Con m\u00e1s de 10 a\u00f1os de experiencia en el periodismo, se especializa en pol\u00edtica nacional y an\u00e1lisis socioecon\u00f3mico. Su enfoque cr\u00edtico y riguroso aporta una perspectiva \u00fanica a cada art\u00edculo.","sameAs":["https:\/\/www.diario21.tv\/noticias\/"],"url":"https:\/\/www.diario21.tv\/noticias\/author\/juan-perez\/"}]}},"_links":{"self":[{"href":"https:\/\/www.diario21.tv\/noticias\/wp-json\/wp\/v2\/posts\/5289"}],"collection":[{"href":"https:\/\/www.diario21.tv\/noticias\/wp-json\/wp\/v2\/posts"}],"about":[{"href":"https:\/\/www.diario21.tv\/noticias\/wp-json\/wp\/v2\/types\/post"}],"author":[{"embeddable":true,"href":"https:\/\/www.diario21.tv\/noticias\/wp-json\/wp\/v2\/users\/20"}],"replies":[{"embeddable":true,"href":"https:\/\/www.diario21.tv\/noticias\/wp-json\/wp\/v2\/comments?post=5289"}],"version-history":[{"count":1,"href":"https:\/\/www.diario21.tv\/noticias\/wp-json\/wp\/v2\/posts\/5289\/revisions"}],"predecessor-version":[{"id":5291,"href":"https:\/\/www.diario21.tv\/noticias\/wp-json\/wp\/v2\/posts\/5289\/revisions\/5291"}],"wp:featuredmedia":[{"embeddable":true,"href":"https:\/\/www.diario21.tv\/noticias\/wp-json\/wp\/v2\/media\/5290"}],"wp:attachment":[{"href":"https:\/\/www.diario21.tv\/noticias\/wp-json\/wp\/v2\/media?parent=5289"}],"wp:term":[{"taxonomy":"category","embeddable":true,"href":"https:\/\/www.diario21.tv\/noticias\/wp-json\/wp\/v2\/categories?post=5289"},{"taxonomy":"post_tag","embeddable":true,"href":"https:\/\/www.diario21.tv\/noticias\/wp-json\/wp\/v2\/tags?post=5289"}],"curies":[{"name":"wp","href":"https:\/\/api.w.org\/{rel}","templated":true}]}}