{"id":5283,"date":"2025-11-23T00:43:02","date_gmt":"2025-11-23T00:43:02","guid":{"rendered":"https:\/\/www.diario21.tv\/noticias\/alerta-los-ultraprocesados-provocan-muerte-y-desplazan-la-dieta-tradicional\/"},"modified":"2025-11-23T00:43:07","modified_gmt":"2025-11-23T00:43:07","slug":"alerta-los-ultraprocesados-provocan-muerte-y-desplazan-la-dieta-tradicional","status":"publish","type":"post","link":"https:\/\/www.diario21.tv\/noticias\/alerta-los-ultraprocesados-provocan-muerte-y-desplazan-la-dieta-tradicional\/","title":{"rendered":"\u00a1Alerta! Los ultraprocesados provocan muerte y desplazan la dieta tradicional"},"content":{"rendered":"<h2>El Impacto Mortal de los Alimentos Ultraprocesados<\/h2>\n<p>En la actualidad, la alimentaci\u00f3n mundial est\u00e1 sufriendo una transformaci\u00f3n preocupante con la creciente prevalencia de alimentos ultraprocesados. Estos productos, que est\u00e1n desplazando las dietas tradicionales en muchas partes del mundo, est\u00e1n vinculados con numerosos problemas de salud, incluyendo un aumento en la tasa de mortalidad.<\/p>\n<h3>\u00bfQu\u00e9 son los Alimentos Ultraprocesados?<\/h3>\n<p>Los alimentos ultraprocesados son aquellos que han sido significativamente modificados de su estado original y generalmente contienen ingredientes artificiales como conservantes, colorantes, aromatizantes y otros aditivos qu\u00edmicos. Estos productos son dise\u00f1ados para ser especialmente atractivos y duraderos, sacrificando frecuentemente su valor nutricional. Ejemplos comunes incluyen snacks empaquetados, bebidas azucaradas, cereales para desayuno y comidas preparadas congeladas.<\/p>\n<h3>La Sustituci\u00f3n de la Dieta Tradicional<\/h3>\n<p>En muchas culturas, las dietas tradicionales que se basan en ingredientes frescos y naturales est\u00e1n siendo r\u00e1pidamente reemplazadas por opciones m\u00e1s convenientes y de r\u00e1pida preparaci\u00f3n. Esta transici\u00f3n est\u00e1 influenciada por el ritmo acelerado de la vida moderna, donde el tiempo para preparar comidas desde cero es cada vez m\u00e1s escaso. Adem\u00e1s, la agresiva publicidad y la disponibilidad global de estos productos hacen que sea a\u00fan m\u00e1s dif\u00edcil resistirse a su consumo.<\/p>\n<h3>Consecuencias para la Salud<\/h3>\n<p>El consumo regular de alimentos ultraprocesados se ha asociado con numerosos problemas de salud. Estudios han demostrado que estas dietas pueden llevar a un aumento de peso y a un mayor riesgo de enfermedades cr\u00f3nicas como la diabetes tipo 2, enfermedades cardiovasculares y algunos tipos de c\u00e1ncer. Adem\u00e1s, estos alimentos suelen ser altos en az\u00facares, grasas saturadas y sodio, mientras que son bajos en fibra y nutrientes esenciales, contribuyendo as\u00ed a una nutrici\u00f3n deficiente.<\/p>\n<h3>Impacto en la Mortalidad<\/h3>\n<p>Investigaciones recientes han encontrado una correlaci\u00f3n preocupante entre el alto consumo de alimentos ultraprocesados y un incremento en la mortalidad. Un estudio europeo revel\u00f3 que un mayor consumo de estos productos est\u00e1 asociado con un riesgo significativamente mayor de muerte por todas las causas. Esto subraya la necesidad de reconsiderar las tendencias alimenticias actuales y volver a enfocarse en dietas m\u00e1s balanceadas y naturales.<\/p>\n<h3>Hacia una Mejor Alimentaci\u00f3n<\/h3>\n<p>Frente a estos desaf\u00edos, es crucial fomentar una mayor conciencia sobre los peligros de los alimentos ultraprocesados y promover el consumo de alimentos m\u00e1s naturales y saludables. Las pol\u00edticas p\u00fablicas podr\u00edan jugar un papel importante en este cambio, mediante la regulaci\u00f3n de la publicidad y la oferta de estas opciones no saludables, y facilitando el acceso a alimentos frescos y asequibles.<\/p>\n<p>Adem\u00e1s, es importante educar a la poblaci\u00f3n sobre los beneficios de las dietas basadas en alimentos frescos y m\u00ednimamente procesados, y ofrecer recursos y habilidades necesarias para preparar comidas saludables en casa.<\/p>\n<p>Si bien el cambio hacia una alimentaci\u00f3n m\u00e1s saludable puede ser desafiante, es esencial para mejorar la salud p\u00fablica y reducir la carga de enfermedades relacionadas con la dieta en nuestra sociedad.<\/p>\n\n\n<div class=\"kk-star-ratings kksr-auto kksr-align-left kksr-valign-bottom\"\n    data-payload='{&quot;align&quot;:&quot;left&quot;,&quot;id&quot;:&quot;5283&quot;,&quot;slug&quot;:&quot;default&quot;,&quot;valign&quot;:&quot;bottom&quot;,&quot;ignore&quot;:&quot;&quot;,&quot;reference&quot;:&quot;auto&quot;,&quot;class&quot;:&quot;&quot;,&quot;count&quot;:&quot;0&quot;,&quot;legendonly&quot;:&quot;&quot;,&quot;readonly&quot;:&quot;&quot;,&quot;score&quot;:&quot;0&quot;,&quot;starsonly&quot;:&quot;&quot;,&quot;best&quot;:&quot;5&quot;,&quot;gap&quot;:&quot;5&quot;,&quot;greet&quot;:&quot;Valora este post&quot;,&quot;legend&quot;:&quot;0\\\/5 - (0 votes)&quot;,&quot;size&quot;:&quot;22&quot;,&quot;title&quot;:&quot;\u00a1Alerta! Los ultraprocesados provocan muerte y desplazan la dieta tradicional&quot;,&quot;width&quot;:&quot;0&quot;,&quot;_legend&quot;:&quot;{score}\\\/{best} - ({count} {votes})&quot;,&quot;font_factor&quot;:&quot;1.25&quot;}'>\n            \n<div class=\"kksr-stars\">\n    \n<div class=\"kksr-stars-inactive\">\n            <div class=\"kksr-star\" data-star=\"1\" style=\"padding-right: 5px\">\n            \n\n<div class=\"kksr-icon\" style=\"width: 22px; height: 22px;\"><\/div>\n        <\/div>\n            <div class=\"kksr-star\" data-star=\"2\" style=\"padding-right: 5px\">\n            \n\n<div class=\"kksr-icon\" style=\"width: 22px; height: 22px;\"><\/div>\n        <\/div>\n            <div class=\"kksr-star\" data-star=\"3\" style=\"padding-right: 5px\">\n            \n\n<div class=\"kksr-icon\" style=\"width: 22px; height: 22px;\"><\/div>\n        <\/div>\n            <div class=\"kksr-star\" data-star=\"4\" style=\"padding-right: 5px\">\n            \n\n<div class=\"kksr-icon\" style=\"width: 22px; height: 22px;\"><\/div>\n        <\/div>\n            <div class=\"kksr-star\" data-star=\"5\" style=\"padding-right: 5px\">\n            \n\n<div class=\"kksr-icon\" style=\"width: 22px; height: 22px;\"><\/div>\n        <\/div>\n    <\/div>\n    \n<div class=\"kksr-stars-active\" style=\"width: 0px;\">\n            <div class=\"kksr-star\" style=\"padding-right: 5px\">\n            \n\n<div class=\"kksr-icon\" style=\"width: 22px; height: 22px;\"><\/div>\n        <\/div>\n            <div class=\"kksr-star\" style=\"padding-right: 5px\">\n            \n\n<div class=\"kksr-icon\" style=\"width: 22px; height: 22px;\"><\/div>\n        <\/div>\n            <div class=\"kksr-star\" style=\"padding-right: 5px\">\n            \n\n<div class=\"kksr-icon\" style=\"width: 22px; height: 22px;\"><\/div>\n        <\/div>\n            <div class=\"kksr-star\" style=\"padding-right: 5px\">\n            \n\n<div class=\"kksr-icon\" style=\"width: 22px; height: 22px;\"><\/div>\n        <\/div>\n            <div class=\"kksr-star\" style=\"padding-right: 5px\">\n            \n\n<div class=\"kksr-icon\" style=\"width: 22px; height: 22px;\"><\/div>\n        <\/div>\n    <\/div>\n<\/div>\n                \n\n<div class=\"kksr-legend\" style=\"font-size: 17.6px;\">\n            <span class=\"kksr-muted\">Valora este post<\/span>\n    <\/div>\n    <\/div>\n","protected":false},"excerpt":{"rendered":"<p>El Impacto Mortal de los Alimentos Ultraprocesados En la actualidad, la alimentaci\u00f3n mundial est\u00e1 sufriendo una transformaci\u00f3n preocupante con la creciente prevalencia de alimentos ultraprocesados. Estos &#8230; <a title=\"\u00a1Alerta! Los ultraprocesados provocan muerte y desplazan la dieta tradicional\" class=\"read-more\" href=\"https:\/\/www.diario21.tv\/noticias\/alerta-los-ultraprocesados-provocan-muerte-y-desplazan-la-dieta-tradicional\/\" aria-label=\"Leer m\u00e1s sobre \u00a1Alerta! Los ultraprocesados provocan muerte y desplazan la dieta tradicional\">Seguir leyendo &rarr;<\/a><\/p>\n","protected":false},"author":20,"featured_media":5284,"comment_status":"open","ping_status":"open","sticky":false,"template":"","format":"standard","meta":{"footnotes":""},"categories":[13],"tags":[],"class_list":["post-5283","post","type-post","status-publish","format-standard","has-post-thumbnail","hentry","category-portada"],"yoast_head":"<!-- This site is optimized with the Yoast SEO plugin v25.6 - https:\/\/yoast.com\/wordpress\/plugins\/seo\/ -->\n<title>\u00a1Alerta! Los ultraprocesados provocan muerte y desplazan la dieta tradicional - Diario 21<\/title>\n<meta name=\"robots\" content=\"index, follow, max-snippet:-1, max-image-preview:large, max-video-preview:-1\" \/>\n<link rel=\"canonical\" href=\"https:\/\/www.diario21.tv\/noticias\/alerta-los-ultraprocesados-provocan-muerte-y-desplazan-la-dieta-tradicional\/\" \/>\n<meta property=\"og:locale\" content=\"es_ES\" \/>\n<meta property=\"og:type\" content=\"article\" \/>\n<meta property=\"og:title\" content=\"\u00a1Alerta! Los ultraprocesados provocan muerte y desplazan la dieta tradicional - Diario 21\" \/>\n<meta property=\"og:description\" content=\"El Impacto Mortal de los Alimentos Ultraprocesados En la actualidad, la alimentaci\u00f3n mundial est\u00e1 sufriendo una transformaci\u00f3n preocupante con la creciente prevalencia de alimentos ultraprocesados. Estos ... Seguir leyendo &rarr;\" \/>\n<meta property=\"og:url\" content=\"https:\/\/www.diario21.tv\/noticias\/alerta-los-ultraprocesados-provocan-muerte-y-desplazan-la-dieta-tradicional\/\" \/>\n<meta property=\"og:site_name\" content=\"Diario 21\" \/>\n<meta property=\"article:published_time\" content=\"2025-11-23T00:43:02+00:00\" \/>\n<meta property=\"article:modified_time\" content=\"2025-11-23T00:43:07+00:00\" \/>\n<meta property=\"og:image\" content=\"https:\/\/www.diario21.tv\/noticias\/wp-content\/uploads\/2025\/11\/\u00a1Alerta-Los-ultraprocesados-provocan-muerte-y-desplazan-la-dieta-tradicional.jpg\" \/>\n\t<meta property=\"og:image:width\" content=\"1200\" \/>\n\t<meta property=\"og:image:height\" content=\"840\" \/>\n\t<meta property=\"og:image:type\" content=\"image\/jpeg\" \/>\n<meta name=\"author\" content=\"Juan P\u00e9rez\" \/>\n<meta name=\"twitter:card\" content=\"summary_large_image\" \/>\n<meta name=\"twitter:label1\" content=\"Escrito por\" \/>\n\t<meta name=\"twitter:data1\" content=\"Juan P\u00e9rez\" \/>\n\t<meta name=\"twitter:label2\" content=\"Tiempo de lectura\" \/>\n\t<meta name=\"twitter:data2\" content=\"3 minutos\" \/>\n<script type=\"application\/ld+json\" class=\"yoast-schema-graph\">{\"@context\":\"https:\/\/schema.org\",\"@graph\":[{\"@type\":\"WebPage\",\"@id\":\"https:\/\/www.diario21.tv\/noticias\/alerta-los-ultraprocesados-provocan-muerte-y-desplazan-la-dieta-tradicional\/\",\"url\":\"https:\/\/www.diario21.tv\/noticias\/alerta-los-ultraprocesados-provocan-muerte-y-desplazan-la-dieta-tradicional\/\",\"name\":\"\u00a1Alerta! Los ultraprocesados provocan muerte y desplazan la dieta tradicional - Diario 21\",\"isPartOf\":{\"@id\":\"https:\/\/www.diario21.tv\/noticias\/#website\"},\"primaryImageOfPage\":{\"@id\":\"https:\/\/www.diario21.tv\/noticias\/alerta-los-ultraprocesados-provocan-muerte-y-desplazan-la-dieta-tradicional\/#primaryimage\"},\"image\":{\"@id\":\"https:\/\/www.diario21.tv\/noticias\/alerta-los-ultraprocesados-provocan-muerte-y-desplazan-la-dieta-tradicional\/#primaryimage\"},\"thumbnailUrl\":\"https:\/\/www.diario21.tv\/noticias\/wp-content\/uploads\/2025\/11\/\u00a1Alerta-Los-ultraprocesados-provocan-muerte-y-desplazan-la-dieta-tradicional.jpg\",\"datePublished\":\"2025-11-23T00:43:02+00:00\",\"dateModified\":\"2025-11-23T00:43:07+00:00\",\"author\":{\"@id\":\"https:\/\/www.diario21.tv\/noticias\/#\/schema\/person\/dfb778f73814d8f09f302618446a526b\"},\"breadcrumb\":{\"@id\":\"https:\/\/www.diario21.tv\/noticias\/alerta-los-ultraprocesados-provocan-muerte-y-desplazan-la-dieta-tradicional\/#breadcrumb\"},\"inLanguage\":\"es-AR\",\"potentialAction\":[{\"@type\":\"ReadAction\",\"target\":[\"https:\/\/www.diario21.tv\/noticias\/alerta-los-ultraprocesados-provocan-muerte-y-desplazan-la-dieta-tradicional\/\"]}]},{\"@type\":\"ImageObject\",\"inLanguage\":\"es-AR\",\"@id\":\"https:\/\/www.diario21.tv\/noticias\/alerta-los-ultraprocesados-provocan-muerte-y-desplazan-la-dieta-tradicional\/#primaryimage\",\"url\":\"https:\/\/www.diario21.tv\/noticias\/wp-content\/uploads\/2025\/11\/\u00a1Alerta-Los-ultraprocesados-provocan-muerte-y-desplazan-la-dieta-tradicional.jpg\",\"contentUrl\":\"https:\/\/www.diario21.tv\/noticias\/wp-content\/uploads\/2025\/11\/\u00a1Alerta-Los-ultraprocesados-provocan-muerte-y-desplazan-la-dieta-tradicional.jpg\",\"width\":1200,\"height\":840,\"caption\":\"Muerte y ultraprocesados, la comida que est\u00e1 desplazando a la dieta tradicional\"},{\"@type\":\"BreadcrumbList\",\"@id\":\"https:\/\/www.diario21.tv\/noticias\/alerta-los-ultraprocesados-provocan-muerte-y-desplazan-la-dieta-tradicional\/#breadcrumb\",\"itemListElement\":[{\"@type\":\"ListItem\",\"position\":1,\"name\":\"Accueil\",\"item\":\"https:\/\/www.diario21.tv\/noticias\/\"},{\"@type\":\"ListItem\",\"position\":2,\"name\":\"\u00a1Alerta! Los ultraprocesados provocan muerte y desplazan la dieta tradicional\"}]},{\"@type\":\"WebSite\",\"@id\":\"https:\/\/www.diario21.tv\/noticias\/#website\",\"url\":\"https:\/\/www.diario21.tv\/noticias\/\",\"name\":\"Diario 21\",\"description\":\"\",\"potentialAction\":[{\"@type\":\"SearchAction\",\"target\":{\"@type\":\"EntryPoint\",\"urlTemplate\":\"https:\/\/www.diario21.tv\/noticias\/?s={search_term_string}\"},\"query-input\":{\"@type\":\"PropertyValueSpecification\",\"valueRequired\":true,\"valueName\":\"search_term_string\"}}],\"inLanguage\":\"es-AR\"},{\"@type\":\"Person\",\"@id\":\"https:\/\/www.diario21.tv\/noticias\/#\/schema\/person\/dfb778f73814d8f09f302618446a526b\",\"name\":\"Juan P\u00e9rez\",\"image\":{\"@type\":\"ImageObject\",\"inLanguage\":\"es-AR\",\"@id\":\"https:\/\/www.diario21.tv\/noticias\/#\/schema\/person\/image\/\",\"url\":\"https:\/\/secure.gravatar.com\/avatar\/c478a405bd10621167f4c3167cc770f5?s=96&d=mm&r=g\",\"contentUrl\":\"https:\/\/secure.gravatar.com\/avatar\/c478a405bd10621167f4c3167cc770f5?s=96&d=mm&r=g\",\"caption\":\"Juan P\u00e9rez\"},\"description\":\"Juan P\u00e9rez es el redactor en jefe de Diario 21. Con m\u00e1s de 10 a\u00f1os de experiencia en el periodismo, se especializa en pol\u00edtica nacional y an\u00e1lisis socioecon\u00f3mico. Su enfoque cr\u00edtico y riguroso aporta una perspectiva \u00fanica a cada art\u00edculo.\",\"sameAs\":[\"https:\/\/www.diario21.tv\/noticias\/\"],\"url\":\"https:\/\/www.diario21.tv\/noticias\/author\/juan-perez\/\"}]}<\/script>\n<!-- \/ Yoast SEO plugin. -->","yoast_head_json":{"title":"\u00a1Alerta! Los ultraprocesados provocan muerte y desplazan la dieta tradicional - Diario 21","robots":{"index":"index","follow":"follow","max-snippet":"max-snippet:-1","max-image-preview":"max-image-preview:large","max-video-preview":"max-video-preview:-1"},"canonical":"https:\/\/www.diario21.tv\/noticias\/alerta-los-ultraprocesados-provocan-muerte-y-desplazan-la-dieta-tradicional\/","og_locale":"es_ES","og_type":"article","og_title":"\u00a1Alerta! Los ultraprocesados provocan muerte y desplazan la dieta tradicional - Diario 21","og_description":"El Impacto Mortal de los Alimentos Ultraprocesados En la actualidad, la alimentaci\u00f3n mundial est\u00e1 sufriendo una transformaci\u00f3n preocupante con la creciente prevalencia de alimentos ultraprocesados. Estos ... Seguir leyendo &rarr;","og_url":"https:\/\/www.diario21.tv\/noticias\/alerta-los-ultraprocesados-provocan-muerte-y-desplazan-la-dieta-tradicional\/","og_site_name":"Diario 21","article_published_time":"2025-11-23T00:43:02+00:00","article_modified_time":"2025-11-23T00:43:07+00:00","og_image":[{"width":1200,"height":840,"url":"https:\/\/www.diario21.tv\/noticias\/wp-content\/uploads\/2025\/11\/\u00a1Alerta-Los-ultraprocesados-provocan-muerte-y-desplazan-la-dieta-tradicional.jpg","type":"image\/jpeg"}],"author":"Juan P\u00e9rez","twitter_card":"summary_large_image","twitter_misc":{"Escrito por":"Juan P\u00e9rez","Tiempo de lectura":"3 minutos"},"schema":{"@context":"https:\/\/schema.org","@graph":[{"@type":"WebPage","@id":"https:\/\/www.diario21.tv\/noticias\/alerta-los-ultraprocesados-provocan-muerte-y-desplazan-la-dieta-tradicional\/","url":"https:\/\/www.diario21.tv\/noticias\/alerta-los-ultraprocesados-provocan-muerte-y-desplazan-la-dieta-tradicional\/","name":"\u00a1Alerta! Los ultraprocesados provocan muerte y desplazan la dieta tradicional - Diario 21","isPartOf":{"@id":"https:\/\/www.diario21.tv\/noticias\/#website"},"primaryImageOfPage":{"@id":"https:\/\/www.diario21.tv\/noticias\/alerta-los-ultraprocesados-provocan-muerte-y-desplazan-la-dieta-tradicional\/#primaryimage"},"image":{"@id":"https:\/\/www.diario21.tv\/noticias\/alerta-los-ultraprocesados-provocan-muerte-y-desplazan-la-dieta-tradicional\/#primaryimage"},"thumbnailUrl":"https:\/\/www.diario21.tv\/noticias\/wp-content\/uploads\/2025\/11\/\u00a1Alerta-Los-ultraprocesados-provocan-muerte-y-desplazan-la-dieta-tradicional.jpg","datePublished":"2025-11-23T00:43:02+00:00","dateModified":"2025-11-23T00:43:07+00:00","author":{"@id":"https:\/\/www.diario21.tv\/noticias\/#\/schema\/person\/dfb778f73814d8f09f302618446a526b"},"breadcrumb":{"@id":"https:\/\/www.diario21.tv\/noticias\/alerta-los-ultraprocesados-provocan-muerte-y-desplazan-la-dieta-tradicional\/#breadcrumb"},"inLanguage":"es-AR","potentialAction":[{"@type":"ReadAction","target":["https:\/\/www.diario21.tv\/noticias\/alerta-los-ultraprocesados-provocan-muerte-y-desplazan-la-dieta-tradicional\/"]}]},{"@type":"ImageObject","inLanguage":"es-AR","@id":"https:\/\/www.diario21.tv\/noticias\/alerta-los-ultraprocesados-provocan-muerte-y-desplazan-la-dieta-tradicional\/#primaryimage","url":"https:\/\/www.diario21.tv\/noticias\/wp-content\/uploads\/2025\/11\/\u00a1Alerta-Los-ultraprocesados-provocan-muerte-y-desplazan-la-dieta-tradicional.jpg","contentUrl":"https:\/\/www.diario21.tv\/noticias\/wp-content\/uploads\/2025\/11\/\u00a1Alerta-Los-ultraprocesados-provocan-muerte-y-desplazan-la-dieta-tradicional.jpg","width":1200,"height":840,"caption":"Muerte y ultraprocesados, la comida que est\u00e1 desplazando a la dieta tradicional"},{"@type":"BreadcrumbList","@id":"https:\/\/www.diario21.tv\/noticias\/alerta-los-ultraprocesados-provocan-muerte-y-desplazan-la-dieta-tradicional\/#breadcrumb","itemListElement":[{"@type":"ListItem","position":1,"name":"Accueil","item":"https:\/\/www.diario21.tv\/noticias\/"},{"@type":"ListItem","position":2,"name":"\u00a1Alerta! Los ultraprocesados provocan muerte y desplazan la dieta tradicional"}]},{"@type":"WebSite","@id":"https:\/\/www.diario21.tv\/noticias\/#website","url":"https:\/\/www.diario21.tv\/noticias\/","name":"Diario 21","description":"","potentialAction":[{"@type":"SearchAction","target":{"@type":"EntryPoint","urlTemplate":"https:\/\/www.diario21.tv\/noticias\/?s={search_term_string}"},"query-input":{"@type":"PropertyValueSpecification","valueRequired":true,"valueName":"search_term_string"}}],"inLanguage":"es-AR"},{"@type":"Person","@id":"https:\/\/www.diario21.tv\/noticias\/#\/schema\/person\/dfb778f73814d8f09f302618446a526b","name":"Juan P\u00e9rez","image":{"@type":"ImageObject","inLanguage":"es-AR","@id":"https:\/\/www.diario21.tv\/noticias\/#\/schema\/person\/image\/","url":"https:\/\/secure.gravatar.com\/avatar\/c478a405bd10621167f4c3167cc770f5?s=96&d=mm&r=g","contentUrl":"https:\/\/secure.gravatar.com\/avatar\/c478a405bd10621167f4c3167cc770f5?s=96&d=mm&r=g","caption":"Juan P\u00e9rez"},"description":"Juan P\u00e9rez es el redactor en jefe de Diario 21. Con m\u00e1s de 10 a\u00f1os de experiencia en el periodismo, se especializa en pol\u00edtica nacional y an\u00e1lisis socioecon\u00f3mico. Su enfoque cr\u00edtico y riguroso aporta una perspectiva \u00fanica a cada art\u00edculo.","sameAs":["https:\/\/www.diario21.tv\/noticias\/"],"url":"https:\/\/www.diario21.tv\/noticias\/author\/juan-perez\/"}]}},"_links":{"self":[{"href":"https:\/\/www.diario21.tv\/noticias\/wp-json\/wp\/v2\/posts\/5283"}],"collection":[{"href":"https:\/\/www.diario21.tv\/noticias\/wp-json\/wp\/v2\/posts"}],"about":[{"href":"https:\/\/www.diario21.tv\/noticias\/wp-json\/wp\/v2\/types\/post"}],"author":[{"embeddable":true,"href":"https:\/\/www.diario21.tv\/noticias\/wp-json\/wp\/v2\/users\/20"}],"replies":[{"embeddable":true,"href":"https:\/\/www.diario21.tv\/noticias\/wp-json\/wp\/v2\/comments?post=5283"}],"version-history":[{"count":1,"href":"https:\/\/www.diario21.tv\/noticias\/wp-json\/wp\/v2\/posts\/5283\/revisions"}],"predecessor-version":[{"id":5285,"href":"https:\/\/www.diario21.tv\/noticias\/wp-json\/wp\/v2\/posts\/5283\/revisions\/5285"}],"wp:featuredmedia":[{"embeddable":true,"href":"https:\/\/www.diario21.tv\/noticias\/wp-json\/wp\/v2\/media\/5284"}],"wp:attachment":[{"href":"https:\/\/www.diario21.tv\/noticias\/wp-json\/wp\/v2\/media?parent=5283"}],"wp:term":[{"taxonomy":"category","embeddable":true,"href":"https:\/\/www.diario21.tv\/noticias\/wp-json\/wp\/v2\/categories?post=5283"},{"taxonomy":"post_tag","embeddable":true,"href":"https:\/\/www.diario21.tv\/noticias\/wp-json\/wp\/v2\/tags?post=5283"}],"curies":[{"name":"wp","href":"https:\/\/api.w.org\/{rel}","templated":true}]}}