{"id":5274,"date":"2025-11-22T06:39:44","date_gmt":"2025-11-22T06:39:44","guid":{"rendered":"https:\/\/www.diario21.tv\/noticias\/exclusivo-policia-descarta-asesinato-en-murcia-y-libera-al-esposo-sospechoso\/"},"modified":"2025-11-22T06:39:46","modified_gmt":"2025-11-22T06:39:46","slug":"exclusivo-policia-descarta-asesinato-en-murcia-y-libera-al-esposo-sospechoso","status":"publish","type":"post","link":"https:\/\/www.diario21.tv\/noticias\/exclusivo-policia-descarta-asesinato-en-murcia-y-libera-al-esposo-sospechoso\/","title":{"rendered":"\u00a1Exclusivo! Polic\u00eda descarta asesinato en Murcia y libera al esposo sospechoso"},"content":{"rendered":"<h2>La Polic\u00eda Excluye Homicidio en el Caso de la Mujer Murciana y Suelta a su Esposo<\/h2>\n<p>Tras una exhaustiva investigaci\u00f3n, las autoridades policiales han determinado que la muerte de una mujer residente en Murcia no fue resultado de un acto violento. Este hallazgo ha llevado a la liberaci\u00f3n de su marido, quien hab\u00eda sido inicialmente detenido como sospechoso principal en el caso.<\/p>\n<h3>Detalles del Caso<\/h3>\n<p>El incidente, que originalmente atrajo una gran atenci\u00f3n medi\u00e1tica debido a las circunstancias sospechosas reportadas alrededor del fallecimiento de la mujer, comenz\u00f3 a esclarecerse tras una serie de investigaciones realizadas por la polic\u00eda. La mujer, cuya identidad no ha sido revelada para proteger la privacidad de la familia, fue encontrada sin vida en su domicilio ubicado en un tranquilo barrio de Murcia.<\/p>\n<p>Inmediatamente despu\u00e9s del hallazgo, la polic\u00eda procedi\u00f3 a detener al esposo de la difunta, bas\u00e1ndose en evidencias preliminares y testimonios que apuntaban a una posible disputa dom\u00e9stica. Sin embargo, el desarrollo de las investigaciones y los resultados de la autopsia han permitido descartar la hip\u00f3tesis de un homicidio.<\/p>\n<h3>An\u00e1lisis Forense Clave para la Resoluci\u00f3n del Caso<\/h3>\n<p>El giro en el caso se produjo con los detallados informes forenses, los cuales indicaron que no exist\u00edan signos de violencia en el cuerpo de la mujer. Estos resultados fueron cruciales para reorientar las l\u00edneas de investigaci\u00f3n y considerar otras causas posibles que podr\u00edan haber llevado a su muerte.<\/p>\n<p>Con estos nuevos datos, la polic\u00eda procedi\u00f3 a revisar las evidencias y testimonios previamente recolectados, llegando a la conclusi\u00f3n de que no hab\u00eda fundamentos suficientes para sostener la acusaci\u00f3n contra el esposo de la mujer. Por lo tanto, fue puesto en libertad tras confirmarse que la muerte de su esposa se debi\u00f3 a causas naturales.<\/p>\n<h3>Reacciones y Consecuencias<\/h3>\n<p>La resoluci\u00f3n de este caso ha generado diversas reacciones entre los vecinos y la comunidad en general. Por un lado, ha habido un suspiro de alivio al esclarecerse que no se trat\u00f3 de un crimen violento, pero tambi\u00e9n preocupaciones sobre la estigmatizaci\u00f3n que sufren las personas inicialmente acusadas en tales incidentes.<\/p>\n<p>La polic\u00eda ha reiterado su compromiso con la investigaci\u00f3n exhaustiva de todos los casos, asegurando que la justicia prevalezca y los verdaderos hechos sean siempre esclarecidos. Adem\u00e1s, han hecho un llamado a la comunidad para que evite sacar conclusiones precipitadas y permita que las autoridades realicen su trabajo.<\/p>\n<p>Este caso subraya la importancia de la precisi\u00f3n en las investigaciones policiales y forenses, y recuerda a la sociedad sobre la necesidad de cautela y empat\u00eda en la evaluaci\u00f3n de situaciones complejas que involucran la p\u00e9rdida de vidas humanas.<\/p>\n\n\n<div class=\"kk-star-ratings kksr-auto kksr-align-left kksr-valign-bottom\"\n    data-payload='{&quot;align&quot;:&quot;left&quot;,&quot;id&quot;:&quot;5274&quot;,&quot;slug&quot;:&quot;default&quot;,&quot;valign&quot;:&quot;bottom&quot;,&quot;ignore&quot;:&quot;&quot;,&quot;reference&quot;:&quot;auto&quot;,&quot;class&quot;:&quot;&quot;,&quot;count&quot;:&quot;0&quot;,&quot;legendonly&quot;:&quot;&quot;,&quot;readonly&quot;:&quot;&quot;,&quot;score&quot;:&quot;0&quot;,&quot;starsonly&quot;:&quot;&quot;,&quot;best&quot;:&quot;5&quot;,&quot;gap&quot;:&quot;5&quot;,&quot;greet&quot;:&quot;Valora este post&quot;,&quot;legend&quot;:&quot;0\\\/5 - (0 votes)&quot;,&quot;size&quot;:&quot;22&quot;,&quot;title&quot;:&quot;\u00a1Exclusivo! Polic\u00eda descarta asesinato en Murcia y libera al esposo sospechoso&quot;,&quot;width&quot;:&quot;0&quot;,&quot;_legend&quot;:&quot;{score}\\\/{best} - ({count} {votes})&quot;,&quot;font_factor&quot;:&quot;1.25&quot;}'>\n            \n<div class=\"kksr-stars\">\n    \n<div class=\"kksr-stars-inactive\">\n            <div class=\"kksr-star\" data-star=\"1\" style=\"padding-right: 5px\">\n            \n\n<div class=\"kksr-icon\" style=\"width: 22px; height: 22px;\"><\/div>\n        <\/div>\n            <div class=\"kksr-star\" data-star=\"2\" style=\"padding-right: 5px\">\n            \n\n<div class=\"kksr-icon\" style=\"width: 22px; height: 22px;\"><\/div>\n        <\/div>\n            <div class=\"kksr-star\" data-star=\"3\" style=\"padding-right: 5px\">\n            \n\n<div class=\"kksr-icon\" style=\"width: 22px; height: 22px;\"><\/div>\n        <\/div>\n            <div class=\"kksr-star\" data-star=\"4\" style=\"padding-right: 5px\">\n            \n\n<div class=\"kksr-icon\" style=\"width: 22px; height: 22px;\"><\/div>\n        <\/div>\n            <div class=\"kksr-star\" data-star=\"5\" style=\"padding-right: 5px\">\n            \n\n<div class=\"kksr-icon\" style=\"width: 22px; height: 22px;\"><\/div>\n        <\/div>\n    <\/div>\n    \n<div class=\"kksr-stars-active\" style=\"width: 0px;\">\n            <div class=\"kksr-star\" style=\"padding-right: 5px\">\n            \n\n<div class=\"kksr-icon\" style=\"width: 22px; height: 22px;\"><\/div>\n        <\/div>\n            <div class=\"kksr-star\" style=\"padding-right: 5px\">\n            \n\n<div class=\"kksr-icon\" style=\"width: 22px; height: 22px;\"><\/div>\n        <\/div>\n            <div class=\"kksr-star\" style=\"padding-right: 5px\">\n            \n\n<div class=\"kksr-icon\" style=\"width: 22px; height: 22px;\"><\/div>\n        <\/div>\n            <div class=\"kksr-star\" style=\"padding-right: 5px\">\n            \n\n<div class=\"kksr-icon\" style=\"width: 22px; height: 22px;\"><\/div>\n        <\/div>\n            <div class=\"kksr-star\" style=\"padding-right: 5px\">\n            \n\n<div class=\"kksr-icon\" style=\"width: 22px; height: 22px;\"><\/div>\n        <\/div>\n    <\/div>\n<\/div>\n                \n\n<div class=\"kksr-legend\" style=\"font-size: 17.6px;\">\n            <span class=\"kksr-muted\">Valora este post<\/span>\n    <\/div>\n    <\/div>\n","protected":false},"excerpt":{"rendered":"<p>La Polic\u00eda Excluye Homicidio en el Caso de la Mujer Murciana y Suelta a su Esposo Tras una exhaustiva investigaci\u00f3n, las autoridades policiales han determinado que &#8230; <a title=\"\u00a1Exclusivo! Polic\u00eda descarta asesinato en Murcia y libera al esposo sospechoso\" class=\"read-more\" href=\"https:\/\/www.diario21.tv\/noticias\/exclusivo-policia-descarta-asesinato-en-murcia-y-libera-al-esposo-sospechoso\/\" aria-label=\"Leer m\u00e1s sobre \u00a1Exclusivo! Polic\u00eda descarta asesinato en Murcia y libera al esposo sospechoso\">Seguir leyendo &rarr;<\/a><\/p>\n","protected":false},"author":20,"featured_media":5275,"comment_status":"open","ping_status":"open","sticky":false,"template":"","format":"standard","meta":{"footnotes":""},"categories":[13],"tags":[],"class_list":["post-5274","post","type-post","status-publish","format-standard","has-post-thumbnail","hentry","category-portada"],"yoast_head":"<!-- This site is optimized with the Yoast SEO plugin v25.6 - https:\/\/yoast.com\/wordpress\/plugins\/seo\/ -->\n<title>\u00a1Exclusivo! Polic\u00eda descarta asesinato en Murcia y libera al esposo sospechoso - Diario 21<\/title>\n<meta name=\"robots\" content=\"index, follow, max-snippet:-1, max-image-preview:large, max-video-preview:-1\" \/>\n<link rel=\"canonical\" href=\"https:\/\/www.diario21.tv\/noticias\/exclusivo-policia-descarta-asesinato-en-murcia-y-libera-al-esposo-sospechoso\/\" \/>\n<meta property=\"og:locale\" content=\"es_ES\" \/>\n<meta property=\"og:type\" content=\"article\" \/>\n<meta property=\"og:title\" content=\"\u00a1Exclusivo! Polic\u00eda descarta asesinato en Murcia y libera al esposo sospechoso - Diario 21\" \/>\n<meta property=\"og:description\" content=\"La Polic\u00eda Excluye Homicidio en el Caso de la Mujer Murciana y Suelta a su Esposo Tras una exhaustiva investigaci\u00f3n, las autoridades policiales han determinado que ... Seguir leyendo &rarr;\" \/>\n<meta property=\"og:url\" content=\"https:\/\/www.diario21.tv\/noticias\/exclusivo-policia-descarta-asesinato-en-murcia-y-libera-al-esposo-sospechoso\/\" \/>\n<meta property=\"og:site_name\" content=\"Diario 21\" \/>\n<meta property=\"article:published_time\" content=\"2025-11-22T06:39:44+00:00\" \/>\n<meta property=\"article:modified_time\" content=\"2025-11-22T06:39:46+00:00\" \/>\n<meta property=\"og:image\" content=\"https:\/\/www.diario21.tv\/noticias\/wp-content\/uploads\/2025\/11\/\u00a1Exclusivo-Policia-descarta-asesinato-en-Murcia-y-libera-al-esposo.png\" \/>\n\t<meta property=\"og:image:width\" content=\"1200\" \/>\n\t<meta property=\"og:image:height\" content=\"840\" \/>\n\t<meta property=\"og:image:type\" content=\"image\/png\" \/>\n<meta name=\"author\" content=\"Juan P\u00e9rez\" \/>\n<meta name=\"twitter:card\" content=\"summary_large_image\" \/>\n<meta name=\"twitter:label1\" content=\"Escrito por\" \/>\n\t<meta name=\"twitter:data1\" content=\"Juan P\u00e9rez\" \/>\n\t<meta name=\"twitter:label2\" content=\"Tiempo de lectura\" \/>\n\t<meta name=\"twitter:data2\" content=\"2 minutos\" \/>\n<script type=\"application\/ld+json\" class=\"yoast-schema-graph\">{\"@context\":\"https:\/\/schema.org\",\"@graph\":[{\"@type\":\"WebPage\",\"@id\":\"https:\/\/www.diario21.tv\/noticias\/exclusivo-policia-descarta-asesinato-en-murcia-y-libera-al-esposo-sospechoso\/\",\"url\":\"https:\/\/www.diario21.tv\/noticias\/exclusivo-policia-descarta-asesinato-en-murcia-y-libera-al-esposo-sospechoso\/\",\"name\":\"\u00a1Exclusivo! Polic\u00eda descarta asesinato en Murcia y libera al esposo sospechoso - Diario 21\",\"isPartOf\":{\"@id\":\"https:\/\/www.diario21.tv\/noticias\/#website\"},\"primaryImageOfPage\":{\"@id\":\"https:\/\/www.diario21.tv\/noticias\/exclusivo-policia-descarta-asesinato-en-murcia-y-libera-al-esposo-sospechoso\/#primaryimage\"},\"image\":{\"@id\":\"https:\/\/www.diario21.tv\/noticias\/exclusivo-policia-descarta-asesinato-en-murcia-y-libera-al-esposo-sospechoso\/#primaryimage\"},\"thumbnailUrl\":\"https:\/\/www.diario21.tv\/noticias\/wp-content\/uploads\/2025\/11\/\u00a1Exclusivo-Policia-descarta-asesinato-en-Murcia-y-libera-al-esposo.png\",\"datePublished\":\"2025-11-22T06:39:44+00:00\",\"dateModified\":\"2025-11-22T06:39:46+00:00\",\"author\":{\"@id\":\"https:\/\/www.diario21.tv\/noticias\/#\/schema\/person\/dfb778f73814d8f09f302618446a526b\"},\"breadcrumb\":{\"@id\":\"https:\/\/www.diario21.tv\/noticias\/exclusivo-policia-descarta-asesinato-en-murcia-y-libera-al-esposo-sospechoso\/#breadcrumb\"},\"inLanguage\":\"es-AR\",\"potentialAction\":[{\"@type\":\"ReadAction\",\"target\":[\"https:\/\/www.diario21.tv\/noticias\/exclusivo-policia-descarta-asesinato-en-murcia-y-libera-al-esposo-sospechoso\/\"]}]},{\"@type\":\"ImageObject\",\"inLanguage\":\"es-AR\",\"@id\":\"https:\/\/www.diario21.tv\/noticias\/exclusivo-policia-descarta-asesinato-en-murcia-y-libera-al-esposo-sospechoso\/#primaryimage\",\"url\":\"https:\/\/www.diario21.tv\/noticias\/wp-content\/uploads\/2025\/11\/\u00a1Exclusivo-Policia-descarta-asesinato-en-Murcia-y-libera-al-esposo.png\",\"contentUrl\":\"https:\/\/www.diario21.tv\/noticias\/wp-content\/uploads\/2025\/11\/\u00a1Exclusivo-Policia-descarta-asesinato-en-Murcia-y-libera-al-esposo.png\",\"width\":1200,\"height\":840,\"caption\":\"La Polic\u00eda descarta la muerte violenta de la vecina de Murcia y libera a su marido\"},{\"@type\":\"BreadcrumbList\",\"@id\":\"https:\/\/www.diario21.tv\/noticias\/exclusivo-policia-descarta-asesinato-en-murcia-y-libera-al-esposo-sospechoso\/#breadcrumb\",\"itemListElement\":[{\"@type\":\"ListItem\",\"position\":1,\"name\":\"Accueil\",\"item\":\"https:\/\/www.diario21.tv\/noticias\/\"},{\"@type\":\"ListItem\",\"position\":2,\"name\":\"\u00a1Exclusivo! Polic\u00eda descarta asesinato en Murcia y libera al esposo sospechoso\"}]},{\"@type\":\"WebSite\",\"@id\":\"https:\/\/www.diario21.tv\/noticias\/#website\",\"url\":\"https:\/\/www.diario21.tv\/noticias\/\",\"name\":\"Diario 21\",\"description\":\"\",\"potentialAction\":[{\"@type\":\"SearchAction\",\"target\":{\"@type\":\"EntryPoint\",\"urlTemplate\":\"https:\/\/www.diario21.tv\/noticias\/?s={search_term_string}\"},\"query-input\":{\"@type\":\"PropertyValueSpecification\",\"valueRequired\":true,\"valueName\":\"search_term_string\"}}],\"inLanguage\":\"es-AR\"},{\"@type\":\"Person\",\"@id\":\"https:\/\/www.diario21.tv\/noticias\/#\/schema\/person\/dfb778f73814d8f09f302618446a526b\",\"name\":\"Juan P\u00e9rez\",\"image\":{\"@type\":\"ImageObject\",\"inLanguage\":\"es-AR\",\"@id\":\"https:\/\/www.diario21.tv\/noticias\/#\/schema\/person\/image\/\",\"url\":\"https:\/\/secure.gravatar.com\/avatar\/c478a405bd10621167f4c3167cc770f5?s=96&d=mm&r=g\",\"contentUrl\":\"https:\/\/secure.gravatar.com\/avatar\/c478a405bd10621167f4c3167cc770f5?s=96&d=mm&r=g\",\"caption\":\"Juan P\u00e9rez\"},\"description\":\"Juan P\u00e9rez es el redactor en jefe de Diario 21. Con m\u00e1s de 10 a\u00f1os de experiencia en el periodismo, se especializa en pol\u00edtica nacional y an\u00e1lisis socioecon\u00f3mico. Su enfoque cr\u00edtico y riguroso aporta una perspectiva \u00fanica a cada art\u00edculo.\",\"sameAs\":[\"https:\/\/www.diario21.tv\/noticias\/\"],\"url\":\"https:\/\/www.diario21.tv\/noticias\/author\/juan-perez\/\"}]}<\/script>\n<!-- \/ Yoast SEO plugin. -->","yoast_head_json":{"title":"\u00a1Exclusivo! Polic\u00eda descarta asesinato en Murcia y libera al esposo sospechoso - Diario 21","robots":{"index":"index","follow":"follow","max-snippet":"max-snippet:-1","max-image-preview":"max-image-preview:large","max-video-preview":"max-video-preview:-1"},"canonical":"https:\/\/www.diario21.tv\/noticias\/exclusivo-policia-descarta-asesinato-en-murcia-y-libera-al-esposo-sospechoso\/","og_locale":"es_ES","og_type":"article","og_title":"\u00a1Exclusivo! Polic\u00eda descarta asesinato en Murcia y libera al esposo sospechoso - Diario 21","og_description":"La Polic\u00eda Excluye Homicidio en el Caso de la Mujer Murciana y Suelta a su Esposo Tras una exhaustiva investigaci\u00f3n, las autoridades policiales han determinado que ... Seguir leyendo &rarr;","og_url":"https:\/\/www.diario21.tv\/noticias\/exclusivo-policia-descarta-asesinato-en-murcia-y-libera-al-esposo-sospechoso\/","og_site_name":"Diario 21","article_published_time":"2025-11-22T06:39:44+00:00","article_modified_time":"2025-11-22T06:39:46+00:00","og_image":[{"width":1200,"height":840,"url":"https:\/\/www.diario21.tv\/noticias\/wp-content\/uploads\/2025\/11\/\u00a1Exclusivo-Policia-descarta-asesinato-en-Murcia-y-libera-al-esposo.png","type":"image\/png"}],"author":"Juan P\u00e9rez","twitter_card":"summary_large_image","twitter_misc":{"Escrito por":"Juan P\u00e9rez","Tiempo de lectura":"2 minutos"},"schema":{"@context":"https:\/\/schema.org","@graph":[{"@type":"WebPage","@id":"https:\/\/www.diario21.tv\/noticias\/exclusivo-policia-descarta-asesinato-en-murcia-y-libera-al-esposo-sospechoso\/","url":"https:\/\/www.diario21.tv\/noticias\/exclusivo-policia-descarta-asesinato-en-murcia-y-libera-al-esposo-sospechoso\/","name":"\u00a1Exclusivo! Polic\u00eda descarta asesinato en Murcia y libera al esposo sospechoso - Diario 21","isPartOf":{"@id":"https:\/\/www.diario21.tv\/noticias\/#website"},"primaryImageOfPage":{"@id":"https:\/\/www.diario21.tv\/noticias\/exclusivo-policia-descarta-asesinato-en-murcia-y-libera-al-esposo-sospechoso\/#primaryimage"},"image":{"@id":"https:\/\/www.diario21.tv\/noticias\/exclusivo-policia-descarta-asesinato-en-murcia-y-libera-al-esposo-sospechoso\/#primaryimage"},"thumbnailUrl":"https:\/\/www.diario21.tv\/noticias\/wp-content\/uploads\/2025\/11\/\u00a1Exclusivo-Policia-descarta-asesinato-en-Murcia-y-libera-al-esposo.png","datePublished":"2025-11-22T06:39:44+00:00","dateModified":"2025-11-22T06:39:46+00:00","author":{"@id":"https:\/\/www.diario21.tv\/noticias\/#\/schema\/person\/dfb778f73814d8f09f302618446a526b"},"breadcrumb":{"@id":"https:\/\/www.diario21.tv\/noticias\/exclusivo-policia-descarta-asesinato-en-murcia-y-libera-al-esposo-sospechoso\/#breadcrumb"},"inLanguage":"es-AR","potentialAction":[{"@type":"ReadAction","target":["https:\/\/www.diario21.tv\/noticias\/exclusivo-policia-descarta-asesinato-en-murcia-y-libera-al-esposo-sospechoso\/"]}]},{"@type":"ImageObject","inLanguage":"es-AR","@id":"https:\/\/www.diario21.tv\/noticias\/exclusivo-policia-descarta-asesinato-en-murcia-y-libera-al-esposo-sospechoso\/#primaryimage","url":"https:\/\/www.diario21.tv\/noticias\/wp-content\/uploads\/2025\/11\/\u00a1Exclusivo-Policia-descarta-asesinato-en-Murcia-y-libera-al-esposo.png","contentUrl":"https:\/\/www.diario21.tv\/noticias\/wp-content\/uploads\/2025\/11\/\u00a1Exclusivo-Policia-descarta-asesinato-en-Murcia-y-libera-al-esposo.png","width":1200,"height":840,"caption":"La Polic\u00eda descarta la muerte violenta de la vecina de Murcia y libera a su marido"},{"@type":"BreadcrumbList","@id":"https:\/\/www.diario21.tv\/noticias\/exclusivo-policia-descarta-asesinato-en-murcia-y-libera-al-esposo-sospechoso\/#breadcrumb","itemListElement":[{"@type":"ListItem","position":1,"name":"Accueil","item":"https:\/\/www.diario21.tv\/noticias\/"},{"@type":"ListItem","position":2,"name":"\u00a1Exclusivo! Polic\u00eda descarta asesinato en Murcia y libera al esposo sospechoso"}]},{"@type":"WebSite","@id":"https:\/\/www.diario21.tv\/noticias\/#website","url":"https:\/\/www.diario21.tv\/noticias\/","name":"Diario 21","description":"","potentialAction":[{"@type":"SearchAction","target":{"@type":"EntryPoint","urlTemplate":"https:\/\/www.diario21.tv\/noticias\/?s={search_term_string}"},"query-input":{"@type":"PropertyValueSpecification","valueRequired":true,"valueName":"search_term_string"}}],"inLanguage":"es-AR"},{"@type":"Person","@id":"https:\/\/www.diario21.tv\/noticias\/#\/schema\/person\/dfb778f73814d8f09f302618446a526b","name":"Juan P\u00e9rez","image":{"@type":"ImageObject","inLanguage":"es-AR","@id":"https:\/\/www.diario21.tv\/noticias\/#\/schema\/person\/image\/","url":"https:\/\/secure.gravatar.com\/avatar\/c478a405bd10621167f4c3167cc770f5?s=96&d=mm&r=g","contentUrl":"https:\/\/secure.gravatar.com\/avatar\/c478a405bd10621167f4c3167cc770f5?s=96&d=mm&r=g","caption":"Juan P\u00e9rez"},"description":"Juan P\u00e9rez es el redactor en jefe de Diario 21. Con m\u00e1s de 10 a\u00f1os de experiencia en el periodismo, se especializa en pol\u00edtica nacional y an\u00e1lisis socioecon\u00f3mico. Su enfoque cr\u00edtico y riguroso aporta una perspectiva \u00fanica a cada art\u00edculo.","sameAs":["https:\/\/www.diario21.tv\/noticias\/"],"url":"https:\/\/www.diario21.tv\/noticias\/author\/juan-perez\/"}]}},"_links":{"self":[{"href":"https:\/\/www.diario21.tv\/noticias\/wp-json\/wp\/v2\/posts\/5274"}],"collection":[{"href":"https:\/\/www.diario21.tv\/noticias\/wp-json\/wp\/v2\/posts"}],"about":[{"href":"https:\/\/www.diario21.tv\/noticias\/wp-json\/wp\/v2\/types\/post"}],"author":[{"embeddable":true,"href":"https:\/\/www.diario21.tv\/noticias\/wp-json\/wp\/v2\/users\/20"}],"replies":[{"embeddable":true,"href":"https:\/\/www.diario21.tv\/noticias\/wp-json\/wp\/v2\/comments?post=5274"}],"version-history":[{"count":1,"href":"https:\/\/www.diario21.tv\/noticias\/wp-json\/wp\/v2\/posts\/5274\/revisions"}],"predecessor-version":[{"id":5276,"href":"https:\/\/www.diario21.tv\/noticias\/wp-json\/wp\/v2\/posts\/5274\/revisions\/5276"}],"wp:featuredmedia":[{"embeddable":true,"href":"https:\/\/www.diario21.tv\/noticias\/wp-json\/wp\/v2\/media\/5275"}],"wp:attachment":[{"href":"https:\/\/www.diario21.tv\/noticias\/wp-json\/wp\/v2\/media?parent=5274"}],"wp:term":[{"taxonomy":"category","embeddable":true,"href":"https:\/\/www.diario21.tv\/noticias\/wp-json\/wp\/v2\/categories?post=5274"},{"taxonomy":"post_tag","embeddable":true,"href":"https:\/\/www.diario21.tv\/noticias\/wp-json\/wp\/v2\/tags?post=5274"}],"curies":[{"name":"wp","href":"https:\/\/api.w.org\/{rel}","templated":true}]}}